{"id":48892,"date":"2024-02-18T16:12:12","date_gmt":"2024-02-18T16:12:12","guid":{"rendered":"https:\/\/permbledhja.com\/?p=48892"},"modified":"2024-02-18T17:16:45","modified_gmt":"2024-02-18T17:16:45","slug":"osmani-vuciqi-qendron-pas-sulmit-ne-banjske-kete-ma-kane-konfirmuar-disa-lidere","status":"publish","type":"post","link":"https:\/\/permbledhja.com\/sq\/osmani-vuciqi-qendron-pas-sulmit-ne-banjske-kete-ma-kane-konfirmuar-disa-lidere\/","title":{"rendered":"Osmani: Vu\u00e7iqi q\u00ebndron pas sulmit n\u00eb Banjsk\u00eb, k\u00ebt\u00eb ma kan\u00eb konfirmuar disa lider\u00eb"},"content":{"rendered":"<h3>Presidentja e Kosov\u00ebs, Vjosa Osmani, ka th\u00ebn\u00eb se presidenti i Serbis\u00eb, Aleksandar Vu\u00e7iq q\u00ebndron prapa sulmit n\u00eb Banjsk\u00eb t\u00eb Zve\u00e7anit ku u vra rreshteri i Policis\u00eb s\u00eb Kosov\u00ebs, Afrim Bunjaku.<\/h3>\n<p>N\u00eb nj\u00eb intervist\u00eb p\u00ebr mediumin arab \u201cAl Aan\u201d dh\u00ebn\u00eb m\u00eb 8 shkurt, t\u00eb cil\u00ebn Presidenca e Kosov\u00ebs e shp\u00ebrndau sot n\u00eb Facebook, Osmani tha se , i \u00ebsht\u00eb konfirmuar edhe nga aleat\u00ebt se Vu\u00e7iqi q\u00ebndron pas sulmit t\u00eb 24 shtatorit.<\/p>\n<p>\u201cK\u00ebto d\u00ebshmi jan\u00eb konfirmuar nga aleati yn\u00eb m\u00eb i r\u00ebnd\u00ebsish\u00ebm, dhe jan\u00eb ndar\u00eb me shtetet an\u00ebtare t\u00eb NATO-s. Gjith\u00e7ka \u00e7on te Vu\u00e7iqi. S\u2019po flasim te humbja e tij e kontrollit ndaj disa bandave. Po flasim p\u00ebr t\u00eb se ka organizuar e urdh\u00ebruar sulmet n\u00ebp\u00ebrmjet bandave. E tash po mundohet t\u2019i ik\u00eb p\u00ebrgjegj\u00ebsis\u00eb, duke dh\u00ebn\u00eb disa emra. T\u00eb gjith\u00eb e din\u00eb, kam pritur n\u00eb zyre shum\u00eb mysafir\u00eb e lider\u00eb e ma kan\u00eb konfirmuar k\u00ebt\u00eb. Ka raste edhe kur i kan\u00eb th\u00ebn\u00eb Vu\u00e7iqit direkt, se kan\u00eb shum\u00eb d\u00ebshmi se ai ishte pas sulmit. \u00cbsht\u00eb konfirmuar kjo d\u00ebshmi nga aleat\u00eb t\u00eb ndrysh\u00ebm\u201d, tha Osmani.<\/p>\n<p>Ajo tha se secili shtet do t\u00eb vendos\u00eb vet\u00eb se si do t\u2019i p\u00ebrdor\u00eb k\u00ebto d\u00ebshmi. P\u00ebr hetimet vendore, ajo tha se nj\u00eb pjes\u00eb e tyre \u00ebsht\u00eb publikuar, dhe p\u00ebr tjetr\u00ebn do t\u00eb vendos\u00eb Policia.<\/p>\n<p>\u201cGjitha d\u00ebshmit\u00eb jan\u00eb aty p\u00ebr ata q\u00eb duan t\u2019i shohin. Por, ka disa shtete q\u00eb s\u2019duan t\u2019i p\u00ebrdorin e t\u00eb tjerat q\u00eb duan t\u2019i injorojn\u00eb. Por, historia na ka m\u00ebsuar r\u00ebnd\u00eb n\u00eb shum\u00eb raste, se kur autokrat\u00ebt mundohen t\u00eb qet\u00ebsohen, at\u00ebher\u00eb ata inkurajohen t\u00eb b\u00ebjn\u00eb m\u00eb tep\u00ebr e jo m\u00eb pak\u201d, tha Osmani.<\/p>\n","protected":false},"excerpt":{"rendered":"<p>Presidentja e Kosov\u00ebs, Vjosa Osmani, ka th\u00ebn\u00eb se presidenti i Serbis\u00eb, Aleksandar Vu\u00e7iq q\u00ebndron prapa sulmit n\u00eb Banjsk\u00eb t\u00eb Zve\u00e7anit ku u vra rreshteri i Policis\u00eb s\u00eb Kosov\u00ebs, Afrim Bunjaku. N\u00eb nj\u00eb intervist\u00eb p\u00ebr mediumin arab \u201cAl Aan\u201d dh\u00ebn\u00eb m\u00eb 8 shkurt, t\u00eb cil\u00ebn Presidenca e Kosov\u00ebs e shp\u00ebrndau sot n\u00eb Facebook, Osmani tha se [&hellip;]<\/p>\n","protected":false},"author":5,"featured_media":30546,"comment_status":"closed","ping_status":"closed","sticky":false,"template":"","format":"standard","meta":{"_monsterinsights_skip_tracking":false,"_monsterinsights_sitenote_active":false,"_monsterinsights_sitenote_note":"","_monsterinsights_sitenote_category":0,"_uf_show_specific_survey":0,"_uf_disable_surveys":false,"footnotes":""},"categories":[1146],"tags":[],"yoast_head":"<!-- This site is optimized with the Yoast SEO plugin v21.5 - https:\/\/yoast.com\/wordpress\/plugins\/seo\/ -->\n<title>Osmani: Vu\u00e7iqi q\u00ebndron pas sulmit n\u00eb Banjsk\u00eb, k\u00ebt\u00eb ma kan\u00eb konfirmuar disa lider\u00eb<\/title>\n<meta name=\"robots\" content=\"index, follow, max-snippet:-1, max-image-preview:large, max-video-preview:-1\" \/>\n<link rel=\"canonical\" href=\"https:\/\/permbledhja.com\/sq\/osmani-vuciqi-qendron-pas-sulmit-ne-banjske-kete-ma-kane-konfirmuar-disa-lidere\/\" \/>\n<meta property=\"og:locale\" content=\"sq_AL\" \/>\n<meta property=\"og:type\" content=\"article\" \/>\n<meta property=\"og:title\" content=\"Osmani: Vu\u00e7iqi q\u00ebndron pas sulmit n\u00eb Banjsk\u00eb, k\u00ebt\u00eb ma kan\u00eb konfirmuar disa lider\u00eb\" \/>\n<meta property=\"og:description\" content=\"Presidentja e Kosov\u00ebs, Vjosa Osmani, ka th\u00ebn\u00eb se presidenti i Serbis\u00eb, Aleksandar Vu\u00e7iq q\u00ebndron prapa sulmit n\u00eb Banjsk\u00eb t\u00eb Zve\u00e7anit ku u vra rreshteri i Policis\u00eb s\u00eb Kosov\u00ebs, Afrim Bunjaku. N\u00eb nj\u00eb intervist\u00eb p\u00ebr mediumin arab \u201cAl Aan\u201d dh\u00ebn\u00eb m\u00eb 8 shkurt, t\u00eb cil\u00ebn Presidenca e Kosov\u00ebs e shp\u00ebrndau sot n\u00eb Facebook, Osmani tha se [&hellip;]\" \/>\n<meta property=\"og:url\" content=\"https:\/\/permbledhja.com\/sq\/osmani-vuciqi-qendron-pas-sulmit-ne-banjske-kete-ma-kane-konfirmuar-disa-lidere\/\" \/>\n<meta property=\"og:site_name\" content=\"Ve\u00e7 artikuj p\u00ebrmbledh\u00ebs\" \/>\n<meta property=\"article:publisher\" content=\"https:\/\/www.facebook.com\/press07\/\" \/>\n<meta property=\"article:published_time\" content=\"2024-02-18T16:12:12+00:00\" \/>\n<meta property=\"article:modified_time\" content=\"2024-02-18T17:16:45+00:00\" \/>\n<meta property=\"og:image\" content=\"https:\/\/permbledhja.com\/wp-content\/uploads\/2023\/10\/standard_compressed_Vjosa_Osmani-1.jpg\" \/>\n\t<meta property=\"og:image:width\" content=\"1200\" \/>\n\t<meta property=\"og:image:height\" content=\"799\" \/>\n\t<meta property=\"og:image:type\" content=\"image\/jpeg\" \/>\n<meta name=\"author\" content=\"DL\" \/>\n<meta name=\"twitter:card\" content=\"summary_large_image\" \/>\n<meta name=\"twitter:label1\" content=\"Written by\" \/>\n\t<meta name=\"twitter:data1\" content=\"DL\" \/>\n\t<meta name=\"twitter:label2\" content=\"Est. reading time\" \/>\n\t<meta name=\"twitter:data2\" content=\"2 minuta\" \/>\n<script type=\"application\/ld+json\" class=\"yoast-schema-graph\">{\"@context\":\"https:\/\/schema.org\",\"@graph\":[{\"@type\":\"Article\",\"@id\":\"https:\/\/permbledhja.com\/sq\/osmani-vuciqi-qendron-pas-sulmit-ne-banjske-kete-ma-kane-konfirmuar-disa-lidere\/#article\",\"isPartOf\":{\"@id\":\"https:\/\/permbledhja.com\/sq\/osmani-vuciqi-qendron-pas-sulmit-ne-banjske-kete-ma-kane-konfirmuar-disa-lidere\/\"},\"author\":{\"name\":\"DL\",\"@id\":\"https:\/\/permbledhja.com\/#\/schema\/person\/9c54260cbc4c6f792cb100550491638c\"},\"headline\":\"Osmani: Vu\u00e7iqi q\u00ebndron pas sulmit n\u00eb Banjsk\u00eb, k\u00ebt\u00eb ma kan\u00eb konfirmuar disa lider\u00eb\",\"datePublished\":\"2024-02-18T16:12:12+00:00\",\"dateModified\":\"2024-02-18T17:16:45+00:00\",\"mainEntityOfPage\":{\"@id\":\"https:\/\/permbledhja.com\/sq\/osmani-vuciqi-qendron-pas-sulmit-ne-banjske-kete-ma-kane-konfirmuar-disa-lidere\/\"},\"wordCount\":330,\"publisher\":{\"@id\":\"https:\/\/permbledhja.com\/#organization\"},\"articleSection\":[\"Kryesoret\"],\"inLanguage\":\"sq\"},{\"@type\":\"WebPage\",\"@id\":\"https:\/\/permbledhja.com\/sq\/osmani-vuciqi-qendron-pas-sulmit-ne-banjske-kete-ma-kane-konfirmuar-disa-lidere\/\",\"url\":\"https:\/\/permbledhja.com\/sq\/osmani-vuciqi-qendron-pas-sulmit-ne-banjske-kete-ma-kane-konfirmuar-disa-lidere\/\",\"name\":\"Osmani: Vu\u00e7iqi q\u00ebndron pas sulmit n\u00eb Banjsk\u00eb, k\u00ebt\u00eb ma kan\u00eb konfirmuar disa lider\u00eb\",\"isPartOf\":{\"@id\":\"https:\/\/permbledhja.com\/#website\"},\"datePublished\":\"2024-02-18T16:12:12+00:00\",\"dateModified\":\"2024-02-18T17:16:45+00:00\",\"breadcrumb\":{\"@id\":\"https:\/\/permbledhja.com\/sq\/osmani-vuciqi-qendron-pas-sulmit-ne-banjske-kete-ma-kane-konfirmuar-disa-lidere\/#breadcrumb\"},\"inLanguage\":\"sq\",\"potentialAction\":[{\"@type\":\"ReadAction\",\"target\":[\"https:\/\/permbledhja.com\/sq\/osmani-vuciqi-qendron-pas-sulmit-ne-banjske-kete-ma-kane-konfirmuar-disa-lidere\/\"]}]},{\"@type\":\"BreadcrumbList\",\"@id\":\"https:\/\/permbledhja.com\/sq\/osmani-vuciqi-qendron-pas-sulmit-ne-banjske-kete-ma-kane-konfirmuar-disa-lidere\/#breadcrumb\",\"itemListElement\":[{\"@type\":\"ListItem\",\"position\":1,\"name\":\"Ballina\",\"item\":\"https:\/\/permbledhja.com\/sq\/\"},{\"@type\":\"ListItem\",\"position\":2,\"name\":\"Osmani: Vu\u00e7iqi q\u00ebndron pas sulmit n\u00eb Banjsk\u00eb, k\u00ebt\u00eb ma kan\u00eb konfirmuar disa lider\u00eb\"}]},{\"@type\":\"WebSite\",\"@id\":\"https:\/\/permbledhja.com\/#website\",\"url\":\"https:\/\/permbledhja.com\/\",\"name\":\"Ve\u00e7 artikuj p\u00ebrmbledh\u00ebs\",\"description\":\"\",\"publisher\":{\"@id\":\"https:\/\/permbledhja.com\/#organization\"},\"potentialAction\":[{\"@type\":\"SearchAction\",\"target\":{\"@type\":\"EntryPoint\",\"urlTemplate\":\"https:\/\/permbledhja.com\/?s={search_term_string}\"},\"query-input\":\"required name=search_term_string\"}],\"inLanguage\":\"sq\"},{\"@type\":\"Organization\",\"@id\":\"https:\/\/permbledhja.com\/#organization\",\"name\":\"MK Media & Pr\",\"url\":\"https:\/\/permbledhja.com\/\",\"logo\":{\"@type\":\"ImageObject\",\"inLanguage\":\"sq\",\"@id\":\"https:\/\/permbledhja.com\/#\/schema\/logo\/image\/\",\"url\":\"https:\/\/permbledhja.com\/wp-content\/uploads\/2021\/12\/07-Press-Logo.jpg\",\"contentUrl\":\"https:\/\/permbledhja.com\/wp-content\/uploads\/2021\/12\/07-Press-Logo.jpg\",\"width\":512,\"height\":512,\"caption\":\"MK Media & Pr\"},\"image\":{\"@id\":\"https:\/\/permbledhja.com\/#\/schema\/logo\/image\/\"},\"sameAs\":[\"https:\/\/www.facebook.com\/press07\/\"]},{\"@type\":\"Person\",\"@id\":\"https:\/\/permbledhja.com\/#\/schema\/person\/9c54260cbc4c6f792cb100550491638c\",\"name\":\"DL\",\"image\":{\"@type\":\"ImageObject\",\"inLanguage\":\"sq\",\"@id\":\"https:\/\/permbledhja.com\/#\/schema\/person\/image\/\",\"url\":\"https:\/\/secure.gravatar.com\/avatar\/94503eb28d4c4b2005a5c8753e35fc80?s=96&d=mm&r=g\",\"contentUrl\":\"https:\/\/secure.gravatar.com\/avatar\/94503eb28d4c4b2005a5c8753e35fc80?s=96&d=mm&r=g\",\"caption\":\"DL\"},\"url\":\"https:\/\/permbledhja.com\/sq\/author\/dl\/\"}]}<\/script>\n<!-- \/ Yoast SEO plugin. -->","yoast_head_json":{"title":"Osmani: Vu\u00e7iqi q\u00ebndron pas sulmit n\u00eb Banjsk\u00eb, k\u00ebt\u00eb ma kan\u00eb konfirmuar disa lider\u00eb","robots":{"index":"index","follow":"follow","max-snippet":"max-snippet:-1","max-image-preview":"max-image-preview:large","max-video-preview":"max-video-preview:-1"},"canonical":"https:\/\/permbledhja.com\/sq\/osmani-vuciqi-qendron-pas-sulmit-ne-banjske-kete-ma-kane-konfirmuar-disa-lidere\/","og_locale":"sq_AL","og_type":"article","og_title":"Osmani: Vu\u00e7iqi q\u00ebndron pas sulmit n\u00eb Banjsk\u00eb, k\u00ebt\u00eb ma kan\u00eb konfirmuar disa lider\u00eb","og_description":"Presidentja e Kosov\u00ebs, Vjosa Osmani, ka th\u00ebn\u00eb se presidenti i Serbis\u00eb, Aleksandar Vu\u00e7iq q\u00ebndron prapa sulmit n\u00eb Banjsk\u00eb t\u00eb Zve\u00e7anit ku u vra rreshteri i Policis\u00eb s\u00eb Kosov\u00ebs, Afrim Bunjaku. N\u00eb nj\u00eb intervist\u00eb p\u00ebr mediumin arab \u201cAl Aan\u201d dh\u00ebn\u00eb m\u00eb 8 shkurt, t\u00eb cil\u00ebn Presidenca e Kosov\u00ebs e shp\u00ebrndau sot n\u00eb Facebook, Osmani tha se [&hellip;]","og_url":"https:\/\/permbledhja.com\/sq\/osmani-vuciqi-qendron-pas-sulmit-ne-banjske-kete-ma-kane-konfirmuar-disa-lidere\/","og_site_name":"Ve\u00e7 artikuj p\u00ebrmbledh\u00ebs","article_publisher":"https:\/\/www.facebook.com\/press07\/","article_published_time":"2024-02-18T16:12:12+00:00","article_modified_time":"2024-02-18T17:16:45+00:00","og_image":[{"width":1200,"height":799,"url":"https:\/\/permbledhja.com\/wp-content\/uploads\/2023\/10\/standard_compressed_Vjosa_Osmani-1.jpg","type":"image\/jpeg"}],"author":"DL","twitter_card":"summary_large_image","twitter_misc":{"Written by":"DL","Est. reading time":"2 minuta"},"schema":{"@context":"https:\/\/schema.org","@graph":[{"@type":"Article","@id":"https:\/\/permbledhja.com\/sq\/osmani-vuciqi-qendron-pas-sulmit-ne-banjske-kete-ma-kane-konfirmuar-disa-lidere\/#article","isPartOf":{"@id":"https:\/\/permbledhja.com\/sq\/osmani-vuciqi-qendron-pas-sulmit-ne-banjske-kete-ma-kane-konfirmuar-disa-lidere\/"},"author":{"name":"DL","@id":"https:\/\/permbledhja.com\/#\/schema\/person\/9c54260cbc4c6f792cb100550491638c"},"headline":"Osmani: Vu\u00e7iqi q\u00ebndron pas sulmit n\u00eb Banjsk\u00eb, k\u00ebt\u00eb ma kan\u00eb konfirmuar disa lider\u00eb","datePublished":"2024-02-18T16:12:12+00:00","dateModified":"2024-02-18T17:16:45+00:00","mainEntityOfPage":{"@id":"https:\/\/permbledhja.com\/sq\/osmani-vuciqi-qendron-pas-sulmit-ne-banjske-kete-ma-kane-konfirmuar-disa-lidere\/"},"wordCount":330,"publisher":{"@id":"https:\/\/permbledhja.com\/#organization"},"articleSection":["Kryesoret"],"inLanguage":"sq"},{"@type":"WebPage","@id":"https:\/\/permbledhja.com\/sq\/osmani-vuciqi-qendron-pas-sulmit-ne-banjske-kete-ma-kane-konfirmuar-disa-lidere\/","url":"https:\/\/permbledhja.com\/sq\/osmani-vuciqi-qendron-pas-sulmit-ne-banjske-kete-ma-kane-konfirmuar-disa-lidere\/","name":"Osmani: Vu\u00e7iqi q\u00ebndron pas sulmit n\u00eb Banjsk\u00eb, k\u00ebt\u00eb ma kan\u00eb konfirmuar disa lider\u00eb","isPartOf":{"@id":"https:\/\/permbledhja.com\/#website"},"datePublished":"2024-02-18T16:12:12+00:00","dateModified":"2024-02-18T17:16:45+00:00","breadcrumb":{"@id":"https:\/\/permbledhja.com\/sq\/osmani-vuciqi-qendron-pas-sulmit-ne-banjske-kete-ma-kane-konfirmuar-disa-lidere\/#breadcrumb"},"inLanguage":"sq","potentialAction":[{"@type":"ReadAction","target":["https:\/\/permbledhja.com\/sq\/osmani-vuciqi-qendron-pas-sulmit-ne-banjske-kete-ma-kane-konfirmuar-disa-lidere\/"]}]},{"@type":"BreadcrumbList","@id":"https:\/\/permbledhja.com\/sq\/osmani-vuciqi-qendron-pas-sulmit-ne-banjske-kete-ma-kane-konfirmuar-disa-lidere\/#breadcrumb","itemListElement":[{"@type":"ListItem","position":1,"name":"Ballina","item":"https:\/\/permbledhja.com\/sq\/"},{"@type":"ListItem","position":2,"name":"Osmani: Vu\u00e7iqi q\u00ebndron pas sulmit n\u00eb Banjsk\u00eb, k\u00ebt\u00eb ma kan\u00eb konfirmuar disa lider\u00eb"}]},{"@type":"WebSite","@id":"https:\/\/permbledhja.com\/#website","url":"https:\/\/permbledhja.com\/","name":"Ve\u00e7 artikuj p\u00ebrmbledh\u00ebs","description":"","publisher":{"@id":"https:\/\/permbledhja.com\/#organization"},"potentialAction":[{"@type":"SearchAction","target":{"@type":"EntryPoint","urlTemplate":"https:\/\/permbledhja.com\/?s={search_term_string}"},"query-input":"required name=search_term_string"}],"inLanguage":"sq"},{"@type":"Organization","@id":"https:\/\/permbledhja.com\/#organization","name":"MK Media & Pr","url":"https:\/\/permbledhja.com\/","logo":{"@type":"ImageObject","inLanguage":"sq","@id":"https:\/\/permbledhja.com\/#\/schema\/logo\/image\/","url":"https:\/\/permbledhja.com\/wp-content\/uploads\/2021\/12\/07-Press-Logo.jpg","contentUrl":"https:\/\/permbledhja.com\/wp-content\/uploads\/2021\/12\/07-Press-Logo.jpg","width":512,"height":512,"caption":"MK Media & Pr"},"image":{"@id":"https:\/\/permbledhja.com\/#\/schema\/logo\/image\/"},"sameAs":["https:\/\/www.facebook.com\/press07\/"]},{"@type":"Person","@id":"https:\/\/permbledhja.com\/#\/schema\/person\/9c54260cbc4c6f792cb100550491638c","name":"DL","image":{"@type":"ImageObject","inLanguage":"sq","@id":"https:\/\/permbledhja.com\/#\/schema\/person\/image\/","url":"https:\/\/secure.gravatar.com\/avatar\/94503eb28d4c4b2005a5c8753e35fc80?s=96&d=mm&r=g","contentUrl":"https:\/\/secure.gravatar.com\/avatar\/94503eb28d4c4b2005a5c8753e35fc80?s=96&d=mm&r=g","caption":"DL"},"url":"https:\/\/permbledhja.com\/sq\/author\/dl\/"}]}},"_links":{"self":[{"href":"https:\/\/permbledhja.com\/sq\/wp-json\/wp\/v2\/posts\/48892"}],"collection":[{"href":"https:\/\/permbledhja.com\/sq\/wp-json\/wp\/v2\/posts"}],"about":[{"href":"https:\/\/permbledhja.com\/sq\/wp-json\/wp\/v2\/types\/post"}],"author":[{"embeddable":true,"href":"https:\/\/permbledhja.com\/sq\/wp-json\/wp\/v2\/users\/5"}],"replies":[{"embeddable":true,"href":"https:\/\/permbledhja.com\/sq\/wp-json\/wp\/v2\/comments?post=48892"}],"version-history":[{"count":1,"href":"https:\/\/permbledhja.com\/sq\/wp-json\/wp\/v2\/posts\/48892\/revisions"}],"predecessor-version":[{"id":48893,"href":"https:\/\/permbledhja.com\/sq\/wp-json\/wp\/v2\/posts\/48892\/revisions\/48893"}],"wp:featuredmedia":[{"embeddable":true,"href":"https:\/\/permbledhja.com\/sq\/wp-json\/wp\/v2\/media\/30546"}],"wp:attachment":[{"href":"https:\/\/permbledhja.com\/sq\/wp-json\/wp\/v2\/media?parent=48892"}],"wp:term":[{"taxonomy":"category","embeddable":true,"href":"https:\/\/permbledhja.com\/sq\/wp-json\/wp\/v2\/categories?post=48892"},{"taxonomy":"post_tag","embeddable":true,"href":"https:\/\/permbledhja.com\/sq\/wp-json\/wp\/v2\/tags?post=48892"}],"curies":[{"name":"wp","href":"https:\/\/api.w.org\/{rel}","templated":true}]}}