{"id":48883,"date":"2024-02-18T15:27:22","date_gmt":"2024-02-18T15:27:22","guid":{"rendered":"https:\/\/permbledhja.com\/?p=48883"},"modified":"2024-02-18T15:27:22","modified_gmt":"2024-02-18T15:27:22","slug":"rikthimi-i-vatres-ne-boston-ngritet-flamuri-i-kosoves-per-pavaresi-flet-kryetari-i-deges-atje","status":"publish","type":"post","link":"https:\/\/permbledhja.com\/sq\/rikthimi-i-vatres-ne-boston-ngritet-flamuri-i-kosoves-per-pavaresi-flet-kryetari-i-deges-atje\/","title":{"rendered":"Rikthimi i \u201cVatr\u00ebs\u201d n\u00eb Boston, ngritet flamuri i Kosov\u00ebs p\u00ebr pavar\u00ebsi, flet kryetari i deg\u00ebs atje"},"content":{"rendered":"<h3>Vatra, shoqata e shqiptar\u00ebve n\u00eb\u00a0Amerik\u00eb, e krijuar n\u00eb vitin 1912, e cila kishte lindur me misionin historik t\u00eb lobimit n\u00eb institucionet e SHBA-s\u00eb p\u00ebr t\u00eb drejtat e shqiptar\u00ebve, \u00ebsht\u00eb kthyer me aktivitete me rastin e 16 vjetorit t\u00eb pavar\u00ebsis\u00eb s\u00eb Kosov\u00ebs.<\/h3>\n<p>Shoqata iu kthye aktivitetit n\u00eb Boston t\u00eb SHBA-s\u00eb edhe me iniciativ\u00eb t\u00eb ish-kryeministrit t\u00eb Kosov\u00ebs, Avdullah Hoti, i cili pothuajse \u00e7doher\u00eb kur e vizitoi Amerik\u00ebn, u ndal t\u00eb shihte se \u00e7far\u00eb po b\u00ebnte \u201cVatra\u201d.<\/p>\n<p>Suharekasi Mentor Maksutaj, kryetar i Vatr\u00ebs n\u00eb Boston dje e b\u00ebri hapjen e ceremonis\u00eb s\u00eb ngritjes s\u00eb flamurit t\u00eb Kosov\u00ebs n\u00eb sheshin e Bashkis\u00eb s\u00eb Bostonit, duke kujtuar koh\u00ebt e v\u00ebshtira nd\u00ebr vite t\u00eb popullit t\u00eb Kosov\u00ebs n\u00ebn regjimin serb. Ai e fal\u00ebnderoi edhe kryetaren e Bashkis\u00eb s\u00eb Bostonit, Michelle Wu, p\u00ebr t\u00eb cil\u00ebn tha se e mund\u00ebsoi ngritjen e flamurit t\u00eb Kosov\u00ebs.<\/p>\n<p>Flamurin e Kosov\u00ebs e bekoi peshkopi shqiptar Theofan Koja.<\/p>\n<p>N\u00eb fjalimin e tij, Maksutaj tha se \u201cpa sakrific\u00ebn e shum\u00eb patriot\u00ebve nd\u00ebr vite dhe luft\u00ebs se U\u00c7K-s\u00eb e d\u00ebshmor\u00ebve t\u00eb saj, me n\u00eb krye komandantin legjendar Adem Jashari e familjes s\u00eb tij, Kosova nuk do ishte e pavarur\u201d.<\/p>\n<p>Maksutaj n\u00eb nj\u00eb intervist\u00eb p\u00ebr Kanal 10 tha se do t\u00eb mbajn\u00eb shum\u00eb aktivitete dhe se ka shum\u00eb d\u00ebshir\u00eb nga shqiptar\u00ebt n\u00eb SHBA q\u00eb t\u00eb b\u00ebjn\u00eb m\u00eb shum\u00eb p\u00ebr Kosov\u00ebn.<\/p>\n<p>\u201cDo t\u2019i bashkojm\u00eb t\u00eb gjith\u00eb forcat e do t\u00eb b\u00ebjm\u00eb shum\u00eb m\u00eb shum\u00eb se \u00e7\u2019kemi b\u00ebr\u00eb deri tash\u201d, tha ai.<\/p>\n<p>N\u00eb k\u00ebt\u00eb ceremoni ishte i pranish\u00ebm edhe ish-koloneli i Ushtris\u00eb Amerikane z.Andrew Lawlor i cili p\u00ebr dia vjet sh\u00ebrbeu si ushtar n\u00eb Kosov\u00eb.<\/p>\n<p>Ish-koloneli, tash avokat n\u00eb Masachusetts, n\u00eb fjalimin e tij tha se \u201dsh\u00ebrbimi ushtarak n\u00eb Kosov\u00eb, mbet\u00ebn nd\u00ebr kujtimet m\u00eb t\u00eb bukura t\u00eb jet\u00ebs s\u00eb tij, duke kujtuar edhe vizitat n\u00eb shkollat fillore atje apo brenda familjeve shqiptare\u201d.<\/p>\n<p>Gjithashtu, pjes\u00eb e ceremonis\u00eb ishin edhe p\u00ebrfaq\u00ebsuesit e organizatave tjera shqiptare q\u00eb veprojn\u00eb prej vitesh n\u00eb Amerik\u00eb, t\u00eb cil\u00ebt kan\u00eb dh\u00ebn\u00eb nj\u00eb kontribut t\u00eb jasht\u00ebzakonsh\u00ebm n\u00eb organizimin e komunitetit shqiptar n\u00eb Amerik\u00eb.<\/p>\n<p>Vatra e themeluar prej shqiptar\u00ebve si Fan Noli e Faik Konica, kishte funksionuar edhe si nj\u00ebfar\u00eb qeverie shqiptare n\u00eb m\u00ebrgim. Kjo shoqat\u00eb i kishte d\u00ebrguar Nolin dhe Konic\u00ebn n\u00eb Europ\u00eb p\u00ebr t\u00eb avokuar p\u00ebr interesat komb\u00ebtare t\u00eb Shqip\u00ebris\u00eb gjat\u00eb Luft\u00ebs s\u00eb Par\u00eb Bot\u00ebrore.<\/p>\n","protected":false},"excerpt":{"rendered":"<p>Vatra, shoqata e shqiptar\u00ebve n\u00eb\u00a0Amerik\u00eb, e krijuar n\u00eb vitin 1912, e cila kishte lindur me misionin historik t\u00eb lobimit n\u00eb institucionet e SHBA-s\u00eb p\u00ebr t\u00eb drejtat e shqiptar\u00ebve, \u00ebsht\u00eb kthyer me aktivitete me rastin e 16 vjetorit t\u00eb pavar\u00ebsis\u00eb s\u00eb Kosov\u00ebs. Shoqata iu kthye aktivitetit n\u00eb Boston t\u00eb SHBA-s\u00eb edhe me iniciativ\u00eb t\u00eb ish-kryeministrit t\u00eb [&hellip;]<\/p>\n","protected":false},"author":5,"featured_media":48884,"comment_status":"closed","ping_status":"closed","sticky":false,"template":"","format":"standard","meta":{"_monsterinsights_skip_tracking":false,"_monsterinsights_sitenote_active":false,"_monsterinsights_sitenote_note":"","_monsterinsights_sitenote_category":0,"_uf_show_specific_survey":0,"_uf_disable_surveys":false,"footnotes":""},"categories":[15],"tags":[],"yoast_head":"<!-- This site is optimized with the Yoast SEO plugin v21.5 - https:\/\/yoast.com\/wordpress\/plugins\/seo\/ -->\n<title>Rikthimi i \u201cVatr\u00ebs\u201d n\u00eb Boston, ngritet flamuri i Kosov\u00ebs p\u00ebr pavar\u00ebsi, flet kryetari i deg\u00ebs atje<\/title>\n<meta name=\"robots\" content=\"index, follow, max-snippet:-1, max-image-preview:large, max-video-preview:-1\" \/>\n<link rel=\"canonical\" href=\"https:\/\/permbledhja.com\/sq\/rikthimi-i-vatres-ne-boston-ngritet-flamuri-i-kosoves-per-pavaresi-flet-kryetari-i-deges-atje\/\" \/>\n<meta property=\"og:locale\" content=\"sq_AL\" \/>\n<meta property=\"og:type\" content=\"article\" \/>\n<meta property=\"og:title\" content=\"Rikthimi i \u201cVatr\u00ebs\u201d n\u00eb Boston, ngritet flamuri i Kosov\u00ebs p\u00ebr pavar\u00ebsi, flet kryetari i deg\u00ebs atje\" \/>\n<meta property=\"og:description\" content=\"Vatra, shoqata e shqiptar\u00ebve n\u00eb\u00a0Amerik\u00eb, e krijuar n\u00eb vitin 1912, e cila kishte lindur me misionin historik t\u00eb lobimit n\u00eb institucionet e SHBA-s\u00eb p\u00ebr t\u00eb drejtat e shqiptar\u00ebve, \u00ebsht\u00eb kthyer me aktivitete me rastin e 16 vjetorit t\u00eb pavar\u00ebsis\u00eb s\u00eb Kosov\u00ebs. Shoqata iu kthye aktivitetit n\u00eb Boston t\u00eb SHBA-s\u00eb edhe me iniciativ\u00eb t\u00eb ish-kryeministrit t\u00eb [&hellip;]\" \/>\n<meta property=\"og:url\" content=\"https:\/\/permbledhja.com\/sq\/rikthimi-i-vatres-ne-boston-ngritet-flamuri-i-kosoves-per-pavaresi-flet-kryetari-i-deges-atje\/\" \/>\n<meta property=\"og:site_name\" content=\"Ve\u00e7 artikuj p\u00ebrmbledh\u00ebs\" \/>\n<meta property=\"article:publisher\" content=\"https:\/\/www.facebook.com\/press07\/\" \/>\n<meta property=\"article:published_time\" content=\"2024-02-18T15:27:22+00:00\" \/>\n<meta property=\"og:image\" content=\"https:\/\/permbledhja.com\/wp-content\/uploads\/2024\/02\/v.png\" \/>\n\t<meta property=\"og:image:width\" content=\"600\" \/>\n\t<meta property=\"og:image:height\" content=\"360\" \/>\n\t<meta property=\"og:image:type\" content=\"image\/png\" \/>\n<meta name=\"author\" content=\"DL\" \/>\n<meta name=\"twitter:card\" content=\"summary_large_image\" \/>\n<meta name=\"twitter:label1\" content=\"Written by\" \/>\n\t<meta name=\"twitter:data1\" content=\"DL\" \/>\n\t<meta name=\"twitter:label2\" content=\"Est. reading time\" \/>\n\t<meta name=\"twitter:data2\" content=\"3 minuta\" \/>\n<script type=\"application\/ld+json\" class=\"yoast-schema-graph\">{\"@context\":\"https:\/\/schema.org\",\"@graph\":[{\"@type\":\"Article\",\"@id\":\"https:\/\/permbledhja.com\/rikthimi-i-vatres-ne-boston-ngritet-flamuri-i-kosoves-per-pavaresi-flet-kryetari-i-deges-atje\/#article\",\"isPartOf\":{\"@id\":\"https:\/\/permbledhja.com\/rikthimi-i-vatres-ne-boston-ngritet-flamuri-i-kosoves-per-pavaresi-flet-kryetari-i-deges-atje\/\"},\"author\":{\"name\":\"DL\",\"@id\":\"https:\/\/permbledhja.com\/#\/schema\/person\/9c54260cbc4c6f792cb100550491638c\"},\"headline\":\"Rikthimi i \u201cVatr\u00ebs\u201d n\u00eb Boston, ngritet flamuri i Kosov\u00ebs p\u00ebr pavar\u00ebsi, flet kryetari i deg\u00ebs atje\",\"datePublished\":\"2024-02-18T15:27:22+00:00\",\"dateModified\":\"2024-02-18T15:27:22+00:00\",\"mainEntityOfPage\":{\"@id\":\"https:\/\/permbledhja.com\/rikthimi-i-vatres-ne-boston-ngritet-flamuri-i-kosoves-per-pavaresi-flet-kryetari-i-deges-atje\/\"},\"wordCount\":454,\"publisher\":{\"@id\":\"https:\/\/permbledhja.com\/#organization\"},\"articleSection\":[\"Lajme\"],\"inLanguage\":\"sq\"},{\"@type\":\"WebPage\",\"@id\":\"https:\/\/permbledhja.com\/rikthimi-i-vatres-ne-boston-ngritet-flamuri-i-kosoves-per-pavaresi-flet-kryetari-i-deges-atje\/\",\"url\":\"https:\/\/permbledhja.com\/rikthimi-i-vatres-ne-boston-ngritet-flamuri-i-kosoves-per-pavaresi-flet-kryetari-i-deges-atje\/\",\"name\":\"Rikthimi i \u201cVatr\u00ebs\u201d n\u00eb Boston, ngritet flamuri i Kosov\u00ebs p\u00ebr pavar\u00ebsi, flet kryetari i deg\u00ebs atje\",\"isPartOf\":{\"@id\":\"https:\/\/permbledhja.com\/#website\"},\"datePublished\":\"2024-02-18T15:27:22+00:00\",\"dateModified\":\"2024-02-18T15:27:22+00:00\",\"breadcrumb\":{\"@id\":\"https:\/\/permbledhja.com\/rikthimi-i-vatres-ne-boston-ngritet-flamuri-i-kosoves-per-pavaresi-flet-kryetari-i-deges-atje\/#breadcrumb\"},\"inLanguage\":\"sq\",\"potentialAction\":[{\"@type\":\"ReadAction\",\"target\":[\"https:\/\/permbledhja.com\/rikthimi-i-vatres-ne-boston-ngritet-flamuri-i-kosoves-per-pavaresi-flet-kryetari-i-deges-atje\/\"]}]},{\"@type\":\"BreadcrumbList\",\"@id\":\"https:\/\/permbledhja.com\/rikthimi-i-vatres-ne-boston-ngritet-flamuri-i-kosoves-per-pavaresi-flet-kryetari-i-deges-atje\/#breadcrumb\",\"itemListElement\":[{\"@type\":\"ListItem\",\"position\":1,\"name\":\"Ballina\",\"item\":\"https:\/\/permbledhja.com\/sq\/\"},{\"@type\":\"ListItem\",\"position\":2,\"name\":\"Rikthimi i \u201cVatr\u00ebs\u201d n\u00eb Boston, ngritet flamuri i Kosov\u00ebs p\u00ebr pavar\u00ebsi, flet kryetari i deg\u00ebs atje\"}]},{\"@type\":\"WebSite\",\"@id\":\"https:\/\/permbledhja.com\/#website\",\"url\":\"https:\/\/permbledhja.com\/\",\"name\":\"Ve\u00e7 artikuj p\u00ebrmbledh\u00ebs\",\"description\":\"\",\"publisher\":{\"@id\":\"https:\/\/permbledhja.com\/#organization\"},\"potentialAction\":[{\"@type\":\"SearchAction\",\"target\":{\"@type\":\"EntryPoint\",\"urlTemplate\":\"https:\/\/permbledhja.com\/?s={search_term_string}\"},\"query-input\":\"required name=search_term_string\"}],\"inLanguage\":\"sq\"},{\"@type\":\"Organization\",\"@id\":\"https:\/\/permbledhja.com\/#organization\",\"name\":\"MK Media & Pr\",\"url\":\"https:\/\/permbledhja.com\/\",\"logo\":{\"@type\":\"ImageObject\",\"inLanguage\":\"sq\",\"@id\":\"https:\/\/permbledhja.com\/#\/schema\/logo\/image\/\",\"url\":\"https:\/\/permbledhja.com\/wp-content\/uploads\/2021\/12\/07-Press-Logo.jpg\",\"contentUrl\":\"https:\/\/permbledhja.com\/wp-content\/uploads\/2021\/12\/07-Press-Logo.jpg\",\"width\":512,\"height\":512,\"caption\":\"MK Media & Pr\"},\"image\":{\"@id\":\"https:\/\/permbledhja.com\/#\/schema\/logo\/image\/\"},\"sameAs\":[\"https:\/\/www.facebook.com\/press07\/\"]},{\"@type\":\"Person\",\"@id\":\"https:\/\/permbledhja.com\/#\/schema\/person\/9c54260cbc4c6f792cb100550491638c\",\"name\":\"DL\",\"image\":{\"@type\":\"ImageObject\",\"inLanguage\":\"sq\",\"@id\":\"https:\/\/permbledhja.com\/#\/schema\/person\/image\/\",\"url\":\"https:\/\/secure.gravatar.com\/avatar\/94503eb28d4c4b2005a5c8753e35fc80?s=96&d=mm&r=g\",\"contentUrl\":\"https:\/\/secure.gravatar.com\/avatar\/94503eb28d4c4b2005a5c8753e35fc80?s=96&d=mm&r=g\",\"caption\":\"DL\"},\"url\":\"https:\/\/permbledhja.com\/sq\/author\/dl\/\"}]}<\/script>\n<!-- \/ Yoast SEO plugin. -->","yoast_head_json":{"title":"Rikthimi i \u201cVatr\u00ebs\u201d n\u00eb Boston, ngritet flamuri i Kosov\u00ebs p\u00ebr pavar\u00ebsi, flet kryetari i deg\u00ebs atje","robots":{"index":"index","follow":"follow","max-snippet":"max-snippet:-1","max-image-preview":"max-image-preview:large","max-video-preview":"max-video-preview:-1"},"canonical":"https:\/\/permbledhja.com\/sq\/rikthimi-i-vatres-ne-boston-ngritet-flamuri-i-kosoves-per-pavaresi-flet-kryetari-i-deges-atje\/","og_locale":"sq_AL","og_type":"article","og_title":"Rikthimi i \u201cVatr\u00ebs\u201d n\u00eb Boston, ngritet flamuri i Kosov\u00ebs p\u00ebr pavar\u00ebsi, flet kryetari i deg\u00ebs atje","og_description":"Vatra, shoqata e shqiptar\u00ebve n\u00eb\u00a0Amerik\u00eb, e krijuar n\u00eb vitin 1912, e cila kishte lindur me misionin historik t\u00eb lobimit n\u00eb institucionet e SHBA-s\u00eb p\u00ebr t\u00eb drejtat e shqiptar\u00ebve, \u00ebsht\u00eb kthyer me aktivitete me rastin e 16 vjetorit t\u00eb pavar\u00ebsis\u00eb s\u00eb Kosov\u00ebs. Shoqata iu kthye aktivitetit n\u00eb Boston t\u00eb SHBA-s\u00eb edhe me iniciativ\u00eb t\u00eb ish-kryeministrit t\u00eb [&hellip;]","og_url":"https:\/\/permbledhja.com\/sq\/rikthimi-i-vatres-ne-boston-ngritet-flamuri-i-kosoves-per-pavaresi-flet-kryetari-i-deges-atje\/","og_site_name":"Ve\u00e7 artikuj p\u00ebrmbledh\u00ebs","article_publisher":"https:\/\/www.facebook.com\/press07\/","article_published_time":"2024-02-18T15:27:22+00:00","og_image":[{"width":600,"height":360,"url":"https:\/\/permbledhja.com\/wp-content\/uploads\/2024\/02\/v.png","type":"image\/png"}],"author":"DL","twitter_card":"summary_large_image","twitter_misc":{"Written by":"DL","Est. reading time":"3 minuta"},"schema":{"@context":"https:\/\/schema.org","@graph":[{"@type":"Article","@id":"https:\/\/permbledhja.com\/rikthimi-i-vatres-ne-boston-ngritet-flamuri-i-kosoves-per-pavaresi-flet-kryetari-i-deges-atje\/#article","isPartOf":{"@id":"https:\/\/permbledhja.com\/rikthimi-i-vatres-ne-boston-ngritet-flamuri-i-kosoves-per-pavaresi-flet-kryetari-i-deges-atje\/"},"author":{"name":"DL","@id":"https:\/\/permbledhja.com\/#\/schema\/person\/9c54260cbc4c6f792cb100550491638c"},"headline":"Rikthimi i \u201cVatr\u00ebs\u201d n\u00eb Boston, ngritet flamuri i Kosov\u00ebs p\u00ebr pavar\u00ebsi, flet kryetari i deg\u00ebs atje","datePublished":"2024-02-18T15:27:22+00:00","dateModified":"2024-02-18T15:27:22+00:00","mainEntityOfPage":{"@id":"https:\/\/permbledhja.com\/rikthimi-i-vatres-ne-boston-ngritet-flamuri-i-kosoves-per-pavaresi-flet-kryetari-i-deges-atje\/"},"wordCount":454,"publisher":{"@id":"https:\/\/permbledhja.com\/#organization"},"articleSection":["Lajme"],"inLanguage":"sq"},{"@type":"WebPage","@id":"https:\/\/permbledhja.com\/rikthimi-i-vatres-ne-boston-ngritet-flamuri-i-kosoves-per-pavaresi-flet-kryetari-i-deges-atje\/","url":"https:\/\/permbledhja.com\/rikthimi-i-vatres-ne-boston-ngritet-flamuri-i-kosoves-per-pavaresi-flet-kryetari-i-deges-atje\/","name":"Rikthimi i \u201cVatr\u00ebs\u201d n\u00eb Boston, ngritet flamuri i Kosov\u00ebs p\u00ebr pavar\u00ebsi, flet kryetari i deg\u00ebs atje","isPartOf":{"@id":"https:\/\/permbledhja.com\/#website"},"datePublished":"2024-02-18T15:27:22+00:00","dateModified":"2024-02-18T15:27:22+00:00","breadcrumb":{"@id":"https:\/\/permbledhja.com\/rikthimi-i-vatres-ne-boston-ngritet-flamuri-i-kosoves-per-pavaresi-flet-kryetari-i-deges-atje\/#breadcrumb"},"inLanguage":"sq","potentialAction":[{"@type":"ReadAction","target":["https:\/\/permbledhja.com\/rikthimi-i-vatres-ne-boston-ngritet-flamuri-i-kosoves-per-pavaresi-flet-kryetari-i-deges-atje\/"]}]},{"@type":"BreadcrumbList","@id":"https:\/\/permbledhja.com\/rikthimi-i-vatres-ne-boston-ngritet-flamuri-i-kosoves-per-pavaresi-flet-kryetari-i-deges-atje\/#breadcrumb","itemListElement":[{"@type":"ListItem","position":1,"name":"Ballina","item":"https:\/\/permbledhja.com\/sq\/"},{"@type":"ListItem","position":2,"name":"Rikthimi i \u201cVatr\u00ebs\u201d n\u00eb Boston, ngritet flamuri i Kosov\u00ebs p\u00ebr pavar\u00ebsi, flet kryetari i deg\u00ebs atje"}]},{"@type":"WebSite","@id":"https:\/\/permbledhja.com\/#website","url":"https:\/\/permbledhja.com\/","name":"Ve\u00e7 artikuj p\u00ebrmbledh\u00ebs","description":"","publisher":{"@id":"https:\/\/permbledhja.com\/#organization"},"potentialAction":[{"@type":"SearchAction","target":{"@type":"EntryPoint","urlTemplate":"https:\/\/permbledhja.com\/?s={search_term_string}"},"query-input":"required name=search_term_string"}],"inLanguage":"sq"},{"@type":"Organization","@id":"https:\/\/permbledhja.com\/#organization","name":"MK Media & Pr","url":"https:\/\/permbledhja.com\/","logo":{"@type":"ImageObject","inLanguage":"sq","@id":"https:\/\/permbledhja.com\/#\/schema\/logo\/image\/","url":"https:\/\/permbledhja.com\/wp-content\/uploads\/2021\/12\/07-Press-Logo.jpg","contentUrl":"https:\/\/permbledhja.com\/wp-content\/uploads\/2021\/12\/07-Press-Logo.jpg","width":512,"height":512,"caption":"MK Media & Pr"},"image":{"@id":"https:\/\/permbledhja.com\/#\/schema\/logo\/image\/"},"sameAs":["https:\/\/www.facebook.com\/press07\/"]},{"@type":"Person","@id":"https:\/\/permbledhja.com\/#\/schema\/person\/9c54260cbc4c6f792cb100550491638c","name":"DL","image":{"@type":"ImageObject","inLanguage":"sq","@id":"https:\/\/permbledhja.com\/#\/schema\/person\/image\/","url":"https:\/\/secure.gravatar.com\/avatar\/94503eb28d4c4b2005a5c8753e35fc80?s=96&d=mm&r=g","contentUrl":"https:\/\/secure.gravatar.com\/avatar\/94503eb28d4c4b2005a5c8753e35fc80?s=96&d=mm&r=g","caption":"DL"},"url":"https:\/\/permbledhja.com\/sq\/author\/dl\/"}]}},"_links":{"self":[{"href":"https:\/\/permbledhja.com\/sq\/wp-json\/wp\/v2\/posts\/48883"}],"collection":[{"href":"https:\/\/permbledhja.com\/sq\/wp-json\/wp\/v2\/posts"}],"about":[{"href":"https:\/\/permbledhja.com\/sq\/wp-json\/wp\/v2\/types\/post"}],"author":[{"embeddable":true,"href":"https:\/\/permbledhja.com\/sq\/wp-json\/wp\/v2\/users\/5"}],"replies":[{"embeddable":true,"href":"https:\/\/permbledhja.com\/sq\/wp-json\/wp\/v2\/comments?post=48883"}],"version-history":[{"count":1,"href":"https:\/\/permbledhja.com\/sq\/wp-json\/wp\/v2\/posts\/48883\/revisions"}],"predecessor-version":[{"id":48885,"href":"https:\/\/permbledhja.com\/sq\/wp-json\/wp\/v2\/posts\/48883\/revisions\/48885"}],"wp:featuredmedia":[{"embeddable":true,"href":"https:\/\/permbledhja.com\/sq\/wp-json\/wp\/v2\/media\/48884"}],"wp:attachment":[{"href":"https:\/\/permbledhja.com\/sq\/wp-json\/wp\/v2\/media?parent=48883"}],"wp:term":[{"taxonomy":"category","embeddable":true,"href":"https:\/\/permbledhja.com\/sq\/wp-json\/wp\/v2\/categories?post=48883"},{"taxonomy":"post_tag","embeddable":true,"href":"https:\/\/permbledhja.com\/sq\/wp-json\/wp\/v2\/tags?post=48883"}],"curies":[{"name":"wp","href":"https:\/\/api.w.org\/{rel}","templated":true}]}}