{"id":48873,"date":"2024-02-18T14:45:07","date_gmt":"2024-02-18T14:45:07","guid":{"rendered":"https:\/\/permbledhja.com\/?p=48873"},"modified":"2024-02-18T14:45:07","modified_gmt":"2024-02-18T14:45:07","slug":"parashikimi-i-motit-per-javen-e-ardhshme-3","status":"publish","type":"post","link":"https:\/\/permbledhja.com\/sq\/parashikimi-i-motit-per-javen-e-ardhshme-3\/","title":{"rendered":"Parashikimi i motit p\u00ebr jav\u00ebn e ardhshme"},"content":{"rendered":"<h3>Mot i ndryshuesh\u00ebm do t\u00eb mbaj\u00eb jav\u00ebn e ardhshme.<\/h3>\n<p>Do t\u00eb ket\u00eb vran\u00ebsira, intervale me diell e riga shiu.<\/p>\n<p>Sipas Prishtina Weather, temperaturat do t\u00eb jen\u00eb ende t\u00eb larta p\u00ebr k\u00ebt\u00eb periudh\u00eb kohore.<\/p>\n<p>\u201cTemperaturat minimale zbresin deri n\u00eb -2C, nd\u00ebrsa ato maksimale fillimisht n\u00eb r\u00ebnie deri n\u00eb 8C, e nga dita e enjt\u00eb s\u00ebrish n\u00eb rritje deri n\u00eb 13C e 14C. Do t\u00eb fryn\u00eb er\u00ebra t\u00eb lehta dhe mesatare nga veriu, fillimisht, 3-8m\/s, e n\u00eb pjes\u00ebn e dyt\u00eb t\u00eb jav\u00ebs nga krahu jugor me hove deri n\u00eb 10m\/s, t\u00eb premt\u00ebn. Shtypja atmosferike luhatet n\u00eb vlera mbi normale, me tendenc\u00eb t\u00eb r\u00ebnies p\u00ebrreth vlerave normale.\u201d, thuhet n\u00eb njoftim.<\/p>\n<p>\u201cKoncentrimet e ndot\u00ebsve ajror do t\u00eb jen\u00eb m\u00eb t\u00eb rritura pran\u00eb sip\u00ebrfaqes dit\u00ebve vijuese, ngase do t\u00eb mungoj\u00eb qarkullimi i mir\u00eb ajror q\u00eb t\u2019i mbaj\u00eb m\u00eb t\u00eb shp\u00ebrndar\u00eb. Gjat\u00eb dit\u00ebs n\u00eb pjes\u00ebn m\u00eb t\u00eb madhe t\u00eb vendit indeksi mund t\u00eb mbetet me indeks t\u00eb cil\u00ebsis\u00eb s\u00eb ajrit n\u00eb vlera t\u00eb pranueshme dhe t\u00eb mira, nd\u00ebrsa n\u00eb mbr\u00ebmje kalon n\u00eb vlera t\u00eb dob\u00ebta dhe shum\u00eb t\u00eb dob\u00ebta\u201d, njofton Prishtina Weather.<\/p>\n<p>Parashikimi i motit:<\/p>\n<p>18.02.2024 \u2013 M\u00eb shum\u00eb vransira pritet t\u00eb kemi gjat\u00eb jav\u00ebs n\u00eb vijim. Nuk do t\u00eb mungojn\u00eb edhe intervale me diell, q\u00eb do t\u00eb jen\u00eb m\u00eb t\u00eb gjata t\u00eb h\u00ebn\u00ebn dhe t\u00eb enjten. Dit\u00ebn e mart\u00eb dhe m\u00ebrkur\u00eb priten edhe riga lokale shiu, apo reshje t\u00eb dob\u00ebta bore viseve m\u00eb malore. Dit\u00ebve t\u00eb para or\u00ebve t\u00eb m\u00ebngjesit do t\u00eb ket\u00eb edhe ngrica, e n\u00eb ult\u00ebsira kushte p\u00ebr mjegull.<\/p>\n<p>19.02 \u2013 Ult\u00ebsirave mund\u00ebsi p\u00ebr mjegull\/vransira t\u00eb ul\u00ebta or\u00ebve t\u00eb m\u00ebngjesit. Dit\u00ebn kryesisht me diell.<\/p>\n<p>20.02 \u2013 Kryesisht me vransira. Vende-vende mund\u00ebsi p\u00ebr riga shiu.<\/p>\n<p>21.02 \u2013 M\u00eb shum\u00eb vransira, me mund\u00ebsi p\u00ebr riga lokale shiu.22.02 \u2013 Intervale m\u00eb t\u00eb gjata me diell dhe vransira kalimtare, kryesisht shtresore t\u00eb larta.<\/p>\n<p>23.02 \u2013 But\u00eb, me vransira dhe intervale me diell.<\/p>\n","protected":false},"excerpt":{"rendered":"<p>Mot i ndryshuesh\u00ebm do t\u00eb mbaj\u00eb jav\u00ebn e ardhshme. Do t\u00eb ket\u00eb vran\u00ebsira, intervale me diell e riga shiu. Sipas Prishtina Weather, temperaturat do t\u00eb jen\u00eb ende t\u00eb larta p\u00ebr k\u00ebt\u00eb periudh\u00eb kohore. \u201cTemperaturat minimale zbresin deri n\u00eb -2C, nd\u00ebrsa ato maksimale fillimisht n\u00eb r\u00ebnie deri n\u00eb 8C, e nga dita e enjt\u00eb s\u00ebrish n\u00eb [&hellip;]<\/p>\n","protected":false},"author":2,"featured_media":48874,"comment_status":"closed","ping_status":"closed","sticky":false,"template":"","format":"standard","meta":{"_monsterinsights_skip_tracking":false,"_monsterinsights_sitenote_active":false,"_monsterinsights_sitenote_note":"","_monsterinsights_sitenote_category":0,"_uf_show_specific_survey":0,"_uf_disable_surveys":false,"footnotes":""},"categories":[2645],"tags":[26],"yoast_head":"<!-- This site is optimized with the Yoast SEO plugin v21.5 - https:\/\/yoast.com\/wordpress\/plugins\/seo\/ -->\n<title>Parashikimi i motit p\u00ebr jav\u00ebn e ardhshme<\/title>\n<meta name=\"robots\" content=\"index, follow, max-snippet:-1, max-image-preview:large, max-video-preview:-1\" \/>\n<link rel=\"canonical\" href=\"https:\/\/permbledhja.com\/sq\/parashikimi-i-motit-per-javen-e-ardhshme-3\/\" \/>\n<meta property=\"og:locale\" content=\"sq_AL\" \/>\n<meta property=\"og:type\" content=\"article\" \/>\n<meta property=\"og:title\" content=\"Parashikimi i motit p\u00ebr jav\u00ebn e ardhshme\" \/>\n<meta property=\"og:description\" content=\"Mot i ndryshuesh\u00ebm do t\u00eb mbaj\u00eb jav\u00ebn e ardhshme. Do t\u00eb ket\u00eb vran\u00ebsira, intervale me diell e riga shiu. Sipas Prishtina Weather, temperaturat do t\u00eb jen\u00eb ende t\u00eb larta p\u00ebr k\u00ebt\u00eb periudh\u00eb kohore. \u201cTemperaturat minimale zbresin deri n\u00eb -2C, nd\u00ebrsa ato maksimale fillimisht n\u00eb r\u00ebnie deri n\u00eb 8C, e nga dita e enjt\u00eb s\u00ebrish n\u00eb [&hellip;]\" \/>\n<meta property=\"og:url\" content=\"https:\/\/permbledhja.com\/sq\/parashikimi-i-motit-per-javen-e-ardhshme-3\/\" \/>\n<meta property=\"og:site_name\" content=\"Ve\u00e7 artikuj p\u00ebrmbledh\u00ebs\" \/>\n<meta property=\"article:publisher\" content=\"https:\/\/www.facebook.com\/press07\/\" \/>\n<meta property=\"article:published_time\" content=\"2024-02-18T14:45:07+00:00\" \/>\n<meta property=\"og:image\" content=\"https:\/\/permbledhja.com\/wp-content\/uploads\/2024\/02\/Motiii.jpg\" \/>\n\t<meta property=\"og:image:width\" content=\"766\" \/>\n\t<meta property=\"og:image:height\" content=\"463\" \/>\n\t<meta property=\"og:image:type\" content=\"image\/jpeg\" \/>\n<meta name=\"author\" content=\"M M\" \/>\n<meta name=\"twitter:card\" content=\"summary_large_image\" \/>\n<meta name=\"twitter:label1\" content=\"Written by\" \/>\n\t<meta name=\"twitter:data1\" content=\"M M\" \/>\n\t<meta name=\"twitter:label2\" content=\"Est. reading time\" \/>\n\t<meta name=\"twitter:data2\" content=\"2 minuta\" \/>\n<script type=\"application\/ld+json\" class=\"yoast-schema-graph\">{\"@context\":\"https:\/\/schema.org\",\"@graph\":[{\"@type\":\"Article\",\"@id\":\"https:\/\/permbledhja.com\/sq\/parashikimi-i-motit-per-javen-e-ardhshme-3\/#article\",\"isPartOf\":{\"@id\":\"https:\/\/permbledhja.com\/sq\/parashikimi-i-motit-per-javen-e-ardhshme-3\/\"},\"author\":{\"name\":\"M M\",\"@id\":\"https:\/\/permbledhja.com\/#\/schema\/person\/d23f13f59b5722643933d6780783acf3\"},\"headline\":\"Parashikimi i motit p\u00ebr jav\u00ebn e ardhshme\",\"datePublished\":\"2024-02-18T14:45:07+00:00\",\"dateModified\":\"2024-02-18T14:45:07+00:00\",\"mainEntityOfPage\":{\"@id\":\"https:\/\/permbledhja.com\/sq\/parashikimi-i-motit-per-javen-e-ardhshme-3\/\"},\"wordCount\":356,\"publisher\":{\"@id\":\"https:\/\/permbledhja.com\/#organization\"},\"keywords\":[\"Moti\"],\"articleSection\":[\"T\u00eb r\u00ebnd\u00ebsishme\"],\"inLanguage\":\"sq\"},{\"@type\":\"WebPage\",\"@id\":\"https:\/\/permbledhja.com\/sq\/parashikimi-i-motit-per-javen-e-ardhshme-3\/\",\"url\":\"https:\/\/permbledhja.com\/sq\/parashikimi-i-motit-per-javen-e-ardhshme-3\/\",\"name\":\"Parashikimi i motit p\u00ebr jav\u00ebn e ardhshme\",\"isPartOf\":{\"@id\":\"https:\/\/permbledhja.com\/#website\"},\"datePublished\":\"2024-02-18T14:45:07+00:00\",\"dateModified\":\"2024-02-18T14:45:07+00:00\",\"breadcrumb\":{\"@id\":\"https:\/\/permbledhja.com\/sq\/parashikimi-i-motit-per-javen-e-ardhshme-3\/#breadcrumb\"},\"inLanguage\":\"sq\",\"potentialAction\":[{\"@type\":\"ReadAction\",\"target\":[\"https:\/\/permbledhja.com\/sq\/parashikimi-i-motit-per-javen-e-ardhshme-3\/\"]}]},{\"@type\":\"BreadcrumbList\",\"@id\":\"https:\/\/permbledhja.com\/sq\/parashikimi-i-motit-per-javen-e-ardhshme-3\/#breadcrumb\",\"itemListElement\":[{\"@type\":\"ListItem\",\"position\":1,\"name\":\"Ballina\",\"item\":\"https:\/\/permbledhja.com\/sq\/\"},{\"@type\":\"ListItem\",\"position\":2,\"name\":\"Parashikimi i motit p\u00ebr jav\u00ebn e ardhshme\"}]},{\"@type\":\"WebSite\",\"@id\":\"https:\/\/permbledhja.com\/#website\",\"url\":\"https:\/\/permbledhja.com\/\",\"name\":\"Ve\u00e7 artikuj p\u00ebrmbledh\u00ebs\",\"description\":\"\",\"publisher\":{\"@id\":\"https:\/\/permbledhja.com\/#organization\"},\"potentialAction\":[{\"@type\":\"SearchAction\",\"target\":{\"@type\":\"EntryPoint\",\"urlTemplate\":\"https:\/\/permbledhja.com\/?s={search_term_string}\"},\"query-input\":\"required name=search_term_string\"}],\"inLanguage\":\"sq\"},{\"@type\":\"Organization\",\"@id\":\"https:\/\/permbledhja.com\/#organization\",\"name\":\"MK Media & Pr\",\"url\":\"https:\/\/permbledhja.com\/\",\"logo\":{\"@type\":\"ImageObject\",\"inLanguage\":\"sq\",\"@id\":\"https:\/\/permbledhja.com\/#\/schema\/logo\/image\/\",\"url\":\"https:\/\/permbledhja.com\/wp-content\/uploads\/2021\/12\/07-Press-Logo.jpg\",\"contentUrl\":\"https:\/\/permbledhja.com\/wp-content\/uploads\/2021\/12\/07-Press-Logo.jpg\",\"width\":512,\"height\":512,\"caption\":\"MK Media & Pr\"},\"image\":{\"@id\":\"https:\/\/permbledhja.com\/#\/schema\/logo\/image\/\"},\"sameAs\":[\"https:\/\/www.facebook.com\/press07\/\"]},{\"@type\":\"Person\",\"@id\":\"https:\/\/permbledhja.com\/#\/schema\/person\/d23f13f59b5722643933d6780783acf3\",\"name\":\"M M\",\"image\":{\"@type\":\"ImageObject\",\"inLanguage\":\"sq\",\"@id\":\"https:\/\/permbledhja.com\/#\/schema\/person\/image\/\",\"url\":\"https:\/\/secure.gravatar.com\/avatar\/e2835a76ca7c31a2416b2d51c4ec9a8f?s=96&d=mm&r=g\",\"contentUrl\":\"https:\/\/secure.gravatar.com\/avatar\/e2835a76ca7c31a2416b2d51c4ec9a8f?s=96&d=mm&r=g\",\"caption\":\"M M\"},\"sameAs\":[\"http:\/\/MM\"],\"url\":\"https:\/\/permbledhja.com\/sq\/author\/muhamet\/\"}]}<\/script>\n<!-- \/ Yoast SEO plugin. -->","yoast_head_json":{"title":"Parashikimi i motit p\u00ebr jav\u00ebn e ardhshme","robots":{"index":"index","follow":"follow","max-snippet":"max-snippet:-1","max-image-preview":"max-image-preview:large","max-video-preview":"max-video-preview:-1"},"canonical":"https:\/\/permbledhja.com\/sq\/parashikimi-i-motit-per-javen-e-ardhshme-3\/","og_locale":"sq_AL","og_type":"article","og_title":"Parashikimi i motit p\u00ebr jav\u00ebn e ardhshme","og_description":"Mot i ndryshuesh\u00ebm do t\u00eb mbaj\u00eb jav\u00ebn e ardhshme. Do t\u00eb ket\u00eb vran\u00ebsira, intervale me diell e riga shiu. Sipas Prishtina Weather, temperaturat do t\u00eb jen\u00eb ende t\u00eb larta p\u00ebr k\u00ebt\u00eb periudh\u00eb kohore. \u201cTemperaturat minimale zbresin deri n\u00eb -2C, nd\u00ebrsa ato maksimale fillimisht n\u00eb r\u00ebnie deri n\u00eb 8C, e nga dita e enjt\u00eb s\u00ebrish n\u00eb [&hellip;]","og_url":"https:\/\/permbledhja.com\/sq\/parashikimi-i-motit-per-javen-e-ardhshme-3\/","og_site_name":"Ve\u00e7 artikuj p\u00ebrmbledh\u00ebs","article_publisher":"https:\/\/www.facebook.com\/press07\/","article_published_time":"2024-02-18T14:45:07+00:00","og_image":[{"width":766,"height":463,"url":"https:\/\/permbledhja.com\/wp-content\/uploads\/2024\/02\/Motiii.jpg","type":"image\/jpeg"}],"author":"M M","twitter_card":"summary_large_image","twitter_misc":{"Written by":"M M","Est. reading time":"2 minuta"},"schema":{"@context":"https:\/\/schema.org","@graph":[{"@type":"Article","@id":"https:\/\/permbledhja.com\/sq\/parashikimi-i-motit-per-javen-e-ardhshme-3\/#article","isPartOf":{"@id":"https:\/\/permbledhja.com\/sq\/parashikimi-i-motit-per-javen-e-ardhshme-3\/"},"author":{"name":"M M","@id":"https:\/\/permbledhja.com\/#\/schema\/person\/d23f13f59b5722643933d6780783acf3"},"headline":"Parashikimi i motit p\u00ebr jav\u00ebn e ardhshme","datePublished":"2024-02-18T14:45:07+00:00","dateModified":"2024-02-18T14:45:07+00:00","mainEntityOfPage":{"@id":"https:\/\/permbledhja.com\/sq\/parashikimi-i-motit-per-javen-e-ardhshme-3\/"},"wordCount":356,"publisher":{"@id":"https:\/\/permbledhja.com\/#organization"},"keywords":["Moti"],"articleSection":["T\u00eb r\u00ebnd\u00ebsishme"],"inLanguage":"sq"},{"@type":"WebPage","@id":"https:\/\/permbledhja.com\/sq\/parashikimi-i-motit-per-javen-e-ardhshme-3\/","url":"https:\/\/permbledhja.com\/sq\/parashikimi-i-motit-per-javen-e-ardhshme-3\/","name":"Parashikimi i motit p\u00ebr jav\u00ebn e ardhshme","isPartOf":{"@id":"https:\/\/permbledhja.com\/#website"},"datePublished":"2024-02-18T14:45:07+00:00","dateModified":"2024-02-18T14:45:07+00:00","breadcrumb":{"@id":"https:\/\/permbledhja.com\/sq\/parashikimi-i-motit-per-javen-e-ardhshme-3\/#breadcrumb"},"inLanguage":"sq","potentialAction":[{"@type":"ReadAction","target":["https:\/\/permbledhja.com\/sq\/parashikimi-i-motit-per-javen-e-ardhshme-3\/"]}]},{"@type":"BreadcrumbList","@id":"https:\/\/permbledhja.com\/sq\/parashikimi-i-motit-per-javen-e-ardhshme-3\/#breadcrumb","itemListElement":[{"@type":"ListItem","position":1,"name":"Ballina","item":"https:\/\/permbledhja.com\/sq\/"},{"@type":"ListItem","position":2,"name":"Parashikimi i motit p\u00ebr jav\u00ebn e ardhshme"}]},{"@type":"WebSite","@id":"https:\/\/permbledhja.com\/#website","url":"https:\/\/permbledhja.com\/","name":"Ve\u00e7 artikuj p\u00ebrmbledh\u00ebs","description":"","publisher":{"@id":"https:\/\/permbledhja.com\/#organization"},"potentialAction":[{"@type":"SearchAction","target":{"@type":"EntryPoint","urlTemplate":"https:\/\/permbledhja.com\/?s={search_term_string}"},"query-input":"required name=search_term_string"}],"inLanguage":"sq"},{"@type":"Organization","@id":"https:\/\/permbledhja.com\/#organization","name":"MK Media & Pr","url":"https:\/\/permbledhja.com\/","logo":{"@type":"ImageObject","inLanguage":"sq","@id":"https:\/\/permbledhja.com\/#\/schema\/logo\/image\/","url":"https:\/\/permbledhja.com\/wp-content\/uploads\/2021\/12\/07-Press-Logo.jpg","contentUrl":"https:\/\/permbledhja.com\/wp-content\/uploads\/2021\/12\/07-Press-Logo.jpg","width":512,"height":512,"caption":"MK Media & Pr"},"image":{"@id":"https:\/\/permbledhja.com\/#\/schema\/logo\/image\/"},"sameAs":["https:\/\/www.facebook.com\/press07\/"]},{"@type":"Person","@id":"https:\/\/permbledhja.com\/#\/schema\/person\/d23f13f59b5722643933d6780783acf3","name":"M M","image":{"@type":"ImageObject","inLanguage":"sq","@id":"https:\/\/permbledhja.com\/#\/schema\/person\/image\/","url":"https:\/\/secure.gravatar.com\/avatar\/e2835a76ca7c31a2416b2d51c4ec9a8f?s=96&d=mm&r=g","contentUrl":"https:\/\/secure.gravatar.com\/avatar\/e2835a76ca7c31a2416b2d51c4ec9a8f?s=96&d=mm&r=g","caption":"M M"},"sameAs":["http:\/\/MM"],"url":"https:\/\/permbledhja.com\/sq\/author\/muhamet\/"}]}},"_links":{"self":[{"href":"https:\/\/permbledhja.com\/sq\/wp-json\/wp\/v2\/posts\/48873"}],"collection":[{"href":"https:\/\/permbledhja.com\/sq\/wp-json\/wp\/v2\/posts"}],"about":[{"href":"https:\/\/permbledhja.com\/sq\/wp-json\/wp\/v2\/types\/post"}],"author":[{"embeddable":true,"href":"https:\/\/permbledhja.com\/sq\/wp-json\/wp\/v2\/users\/2"}],"replies":[{"embeddable":true,"href":"https:\/\/permbledhja.com\/sq\/wp-json\/wp\/v2\/comments?post=48873"}],"version-history":[{"count":1,"href":"https:\/\/permbledhja.com\/sq\/wp-json\/wp\/v2\/posts\/48873\/revisions"}],"predecessor-version":[{"id":48875,"href":"https:\/\/permbledhja.com\/sq\/wp-json\/wp\/v2\/posts\/48873\/revisions\/48875"}],"wp:featuredmedia":[{"embeddable":true,"href":"https:\/\/permbledhja.com\/sq\/wp-json\/wp\/v2\/media\/48874"}],"wp:attachment":[{"href":"https:\/\/permbledhja.com\/sq\/wp-json\/wp\/v2\/media?parent=48873"}],"wp:term":[{"taxonomy":"category","embeddable":true,"href":"https:\/\/permbledhja.com\/sq\/wp-json\/wp\/v2\/categories?post=48873"},{"taxonomy":"post_tag","embeddable":true,"href":"https:\/\/permbledhja.com\/sq\/wp-json\/wp\/v2\/tags?post=48873"}],"curies":[{"name":"wp","href":"https:\/\/api.w.org\/{rel}","templated":true}]}}