{"id":48870,"date":"2024-02-18T14:20:12","date_gmt":"2024-02-18T14:20:12","guid":{"rendered":"https:\/\/permbledhja.com\/?p=48870"},"modified":"2024-02-18T14:20:12","modified_gmt":"2024-02-18T14:20:12","slug":"kurti-funksionalizimi-per-dokumentimin-e-krimeve-te-kryera-gjate-luftes-ne-kosove-obligim-qe-po-permbushet","status":"publish","type":"post","link":"https:\/\/permbledhja.com\/sq\/kurti-funksionalizimi-per-dokumentimin-e-krimeve-te-kryera-gjate-luftes-ne-kosove-obligim-qe-po-permbushet\/","title":{"rendered":"Kurti: Funksionalizimi p\u00ebr dokumentimin e krimeve t\u00eb kryera gjat\u00eb luft\u00ebs n\u00eb Kosov\u00eb, obligim q\u00eb po p\u00ebrmbushet"},"content":{"rendered":"<h3>Kryeministri i Kosov\u00ebs, Albin Kurti, ka th\u00ebn\u00eb se funksionalizimi i Institutit p\u00ebr dokumentimin e krimeve t\u00eb kryera gjat\u00eb luft\u00ebs n\u00eb Kosov\u00eb \u201c\u00ebsht\u00eb nj\u00eb obligim q\u00eb po p\u00ebrmbushet ndaj kujtes\u00ebs son\u00eb si popull dhe ndaj k\u00ebrkes\u00ebs son\u00eb p\u00ebr drejt\u00ebsi\u201d.<\/h3>\n<p>N\u00eb nj\u00eb postim n\u00eb Facebook, Kurti ka fal\u00ebnderuar asociacionet e familjar\u00ebve t\u00eb t\u00eb zhdukurve p\u00ebr angazhimin e tyre nd\u00ebr vite, p\u00ebr dokumentimin e krimeve t\u00eb zhdukjeve me dhun\u00eb nga Serbia.<\/p>\n<p>Dokumentimi i krimeve t\u00eb luft\u00ebs ndihmon n\u00eb parandalimin e p\u00ebrs\u00ebritjes s\u00eb tyre n\u00eb t\u00eb ardhmen, shtoi m\u00eb tej ai.<\/p>\n<p>\u201cN\u00eb 16-vjetorin e Pavar\u00ebsis\u00eb, dje ishim n\u00eb Institutin p\u00ebr dokumentimin e krimeve t\u00eb kryera gjat\u00eb luft\u00ebs n\u00eb Kosov\u00eb, me Drejtorin Ekzekutiv, z. Atdhe Hetemi, dhe me Kryetarin e K\u00ebshillit Koordinues t\u00eb Asociacioneve Familjare t\u00eb t\u00eb Zhdukurve t\u00eb Kosov\u00ebs, z. Ahmet Graj\u00e7evci, p\u00ebr ceremonin\u00eb e pranim dor\u00ebzimit t\u00eb dokumenteve t\u00eb para n\u00eb k\u00ebt\u00eb Institut\u201d, shkroi ai.<\/p>\n<p>\u201cFal\u00ebnderoj z. Graj\u00e7evcin dhe asociacionet e familjar\u00ebve t\u00eb t\u00eb zhdukurve p\u00ebr angazhimin e tyre nd\u00ebr vite, p\u00ebr dokumentimin e krimeve t\u00eb zhdukjeve me dhun\u00eb nga Serbia\u201d, shtoi Kurti.<\/p>\n<p>Kreu i ekzekutivit ka potencuar se ky vit sh\u00ebnon 26-vjetorin e nj\u00eb prej kapitujve m\u00eb t\u00eb dhimbsh\u00ebm n\u00eb historin\u00eb e vendit, krimet e kryera nga regjimi gjenocidal i Serbis\u00eb por n\u00eb an\u00ebn tjet\u00ebr po k\u00ebt\u00eb vit festohet edhe 25 vjetori i \u00e7lirimit t\u00eb Kosov\u00ebs dhe 16 vjetorin e shpalljes s\u00eb pavar\u00ebsis\u00eb.<\/p>\n<p>\u201cNe po angazhohemi q\u00eb t\u00eb b\u00ebjm\u00eb m\u00eb t\u00eb mir\u00ebn q\u00eb mundemi q\u00eb t\u00eb adresojm\u00eb gjith\u00eb at\u00eb \u00e7far\u00eb ka ndodhur gjat\u00eb luft\u00ebs s\u00eb fundit n\u00eb vendin ton\u00eb\u201d, tha ai.<\/p>\n<p>K\u00ebto materiale sipas Kurtit do t\u00eb arkivohen, do t\u2019i sh\u00ebrbejn\u00eb institutit n\u00eb hulumtimin e krimeve t\u00eb kryera gjat\u00eb luft\u00ebs.<\/p>\n<p>\u201cK\u00ebshtu q\u00eb sot ju ftoj t\u00eb gjith\u00ebve q\u00eb t\u00eb bashkoheni n\u00eb k\u00ebt\u00eb nism\u00eb t\u00eb r\u00ebnd\u00ebsishme. Q\u00ebllimin e kemi t\u00eb p\u00ebrbashk\u00ebt p\u00ebr institucionalizimin, mbrojtjen dhe ruajtjen e kujtes\u00ebs kolektive\u201d.<\/p>\n","protected":false},"excerpt":{"rendered":"<p>Kryeministri i Kosov\u00ebs, Albin Kurti, ka th\u00ebn\u00eb se funksionalizimi i Institutit p\u00ebr dokumentimin e krimeve t\u00eb kryera gjat\u00eb luft\u00ebs n\u00eb Kosov\u00eb \u201c\u00ebsht\u00eb nj\u00eb obligim q\u00eb po p\u00ebrmbushet ndaj kujtes\u00ebs son\u00eb si popull dhe ndaj k\u00ebrkes\u00ebs son\u00eb p\u00ebr drejt\u00ebsi\u201d. N\u00eb nj\u00eb postim n\u00eb Facebook, Kurti ka fal\u00ebnderuar asociacionet e familjar\u00ebve t\u00eb t\u00eb zhdukurve p\u00ebr angazhimin e [&hellip;]<\/p>\n","protected":false},"author":2,"featured_media":48871,"comment_status":"closed","ping_status":"closed","sticky":false,"template":"","format":"standard","meta":{"_monsterinsights_skip_tracking":false,"_monsterinsights_sitenote_active":false,"_monsterinsights_sitenote_note":"","_monsterinsights_sitenote_category":0,"_uf_show_specific_survey":0,"_uf_disable_surveys":false,"footnotes":""},"categories":[1146],"tags":[86],"yoast_head":"<!-- This site is optimized with the Yoast SEO plugin v21.5 - https:\/\/yoast.com\/wordpress\/plugins\/seo\/ -->\n<title>Kurti: Funksionalizimi p\u00ebr dokumentimin e krimeve t\u00eb kryera gjat\u00eb luft\u00ebs n\u00eb Kosov\u00eb, obligim q\u00eb po p\u00ebrmbushet<\/title>\n<meta name=\"robots\" content=\"index, follow, max-snippet:-1, max-image-preview:large, max-video-preview:-1\" \/>\n<link rel=\"canonical\" href=\"https:\/\/permbledhja.com\/sq\/kurti-funksionalizimi-per-dokumentimin-e-krimeve-te-kryera-gjate-luftes-ne-kosove-obligim-qe-po-permbushet\/\" \/>\n<meta property=\"og:locale\" content=\"sq_AL\" \/>\n<meta property=\"og:type\" content=\"article\" \/>\n<meta property=\"og:title\" content=\"Kurti: Funksionalizimi p\u00ebr dokumentimin e krimeve t\u00eb kryera gjat\u00eb luft\u00ebs n\u00eb Kosov\u00eb, obligim q\u00eb po p\u00ebrmbushet\" \/>\n<meta property=\"og:description\" content=\"Kryeministri i Kosov\u00ebs, Albin Kurti, ka th\u00ebn\u00eb se funksionalizimi i Institutit p\u00ebr dokumentimin e krimeve t\u00eb kryera gjat\u00eb luft\u00ebs n\u00eb Kosov\u00eb \u201c\u00ebsht\u00eb nj\u00eb obligim q\u00eb po p\u00ebrmbushet ndaj kujtes\u00ebs son\u00eb si popull dhe ndaj k\u00ebrkes\u00ebs son\u00eb p\u00ebr drejt\u00ebsi\u201d. N\u00eb nj\u00eb postim n\u00eb Facebook, Kurti ka fal\u00ebnderuar asociacionet e familjar\u00ebve t\u00eb t\u00eb zhdukurve p\u00ebr angazhimin e [&hellip;]\" \/>\n<meta property=\"og:url\" content=\"https:\/\/permbledhja.com\/sq\/kurti-funksionalizimi-per-dokumentimin-e-krimeve-te-kryera-gjate-luftes-ne-kosove-obligim-qe-po-permbushet\/\" \/>\n<meta property=\"og:site_name\" content=\"Ve\u00e7 artikuj p\u00ebrmbledh\u00ebs\" \/>\n<meta property=\"article:publisher\" content=\"https:\/\/www.facebook.com\/press07\/\" \/>\n<meta property=\"article:published_time\" content=\"2024-02-18T14:20:12+00:00\" \/>\n<meta property=\"og:image\" content=\"https:\/\/permbledhja.com\/wp-content\/uploads\/2024\/02\/albinn-1.png\" \/>\n\t<meta property=\"og:image:width\" content=\"812\" \/>\n\t<meta property=\"og:image:height\" content=\"479\" \/>\n\t<meta property=\"og:image:type\" content=\"image\/png\" \/>\n<meta name=\"author\" content=\"M M\" \/>\n<meta name=\"twitter:card\" content=\"summary_large_image\" \/>\n<meta name=\"twitter:label1\" content=\"Written by\" \/>\n\t<meta name=\"twitter:data1\" content=\"M M\" \/>\n\t<meta name=\"twitter:label2\" content=\"Est. reading time\" \/>\n\t<meta name=\"twitter:data2\" content=\"2 minuta\" \/>\n<script type=\"application\/ld+json\" class=\"yoast-schema-graph\">{\"@context\":\"https:\/\/schema.org\",\"@graph\":[{\"@type\":\"Article\",\"@id\":\"https:\/\/permbledhja.com\/kurti-funksionalizimi-per-dokumentimin-e-krimeve-te-kryera-gjate-luftes-ne-kosove-obligim-qe-po-permbushet\/#article\",\"isPartOf\":{\"@id\":\"https:\/\/permbledhja.com\/kurti-funksionalizimi-per-dokumentimin-e-krimeve-te-kryera-gjate-luftes-ne-kosove-obligim-qe-po-permbushet\/\"},\"author\":{\"name\":\"M M\",\"@id\":\"https:\/\/permbledhja.com\/#\/schema\/person\/d23f13f59b5722643933d6780783acf3\"},\"headline\":\"Kurti: Funksionalizimi p\u00ebr dokumentimin e krimeve t\u00eb kryera gjat\u00eb luft\u00ebs n\u00eb Kosov\u00eb, obligim q\u00eb po p\u00ebrmbushet\",\"datePublished\":\"2024-02-18T14:20:12+00:00\",\"dateModified\":\"2024-02-18T14:20:12+00:00\",\"mainEntityOfPage\":{\"@id\":\"https:\/\/permbledhja.com\/kurti-funksionalizimi-per-dokumentimin-e-krimeve-te-kryera-gjate-luftes-ne-kosove-obligim-qe-po-permbushet\/\"},\"wordCount\":370,\"publisher\":{\"@id\":\"https:\/\/permbledhja.com\/#organization\"},\"keywords\":[\"Albin Kurti\"],\"articleSection\":[\"Kryesoret\"],\"inLanguage\":\"sq\"},{\"@type\":\"WebPage\",\"@id\":\"https:\/\/permbledhja.com\/kurti-funksionalizimi-per-dokumentimin-e-krimeve-te-kryera-gjate-luftes-ne-kosove-obligim-qe-po-permbushet\/\",\"url\":\"https:\/\/permbledhja.com\/kurti-funksionalizimi-per-dokumentimin-e-krimeve-te-kryera-gjate-luftes-ne-kosove-obligim-qe-po-permbushet\/\",\"name\":\"Kurti: Funksionalizimi p\u00ebr dokumentimin e krimeve t\u00eb kryera gjat\u00eb luft\u00ebs n\u00eb Kosov\u00eb, obligim q\u00eb po p\u00ebrmbushet\",\"isPartOf\":{\"@id\":\"https:\/\/permbledhja.com\/#website\"},\"datePublished\":\"2024-02-18T14:20:12+00:00\",\"dateModified\":\"2024-02-18T14:20:12+00:00\",\"breadcrumb\":{\"@id\":\"https:\/\/permbledhja.com\/kurti-funksionalizimi-per-dokumentimin-e-krimeve-te-kryera-gjate-luftes-ne-kosove-obligim-qe-po-permbushet\/#breadcrumb\"},\"inLanguage\":\"sq\",\"potentialAction\":[{\"@type\":\"ReadAction\",\"target\":[\"https:\/\/permbledhja.com\/kurti-funksionalizimi-per-dokumentimin-e-krimeve-te-kryera-gjate-luftes-ne-kosove-obligim-qe-po-permbushet\/\"]}]},{\"@type\":\"BreadcrumbList\",\"@id\":\"https:\/\/permbledhja.com\/kurti-funksionalizimi-per-dokumentimin-e-krimeve-te-kryera-gjate-luftes-ne-kosove-obligim-qe-po-permbushet\/#breadcrumb\",\"itemListElement\":[{\"@type\":\"ListItem\",\"position\":1,\"name\":\"Ballina\",\"item\":\"https:\/\/permbledhja.com\/sq\/\"},{\"@type\":\"ListItem\",\"position\":2,\"name\":\"Kurti: Funksionalizimi p\u00ebr dokumentimin e krimeve t\u00eb kryera gjat\u00eb luft\u00ebs n\u00eb Kosov\u00eb, obligim q\u00eb po p\u00ebrmbushet\"}]},{\"@type\":\"WebSite\",\"@id\":\"https:\/\/permbledhja.com\/#website\",\"url\":\"https:\/\/permbledhja.com\/\",\"name\":\"Ve\u00e7 artikuj p\u00ebrmbledh\u00ebs\",\"description\":\"\",\"publisher\":{\"@id\":\"https:\/\/permbledhja.com\/#organization\"},\"potentialAction\":[{\"@type\":\"SearchAction\",\"target\":{\"@type\":\"EntryPoint\",\"urlTemplate\":\"https:\/\/permbledhja.com\/?s={search_term_string}\"},\"query-input\":\"required name=search_term_string\"}],\"inLanguage\":\"sq\"},{\"@type\":\"Organization\",\"@id\":\"https:\/\/permbledhja.com\/#organization\",\"name\":\"MK Media & Pr\",\"url\":\"https:\/\/permbledhja.com\/\",\"logo\":{\"@type\":\"ImageObject\",\"inLanguage\":\"sq\",\"@id\":\"https:\/\/permbledhja.com\/#\/schema\/logo\/image\/\",\"url\":\"https:\/\/permbledhja.com\/wp-content\/uploads\/2021\/12\/07-Press-Logo.jpg\",\"contentUrl\":\"https:\/\/permbledhja.com\/wp-content\/uploads\/2021\/12\/07-Press-Logo.jpg\",\"width\":512,\"height\":512,\"caption\":\"MK Media & Pr\"},\"image\":{\"@id\":\"https:\/\/permbledhja.com\/#\/schema\/logo\/image\/\"},\"sameAs\":[\"https:\/\/www.facebook.com\/press07\/\"]},{\"@type\":\"Person\",\"@id\":\"https:\/\/permbledhja.com\/#\/schema\/person\/d23f13f59b5722643933d6780783acf3\",\"name\":\"M M\",\"image\":{\"@type\":\"ImageObject\",\"inLanguage\":\"sq\",\"@id\":\"https:\/\/permbledhja.com\/#\/schema\/person\/image\/\",\"url\":\"https:\/\/secure.gravatar.com\/avatar\/e2835a76ca7c31a2416b2d51c4ec9a8f?s=96&d=mm&r=g\",\"contentUrl\":\"https:\/\/secure.gravatar.com\/avatar\/e2835a76ca7c31a2416b2d51c4ec9a8f?s=96&d=mm&r=g\",\"caption\":\"M M\"},\"sameAs\":[\"http:\/\/MM\"],\"url\":\"https:\/\/permbledhja.com\/sq\/author\/muhamet\/\"}]}<\/script>\n<!-- \/ Yoast SEO plugin. -->","yoast_head_json":{"title":"Kurti: Funksionalizimi p\u00ebr dokumentimin e krimeve t\u00eb kryera gjat\u00eb luft\u00ebs n\u00eb Kosov\u00eb, obligim q\u00eb po p\u00ebrmbushet","robots":{"index":"index","follow":"follow","max-snippet":"max-snippet:-1","max-image-preview":"max-image-preview:large","max-video-preview":"max-video-preview:-1"},"canonical":"https:\/\/permbledhja.com\/sq\/kurti-funksionalizimi-per-dokumentimin-e-krimeve-te-kryera-gjate-luftes-ne-kosove-obligim-qe-po-permbushet\/","og_locale":"sq_AL","og_type":"article","og_title":"Kurti: Funksionalizimi p\u00ebr dokumentimin e krimeve t\u00eb kryera gjat\u00eb luft\u00ebs n\u00eb Kosov\u00eb, obligim q\u00eb po p\u00ebrmbushet","og_description":"Kryeministri i Kosov\u00ebs, Albin Kurti, ka th\u00ebn\u00eb se funksionalizimi i Institutit p\u00ebr dokumentimin e krimeve t\u00eb kryera gjat\u00eb luft\u00ebs n\u00eb Kosov\u00eb \u201c\u00ebsht\u00eb nj\u00eb obligim q\u00eb po p\u00ebrmbushet ndaj kujtes\u00ebs son\u00eb si popull dhe ndaj k\u00ebrkes\u00ebs son\u00eb p\u00ebr drejt\u00ebsi\u201d. N\u00eb nj\u00eb postim n\u00eb Facebook, Kurti ka fal\u00ebnderuar asociacionet e familjar\u00ebve t\u00eb t\u00eb zhdukurve p\u00ebr angazhimin e [&hellip;]","og_url":"https:\/\/permbledhja.com\/sq\/kurti-funksionalizimi-per-dokumentimin-e-krimeve-te-kryera-gjate-luftes-ne-kosove-obligim-qe-po-permbushet\/","og_site_name":"Ve\u00e7 artikuj p\u00ebrmbledh\u00ebs","article_publisher":"https:\/\/www.facebook.com\/press07\/","article_published_time":"2024-02-18T14:20:12+00:00","og_image":[{"width":812,"height":479,"url":"https:\/\/permbledhja.com\/wp-content\/uploads\/2024\/02\/albinn-1.png","type":"image\/png"}],"author":"M M","twitter_card":"summary_large_image","twitter_misc":{"Written by":"M M","Est. reading time":"2 minuta"},"schema":{"@context":"https:\/\/schema.org","@graph":[{"@type":"Article","@id":"https:\/\/permbledhja.com\/kurti-funksionalizimi-per-dokumentimin-e-krimeve-te-kryera-gjate-luftes-ne-kosove-obligim-qe-po-permbushet\/#article","isPartOf":{"@id":"https:\/\/permbledhja.com\/kurti-funksionalizimi-per-dokumentimin-e-krimeve-te-kryera-gjate-luftes-ne-kosove-obligim-qe-po-permbushet\/"},"author":{"name":"M M","@id":"https:\/\/permbledhja.com\/#\/schema\/person\/d23f13f59b5722643933d6780783acf3"},"headline":"Kurti: Funksionalizimi p\u00ebr dokumentimin e krimeve t\u00eb kryera gjat\u00eb luft\u00ebs n\u00eb Kosov\u00eb, obligim q\u00eb po p\u00ebrmbushet","datePublished":"2024-02-18T14:20:12+00:00","dateModified":"2024-02-18T14:20:12+00:00","mainEntityOfPage":{"@id":"https:\/\/permbledhja.com\/kurti-funksionalizimi-per-dokumentimin-e-krimeve-te-kryera-gjate-luftes-ne-kosove-obligim-qe-po-permbushet\/"},"wordCount":370,"publisher":{"@id":"https:\/\/permbledhja.com\/#organization"},"keywords":["Albin Kurti"],"articleSection":["Kryesoret"],"inLanguage":"sq"},{"@type":"WebPage","@id":"https:\/\/permbledhja.com\/kurti-funksionalizimi-per-dokumentimin-e-krimeve-te-kryera-gjate-luftes-ne-kosove-obligim-qe-po-permbushet\/","url":"https:\/\/permbledhja.com\/kurti-funksionalizimi-per-dokumentimin-e-krimeve-te-kryera-gjate-luftes-ne-kosove-obligim-qe-po-permbushet\/","name":"Kurti: Funksionalizimi p\u00ebr dokumentimin e krimeve t\u00eb kryera gjat\u00eb luft\u00ebs n\u00eb Kosov\u00eb, obligim q\u00eb po p\u00ebrmbushet","isPartOf":{"@id":"https:\/\/permbledhja.com\/#website"},"datePublished":"2024-02-18T14:20:12+00:00","dateModified":"2024-02-18T14:20:12+00:00","breadcrumb":{"@id":"https:\/\/permbledhja.com\/kurti-funksionalizimi-per-dokumentimin-e-krimeve-te-kryera-gjate-luftes-ne-kosove-obligim-qe-po-permbushet\/#breadcrumb"},"inLanguage":"sq","potentialAction":[{"@type":"ReadAction","target":["https:\/\/permbledhja.com\/kurti-funksionalizimi-per-dokumentimin-e-krimeve-te-kryera-gjate-luftes-ne-kosove-obligim-qe-po-permbushet\/"]}]},{"@type":"BreadcrumbList","@id":"https:\/\/permbledhja.com\/kurti-funksionalizimi-per-dokumentimin-e-krimeve-te-kryera-gjate-luftes-ne-kosove-obligim-qe-po-permbushet\/#breadcrumb","itemListElement":[{"@type":"ListItem","position":1,"name":"Ballina","item":"https:\/\/permbledhja.com\/sq\/"},{"@type":"ListItem","position":2,"name":"Kurti: Funksionalizimi p\u00ebr dokumentimin e krimeve t\u00eb kryera gjat\u00eb luft\u00ebs n\u00eb Kosov\u00eb, obligim q\u00eb po p\u00ebrmbushet"}]},{"@type":"WebSite","@id":"https:\/\/permbledhja.com\/#website","url":"https:\/\/permbledhja.com\/","name":"Ve\u00e7 artikuj p\u00ebrmbledh\u00ebs","description":"","publisher":{"@id":"https:\/\/permbledhja.com\/#organization"},"potentialAction":[{"@type":"SearchAction","target":{"@type":"EntryPoint","urlTemplate":"https:\/\/permbledhja.com\/?s={search_term_string}"},"query-input":"required name=search_term_string"}],"inLanguage":"sq"},{"@type":"Organization","@id":"https:\/\/permbledhja.com\/#organization","name":"MK Media & Pr","url":"https:\/\/permbledhja.com\/","logo":{"@type":"ImageObject","inLanguage":"sq","@id":"https:\/\/permbledhja.com\/#\/schema\/logo\/image\/","url":"https:\/\/permbledhja.com\/wp-content\/uploads\/2021\/12\/07-Press-Logo.jpg","contentUrl":"https:\/\/permbledhja.com\/wp-content\/uploads\/2021\/12\/07-Press-Logo.jpg","width":512,"height":512,"caption":"MK Media & Pr"},"image":{"@id":"https:\/\/permbledhja.com\/#\/schema\/logo\/image\/"},"sameAs":["https:\/\/www.facebook.com\/press07\/"]},{"@type":"Person","@id":"https:\/\/permbledhja.com\/#\/schema\/person\/d23f13f59b5722643933d6780783acf3","name":"M M","image":{"@type":"ImageObject","inLanguage":"sq","@id":"https:\/\/permbledhja.com\/#\/schema\/person\/image\/","url":"https:\/\/secure.gravatar.com\/avatar\/e2835a76ca7c31a2416b2d51c4ec9a8f?s=96&d=mm&r=g","contentUrl":"https:\/\/secure.gravatar.com\/avatar\/e2835a76ca7c31a2416b2d51c4ec9a8f?s=96&d=mm&r=g","caption":"M M"},"sameAs":["http:\/\/MM"],"url":"https:\/\/permbledhja.com\/sq\/author\/muhamet\/"}]}},"_links":{"self":[{"href":"https:\/\/permbledhja.com\/sq\/wp-json\/wp\/v2\/posts\/48870"}],"collection":[{"href":"https:\/\/permbledhja.com\/sq\/wp-json\/wp\/v2\/posts"}],"about":[{"href":"https:\/\/permbledhja.com\/sq\/wp-json\/wp\/v2\/types\/post"}],"author":[{"embeddable":true,"href":"https:\/\/permbledhja.com\/sq\/wp-json\/wp\/v2\/users\/2"}],"replies":[{"embeddable":true,"href":"https:\/\/permbledhja.com\/sq\/wp-json\/wp\/v2\/comments?post=48870"}],"version-history":[{"count":1,"href":"https:\/\/permbledhja.com\/sq\/wp-json\/wp\/v2\/posts\/48870\/revisions"}],"predecessor-version":[{"id":48872,"href":"https:\/\/permbledhja.com\/sq\/wp-json\/wp\/v2\/posts\/48870\/revisions\/48872"}],"wp:featuredmedia":[{"embeddable":true,"href":"https:\/\/permbledhja.com\/sq\/wp-json\/wp\/v2\/media\/48871"}],"wp:attachment":[{"href":"https:\/\/permbledhja.com\/sq\/wp-json\/wp\/v2\/media?parent=48870"}],"wp:term":[{"taxonomy":"category","embeddable":true,"href":"https:\/\/permbledhja.com\/sq\/wp-json\/wp\/v2\/categories?post=48870"},{"taxonomy":"post_tag","embeddable":true,"href":"https:\/\/permbledhja.com\/sq\/wp-json\/wp\/v2\/tags?post=48870"}],"curies":[{"name":"wp","href":"https:\/\/api.w.org\/{rel}","templated":true}]}}