{"id":48859,"date":"2024-02-18T13:19:57","date_gmt":"2024-02-18T13:19:57","guid":{"rendered":"https:\/\/permbledhja.com\/?p=48859"},"modified":"2024-02-18T13:19:57","modified_gmt":"2024-02-18T13:19:57","slug":"maqedonci-po-armatosemi-ne-bashkepunim-me-partneret-serbia-po-zbaton-taktika-te-ndryshme-te-luftes","status":"publish","type":"post","link":"https:\/\/permbledhja.com\/sq\/maqedonci-po-armatosemi-ne-bashkepunim-me-partneret-serbia-po-zbaton-taktika-te-ndryshme-te-luftes\/","title":{"rendered":"Maqedonci: Po armatosemi n\u00eb bashk\u00ebpunim me partner\u00ebt, Serbia po zbaton taktika t\u00eb ndryshme t\u00eb luft\u00ebs"},"content":{"rendered":"<h3>Ministri i Mbrojtjes, Ejup Maqedonci tha Forca e Siguris\u00eb s\u00eb Kosov\u00ebs po armatoset dhe se blerja e sistemeve raketore Javelin nga SHBA-ja \u00ebsht\u00eb \u201cshum\u00eb dometh\u00ebn\u00ebs p\u00ebr ne\u201d.<\/h3>\n<p>Armatosja e FSK-s\u00eb, Maqedonci tha se \u00ebsht\u00eb e planifikuar dhe e koordinuar me SHBA-n\u00eb.<\/p>\n<p>\u201cFaza e tret\u00eb do t\u00eb filloj\u00eb n\u00eb vitin 2025 dhe p\u00ebrfundon n\u00eb vitin 2028. Kjo do t\u00eb jet\u00eb faza finale e tranzicionit t\u00eb Forc\u00ebs s\u00eb Siguris\u00eb s\u00eb Kosov\u00ebs, ku ne do t\u00eb nd\u00ebrtojm\u00eb edhe kapacitete tjera, si\u00e7 jan\u00eb kapacitetet e mb\u00ebshtetjes ajrore dhe kapacitetet e artileris\u00eb\u201d, tha Maqedonci.<\/p>\n<p>Ai tha se nj\u00eb pjes\u00eb t\u00eb k\u00ebsaj artilerie tashm\u00eb e posedon FSK-ja. Buxheti shtes\u00eb, Maqedonci tha se \u201cka ndikuar duksh\u00ebm q\u00eb ne t\u00eb zhvillojm\u00eb k\u00ebto kapacitete shum\u00eb m\u00eb p\u00ebrpara se q\u00eb kan\u00eb qen\u00eb t\u00eb planifikuara dhe aktualisht, e kemi si informacion q\u00eb kemi n\u00eb vend kapacitetet e mb\u00ebshtetjes ajrore p\u00ebrmes dron\u00ebve Bajraktar por dhe planifikojm\u00eb t\u00eb nd\u00ebrtojm\u00eb edhe kapacitete tjera\u201d. \u201cGjithashtu, kemi edhe sistemet tjera qe tanim\u00eb i kemi n\u00eb funksion\u201d, tha ai.<\/p>\n<p>\u201cT\u00eb gjitha k\u00ebto kapacitete jan\u00eb duke u nd\u00ebrtuar n\u00eb bashk\u00ebpunim me partner\u00ebt tan\u00eb dhe t\u00eb gjitha blerjet q\u00eb jan\u00eb b\u00ebr\u00eb, jan\u00eb b\u00ebr\u00eb n\u00eb p\u00ebrputhje me standardet e NATO-s, pra t\u00eb gjitha pajisjet e Forc\u00ebs s\u00eb Siguris\u00eb s\u00eb Kosov\u00ebs jan\u00eb pajisje q\u00eb blihen nga vendet e NATO-s, jan\u00eb sipas standardeve t\u00eb NATO-s dhe jan\u00eb t\u00eb planifikuara n\u00eb inventarin e pajisjeve t\u00eb Forc\u00ebs s\u00eb Siguris\u00eb s\u00eb Kosov\u00ebs\u201d, tha Maqedonci.<\/p>\n<p>Ai foli edhe se si Serbia po zbaton kund\u00ebr Kosov\u00ebs \u201ctaktika dhe formate t\u00eb ndryshme t\u00eb luft\u00ebs\u201d, nd\u00ebrsa foli p\u00ebr \u201crrezik shum\u00eb t\u00eb lart\u00eb\u201d p\u00ebr luft\u00eb.<\/p>\n<p>Maqedonci tha se n\u00eb synimet destabilizuese Serbia po ndihmohet nga strukturat e inteligjenc\u00ebs s\u00eb Rusis\u00eb.<\/p>\n<p>\u201cSerbia kund\u00ebr Republik\u00ebs s\u00eb Kosov\u00ebs \u00ebsht\u00eb duke zbatuar taktika dhe formate t\u00eb ndryshme t\u00eb luft\u00ebs, mes tyre jan\u00eb edhe k\u00ebrc\u00ebnimet hibride, pra, p\u00ebrmes sulmeve hibride q\u00eb n\u00ebnkupton angazhimi i forcave konvencionale n\u00eb bashk\u00ebpunim me forcat jokonvencionale kund\u00ebr Republik\u00ebs s\u00eb Kosov\u00ebs, n\u00eb k\u00ebt\u00eb rast, informacioni \u00ebsht\u00eb nj\u00eb nd\u00ebr elementet, propaganda, mund t\u00eb themi \u00ebsht\u00eb nj\u00eb nd\u00ebr elementet q\u00eb Serbia \u00ebsht\u00eb duke shfryt\u00ebzuar nd\u00ebr vite p\u00ebr t\u00eb rrezikuar, p\u00ebr t\u00eb cenuar stabilitetin n\u00eb vendin ton\u00eb, por gjithashtu p\u00ebr t\u00eb influencuar dhe p\u00ebr t\u00eb mbajtur n\u00ebn kontroll qytetar\u00ebt serb\u00eb t\u00eb Kosov\u00ebs, t\u00eb cil\u00ebt, fatkeq\u00ebsisht nj\u00eb pjes\u00eb e tyre, jo t\u00eb gjith\u00eb, jan\u00eb t\u00eb ndikuar nga kjo propagand\u00eb n\u00eb raport me integrimin n\u00eb strukturat dhe shoq\u00ebrin\u00eb e Republik\u00ebs s\u00eb Kosov\u00ebs. Ky informacion n\u00eb vazhdim\u00ebsi \u00ebsht\u00eb pasqyruar n\u00ebp\u00ebrmjet formave t\u00eb ndryshme, 50% e mediave ne Serbi mbesin pa autor\u00eb, jan\u00eb media t\u00eb cilat nuk dihet se ku e kan\u00eb baz\u00ebn dhe k\u00ebto media kan\u00eb tejzgjatje edhe n\u00eb Republik\u00ebn e Kosov\u00ebs dhe tentojn\u00eb n\u00eb vazhdim\u00ebsi q\u00eb t\u00eb krijojn\u00eb nj\u00eb situat\u00eb ku do t\u00eb vinim n\u00eb pik\u00ebpyetje stabilitetin e vendit ton\u00eb, duke tentuar p\u00ebr t\u00eb krijuar trazira sociale por edhe telashe t\u00eb tjera p\u00ebr qytetar\u00ebt e vendit ton\u00eb\u201d, tha Maqedonci n\u00eb nj\u00eb intervist\u00eb p\u00ebr The Geopost.<\/p>\n<p>&nbsp;<\/p>\n<p>\u201c\u00cbsht\u00eb p\u00ebr tu theksuar q\u00eb nj\u00eb nd\u00ebr pikat kryesore t\u00eb sh\u00ebrbimit sekret rus p\u00ebr t\u00eb destabilizuar nj\u00eb vend, pra, p\u00ebr t\u00eb gjunj\u00ebzuar nj\u00eb shtet \u00ebsht\u00eb informacioni, dhe informacioni gjithmon\u00eb synon krijimin e nj\u00eb depresioni kolektiv, depresion ky q\u00eb v\u00ebrehet edhe n\u00eb vendin ton\u00eb dhe q\u00eb un\u00eb vler\u00ebsoj q\u00eb ka bazament strukturat e inteligjenc\u00ebs t\u00eb Serbis\u00eb t\u00eb mb\u00ebshtetura edhe nga strukturat e inteligjenc\u00ebs s\u00eb Rusis\u00eb\u201d, tha ai.<\/p>\n","protected":false},"excerpt":{"rendered":"<p>Ministri i Mbrojtjes, Ejup Maqedonci tha Forca e Siguris\u00eb s\u00eb Kosov\u00ebs po armatoset dhe se blerja e sistemeve raketore Javelin nga SHBA-ja \u00ebsht\u00eb \u201cshum\u00eb dometh\u00ebn\u00ebs p\u00ebr ne\u201d. Armatosja e FSK-s\u00eb, Maqedonci tha se \u00ebsht\u00eb e planifikuar dhe e koordinuar me SHBA-n\u00eb. \u201cFaza e tret\u00eb do t\u00eb filloj\u00eb n\u00eb vitin 2025 dhe p\u00ebrfundon n\u00eb vitin 2028. [&hellip;]<\/p>\n","protected":false},"author":2,"featured_media":48860,"comment_status":"closed","ping_status":"closed","sticky":false,"template":"","format":"standard","meta":{"_monsterinsights_skip_tracking":false,"_monsterinsights_sitenote_active":false,"_monsterinsights_sitenote_note":"","_monsterinsights_sitenote_category":0,"_uf_show_specific_survey":0,"_uf_disable_surveys":false,"footnotes":""},"categories":[1146],"tags":[2524],"yoast_head":"<!-- This site is optimized with the Yoast SEO plugin v21.5 - https:\/\/yoast.com\/wordpress\/plugins\/seo\/ -->\n<title>Maqedonci: Po armatosemi n\u00eb bashk\u00ebpunim me partner\u00ebt, Serbia po zbaton taktika t\u00eb ndryshme t\u00eb luft\u00ebs<\/title>\n<meta name=\"robots\" content=\"index, follow, max-snippet:-1, max-image-preview:large, max-video-preview:-1\" \/>\n<link rel=\"canonical\" href=\"https:\/\/permbledhja.com\/sq\/maqedonci-po-armatosemi-ne-bashkepunim-me-partneret-serbia-po-zbaton-taktika-te-ndryshme-te-luftes\/\" \/>\n<meta property=\"og:locale\" content=\"sq_AL\" \/>\n<meta property=\"og:type\" content=\"article\" \/>\n<meta property=\"og:title\" content=\"Maqedonci: Po armatosemi n\u00eb bashk\u00ebpunim me partner\u00ebt, Serbia po zbaton taktika t\u00eb ndryshme t\u00eb luft\u00ebs\" \/>\n<meta property=\"og:description\" content=\"Ministri i Mbrojtjes, Ejup Maqedonci tha Forca e Siguris\u00eb s\u00eb Kosov\u00ebs po armatoset dhe se blerja e sistemeve raketore Javelin nga SHBA-ja \u00ebsht\u00eb \u201cshum\u00eb dometh\u00ebn\u00ebs p\u00ebr ne\u201d. Armatosja e FSK-s\u00eb, Maqedonci tha se \u00ebsht\u00eb e planifikuar dhe e koordinuar me SHBA-n\u00eb. \u201cFaza e tret\u00eb do t\u00eb filloj\u00eb n\u00eb vitin 2025 dhe p\u00ebrfundon n\u00eb vitin 2028. [&hellip;]\" \/>\n<meta property=\"og:url\" content=\"https:\/\/permbledhja.com\/sq\/maqedonci-po-armatosemi-ne-bashkepunim-me-partneret-serbia-po-zbaton-taktika-te-ndryshme-te-luftes\/\" \/>\n<meta property=\"og:site_name\" content=\"Ve\u00e7 artikuj p\u00ebrmbledh\u00ebs\" \/>\n<meta property=\"article:publisher\" content=\"https:\/\/www.facebook.com\/press07\/\" \/>\n<meta property=\"article:published_time\" content=\"2024-02-18T13:19:57+00:00\" \/>\n<meta property=\"og:image\" content=\"https:\/\/permbledhja.com\/wp-content\/uploads\/2024\/02\/Ejup-Maqedonci-1-1536x1031-1.webp\" \/>\n\t<meta property=\"og:image:width\" content=\"1536\" \/>\n\t<meta property=\"og:image:height\" content=\"1031\" \/>\n\t<meta property=\"og:image:type\" content=\"image\/webp\" \/>\n<meta name=\"author\" content=\"M M\" \/>\n<meta name=\"twitter:card\" content=\"summary_large_image\" \/>\n<meta name=\"twitter:label1\" content=\"Written by\" \/>\n\t<meta name=\"twitter:data1\" content=\"M M\" \/>\n\t<meta name=\"twitter:label2\" content=\"Est. reading time\" \/>\n\t<meta name=\"twitter:data2\" content=\"3 minuta\" \/>\n<script type=\"application\/ld+json\" class=\"yoast-schema-graph\">{\"@context\":\"https:\/\/schema.org\",\"@graph\":[{\"@type\":\"Article\",\"@id\":\"https:\/\/permbledhja.com\/maqedonci-po-armatosemi-ne-bashkepunim-me-partneret-serbia-po-zbaton-taktika-te-ndryshme-te-luftes\/#article\",\"isPartOf\":{\"@id\":\"https:\/\/permbledhja.com\/maqedonci-po-armatosemi-ne-bashkepunim-me-partneret-serbia-po-zbaton-taktika-te-ndryshme-te-luftes\/\"},\"author\":{\"name\":\"M M\",\"@id\":\"https:\/\/permbledhja.com\/#\/schema\/person\/d23f13f59b5722643933d6780783acf3\"},\"headline\":\"Maqedonci: Po armatosemi n\u00eb bashk\u00ebpunim me partner\u00ebt, Serbia po zbaton taktika t\u00eb ndryshme t\u00eb luft\u00ebs\",\"datePublished\":\"2024-02-18T13:19:57+00:00\",\"dateModified\":\"2024-02-18T13:19:57+00:00\",\"mainEntityOfPage\":{\"@id\":\"https:\/\/permbledhja.com\/maqedonci-po-armatosemi-ne-bashkepunim-me-partneret-serbia-po-zbaton-taktika-te-ndryshme-te-luftes\/\"},\"wordCount\":639,\"publisher\":{\"@id\":\"https:\/\/permbledhja.com\/#organization\"},\"keywords\":[\"Ejup Maqedonci\"],\"articleSection\":[\"Kryesoret\"],\"inLanguage\":\"sq\"},{\"@type\":\"WebPage\",\"@id\":\"https:\/\/permbledhja.com\/maqedonci-po-armatosemi-ne-bashkepunim-me-partneret-serbia-po-zbaton-taktika-te-ndryshme-te-luftes\/\",\"url\":\"https:\/\/permbledhja.com\/maqedonci-po-armatosemi-ne-bashkepunim-me-partneret-serbia-po-zbaton-taktika-te-ndryshme-te-luftes\/\",\"name\":\"Maqedonci: Po armatosemi n\u00eb bashk\u00ebpunim me partner\u00ebt, Serbia po zbaton taktika t\u00eb ndryshme t\u00eb luft\u00ebs\",\"isPartOf\":{\"@id\":\"https:\/\/permbledhja.com\/#website\"},\"datePublished\":\"2024-02-18T13:19:57+00:00\",\"dateModified\":\"2024-02-18T13:19:57+00:00\",\"breadcrumb\":{\"@id\":\"https:\/\/permbledhja.com\/maqedonci-po-armatosemi-ne-bashkepunim-me-partneret-serbia-po-zbaton-taktika-te-ndryshme-te-luftes\/#breadcrumb\"},\"inLanguage\":\"sq\",\"potentialAction\":[{\"@type\":\"ReadAction\",\"target\":[\"https:\/\/permbledhja.com\/maqedonci-po-armatosemi-ne-bashkepunim-me-partneret-serbia-po-zbaton-taktika-te-ndryshme-te-luftes\/\"]}]},{\"@type\":\"BreadcrumbList\",\"@id\":\"https:\/\/permbledhja.com\/maqedonci-po-armatosemi-ne-bashkepunim-me-partneret-serbia-po-zbaton-taktika-te-ndryshme-te-luftes\/#breadcrumb\",\"itemListElement\":[{\"@type\":\"ListItem\",\"position\":1,\"name\":\"Ballina\",\"item\":\"https:\/\/permbledhja.com\/sq\/\"},{\"@type\":\"ListItem\",\"position\":2,\"name\":\"Maqedonci: Po armatosemi n\u00eb bashk\u00ebpunim me partner\u00ebt, Serbia po zbaton taktika t\u00eb ndryshme t\u00eb luft\u00ebs\"}]},{\"@type\":\"WebSite\",\"@id\":\"https:\/\/permbledhja.com\/#website\",\"url\":\"https:\/\/permbledhja.com\/\",\"name\":\"Ve\u00e7 artikuj p\u00ebrmbledh\u00ebs\",\"description\":\"\",\"publisher\":{\"@id\":\"https:\/\/permbledhja.com\/#organization\"},\"potentialAction\":[{\"@type\":\"SearchAction\",\"target\":{\"@type\":\"EntryPoint\",\"urlTemplate\":\"https:\/\/permbledhja.com\/?s={search_term_string}\"},\"query-input\":\"required name=search_term_string\"}],\"inLanguage\":\"sq\"},{\"@type\":\"Organization\",\"@id\":\"https:\/\/permbledhja.com\/#organization\",\"name\":\"MK Media & Pr\",\"url\":\"https:\/\/permbledhja.com\/\",\"logo\":{\"@type\":\"ImageObject\",\"inLanguage\":\"sq\",\"@id\":\"https:\/\/permbledhja.com\/#\/schema\/logo\/image\/\",\"url\":\"https:\/\/permbledhja.com\/wp-content\/uploads\/2021\/12\/07-Press-Logo.jpg\",\"contentUrl\":\"https:\/\/permbledhja.com\/wp-content\/uploads\/2021\/12\/07-Press-Logo.jpg\",\"width\":512,\"height\":512,\"caption\":\"MK Media & Pr\"},\"image\":{\"@id\":\"https:\/\/permbledhja.com\/#\/schema\/logo\/image\/\"},\"sameAs\":[\"https:\/\/www.facebook.com\/press07\/\"]},{\"@type\":\"Person\",\"@id\":\"https:\/\/permbledhja.com\/#\/schema\/person\/d23f13f59b5722643933d6780783acf3\",\"name\":\"M M\",\"image\":{\"@type\":\"ImageObject\",\"inLanguage\":\"sq\",\"@id\":\"https:\/\/permbledhja.com\/#\/schema\/person\/image\/\",\"url\":\"https:\/\/secure.gravatar.com\/avatar\/e2835a76ca7c31a2416b2d51c4ec9a8f?s=96&d=mm&r=g\",\"contentUrl\":\"https:\/\/secure.gravatar.com\/avatar\/e2835a76ca7c31a2416b2d51c4ec9a8f?s=96&d=mm&r=g\",\"caption\":\"M M\"},\"sameAs\":[\"http:\/\/MM\"],\"url\":\"https:\/\/permbledhja.com\/sq\/author\/muhamet\/\"}]}<\/script>\n<!-- \/ Yoast SEO plugin. -->","yoast_head_json":{"title":"Maqedonci: Po armatosemi n\u00eb bashk\u00ebpunim me partner\u00ebt, Serbia po zbaton taktika t\u00eb ndryshme t\u00eb luft\u00ebs","robots":{"index":"index","follow":"follow","max-snippet":"max-snippet:-1","max-image-preview":"max-image-preview:large","max-video-preview":"max-video-preview:-1"},"canonical":"https:\/\/permbledhja.com\/sq\/maqedonci-po-armatosemi-ne-bashkepunim-me-partneret-serbia-po-zbaton-taktika-te-ndryshme-te-luftes\/","og_locale":"sq_AL","og_type":"article","og_title":"Maqedonci: Po armatosemi n\u00eb bashk\u00ebpunim me partner\u00ebt, Serbia po zbaton taktika t\u00eb ndryshme t\u00eb luft\u00ebs","og_description":"Ministri i Mbrojtjes, Ejup Maqedonci tha Forca e Siguris\u00eb s\u00eb Kosov\u00ebs po armatoset dhe se blerja e sistemeve raketore Javelin nga SHBA-ja \u00ebsht\u00eb \u201cshum\u00eb dometh\u00ebn\u00ebs p\u00ebr ne\u201d. Armatosja e FSK-s\u00eb, Maqedonci tha se \u00ebsht\u00eb e planifikuar dhe e koordinuar me SHBA-n\u00eb. \u201cFaza e tret\u00eb do t\u00eb filloj\u00eb n\u00eb vitin 2025 dhe p\u00ebrfundon n\u00eb vitin 2028. [&hellip;]","og_url":"https:\/\/permbledhja.com\/sq\/maqedonci-po-armatosemi-ne-bashkepunim-me-partneret-serbia-po-zbaton-taktika-te-ndryshme-te-luftes\/","og_site_name":"Ve\u00e7 artikuj p\u00ebrmbledh\u00ebs","article_publisher":"https:\/\/www.facebook.com\/press07\/","article_published_time":"2024-02-18T13:19:57+00:00","og_image":[{"width":1536,"height":1031,"url":"https:\/\/permbledhja.com\/wp-content\/uploads\/2024\/02\/Ejup-Maqedonci-1-1536x1031-1.webp","type":"image\/webp"}],"author":"M M","twitter_card":"summary_large_image","twitter_misc":{"Written by":"M M","Est. reading time":"3 minuta"},"schema":{"@context":"https:\/\/schema.org","@graph":[{"@type":"Article","@id":"https:\/\/permbledhja.com\/maqedonci-po-armatosemi-ne-bashkepunim-me-partneret-serbia-po-zbaton-taktika-te-ndryshme-te-luftes\/#article","isPartOf":{"@id":"https:\/\/permbledhja.com\/maqedonci-po-armatosemi-ne-bashkepunim-me-partneret-serbia-po-zbaton-taktika-te-ndryshme-te-luftes\/"},"author":{"name":"M M","@id":"https:\/\/permbledhja.com\/#\/schema\/person\/d23f13f59b5722643933d6780783acf3"},"headline":"Maqedonci: Po armatosemi n\u00eb bashk\u00ebpunim me partner\u00ebt, Serbia po zbaton taktika t\u00eb ndryshme t\u00eb luft\u00ebs","datePublished":"2024-02-18T13:19:57+00:00","dateModified":"2024-02-18T13:19:57+00:00","mainEntityOfPage":{"@id":"https:\/\/permbledhja.com\/maqedonci-po-armatosemi-ne-bashkepunim-me-partneret-serbia-po-zbaton-taktika-te-ndryshme-te-luftes\/"},"wordCount":639,"publisher":{"@id":"https:\/\/permbledhja.com\/#organization"},"keywords":["Ejup Maqedonci"],"articleSection":["Kryesoret"],"inLanguage":"sq"},{"@type":"WebPage","@id":"https:\/\/permbledhja.com\/maqedonci-po-armatosemi-ne-bashkepunim-me-partneret-serbia-po-zbaton-taktika-te-ndryshme-te-luftes\/","url":"https:\/\/permbledhja.com\/maqedonci-po-armatosemi-ne-bashkepunim-me-partneret-serbia-po-zbaton-taktika-te-ndryshme-te-luftes\/","name":"Maqedonci: Po armatosemi n\u00eb bashk\u00ebpunim me partner\u00ebt, Serbia po zbaton taktika t\u00eb ndryshme t\u00eb luft\u00ebs","isPartOf":{"@id":"https:\/\/permbledhja.com\/#website"},"datePublished":"2024-02-18T13:19:57+00:00","dateModified":"2024-02-18T13:19:57+00:00","breadcrumb":{"@id":"https:\/\/permbledhja.com\/maqedonci-po-armatosemi-ne-bashkepunim-me-partneret-serbia-po-zbaton-taktika-te-ndryshme-te-luftes\/#breadcrumb"},"inLanguage":"sq","potentialAction":[{"@type":"ReadAction","target":["https:\/\/permbledhja.com\/maqedonci-po-armatosemi-ne-bashkepunim-me-partneret-serbia-po-zbaton-taktika-te-ndryshme-te-luftes\/"]}]},{"@type":"BreadcrumbList","@id":"https:\/\/permbledhja.com\/maqedonci-po-armatosemi-ne-bashkepunim-me-partneret-serbia-po-zbaton-taktika-te-ndryshme-te-luftes\/#breadcrumb","itemListElement":[{"@type":"ListItem","position":1,"name":"Ballina","item":"https:\/\/permbledhja.com\/sq\/"},{"@type":"ListItem","position":2,"name":"Maqedonci: Po armatosemi n\u00eb bashk\u00ebpunim me partner\u00ebt, Serbia po zbaton taktika t\u00eb ndryshme t\u00eb luft\u00ebs"}]},{"@type":"WebSite","@id":"https:\/\/permbledhja.com\/#website","url":"https:\/\/permbledhja.com\/","name":"Ve\u00e7 artikuj p\u00ebrmbledh\u00ebs","description":"","publisher":{"@id":"https:\/\/permbledhja.com\/#organization"},"potentialAction":[{"@type":"SearchAction","target":{"@type":"EntryPoint","urlTemplate":"https:\/\/permbledhja.com\/?s={search_term_string}"},"query-input":"required name=search_term_string"}],"inLanguage":"sq"},{"@type":"Organization","@id":"https:\/\/permbledhja.com\/#organization","name":"MK Media & Pr","url":"https:\/\/permbledhja.com\/","logo":{"@type":"ImageObject","inLanguage":"sq","@id":"https:\/\/permbledhja.com\/#\/schema\/logo\/image\/","url":"https:\/\/permbledhja.com\/wp-content\/uploads\/2021\/12\/07-Press-Logo.jpg","contentUrl":"https:\/\/permbledhja.com\/wp-content\/uploads\/2021\/12\/07-Press-Logo.jpg","width":512,"height":512,"caption":"MK Media & Pr"},"image":{"@id":"https:\/\/permbledhja.com\/#\/schema\/logo\/image\/"},"sameAs":["https:\/\/www.facebook.com\/press07\/"]},{"@type":"Person","@id":"https:\/\/permbledhja.com\/#\/schema\/person\/d23f13f59b5722643933d6780783acf3","name":"M M","image":{"@type":"ImageObject","inLanguage":"sq","@id":"https:\/\/permbledhja.com\/#\/schema\/person\/image\/","url":"https:\/\/secure.gravatar.com\/avatar\/e2835a76ca7c31a2416b2d51c4ec9a8f?s=96&d=mm&r=g","contentUrl":"https:\/\/secure.gravatar.com\/avatar\/e2835a76ca7c31a2416b2d51c4ec9a8f?s=96&d=mm&r=g","caption":"M M"},"sameAs":["http:\/\/MM"],"url":"https:\/\/permbledhja.com\/sq\/author\/muhamet\/"}]}},"_links":{"self":[{"href":"https:\/\/permbledhja.com\/sq\/wp-json\/wp\/v2\/posts\/48859"}],"collection":[{"href":"https:\/\/permbledhja.com\/sq\/wp-json\/wp\/v2\/posts"}],"about":[{"href":"https:\/\/permbledhja.com\/sq\/wp-json\/wp\/v2\/types\/post"}],"author":[{"embeddable":true,"href":"https:\/\/permbledhja.com\/sq\/wp-json\/wp\/v2\/users\/2"}],"replies":[{"embeddable":true,"href":"https:\/\/permbledhja.com\/sq\/wp-json\/wp\/v2\/comments?post=48859"}],"version-history":[{"count":1,"href":"https:\/\/permbledhja.com\/sq\/wp-json\/wp\/v2\/posts\/48859\/revisions"}],"predecessor-version":[{"id":48861,"href":"https:\/\/permbledhja.com\/sq\/wp-json\/wp\/v2\/posts\/48859\/revisions\/48861"}],"wp:featuredmedia":[{"embeddable":true,"href":"https:\/\/permbledhja.com\/sq\/wp-json\/wp\/v2\/media\/48860"}],"wp:attachment":[{"href":"https:\/\/permbledhja.com\/sq\/wp-json\/wp\/v2\/media?parent=48859"}],"wp:term":[{"taxonomy":"category","embeddable":true,"href":"https:\/\/permbledhja.com\/sq\/wp-json\/wp\/v2\/categories?post=48859"},{"taxonomy":"post_tag","embeddable":true,"href":"https:\/\/permbledhja.com\/sq\/wp-json\/wp\/v2\/tags?post=48859"}],"curies":[{"name":"wp","href":"https:\/\/api.w.org\/{rel}","templated":true}]}}