{"id":48742,"date":"2024-02-16T07:34:05","date_gmt":"2024-02-16T07:34:05","guid":{"rendered":"https:\/\/permbledhja.com\/?p=48742"},"modified":"2024-02-16T07:34:05","modified_gmt":"2024-02-16T07:34:05","slug":"blinken-i-qarte-nga-tirana-dialogu-kosove-serbi-rruga-e-vetme-e-duhur","status":"publish","type":"post","link":"https:\/\/permbledhja.com\/sq\/blinken-i-qarte-nga-tirana-dialogu-kosove-serbi-rruga-e-vetme-e-duhur\/","title":{"rendered":"Blinken i qart\u00eb nga Tirana: Dialogu Kosov\u00eb &#8211; Serbi, rruga e vetme e duhur"},"content":{"rendered":"<p><strong>Sekretari amerikan i Shtetit, Antony Blinken, tha se dialogu mes Kosov\u00ebs dhe Serbis\u00eb, q\u00eb nd\u00ebrmjet\u00ebson Bashkimi Evropian, \u00ebsht\u00eb rruga e duhur dhe e vetme p\u00ebr dy vendet q\u00eb t\u00eb l\u00ebvizin p\u00ebrpara.<\/strong><\/p>\n<p>\u201cPo b\u00ebjm\u00eb gjith\u00e7ka t\u00eb mundur p\u00ebr t\u2019i mb\u00ebshtetur ato\u201d, tha ai.<\/p>\n<p>Kryediplomati amerikan i b\u00ebri komentet n\u00eb nj\u00eb konferenc\u00eb p\u00ebr gazetar\u00eb me kryeministrin e Shqip\u00ebris\u00eb, Edi Rama, t\u00eb enjten n\u00eb Tiran\u00eb.<\/p>\n<p>Ai tha se SHBA-ja do t\u00eb punoj\u00eb edhe me \u201cShqip\u00ebrin\u00eb dhe t\u00eb tjer\u00ebt\u201d p\u00ebr t\u2019i ndihmuar Kosov\u00ebn e Serbin\u00eb q\u00eb t\u00eb avancojn\u00eb drejt normalizimit t\u00eb marr\u00ebdh\u00ebnieve.<\/p>\n<div>\n<p>Shtoi se vendi i tij e di se \u00e7far\u00eb ka ndodhur n\u00eb rajon 30 vjet m\u00eb par\u00eb, ndaj \u201cnuk mund t\u00eb ket\u00eb p\u00ebrs\u00ebritje t\u00eb saj\u201d.<\/p>\n<p>\u201c\u201cP\u00ebr k\u00ebt\u00eb arsye jemi t\u00eb angazhuar t\u2019i mb\u00ebshtesim t\u00eb gjitha p\u00ebrpjekjet p\u00ebr t\u00eb \u00e7uar p\u00ebrpara integrimin e gjith\u00eb Ballkanit Per\u00ebndimor me nj\u00ebri-tjetrin dhe Evrop\u00ebn. Sa i takon Kosov\u00ebs dhe Serbis\u00eb, bisedimet e nd\u00ebrmjet\u00ebsuara nga Bashkimi Evropian jan\u00eb rruga e vetme e duhur dhe jemi t\u00eb angazhuar t\u00eb b\u00ebjm\u00eb gjith\u00e7ka q\u00eb duhet p\u00ebr t\u00eb mb\u00ebshtetur t\u00eb dyja vendet q\u00eb t\u00eb p\u00ebrshkojn\u00eb k\u00ebt\u00eb rrug\u00eb\u201d, tha Blinken.<\/p>\n<p>Blinken nuk iu p\u00ebrgjigj pyetjeve t\u00eb gazetar\u00ebve p\u00ebr nj\u00eb vendim t\u00eb autoriteteve n\u00eb Kosov\u00eb, q\u00eb ndaloi p\u00ebrdorimin e dinarit serb n\u00eb vend, pas m\u00eb shum\u00eb se dy dekadash.<\/p>\n<p>Duke shprehur shqet\u00ebsim p\u00ebr komunitetin serb n\u00eb Kosov\u00eb, q\u00eb prej vitesh merr pagesa t\u00eb ndryshme n\u00eb dinar\u00eb nga Serbia, SHBA-ja i k\u00ebrkoi Qeveris\u00eb s\u00eb Kosov\u00ebs q\u00eb ta t\u00ebrheq\u00eb at\u00eb, por kjo e fundit nuk u zmbraps.<\/p>\n<p>Ambasadori amerikan n\u00eb Kosov\u00eb, Jeffrey Hovenier, tha t\u00eb enjten se vendimi p\u00ebr dinarin \u201ce ka ndikuar cil\u00ebsin\u00eb e marr\u00ebdh\u00ebnieve\u201d mes SHBA-s\u00eb dhe Kosov\u00ebs.<\/p>\n<p>Ngjash\u00ebm tha nj\u00eb dit\u00eb m\u00eb her\u00ebt edhe ndihm\u00ebsi i sekretarit amerikan t\u00eb Shtetit, James O\u2019Brien.<\/p>\n<p>Rama, duke folur p\u00ebrkrah Blinkenit, tha se autoritetet e Kosov\u00ebs nuk duhet t\u00eb marrin asnj\u00eb hap pa u koordinuar me SHBA-n\u00eb.<\/p>\n<p>\u201cVeprimet q\u00eb nuk konsultohen dhe koordinohen mund t\u00eb sjellin ndonj\u00eb vot\u00eb, por n\u00ebse politika e jashtme kthehet n\u00eb instrument t\u00eb politik\u00ebs s\u00eb brendshme, nuk fitohet e ardhmja\u201d, tha kryeministri shqiptar.<\/p>\n<p>Sipas tij, SHBA-ja \u00ebsht\u00eb \u201cmb\u00ebshtet\u00ebse e pal\u00ebkundur e procesit t\u00eb njohjes p\u00ebrfundimtare t\u00eb Kosov\u00ebs dhe t\u00eb p\u00ebrmbushjes s\u00eb subjektivitetit nd\u00ebrkomb\u00ebtar t\u00eb saj\u201d.<\/p>\n<p>\u201c\u00cbsht\u00eb mir\u00eb q\u00eb shqiptar\u00ebt kudo q\u00eb jan\u00eb, duke nisur nga ata n\u00eb Kosov\u00eb, t\u00eb mos harrojn\u00eb asnj\u00ebher\u00eb se pa SHBA-n\u00eb s\u2019do t\u00eb kishte shtet t\u00eb pavarur t\u00eb Kosov\u00ebs\u201d, tha Rama.<\/p>\n<p>Ngjash\u00ebm, edhe ai i dha mb\u00ebshtetje dialogut mes Kosov\u00ebs dhe Serbis\u00eb dhe tha se pa mb\u00ebshtetjen dhe besimin e aleat\u00ebve strategjik\u00eb, \u201ce ardhmja b\u00ebhet shum\u00eb m\u00eb e larg\u00ebt dhe e tashmja shum\u00eb m\u00eb e nd\u00ebrlikuar\u201d.<\/p>\n<p>Blinken, po ashtu , tha se Shqip\u00ebria \u00ebsht\u00eb nj\u00eb forc\u00eb e stabilitetit rajonal dhe u zotua se SHBA-ja do t\u00eb vazhdoj\u00eb ta ndihmoj\u00eb at\u00eb n\u00eb rrug\u00ebtimin drejt an\u00ebtar\u00ebsimit n\u00eb BE.<\/p>\n<p>\u201cPartneriteti mes SHBA-s\u00eb dhe Shqip\u00ebris\u00eb \u00ebsht\u00eb m\u00eb i fuqish\u00ebm se kurr\u00eb. Kjo marr\u00ebdh\u00ebnie \u00ebsht\u00eb jetike p\u00ebr t\u00eb adresuar shum\u00eb \u00e7\u00ebshtje t\u00eb r\u00ebnd\u00ebsishme p\u00ebr popujt tan\u00eb\u201d, tha sekretari amerikan i Shtetit.<\/p>\n<p>Po sipas tij, Shqip\u00ebria \u00ebsht\u00eb aleate ky\u00e7e e NATO-s dhe \u201cnj\u00eb z\u00eb i fuqish\u00ebm\u201d n\u00eb K\u00ebshillin e Sigurimit t\u00eb Kombeve t\u00eb Bashkuara.<\/p>\n<p>Ai shtoi se Shqip\u00ebria, nga dita e par\u00eb, ka qen\u00eb mb\u00ebshtet\u00ebse e Ukrain\u00ebs, e cila tash e dy vjet \u00ebsht\u00eb n\u00ebn pushtimin e plot\u00eb t\u00eb Rusis\u00eb.<\/p>\n<p>Gjat\u00eb dit\u00ebs, Blinken u prit edhe nga presidenti i Shqip\u00ebris\u00eb, Bajram Begaj.\/REL<\/p>\n<\/div>\n","protected":false},"excerpt":{"rendered":"<p>Sekretari amerikan i Shtetit, Antony Blinken, tha se dialogu mes Kosov\u00ebs dhe Serbis\u00eb, q\u00eb nd\u00ebrmjet\u00ebson Bashkimi Evropian, \u00ebsht\u00eb rruga e duhur dhe e vetme p\u00ebr dy vendet q\u00eb t\u00eb l\u00ebvizin p\u00ebrpara. \u201cPo b\u00ebjm\u00eb gjith\u00e7ka t\u00eb mundur p\u00ebr t\u2019i mb\u00ebshtetur ato\u201d, tha ai. Kryediplomati amerikan i b\u00ebri komentet n\u00eb nj\u00eb konferenc\u00eb p\u00ebr gazetar\u00eb me kryeministrin e [&hellip;]<\/p>\n","protected":false},"author":1,"featured_media":37917,"comment_status":"closed","ping_status":"closed","sticky":false,"template":"","format":"standard","meta":{"_monsterinsights_skip_tracking":false,"_monsterinsights_sitenote_active":false,"_monsterinsights_sitenote_note":"","_monsterinsights_sitenote_category":0,"_uf_show_specific_survey":0,"_uf_disable_surveys":false,"footnotes":""},"categories":[1146],"tags":[2992],"yoast_head":"<!-- This site is optimized with the Yoast SEO plugin v21.5 - https:\/\/yoast.com\/wordpress\/plugins\/seo\/ -->\n<title>Blinken i qart\u00eb nga Tirana: Dialogu Kosov\u00eb - Serbi, rruga e vetme e duhur<\/title>\n<meta name=\"robots\" content=\"index, follow, max-snippet:-1, max-image-preview:large, max-video-preview:-1\" \/>\n<link rel=\"canonical\" href=\"https:\/\/permbledhja.com\/sq\/blinken-i-qarte-nga-tirana-dialogu-kosove-serbi-rruga-e-vetme-e-duhur\/\" \/>\n<meta property=\"og:locale\" content=\"sq_AL\" \/>\n<meta property=\"og:type\" content=\"article\" \/>\n<meta property=\"og:title\" content=\"Blinken i qart\u00eb nga Tirana: Dialogu Kosov\u00eb - Serbi, rruga e vetme e duhur\" \/>\n<meta property=\"og:description\" content=\"Sekretari amerikan i Shtetit, Antony Blinken, tha se dialogu mes Kosov\u00ebs dhe Serbis\u00eb, q\u00eb nd\u00ebrmjet\u00ebson Bashkimi Evropian, \u00ebsht\u00eb rruga e duhur dhe e vetme p\u00ebr dy vendet q\u00eb t\u00eb l\u00ebvizin p\u00ebrpara. \u201cPo b\u00ebjm\u00eb gjith\u00e7ka t\u00eb mundur p\u00ebr t\u2019i mb\u00ebshtetur ato\u201d, tha ai. Kryediplomati amerikan i b\u00ebri komentet n\u00eb nj\u00eb konferenc\u00eb p\u00ebr gazetar\u00eb me kryeministrin e [&hellip;]\" \/>\n<meta property=\"og:url\" content=\"https:\/\/permbledhja.com\/sq\/blinken-i-qarte-nga-tirana-dialogu-kosove-serbi-rruga-e-vetme-e-duhur\/\" \/>\n<meta property=\"og:site_name\" content=\"Ve\u00e7 artikuj p\u00ebrmbledh\u00ebs\" \/>\n<meta property=\"article:publisher\" content=\"https:\/\/www.facebook.com\/press07\/\" \/>\n<meta property=\"article:author\" content=\"https:\/\/www.facebook.com\/kafexhiu.muharrem\/\" \/>\n<meta property=\"article:published_time\" content=\"2024-02-16T07:34:05+00:00\" \/>\n<meta property=\"og:image\" content=\"https:\/\/permbledhja.com\/wp-content\/uploads\/2023\/11\/blinken-2.webp\" \/>\n\t<meta property=\"og:image:width\" content=\"799\" \/>\n\t<meta property=\"og:image:height\" content=\"497\" \/>\n\t<meta property=\"og:image:type\" content=\"image\/webp\" \/>\n<meta name=\"author\" content=\"P\u00ebrmbledhja\" \/>\n<meta name=\"twitter:card\" content=\"summary_large_image\" \/>\n<meta name=\"twitter:label1\" content=\"Written by\" \/>\n\t<meta name=\"twitter:data1\" content=\"P\u00ebrmbledhja\" \/>\n\t<meta name=\"twitter:label2\" content=\"Est. reading time\" \/>\n\t<meta name=\"twitter:data2\" content=\"3 minuta\" \/>\n<script type=\"application\/ld+json\" class=\"yoast-schema-graph\">{\"@context\":\"https:\/\/schema.org\",\"@graph\":[{\"@type\":\"Article\",\"@id\":\"https:\/\/permbledhja.com\/sq\/blinken-i-qarte-nga-tirana-dialogu-kosove-serbi-rruga-e-vetme-e-duhur\/#article\",\"isPartOf\":{\"@id\":\"https:\/\/permbledhja.com\/sq\/blinken-i-qarte-nga-tirana-dialogu-kosove-serbi-rruga-e-vetme-e-duhur\/\"},\"author\":{\"name\":\"P\u00ebrmbledhja\",\"@id\":\"https:\/\/permbledhja.com\/#\/schema\/person\/0d064377258d3221e50693947b9eb4fe\"},\"headline\":\"Blinken i qart\u00eb nga Tirana: Dialogu Kosov\u00eb &#8211; Serbi, rruga e vetme e duhur\",\"datePublished\":\"2024-02-16T07:34:05+00:00\",\"dateModified\":\"2024-02-16T07:34:05+00:00\",\"mainEntityOfPage\":{\"@id\":\"https:\/\/permbledhja.com\/sq\/blinken-i-qarte-nga-tirana-dialogu-kosove-serbi-rruga-e-vetme-e-duhur\/\"},\"wordCount\":657,\"publisher\":{\"@id\":\"https:\/\/permbledhja.com\/#organization\"},\"keywords\":[\"Antony Blinken\"],\"articleSection\":[\"Kryesoret\"],\"inLanguage\":\"sq\"},{\"@type\":\"WebPage\",\"@id\":\"https:\/\/permbledhja.com\/sq\/blinken-i-qarte-nga-tirana-dialogu-kosove-serbi-rruga-e-vetme-e-duhur\/\",\"url\":\"https:\/\/permbledhja.com\/sq\/blinken-i-qarte-nga-tirana-dialogu-kosove-serbi-rruga-e-vetme-e-duhur\/\",\"name\":\"Blinken i qart\u00eb nga Tirana: Dialogu Kosov\u00eb - Serbi, rruga e vetme e duhur\",\"isPartOf\":{\"@id\":\"https:\/\/permbledhja.com\/#website\"},\"datePublished\":\"2024-02-16T07:34:05+00:00\",\"dateModified\":\"2024-02-16T07:34:05+00:00\",\"breadcrumb\":{\"@id\":\"https:\/\/permbledhja.com\/sq\/blinken-i-qarte-nga-tirana-dialogu-kosove-serbi-rruga-e-vetme-e-duhur\/#breadcrumb\"},\"inLanguage\":\"sq\",\"potentialAction\":[{\"@type\":\"ReadAction\",\"target\":[\"https:\/\/permbledhja.com\/sq\/blinken-i-qarte-nga-tirana-dialogu-kosove-serbi-rruga-e-vetme-e-duhur\/\"]}]},{\"@type\":\"BreadcrumbList\",\"@id\":\"https:\/\/permbledhja.com\/sq\/blinken-i-qarte-nga-tirana-dialogu-kosove-serbi-rruga-e-vetme-e-duhur\/#breadcrumb\",\"itemListElement\":[{\"@type\":\"ListItem\",\"position\":1,\"name\":\"Ballina\",\"item\":\"https:\/\/permbledhja.com\/sq\/\"},{\"@type\":\"ListItem\",\"position\":2,\"name\":\"Blinken i qart\u00eb nga Tirana: Dialogu Kosov\u00eb &#8211; Serbi, rruga e vetme e duhur\"}]},{\"@type\":\"WebSite\",\"@id\":\"https:\/\/permbledhja.com\/#website\",\"url\":\"https:\/\/permbledhja.com\/\",\"name\":\"Ve\u00e7 artikuj p\u00ebrmbledh\u00ebs\",\"description\":\"\",\"publisher\":{\"@id\":\"https:\/\/permbledhja.com\/#organization\"},\"potentialAction\":[{\"@type\":\"SearchAction\",\"target\":{\"@type\":\"EntryPoint\",\"urlTemplate\":\"https:\/\/permbledhja.com\/?s={search_term_string}\"},\"query-input\":\"required name=search_term_string\"}],\"inLanguage\":\"sq\"},{\"@type\":\"Organization\",\"@id\":\"https:\/\/permbledhja.com\/#organization\",\"name\":\"MK Media & Pr\",\"url\":\"https:\/\/permbledhja.com\/\",\"logo\":{\"@type\":\"ImageObject\",\"inLanguage\":\"sq\",\"@id\":\"https:\/\/permbledhja.com\/#\/schema\/logo\/image\/\",\"url\":\"https:\/\/permbledhja.com\/wp-content\/uploads\/2021\/12\/07-Press-Logo.jpg\",\"contentUrl\":\"https:\/\/permbledhja.com\/wp-content\/uploads\/2021\/12\/07-Press-Logo.jpg\",\"width\":512,\"height\":512,\"caption\":\"MK Media & Pr\"},\"image\":{\"@id\":\"https:\/\/permbledhja.com\/#\/schema\/logo\/image\/\"},\"sameAs\":[\"https:\/\/www.facebook.com\/press07\/\"]},{\"@type\":\"Person\",\"@id\":\"https:\/\/permbledhja.com\/#\/schema\/person\/0d064377258d3221e50693947b9eb4fe\",\"name\":\"P\u00ebrmbledhja\",\"image\":{\"@type\":\"ImageObject\",\"inLanguage\":\"sq\",\"@id\":\"https:\/\/permbledhja.com\/#\/schema\/person\/image\/\",\"url\":\"https:\/\/permbledhja.com\/wp-content\/uploads\/2026\/01\/452004717_1040944174702970_8932037511805513407_n-96x96.jpg\",\"contentUrl\":\"https:\/\/permbledhja.com\/wp-content\/uploads\/2026\/01\/452004717_1040944174702970_8932037511805513407_n-96x96.jpg\",\"caption\":\"P\u00ebrmbledhja\"},\"sameAs\":[\"https:\/\/www.facebook.com\/kafexhiu.muharrem\/\",\"https:\/\/www.instagram.com\/muharrem_kafexhiu\/\"],\"url\":\"https:\/\/permbledhja.com\/sq\/author\/admin\/\"}]}<\/script>\n<!-- \/ Yoast SEO plugin. -->","yoast_head_json":{"title":"Blinken i qart\u00eb nga Tirana: Dialogu Kosov\u00eb - Serbi, rruga e vetme e duhur","robots":{"index":"index","follow":"follow","max-snippet":"max-snippet:-1","max-image-preview":"max-image-preview:large","max-video-preview":"max-video-preview:-1"},"canonical":"https:\/\/permbledhja.com\/sq\/blinken-i-qarte-nga-tirana-dialogu-kosove-serbi-rruga-e-vetme-e-duhur\/","og_locale":"sq_AL","og_type":"article","og_title":"Blinken i qart\u00eb nga Tirana: Dialogu Kosov\u00eb - Serbi, rruga e vetme e duhur","og_description":"Sekretari amerikan i Shtetit, Antony Blinken, tha se dialogu mes Kosov\u00ebs dhe Serbis\u00eb, q\u00eb nd\u00ebrmjet\u00ebson Bashkimi Evropian, \u00ebsht\u00eb rruga e duhur dhe e vetme p\u00ebr dy vendet q\u00eb t\u00eb l\u00ebvizin p\u00ebrpara. \u201cPo b\u00ebjm\u00eb gjith\u00e7ka t\u00eb mundur p\u00ebr t\u2019i mb\u00ebshtetur ato\u201d, tha ai. Kryediplomati amerikan i b\u00ebri komentet n\u00eb nj\u00eb konferenc\u00eb p\u00ebr gazetar\u00eb me kryeministrin e [&hellip;]","og_url":"https:\/\/permbledhja.com\/sq\/blinken-i-qarte-nga-tirana-dialogu-kosove-serbi-rruga-e-vetme-e-duhur\/","og_site_name":"Ve\u00e7 artikuj p\u00ebrmbledh\u00ebs","article_publisher":"https:\/\/www.facebook.com\/press07\/","article_author":"https:\/\/www.facebook.com\/kafexhiu.muharrem\/","article_published_time":"2024-02-16T07:34:05+00:00","og_image":[{"width":799,"height":497,"url":"https:\/\/permbledhja.com\/wp-content\/uploads\/2023\/11\/blinken-2.webp","type":"image\/webp"}],"author":"P\u00ebrmbledhja","twitter_card":"summary_large_image","twitter_misc":{"Written by":"P\u00ebrmbledhja","Est. reading time":"3 minuta"},"schema":{"@context":"https:\/\/schema.org","@graph":[{"@type":"Article","@id":"https:\/\/permbledhja.com\/sq\/blinken-i-qarte-nga-tirana-dialogu-kosove-serbi-rruga-e-vetme-e-duhur\/#article","isPartOf":{"@id":"https:\/\/permbledhja.com\/sq\/blinken-i-qarte-nga-tirana-dialogu-kosove-serbi-rruga-e-vetme-e-duhur\/"},"author":{"name":"P\u00ebrmbledhja","@id":"https:\/\/permbledhja.com\/#\/schema\/person\/0d064377258d3221e50693947b9eb4fe"},"headline":"Blinken i qart\u00eb nga Tirana: Dialogu Kosov\u00eb &#8211; Serbi, rruga e vetme e duhur","datePublished":"2024-02-16T07:34:05+00:00","dateModified":"2024-02-16T07:34:05+00:00","mainEntityOfPage":{"@id":"https:\/\/permbledhja.com\/sq\/blinken-i-qarte-nga-tirana-dialogu-kosove-serbi-rruga-e-vetme-e-duhur\/"},"wordCount":657,"publisher":{"@id":"https:\/\/permbledhja.com\/#organization"},"keywords":["Antony Blinken"],"articleSection":["Kryesoret"],"inLanguage":"sq"},{"@type":"WebPage","@id":"https:\/\/permbledhja.com\/sq\/blinken-i-qarte-nga-tirana-dialogu-kosove-serbi-rruga-e-vetme-e-duhur\/","url":"https:\/\/permbledhja.com\/sq\/blinken-i-qarte-nga-tirana-dialogu-kosove-serbi-rruga-e-vetme-e-duhur\/","name":"Blinken i qart\u00eb nga Tirana: Dialogu Kosov\u00eb - Serbi, rruga e vetme e duhur","isPartOf":{"@id":"https:\/\/permbledhja.com\/#website"},"datePublished":"2024-02-16T07:34:05+00:00","dateModified":"2024-02-16T07:34:05+00:00","breadcrumb":{"@id":"https:\/\/permbledhja.com\/sq\/blinken-i-qarte-nga-tirana-dialogu-kosove-serbi-rruga-e-vetme-e-duhur\/#breadcrumb"},"inLanguage":"sq","potentialAction":[{"@type":"ReadAction","target":["https:\/\/permbledhja.com\/sq\/blinken-i-qarte-nga-tirana-dialogu-kosove-serbi-rruga-e-vetme-e-duhur\/"]}]},{"@type":"BreadcrumbList","@id":"https:\/\/permbledhja.com\/sq\/blinken-i-qarte-nga-tirana-dialogu-kosove-serbi-rruga-e-vetme-e-duhur\/#breadcrumb","itemListElement":[{"@type":"ListItem","position":1,"name":"Ballina","item":"https:\/\/permbledhja.com\/sq\/"},{"@type":"ListItem","position":2,"name":"Blinken i qart\u00eb nga Tirana: Dialogu Kosov\u00eb &#8211; Serbi, rruga e vetme e duhur"}]},{"@type":"WebSite","@id":"https:\/\/permbledhja.com\/#website","url":"https:\/\/permbledhja.com\/","name":"Ve\u00e7 artikuj p\u00ebrmbledh\u00ebs","description":"","publisher":{"@id":"https:\/\/permbledhja.com\/#organization"},"potentialAction":[{"@type":"SearchAction","target":{"@type":"EntryPoint","urlTemplate":"https:\/\/permbledhja.com\/?s={search_term_string}"},"query-input":"required name=search_term_string"}],"inLanguage":"sq"},{"@type":"Organization","@id":"https:\/\/permbledhja.com\/#organization","name":"MK Media & Pr","url":"https:\/\/permbledhja.com\/","logo":{"@type":"ImageObject","inLanguage":"sq","@id":"https:\/\/permbledhja.com\/#\/schema\/logo\/image\/","url":"https:\/\/permbledhja.com\/wp-content\/uploads\/2021\/12\/07-Press-Logo.jpg","contentUrl":"https:\/\/permbledhja.com\/wp-content\/uploads\/2021\/12\/07-Press-Logo.jpg","width":512,"height":512,"caption":"MK Media & Pr"},"image":{"@id":"https:\/\/permbledhja.com\/#\/schema\/logo\/image\/"},"sameAs":["https:\/\/www.facebook.com\/press07\/"]},{"@type":"Person","@id":"https:\/\/permbledhja.com\/#\/schema\/person\/0d064377258d3221e50693947b9eb4fe","name":"P\u00ebrmbledhja","image":{"@type":"ImageObject","inLanguage":"sq","@id":"https:\/\/permbledhja.com\/#\/schema\/person\/image\/","url":"https:\/\/permbledhja.com\/wp-content\/uploads\/2026\/01\/452004717_1040944174702970_8932037511805513407_n-96x96.jpg","contentUrl":"https:\/\/permbledhja.com\/wp-content\/uploads\/2026\/01\/452004717_1040944174702970_8932037511805513407_n-96x96.jpg","caption":"P\u00ebrmbledhja"},"sameAs":["https:\/\/www.facebook.com\/kafexhiu.muharrem\/","https:\/\/www.instagram.com\/muharrem_kafexhiu\/"],"url":"https:\/\/permbledhja.com\/sq\/author\/admin\/"}]}},"_links":{"self":[{"href":"https:\/\/permbledhja.com\/sq\/wp-json\/wp\/v2\/posts\/48742"}],"collection":[{"href":"https:\/\/permbledhja.com\/sq\/wp-json\/wp\/v2\/posts"}],"about":[{"href":"https:\/\/permbledhja.com\/sq\/wp-json\/wp\/v2\/types\/post"}],"author":[{"embeddable":true,"href":"https:\/\/permbledhja.com\/sq\/wp-json\/wp\/v2\/users\/1"}],"replies":[{"embeddable":true,"href":"https:\/\/permbledhja.com\/sq\/wp-json\/wp\/v2\/comments?post=48742"}],"version-history":[{"count":1,"href":"https:\/\/permbledhja.com\/sq\/wp-json\/wp\/v2\/posts\/48742\/revisions"}],"predecessor-version":[{"id":48743,"href":"https:\/\/permbledhja.com\/sq\/wp-json\/wp\/v2\/posts\/48742\/revisions\/48743"}],"wp:featuredmedia":[{"embeddable":true,"href":"https:\/\/permbledhja.com\/sq\/wp-json\/wp\/v2\/media\/37917"}],"wp:attachment":[{"href":"https:\/\/permbledhja.com\/sq\/wp-json\/wp\/v2\/media?parent=48742"}],"wp:term":[{"taxonomy":"category","embeddable":true,"href":"https:\/\/permbledhja.com\/sq\/wp-json\/wp\/v2\/categories?post=48742"},{"taxonomy":"post_tag","embeddable":true,"href":"https:\/\/permbledhja.com\/sq\/wp-json\/wp\/v2\/tags?post=48742"}],"curies":[{"name":"wp","href":"https:\/\/api.w.org\/{rel}","templated":true}]}}