{"id":48705,"date":"2024-02-15T21:51:55","date_gmt":"2024-02-15T21:51:55","guid":{"rendered":"https:\/\/permbledhja.com\/?p=48705"},"modified":"2024-02-15T21:51:55","modified_gmt":"2024-02-15T21:51:55","slug":"plagosen-dy-persona-me-arme-zjarri-ne-lagjen-bregu-i-diellit-ne-prishtine","status":"publish","type":"post","link":"https:\/\/permbledhja.com\/sq\/plagosen-dy-persona-me-arme-zjarri-ne-lagjen-bregu-i-diellit-ne-prishtine\/","title":{"rendered":"Plagosen dy persona me arm\u00eb zjarri n\u00eb lagjen \u201cBregu i Diellit\u201d n\u00eb Prishtin\u00eb"},"content":{"rendered":"<h3>Dy persona dyshohet se jan\u00eb plagosur sonte me arm\u00eb zjarri n\u00eb lagjen \u201cBregu i Diellit\u201d n\u00eb Prishtin\u00eb.<\/h3>\n<p>Lidhur me rastin jan\u00eb arrestuar tre persona, teksa t\u00eb plagosurit jan\u00eb d\u00ebrguar p\u00ebr mjekim.<\/p>\n<p>Detaje p\u00ebr rastin dha Florie Ahmeti, z\u00ebdh\u00ebn\u00ebse n\u00eb policin\u00eb rajonale n\u00eb Prishtin\u00eb.<\/p>\n<p>\u201cSot rreth or\u00ebs 21:00 policia ka marr\u00eb informat\u00ebn p\u00ebr\u00a0 plagosje me arm\u00eb zjarri t\u00eb ndodhur n\u00eb lagjen Bregu i diellit n\u00eb Prishtin\u00eb. Menj\u00ebher\u00eb pas marrjes s\u00eb informat\u00ebs policia ka dal\u00eb n\u00eb vendin e ngjarjes\u00a0 dhe ka nd\u00ebrmarr\u00eb t\u00eb gjitha veprimet e nevojshme q\u00eb konsistojn\u00eb n\u00eb hetimin e rrethanave q\u00eb karakterizojn\u00eb ngjarjen. Bazuar n\u00eb t\u00eb dh\u00ebnat fillestare\u00a0 dyshohet se me arm\u00eb zjarri jan\u00eb plagosur dy persona, t\u00eb cil\u00ebt jan\u00eb d\u00ebrguar p\u00ebr tretman mjek\u00ebsor\u201d, tha Ahmeti p\u00ebr Gazet\u00ebn Express.<\/p>\n","protected":false},"excerpt":{"rendered":"<p>Dy persona dyshohet se jan\u00eb plagosur sonte me arm\u00eb zjarri n\u00eb lagjen \u201cBregu i Diellit\u201d n\u00eb Prishtin\u00eb. Lidhur me rastin jan\u00eb arrestuar tre persona, teksa t\u00eb plagosurit jan\u00eb d\u00ebrguar p\u00ebr mjekim. Detaje p\u00ebr rastin dha Florie Ahmeti, z\u00ebdh\u00ebn\u00ebse n\u00eb policin\u00eb rajonale n\u00eb Prishtin\u00eb. \u201cSot rreth or\u00ebs 21:00 policia ka marr\u00eb informat\u00ebn p\u00ebr\u00a0 plagosje me arm\u00eb [&hellip;]<\/p>\n","protected":false},"author":5,"featured_media":41717,"comment_status":"closed","ping_status":"closed","sticky":false,"template":"","format":"standard","meta":{"_monsterinsights_skip_tracking":false,"_monsterinsights_sitenote_active":false,"_monsterinsights_sitenote_note":"","_monsterinsights_sitenote_category":0,"_uf_show_specific_survey":0,"_uf_disable_surveys":false,"footnotes":""},"categories":[2645],"tags":[],"yoast_head":"<!-- This site is optimized with the Yoast SEO plugin v21.5 - https:\/\/yoast.com\/wordpress\/plugins\/seo\/ -->\n<title>Plagosen dy persona me arm\u00eb zjarri n\u00eb lagjen \u201cBregu i Diellit\u201d n\u00eb Prishtin\u00eb<\/title>\n<meta name=\"robots\" content=\"index, follow, max-snippet:-1, max-image-preview:large, max-video-preview:-1\" \/>\n<link rel=\"canonical\" href=\"https:\/\/permbledhja.com\/sq\/plagosen-dy-persona-me-arme-zjarri-ne-lagjen-bregu-i-diellit-ne-prishtine\/\" \/>\n<meta property=\"og:locale\" content=\"sq_AL\" \/>\n<meta property=\"og:type\" content=\"article\" \/>\n<meta property=\"og:title\" content=\"Plagosen dy persona me arm\u00eb zjarri n\u00eb lagjen \u201cBregu i Diellit\u201d n\u00eb Prishtin\u00eb\" \/>\n<meta property=\"og:description\" content=\"Dy persona dyshohet se jan\u00eb plagosur sonte me arm\u00eb zjarri n\u00eb lagjen \u201cBregu i Diellit\u201d n\u00eb Prishtin\u00eb. Lidhur me rastin jan\u00eb arrestuar tre persona, teksa t\u00eb plagosurit jan\u00eb d\u00ebrguar p\u00ebr mjekim. Detaje p\u00ebr rastin dha Florie Ahmeti, z\u00ebdh\u00ebn\u00ebse n\u00eb policin\u00eb rajonale n\u00eb Prishtin\u00eb. \u201cSot rreth or\u00ebs 21:00 policia ka marr\u00eb informat\u00ebn p\u00ebr\u00a0 plagosje me arm\u00eb [&hellip;]\" \/>\n<meta property=\"og:url\" content=\"https:\/\/permbledhja.com\/sq\/plagosen-dy-persona-me-arme-zjarri-ne-lagjen-bregu-i-diellit-ne-prishtine\/\" \/>\n<meta property=\"og:site_name\" content=\"Ve\u00e7 artikuj p\u00ebrmbledh\u00ebs\" \/>\n<meta property=\"article:publisher\" content=\"https:\/\/www.facebook.com\/press07\/\" \/>\n<meta property=\"article:published_time\" content=\"2024-02-15T21:51:55+00:00\" \/>\n<meta property=\"og:image\" content=\"https:\/\/permbledhja.com\/wp-content\/uploads\/2024\/01\/07.jpg\" \/>\n\t<meta property=\"og:image:width\" content=\"780\" \/>\n\t<meta property=\"og:image:height\" content=\"440\" \/>\n\t<meta property=\"og:image:type\" content=\"image\/jpeg\" \/>\n<meta name=\"author\" content=\"DL\" \/>\n<meta name=\"twitter:card\" content=\"summary_large_image\" \/>\n<meta name=\"twitter:label1\" content=\"Written by\" \/>\n\t<meta name=\"twitter:data1\" content=\"DL\" \/>\n\t<meta name=\"twitter:label2\" content=\"Est. reading time\" \/>\n\t<meta name=\"twitter:data2\" content=\"1 minut\u00eb\" \/>\n<script type=\"application\/ld+json\" class=\"yoast-schema-graph\">{\"@context\":\"https:\/\/schema.org\",\"@graph\":[{\"@type\":\"Article\",\"@id\":\"https:\/\/permbledhja.com\/sq\/plagosen-dy-persona-me-arme-zjarri-ne-lagjen-bregu-i-diellit-ne-prishtine\/#article\",\"isPartOf\":{\"@id\":\"https:\/\/permbledhja.com\/sq\/plagosen-dy-persona-me-arme-zjarri-ne-lagjen-bregu-i-diellit-ne-prishtine\/\"},\"author\":{\"name\":\"DL\",\"@id\":\"https:\/\/permbledhja.com\/#\/schema\/person\/9c54260cbc4c6f792cb100550491638c\"},\"headline\":\"Plagosen dy persona me arm\u00eb zjarri n\u00eb lagjen \u201cBregu i Diellit\u201d n\u00eb Prishtin\u00eb\",\"datePublished\":\"2024-02-15T21:51:55+00:00\",\"dateModified\":\"2024-02-15T21:51:55+00:00\",\"mainEntityOfPage\":{\"@id\":\"https:\/\/permbledhja.com\/sq\/plagosen-dy-persona-me-arme-zjarri-ne-lagjen-bregu-i-diellit-ne-prishtine\/\"},\"wordCount\":151,\"publisher\":{\"@id\":\"https:\/\/permbledhja.com\/#organization\"},\"articleSection\":[\"T\u00eb r\u00ebnd\u00ebsishme\"],\"inLanguage\":\"sq\"},{\"@type\":\"WebPage\",\"@id\":\"https:\/\/permbledhja.com\/sq\/plagosen-dy-persona-me-arme-zjarri-ne-lagjen-bregu-i-diellit-ne-prishtine\/\",\"url\":\"https:\/\/permbledhja.com\/sq\/plagosen-dy-persona-me-arme-zjarri-ne-lagjen-bregu-i-diellit-ne-prishtine\/\",\"name\":\"Plagosen dy persona me arm\u00eb zjarri n\u00eb lagjen \u201cBregu i Diellit\u201d n\u00eb Prishtin\u00eb\",\"isPartOf\":{\"@id\":\"https:\/\/permbledhja.com\/#website\"},\"datePublished\":\"2024-02-15T21:51:55+00:00\",\"dateModified\":\"2024-02-15T21:51:55+00:00\",\"breadcrumb\":{\"@id\":\"https:\/\/permbledhja.com\/sq\/plagosen-dy-persona-me-arme-zjarri-ne-lagjen-bregu-i-diellit-ne-prishtine\/#breadcrumb\"},\"inLanguage\":\"sq\",\"potentialAction\":[{\"@type\":\"ReadAction\",\"target\":[\"https:\/\/permbledhja.com\/sq\/plagosen-dy-persona-me-arme-zjarri-ne-lagjen-bregu-i-diellit-ne-prishtine\/\"]}]},{\"@type\":\"BreadcrumbList\",\"@id\":\"https:\/\/permbledhja.com\/sq\/plagosen-dy-persona-me-arme-zjarri-ne-lagjen-bregu-i-diellit-ne-prishtine\/#breadcrumb\",\"itemListElement\":[{\"@type\":\"ListItem\",\"position\":1,\"name\":\"Ballina\",\"item\":\"https:\/\/permbledhja.com\/sq\/\"},{\"@type\":\"ListItem\",\"position\":2,\"name\":\"Plagosen dy persona me arm\u00eb zjarri n\u00eb lagjen \u201cBregu i Diellit\u201d n\u00eb Prishtin\u00eb\"}]},{\"@type\":\"WebSite\",\"@id\":\"https:\/\/permbledhja.com\/#website\",\"url\":\"https:\/\/permbledhja.com\/\",\"name\":\"Ve\u00e7 artikuj p\u00ebrmbledh\u00ebs\",\"description\":\"\",\"publisher\":{\"@id\":\"https:\/\/permbledhja.com\/#organization\"},\"potentialAction\":[{\"@type\":\"SearchAction\",\"target\":{\"@type\":\"EntryPoint\",\"urlTemplate\":\"https:\/\/permbledhja.com\/?s={search_term_string}\"},\"query-input\":\"required name=search_term_string\"}],\"inLanguage\":\"sq\"},{\"@type\":\"Organization\",\"@id\":\"https:\/\/permbledhja.com\/#organization\",\"name\":\"MK Media & Pr\",\"url\":\"https:\/\/permbledhja.com\/\",\"logo\":{\"@type\":\"ImageObject\",\"inLanguage\":\"sq\",\"@id\":\"https:\/\/permbledhja.com\/#\/schema\/logo\/image\/\",\"url\":\"https:\/\/permbledhja.com\/wp-content\/uploads\/2021\/12\/07-Press-Logo.jpg\",\"contentUrl\":\"https:\/\/permbledhja.com\/wp-content\/uploads\/2021\/12\/07-Press-Logo.jpg\",\"width\":512,\"height\":512,\"caption\":\"MK Media & Pr\"},\"image\":{\"@id\":\"https:\/\/permbledhja.com\/#\/schema\/logo\/image\/\"},\"sameAs\":[\"https:\/\/www.facebook.com\/press07\/\"]},{\"@type\":\"Person\",\"@id\":\"https:\/\/permbledhja.com\/#\/schema\/person\/9c54260cbc4c6f792cb100550491638c\",\"name\":\"DL\",\"image\":{\"@type\":\"ImageObject\",\"inLanguage\":\"sq\",\"@id\":\"https:\/\/permbledhja.com\/#\/schema\/person\/image\/\",\"url\":\"https:\/\/secure.gravatar.com\/avatar\/94503eb28d4c4b2005a5c8753e35fc80?s=96&d=mm&r=g\",\"contentUrl\":\"https:\/\/secure.gravatar.com\/avatar\/94503eb28d4c4b2005a5c8753e35fc80?s=96&d=mm&r=g\",\"caption\":\"DL\"},\"url\":\"https:\/\/permbledhja.com\/sq\/author\/dl\/\"}]}<\/script>\n<!-- \/ Yoast SEO plugin. -->","yoast_head_json":{"title":"Plagosen dy persona me arm\u00eb zjarri n\u00eb lagjen \u201cBregu i Diellit\u201d n\u00eb Prishtin\u00eb","robots":{"index":"index","follow":"follow","max-snippet":"max-snippet:-1","max-image-preview":"max-image-preview:large","max-video-preview":"max-video-preview:-1"},"canonical":"https:\/\/permbledhja.com\/sq\/plagosen-dy-persona-me-arme-zjarri-ne-lagjen-bregu-i-diellit-ne-prishtine\/","og_locale":"sq_AL","og_type":"article","og_title":"Plagosen dy persona me arm\u00eb zjarri n\u00eb lagjen \u201cBregu i Diellit\u201d n\u00eb Prishtin\u00eb","og_description":"Dy persona dyshohet se jan\u00eb plagosur sonte me arm\u00eb zjarri n\u00eb lagjen \u201cBregu i Diellit\u201d n\u00eb Prishtin\u00eb. Lidhur me rastin jan\u00eb arrestuar tre persona, teksa t\u00eb plagosurit jan\u00eb d\u00ebrguar p\u00ebr mjekim. Detaje p\u00ebr rastin dha Florie Ahmeti, z\u00ebdh\u00ebn\u00ebse n\u00eb policin\u00eb rajonale n\u00eb Prishtin\u00eb. \u201cSot rreth or\u00ebs 21:00 policia ka marr\u00eb informat\u00ebn p\u00ebr\u00a0 plagosje me arm\u00eb [&hellip;]","og_url":"https:\/\/permbledhja.com\/sq\/plagosen-dy-persona-me-arme-zjarri-ne-lagjen-bregu-i-diellit-ne-prishtine\/","og_site_name":"Ve\u00e7 artikuj p\u00ebrmbledh\u00ebs","article_publisher":"https:\/\/www.facebook.com\/press07\/","article_published_time":"2024-02-15T21:51:55+00:00","og_image":[{"width":780,"height":440,"url":"https:\/\/permbledhja.com\/wp-content\/uploads\/2024\/01\/07.jpg","type":"image\/jpeg"}],"author":"DL","twitter_card":"summary_large_image","twitter_misc":{"Written by":"DL","Est. reading time":"1 minut\u00eb"},"schema":{"@context":"https:\/\/schema.org","@graph":[{"@type":"Article","@id":"https:\/\/permbledhja.com\/sq\/plagosen-dy-persona-me-arme-zjarri-ne-lagjen-bregu-i-diellit-ne-prishtine\/#article","isPartOf":{"@id":"https:\/\/permbledhja.com\/sq\/plagosen-dy-persona-me-arme-zjarri-ne-lagjen-bregu-i-diellit-ne-prishtine\/"},"author":{"name":"DL","@id":"https:\/\/permbledhja.com\/#\/schema\/person\/9c54260cbc4c6f792cb100550491638c"},"headline":"Plagosen dy persona me arm\u00eb zjarri n\u00eb lagjen \u201cBregu i Diellit\u201d n\u00eb Prishtin\u00eb","datePublished":"2024-02-15T21:51:55+00:00","dateModified":"2024-02-15T21:51:55+00:00","mainEntityOfPage":{"@id":"https:\/\/permbledhja.com\/sq\/plagosen-dy-persona-me-arme-zjarri-ne-lagjen-bregu-i-diellit-ne-prishtine\/"},"wordCount":151,"publisher":{"@id":"https:\/\/permbledhja.com\/#organization"},"articleSection":["T\u00eb r\u00ebnd\u00ebsishme"],"inLanguage":"sq"},{"@type":"WebPage","@id":"https:\/\/permbledhja.com\/sq\/plagosen-dy-persona-me-arme-zjarri-ne-lagjen-bregu-i-diellit-ne-prishtine\/","url":"https:\/\/permbledhja.com\/sq\/plagosen-dy-persona-me-arme-zjarri-ne-lagjen-bregu-i-diellit-ne-prishtine\/","name":"Plagosen dy persona me arm\u00eb zjarri n\u00eb lagjen \u201cBregu i Diellit\u201d n\u00eb Prishtin\u00eb","isPartOf":{"@id":"https:\/\/permbledhja.com\/#website"},"datePublished":"2024-02-15T21:51:55+00:00","dateModified":"2024-02-15T21:51:55+00:00","breadcrumb":{"@id":"https:\/\/permbledhja.com\/sq\/plagosen-dy-persona-me-arme-zjarri-ne-lagjen-bregu-i-diellit-ne-prishtine\/#breadcrumb"},"inLanguage":"sq","potentialAction":[{"@type":"ReadAction","target":["https:\/\/permbledhja.com\/sq\/plagosen-dy-persona-me-arme-zjarri-ne-lagjen-bregu-i-diellit-ne-prishtine\/"]}]},{"@type":"BreadcrumbList","@id":"https:\/\/permbledhja.com\/sq\/plagosen-dy-persona-me-arme-zjarri-ne-lagjen-bregu-i-diellit-ne-prishtine\/#breadcrumb","itemListElement":[{"@type":"ListItem","position":1,"name":"Ballina","item":"https:\/\/permbledhja.com\/sq\/"},{"@type":"ListItem","position":2,"name":"Plagosen dy persona me arm\u00eb zjarri n\u00eb lagjen \u201cBregu i Diellit\u201d n\u00eb Prishtin\u00eb"}]},{"@type":"WebSite","@id":"https:\/\/permbledhja.com\/#website","url":"https:\/\/permbledhja.com\/","name":"Ve\u00e7 artikuj p\u00ebrmbledh\u00ebs","description":"","publisher":{"@id":"https:\/\/permbledhja.com\/#organization"},"potentialAction":[{"@type":"SearchAction","target":{"@type":"EntryPoint","urlTemplate":"https:\/\/permbledhja.com\/?s={search_term_string}"},"query-input":"required name=search_term_string"}],"inLanguage":"sq"},{"@type":"Organization","@id":"https:\/\/permbledhja.com\/#organization","name":"MK Media & Pr","url":"https:\/\/permbledhja.com\/","logo":{"@type":"ImageObject","inLanguage":"sq","@id":"https:\/\/permbledhja.com\/#\/schema\/logo\/image\/","url":"https:\/\/permbledhja.com\/wp-content\/uploads\/2021\/12\/07-Press-Logo.jpg","contentUrl":"https:\/\/permbledhja.com\/wp-content\/uploads\/2021\/12\/07-Press-Logo.jpg","width":512,"height":512,"caption":"MK Media & Pr"},"image":{"@id":"https:\/\/permbledhja.com\/#\/schema\/logo\/image\/"},"sameAs":["https:\/\/www.facebook.com\/press07\/"]},{"@type":"Person","@id":"https:\/\/permbledhja.com\/#\/schema\/person\/9c54260cbc4c6f792cb100550491638c","name":"DL","image":{"@type":"ImageObject","inLanguage":"sq","@id":"https:\/\/permbledhja.com\/#\/schema\/person\/image\/","url":"https:\/\/secure.gravatar.com\/avatar\/94503eb28d4c4b2005a5c8753e35fc80?s=96&d=mm&r=g","contentUrl":"https:\/\/secure.gravatar.com\/avatar\/94503eb28d4c4b2005a5c8753e35fc80?s=96&d=mm&r=g","caption":"DL"},"url":"https:\/\/permbledhja.com\/sq\/author\/dl\/"}]}},"_links":{"self":[{"href":"https:\/\/permbledhja.com\/sq\/wp-json\/wp\/v2\/posts\/48705"}],"collection":[{"href":"https:\/\/permbledhja.com\/sq\/wp-json\/wp\/v2\/posts"}],"about":[{"href":"https:\/\/permbledhja.com\/sq\/wp-json\/wp\/v2\/types\/post"}],"author":[{"embeddable":true,"href":"https:\/\/permbledhja.com\/sq\/wp-json\/wp\/v2\/users\/5"}],"replies":[{"embeddable":true,"href":"https:\/\/permbledhja.com\/sq\/wp-json\/wp\/v2\/comments?post=48705"}],"version-history":[{"count":1,"href":"https:\/\/permbledhja.com\/sq\/wp-json\/wp\/v2\/posts\/48705\/revisions"}],"predecessor-version":[{"id":48706,"href":"https:\/\/permbledhja.com\/sq\/wp-json\/wp\/v2\/posts\/48705\/revisions\/48706"}],"wp:featuredmedia":[{"embeddable":true,"href":"https:\/\/permbledhja.com\/sq\/wp-json\/wp\/v2\/media\/41717"}],"wp:attachment":[{"href":"https:\/\/permbledhja.com\/sq\/wp-json\/wp\/v2\/media?parent=48705"}],"wp:term":[{"taxonomy":"category","embeddable":true,"href":"https:\/\/permbledhja.com\/sq\/wp-json\/wp\/v2\/categories?post=48705"},{"taxonomy":"post_tag","embeddable":true,"href":"https:\/\/permbledhja.com\/sq\/wp-json\/wp\/v2\/tags?post=48705"}],"curies":[{"name":"wp","href":"https:\/\/api.w.org\/{rel}","templated":true}]}}