{"id":4844,"date":"2022-09-04T10:22:25","date_gmt":"2022-09-04T10:22:25","guid":{"rendered":"https:\/\/permbledhja.com\/?p=4844"},"modified":"2022-09-04T10:22:25","modified_gmt":"2022-09-04T10:22:25","slug":"haxhiu-per-rastin-e-11-vjecares-ne-prishtine-urojme-qe-te-kete-edhe-doreheqje-te-tjera","status":"publish","type":"post","link":"https:\/\/permbledhja.com\/sq\/haxhiu-per-rastin-e-11-vjecares-ne-prishtine-urojme-qe-te-kete-edhe-doreheqje-te-tjera\/","title":{"rendered":"Haxhiu p\u00ebr rastin e 11-vje\u00e7ares n\u00eb Prishtin\u00eb: Urojm\u00eb q\u00eb t\u00eb ket\u00eb edhe dor\u00ebheqje t\u00eb tjera"},"content":{"rendered":"<p>Ministrja e Drejt\u00ebsis\u00eb, Albulena Haxhiu sot ka mbajtur konferenc\u00eb p\u00ebr media s\u00eb bashku me kryeministrin e vendit, Albin Kurti.<\/p>\n<p>Haxhiu dhe Kurti kan\u00eb folur para mediave p\u00ebr rastin e 11-vje\u00e7ares, ku kan\u00eb kritikuar gjyqtar\u00ebt e prokuror\u00ebt p\u00ebr \u201cneglizhenc\u00eb\u201d ndaj rasteve t\u00eb tilla, shkruan lajmi.net.<\/p>\n<p>Ministrja ka b\u00ebr\u00eb t\u00eb ditur se tashm\u00eb do t\u00eb procedoj\u00eb n\u00eb Kuvend edhe projektligji p\u00ebr Vettingun.<\/p>\n<p>\u201cPo e dor\u00ebzojm\u00eb n\u00eb Kuvend nj\u00eb proces me pesh\u00eb t\u00eb madhe p\u00ebr ne si qeveri, p\u00ebr shtetin, por m\u00eb s\u00eb shumti p\u00ebr qytetar\u00ebt. N\u00eb vazhdim\u00ebsi jemi d\u00ebshmitar\u00eb t\u00eb neglizhenc\u00ebs, mosveprimit dhe pand\u00ebshkueshm\u00ebris\u00eb. Gjyqtar\u00ebt dhe prokuror\u00ebt konsiderohen se kan\u00eb pagat m\u00eb t\u00eb larta n\u00eb rajon, por, p\u00ebr shkak t\u00eb mosveprimeve apo veprimeve t\u00eb tyre t\u00eb gabuara, po humbim jet\u00eb grash, po dhunohen seksualisht t\u00eb miturit, po dhunohen fizikisht grat\u00eb dhe vajzat, dhe korrupsioni i madh mbetet i pand\u00ebshkuar\u201d, tha Haxhiu.<\/p>\n<p>Tutje, Haxhiu ka th\u00ebn\u00eb se reforma n\u00eb sistemin e drejt\u00ebsis\u00eb do t\u00eb mund\u00ebsoj\u00eb q\u00eb n\u00eb k\u00ebt\u00eb sistem t\u00eb jen\u00eb vet\u00ebm ata q\u00eb kan\u00eb integritet t\u00eb lart\u00eb moral dhe profesional, t\u00eb cil\u00ebt gjithashtu mund ta justifikojn\u00eb pasurin\u00eb e tyre.<\/p>\n<p>Sa i p\u00ebrket rastit t\u00eb 11-vje\u00e7ares n\u00eb Prishtin\u00eb, Haxhiu tha se presin edhe dor\u00ebheqje t\u00eb tjera, pasi ka edhe zyrtar\u00eb tjer\u00eb q\u00eb nuk i kan\u00eb kryer detyrat si\u00e7 duhet.<\/p>\n<p>\u201cKa pasur dy dor\u00ebheqje, dhe urojm\u00eb q\u00eb t\u00eb ket\u00eb edhe t\u00eb tjera, pasi si\u00e7 e  kuptojm\u00eb, ka edhe zyrtar\u00eb tjer\u00eb q\u00eb nuk i kan\u00eb kryer detyrat si\u00e7 duhet. Kam k\u00ebrkuar dor\u00ebheqjen e Kryeprokurorit t\u00eb Prokuroris\u00eb Themelore n\u00eb Prishtin\u00eb. Po t\u00eb vepronte prokuroria me koh\u00eb, ata persona do arrestoheshim shum\u00eb m\u00eb her\u00ebt\u201d, tha Haxhiu.<\/p>\n<p>\u201cDuhet t\u00eb merren veprime ndaj prokuror\u00ebve dhe gjyqtar\u00ebve q\u00eb nuk kan\u00eb kryer detyrat e tyre\u201d, p\u00ebrfundoi ministrja.<\/p>\n","protected":false},"excerpt":{"rendered":"<p>Ministrja e Drejt\u00ebsis\u00eb, Albulena Haxhiu sot ka mbajtur konferenc\u00eb p\u00ebr media s\u00eb bashku me kryeministrin e vendit, Albin Kurti. Haxhiu dhe Kurti kan\u00eb folur para mediave p\u00ebr rastin e 11-vje\u00e7ares, ku kan\u00eb kritikuar gjyqtar\u00ebt e prokuror\u00ebt p\u00ebr \u201cneglizhenc\u00eb\u201d ndaj rasteve t\u00eb tilla, shkruan lajmi.net. Ministrja ka b\u00ebr\u00eb t\u00eb ditur se tashm\u00eb do t\u00eb procedoj\u00eb n\u00eb [&hellip;]<\/p>\n","protected":false},"author":1,"featured_media":4845,"comment_status":"closed","ping_status":"closed","sticky":false,"template":"","format":"standard","meta":{"_monsterinsights_skip_tracking":false,"_monsterinsights_sitenote_active":false,"_monsterinsights_sitenote_note":"","_monsterinsights_sitenote_category":0,"_uf_show_specific_survey":0,"_uf_disable_surveys":false,"footnotes":""},"categories":[23,15],"tags":[529],"yoast_head":"<!-- This site is optimized with the Yoast SEO plugin v21.5 - https:\/\/yoast.com\/wordpress\/plugins\/seo\/ -->\n<title>Haxhiu p\u00ebr rastin e 11-vje\u00e7ares n\u00eb Prishtin\u00eb: Urojm\u00eb q\u00eb t\u00eb ket\u00eb edhe dor\u00ebheqje t\u00eb tjera<\/title>\n<meta name=\"robots\" content=\"index, follow, max-snippet:-1, max-image-preview:large, max-video-preview:-1\" \/>\n<link rel=\"canonical\" href=\"https:\/\/permbledhja.com\/sq\/haxhiu-per-rastin-e-11-vjecares-ne-prishtine-urojme-qe-te-kete-edhe-doreheqje-te-tjera\/\" \/>\n<meta property=\"og:locale\" content=\"sq_AL\" \/>\n<meta property=\"og:type\" content=\"article\" \/>\n<meta property=\"og:title\" content=\"Haxhiu p\u00ebr rastin e 11-vje\u00e7ares n\u00eb Prishtin\u00eb: Urojm\u00eb q\u00eb t\u00eb ket\u00eb edhe dor\u00ebheqje t\u00eb tjera\" \/>\n<meta property=\"og:description\" content=\"Ministrja e Drejt\u00ebsis\u00eb, Albulena Haxhiu sot ka mbajtur konferenc\u00eb p\u00ebr media s\u00eb bashku me kryeministrin e vendit, Albin Kurti. Haxhiu dhe Kurti kan\u00eb folur para mediave p\u00ebr rastin e 11-vje\u00e7ares, ku kan\u00eb kritikuar gjyqtar\u00ebt e prokuror\u00ebt p\u00ebr \u201cneglizhenc\u00eb\u201d ndaj rasteve t\u00eb tilla, shkruan lajmi.net. Ministrja ka b\u00ebr\u00eb t\u00eb ditur se tashm\u00eb do t\u00eb procedoj\u00eb n\u00eb [&hellip;]\" \/>\n<meta property=\"og:url\" content=\"https:\/\/permbledhja.com\/sq\/haxhiu-per-rastin-e-11-vjecares-ne-prishtine-urojme-qe-te-kete-edhe-doreheqje-te-tjera\/\" \/>\n<meta property=\"og:site_name\" content=\"Ve\u00e7 artikuj p\u00ebrmbledh\u00ebs\" \/>\n<meta property=\"article:publisher\" content=\"https:\/\/www.facebook.com\/press07\/\" \/>\n<meta property=\"article:author\" content=\"https:\/\/www.facebook.com\/kafexhiu.muharrem\/\" \/>\n<meta property=\"article:published_time\" content=\"2022-09-04T10:22:25+00:00\" \/>\n<meta property=\"og:image\" content=\"https:\/\/permbledhja.com\/wp-content\/uploads\/2022\/09\/CD98F998-2F0E-41F6-A477-F6E201865CA3.png\" \/>\n\t<meta property=\"og:image:width\" content=\"996\" \/>\n\t<meta property=\"og:image:height\" content=\"747\" \/>\n\t<meta property=\"og:image:type\" content=\"image\/png\" \/>\n<meta name=\"author\" content=\"P\u00ebrmbledhja\" \/>\n<meta name=\"twitter:card\" content=\"summary_large_image\" \/>\n<meta name=\"twitter:label1\" content=\"Written by\" \/>\n\t<meta name=\"twitter:data1\" content=\"P\u00ebrmbledhja\" \/>\n\t<meta name=\"twitter:label2\" content=\"Est. reading time\" \/>\n\t<meta name=\"twitter:data2\" content=\"2 minuta\" \/>\n<script type=\"application\/ld+json\" class=\"yoast-schema-graph\">{\"@context\":\"https:\/\/schema.org\",\"@graph\":[{\"@type\":\"Article\",\"@id\":\"https:\/\/permbledhja.com\/haxhiu-per-rastin-e-11-vjecares-ne-prishtine-urojme-qe-te-kete-edhe-doreheqje-te-tjera\/#article\",\"isPartOf\":{\"@id\":\"https:\/\/permbledhja.com\/haxhiu-per-rastin-e-11-vjecares-ne-prishtine-urojme-qe-te-kete-edhe-doreheqje-te-tjera\/\"},\"author\":{\"name\":\"P\u00ebrmbledhja\",\"@id\":\"https:\/\/permbledhja.com\/#\/schema\/person\/0d064377258d3221e50693947b9eb4fe\"},\"headline\":\"Haxhiu p\u00ebr rastin e 11-vje\u00e7ares n\u00eb Prishtin\u00eb: Urojm\u00eb q\u00eb t\u00eb ket\u00eb edhe dor\u00ebheqje t\u00eb tjera\",\"datePublished\":\"2022-09-04T10:22:25+00:00\",\"dateModified\":\"2022-09-04T10:22:25+00:00\",\"mainEntityOfPage\":{\"@id\":\"https:\/\/permbledhja.com\/haxhiu-per-rastin-e-11-vjecares-ne-prishtine-urojme-qe-te-kete-edhe-doreheqje-te-tjera\/\"},\"wordCount\":334,\"publisher\":{\"@id\":\"https:\/\/permbledhja.com\/#organization\"},\"keywords\":[\"Albulena Haxhiu\"],\"articleSection\":[\"Komb\u00ebtare\",\"Lajme\"],\"inLanguage\":\"sq\"},{\"@type\":\"WebPage\",\"@id\":\"https:\/\/permbledhja.com\/haxhiu-per-rastin-e-11-vjecares-ne-prishtine-urojme-qe-te-kete-edhe-doreheqje-te-tjera\/\",\"url\":\"https:\/\/permbledhja.com\/haxhiu-per-rastin-e-11-vjecares-ne-prishtine-urojme-qe-te-kete-edhe-doreheqje-te-tjera\/\",\"name\":\"Haxhiu p\u00ebr rastin e 11-vje\u00e7ares n\u00eb Prishtin\u00eb: Urojm\u00eb q\u00eb t\u00eb ket\u00eb edhe dor\u00ebheqje t\u00eb tjera\",\"isPartOf\":{\"@id\":\"https:\/\/permbledhja.com\/#website\"},\"datePublished\":\"2022-09-04T10:22:25+00:00\",\"dateModified\":\"2022-09-04T10:22:25+00:00\",\"breadcrumb\":{\"@id\":\"https:\/\/permbledhja.com\/haxhiu-per-rastin-e-11-vjecares-ne-prishtine-urojme-qe-te-kete-edhe-doreheqje-te-tjera\/#breadcrumb\"},\"inLanguage\":\"sq\",\"potentialAction\":[{\"@type\":\"ReadAction\",\"target\":[\"https:\/\/permbledhja.com\/haxhiu-per-rastin-e-11-vjecares-ne-prishtine-urojme-qe-te-kete-edhe-doreheqje-te-tjera\/\"]}]},{\"@type\":\"BreadcrumbList\",\"@id\":\"https:\/\/permbledhja.com\/haxhiu-per-rastin-e-11-vjecares-ne-prishtine-urojme-qe-te-kete-edhe-doreheqje-te-tjera\/#breadcrumb\",\"itemListElement\":[{\"@type\":\"ListItem\",\"position\":1,\"name\":\"Ballina\",\"item\":\"https:\/\/permbledhja.com\/sq\/\"},{\"@type\":\"ListItem\",\"position\":2,\"name\":\"Haxhiu p\u00ebr rastin e 11-vje\u00e7ares n\u00eb Prishtin\u00eb: Urojm\u00eb q\u00eb t\u00eb ket\u00eb edhe dor\u00ebheqje t\u00eb tjera\"}]},{\"@type\":\"WebSite\",\"@id\":\"https:\/\/permbledhja.com\/#website\",\"url\":\"https:\/\/permbledhja.com\/\",\"name\":\"Ve\u00e7 artikuj p\u00ebrmbledh\u00ebs\",\"description\":\"\",\"publisher\":{\"@id\":\"https:\/\/permbledhja.com\/#organization\"},\"potentialAction\":[{\"@type\":\"SearchAction\",\"target\":{\"@type\":\"EntryPoint\",\"urlTemplate\":\"https:\/\/permbledhja.com\/?s={search_term_string}\"},\"query-input\":\"required name=search_term_string\"}],\"inLanguage\":\"sq\"},{\"@type\":\"Organization\",\"@id\":\"https:\/\/permbledhja.com\/#organization\",\"name\":\"MK Media & Pr\",\"url\":\"https:\/\/permbledhja.com\/\",\"logo\":{\"@type\":\"ImageObject\",\"inLanguage\":\"sq\",\"@id\":\"https:\/\/permbledhja.com\/#\/schema\/logo\/image\/\",\"url\":\"https:\/\/permbledhja.com\/wp-content\/uploads\/2021\/12\/07-Press-Logo.jpg\",\"contentUrl\":\"https:\/\/permbledhja.com\/wp-content\/uploads\/2021\/12\/07-Press-Logo.jpg\",\"width\":512,\"height\":512,\"caption\":\"MK Media & Pr\"},\"image\":{\"@id\":\"https:\/\/permbledhja.com\/#\/schema\/logo\/image\/\"},\"sameAs\":[\"https:\/\/www.facebook.com\/press07\/\"]},{\"@type\":\"Person\",\"@id\":\"https:\/\/permbledhja.com\/#\/schema\/person\/0d064377258d3221e50693947b9eb4fe\",\"name\":\"P\u00ebrmbledhja\",\"image\":{\"@type\":\"ImageObject\",\"inLanguage\":\"sq\",\"@id\":\"https:\/\/permbledhja.com\/#\/schema\/person\/image\/\",\"url\":\"https:\/\/permbledhja.com\/wp-content\/uploads\/2026\/01\/452004717_1040944174702970_8932037511805513407_n-96x96.jpg\",\"contentUrl\":\"https:\/\/permbledhja.com\/wp-content\/uploads\/2026\/01\/452004717_1040944174702970_8932037511805513407_n-96x96.jpg\",\"caption\":\"P\u00ebrmbledhja\"},\"sameAs\":[\"https:\/\/www.facebook.com\/kafexhiu.muharrem\/\",\"https:\/\/www.instagram.com\/muharrem_kafexhiu\/\"],\"url\":\"https:\/\/permbledhja.com\/sq\/author\/admin\/\"}]}<\/script>\n<!-- \/ Yoast SEO plugin. -->","yoast_head_json":{"title":"Haxhiu p\u00ebr rastin e 11-vje\u00e7ares n\u00eb Prishtin\u00eb: Urojm\u00eb q\u00eb t\u00eb ket\u00eb edhe dor\u00ebheqje t\u00eb tjera","robots":{"index":"index","follow":"follow","max-snippet":"max-snippet:-1","max-image-preview":"max-image-preview:large","max-video-preview":"max-video-preview:-1"},"canonical":"https:\/\/permbledhja.com\/sq\/haxhiu-per-rastin-e-11-vjecares-ne-prishtine-urojme-qe-te-kete-edhe-doreheqje-te-tjera\/","og_locale":"sq_AL","og_type":"article","og_title":"Haxhiu p\u00ebr rastin e 11-vje\u00e7ares n\u00eb Prishtin\u00eb: Urojm\u00eb q\u00eb t\u00eb ket\u00eb edhe dor\u00ebheqje t\u00eb tjera","og_description":"Ministrja e Drejt\u00ebsis\u00eb, Albulena Haxhiu sot ka mbajtur konferenc\u00eb p\u00ebr media s\u00eb bashku me kryeministrin e vendit, Albin Kurti. Haxhiu dhe Kurti kan\u00eb folur para mediave p\u00ebr rastin e 11-vje\u00e7ares, ku kan\u00eb kritikuar gjyqtar\u00ebt e prokuror\u00ebt p\u00ebr \u201cneglizhenc\u00eb\u201d ndaj rasteve t\u00eb tilla, shkruan lajmi.net. Ministrja ka b\u00ebr\u00eb t\u00eb ditur se tashm\u00eb do t\u00eb procedoj\u00eb n\u00eb [&hellip;]","og_url":"https:\/\/permbledhja.com\/sq\/haxhiu-per-rastin-e-11-vjecares-ne-prishtine-urojme-qe-te-kete-edhe-doreheqje-te-tjera\/","og_site_name":"Ve\u00e7 artikuj p\u00ebrmbledh\u00ebs","article_publisher":"https:\/\/www.facebook.com\/press07\/","article_author":"https:\/\/www.facebook.com\/kafexhiu.muharrem\/","article_published_time":"2022-09-04T10:22:25+00:00","og_image":[{"width":996,"height":747,"url":"https:\/\/permbledhja.com\/wp-content\/uploads\/2022\/09\/CD98F998-2F0E-41F6-A477-F6E201865CA3.png","type":"image\/png"}],"author":"P\u00ebrmbledhja","twitter_card":"summary_large_image","twitter_misc":{"Written by":"P\u00ebrmbledhja","Est. reading time":"2 minuta"},"schema":{"@context":"https:\/\/schema.org","@graph":[{"@type":"Article","@id":"https:\/\/permbledhja.com\/haxhiu-per-rastin-e-11-vjecares-ne-prishtine-urojme-qe-te-kete-edhe-doreheqje-te-tjera\/#article","isPartOf":{"@id":"https:\/\/permbledhja.com\/haxhiu-per-rastin-e-11-vjecares-ne-prishtine-urojme-qe-te-kete-edhe-doreheqje-te-tjera\/"},"author":{"name":"P\u00ebrmbledhja","@id":"https:\/\/permbledhja.com\/#\/schema\/person\/0d064377258d3221e50693947b9eb4fe"},"headline":"Haxhiu p\u00ebr rastin e 11-vje\u00e7ares n\u00eb Prishtin\u00eb: Urojm\u00eb q\u00eb t\u00eb ket\u00eb edhe dor\u00ebheqje t\u00eb tjera","datePublished":"2022-09-04T10:22:25+00:00","dateModified":"2022-09-04T10:22:25+00:00","mainEntityOfPage":{"@id":"https:\/\/permbledhja.com\/haxhiu-per-rastin-e-11-vjecares-ne-prishtine-urojme-qe-te-kete-edhe-doreheqje-te-tjera\/"},"wordCount":334,"publisher":{"@id":"https:\/\/permbledhja.com\/#organization"},"keywords":["Albulena Haxhiu"],"articleSection":["Komb\u00ebtare","Lajme"],"inLanguage":"sq"},{"@type":"WebPage","@id":"https:\/\/permbledhja.com\/haxhiu-per-rastin-e-11-vjecares-ne-prishtine-urojme-qe-te-kete-edhe-doreheqje-te-tjera\/","url":"https:\/\/permbledhja.com\/haxhiu-per-rastin-e-11-vjecares-ne-prishtine-urojme-qe-te-kete-edhe-doreheqje-te-tjera\/","name":"Haxhiu p\u00ebr rastin e 11-vje\u00e7ares n\u00eb Prishtin\u00eb: Urojm\u00eb q\u00eb t\u00eb ket\u00eb edhe dor\u00ebheqje t\u00eb tjera","isPartOf":{"@id":"https:\/\/permbledhja.com\/#website"},"datePublished":"2022-09-04T10:22:25+00:00","dateModified":"2022-09-04T10:22:25+00:00","breadcrumb":{"@id":"https:\/\/permbledhja.com\/haxhiu-per-rastin-e-11-vjecares-ne-prishtine-urojme-qe-te-kete-edhe-doreheqje-te-tjera\/#breadcrumb"},"inLanguage":"sq","potentialAction":[{"@type":"ReadAction","target":["https:\/\/permbledhja.com\/haxhiu-per-rastin-e-11-vjecares-ne-prishtine-urojme-qe-te-kete-edhe-doreheqje-te-tjera\/"]}]},{"@type":"BreadcrumbList","@id":"https:\/\/permbledhja.com\/haxhiu-per-rastin-e-11-vjecares-ne-prishtine-urojme-qe-te-kete-edhe-doreheqje-te-tjera\/#breadcrumb","itemListElement":[{"@type":"ListItem","position":1,"name":"Ballina","item":"https:\/\/permbledhja.com\/sq\/"},{"@type":"ListItem","position":2,"name":"Haxhiu p\u00ebr rastin e 11-vje\u00e7ares n\u00eb Prishtin\u00eb: Urojm\u00eb q\u00eb t\u00eb ket\u00eb edhe dor\u00ebheqje t\u00eb tjera"}]},{"@type":"WebSite","@id":"https:\/\/permbledhja.com\/#website","url":"https:\/\/permbledhja.com\/","name":"Ve\u00e7 artikuj p\u00ebrmbledh\u00ebs","description":"","publisher":{"@id":"https:\/\/permbledhja.com\/#organization"},"potentialAction":[{"@type":"SearchAction","target":{"@type":"EntryPoint","urlTemplate":"https:\/\/permbledhja.com\/?s={search_term_string}"},"query-input":"required name=search_term_string"}],"inLanguage":"sq"},{"@type":"Organization","@id":"https:\/\/permbledhja.com\/#organization","name":"MK Media & Pr","url":"https:\/\/permbledhja.com\/","logo":{"@type":"ImageObject","inLanguage":"sq","@id":"https:\/\/permbledhja.com\/#\/schema\/logo\/image\/","url":"https:\/\/permbledhja.com\/wp-content\/uploads\/2021\/12\/07-Press-Logo.jpg","contentUrl":"https:\/\/permbledhja.com\/wp-content\/uploads\/2021\/12\/07-Press-Logo.jpg","width":512,"height":512,"caption":"MK Media & Pr"},"image":{"@id":"https:\/\/permbledhja.com\/#\/schema\/logo\/image\/"},"sameAs":["https:\/\/www.facebook.com\/press07\/"]},{"@type":"Person","@id":"https:\/\/permbledhja.com\/#\/schema\/person\/0d064377258d3221e50693947b9eb4fe","name":"P\u00ebrmbledhja","image":{"@type":"ImageObject","inLanguage":"sq","@id":"https:\/\/permbledhja.com\/#\/schema\/person\/image\/","url":"https:\/\/permbledhja.com\/wp-content\/uploads\/2026\/01\/452004717_1040944174702970_8932037511805513407_n-96x96.jpg","contentUrl":"https:\/\/permbledhja.com\/wp-content\/uploads\/2026\/01\/452004717_1040944174702970_8932037511805513407_n-96x96.jpg","caption":"P\u00ebrmbledhja"},"sameAs":["https:\/\/www.facebook.com\/kafexhiu.muharrem\/","https:\/\/www.instagram.com\/muharrem_kafexhiu\/"],"url":"https:\/\/permbledhja.com\/sq\/author\/admin\/"}]}},"_links":{"self":[{"href":"https:\/\/permbledhja.com\/sq\/wp-json\/wp\/v2\/posts\/4844"}],"collection":[{"href":"https:\/\/permbledhja.com\/sq\/wp-json\/wp\/v2\/posts"}],"about":[{"href":"https:\/\/permbledhja.com\/sq\/wp-json\/wp\/v2\/types\/post"}],"author":[{"embeddable":true,"href":"https:\/\/permbledhja.com\/sq\/wp-json\/wp\/v2\/users\/1"}],"replies":[{"embeddable":true,"href":"https:\/\/permbledhja.com\/sq\/wp-json\/wp\/v2\/comments?post=4844"}],"version-history":[{"count":1,"href":"https:\/\/permbledhja.com\/sq\/wp-json\/wp\/v2\/posts\/4844\/revisions"}],"predecessor-version":[{"id":4846,"href":"https:\/\/permbledhja.com\/sq\/wp-json\/wp\/v2\/posts\/4844\/revisions\/4846"}],"wp:featuredmedia":[{"embeddable":true,"href":"https:\/\/permbledhja.com\/sq\/wp-json\/wp\/v2\/media\/4845"}],"wp:attachment":[{"href":"https:\/\/permbledhja.com\/sq\/wp-json\/wp\/v2\/media?parent=4844"}],"wp:term":[{"taxonomy":"category","embeddable":true,"href":"https:\/\/permbledhja.com\/sq\/wp-json\/wp\/v2\/categories?post=4844"},{"taxonomy":"post_tag","embeddable":true,"href":"https:\/\/permbledhja.com\/sq\/wp-json\/wp\/v2\/tags?post=4844"}],"curies":[{"name":"wp","href":"https:\/\/api.w.org\/{rel}","templated":true}]}}