{"id":48223,"date":"2024-02-14T19:55:42","date_gmt":"2024-02-14T19:55:42","guid":{"rendered":"https:\/\/permbledhja.com\/?p=48223"},"modified":"2024-02-14T19:55:42","modified_gmt":"2024-02-14T19:55:42","slug":"rama-vizita-e-blinken-tregon-se-shqiperia-eshte-nje-vend-i-rendesishem-per-shba-ne","status":"publish","type":"post","link":"https:\/\/permbledhja.com\/sq\/rama-vizita-e-blinken-tregon-se-shqiperia-eshte-nje-vend-i-rendesishem-per-shba-ne\/","title":{"rendered":"Rama: Vizita e Blinken tregon se Shqip\u00ebria \u00ebsht\u00eb nj\u00eb vend i r\u00ebnd\u00ebsish\u00ebm p\u00ebr SHBA-n\u00eb"},"content":{"rendered":"<h3>Kryeministri i Shqip\u00ebris\u00eb, Edi Rama, tha se vizita e sekretarit amerikan t\u00eb shtetit Antony Blinken tregon se SHBA e konsideron Shqip\u00ebrin\u00eb nj\u00eb vend t\u00eb r\u00ebnd\u00ebsish\u00ebm dhe ka nj\u00eb konsiderat\u00eb t\u00eb ve\u00e7ant\u00eb p\u00ebr rolin e Shqip\u00ebria ka marr\u00eb p\u00ebrsip\u00ebr t\u00eb luaj\u00eb n\u00eb rajon.<\/h3>\n<p>\u201cAngazhimi i fundit n\u00eb K\u00ebshillin e Sigurimit, ku Shqip\u00ebria ka marr\u00eb nj\u00eb fal\u00ebnderim jasht\u00ebzakonisht dometh\u00ebn\u00ebs nga p\u00ebrfaq\u00ebsuesja e Shtetit t\u00eb Bashkuara, ambasadorja n\u00eb at\u00eb tryez\u00eb p\u00ebr kontributin e ve\u00e7ant\u00eb. Sigurisht q\u00eb kjo vizit\u00eb lidhet edhe me nj\u00eb besim shum\u00eb t\u00eb fort\u00eb t\u00eb aleat\u00ebve tan\u00eb strategjik\u00eb tek Shqip\u00ebria, tek pesha e Shqip\u00ebris\u00eb sot n\u00eb rajon dhe patjet\u00ebr edhe me nj\u00eb konsiderat\u00eb t\u00eb ve\u00e7ant\u00eb p\u00ebr rolin e Shqip\u00ebria ka marr\u00eb p\u00ebrsip\u00ebr t\u00eb luaj\u00eb n\u00eb rajon si nj\u00eb vend me dor\u00ebn e shtrir\u00eb t\u00eb miq\u00ebsis\u00eb p\u00ebr t\u00eb gjitha shijet e lagjes son\u00eb Ballkanike n\u00eb mes t\u00eb Evrop\u00ebs\u201d, tha Rama n\u00eb ATV.<\/p>\n<p>Ai tha se Shqip\u00ebria \u00ebsht\u00eb ngjitur n\u00eb nj\u00eb tjet\u00ebr nivel n\u00eb aspektin e pozicionimit dhe prezantimit t\u00eb saj nd\u00ebrkomb\u00ebtar.<\/p>\n<p>\u201cSot Shqip\u00ebria \u00ebsht\u00eb ngjitur n\u00eb nj\u00eb tjet\u00ebr nivel n\u00eb aspektin e pozicionimit dhe prezantimit t\u00eb saj nd\u00ebrkomb\u00ebtar, fal\u00eb edhe nj\u00eb s\u00ebr\u00eb hapash shum\u00eb t\u00eb r\u00ebnd\u00ebsish\u00ebm q\u00eb ne kemi b\u00ebr\u00eb n\u00eb politik\u00ebn ton\u00eb t\u00eb jashtme, por edhe nj\u00eb s\u00ebr\u00eb angazhimesh t\u00eb paimagjinueshme, deri kur ka ndodhur, t\u00eb Shqip\u00ebris\u00eb n\u00eb tryezat m\u00eb t\u00eb r\u00ebnd\u00ebsishme t\u00eb politik\u00ebs nd\u00ebrkomb\u00ebtare\u201d, tha Rama.<\/p>\n","protected":false},"excerpt":{"rendered":"<p>Kryeministri i Shqip\u00ebris\u00eb, Edi Rama, tha se vizita e sekretarit amerikan t\u00eb shtetit Antony Blinken tregon se SHBA e konsideron Shqip\u00ebrin\u00eb nj\u00eb vend t\u00eb r\u00ebnd\u00ebsish\u00ebm dhe ka nj\u00eb konsiderat\u00eb t\u00eb ve\u00e7ant\u00eb p\u00ebr rolin e Shqip\u00ebria ka marr\u00eb p\u00ebrsip\u00ebr t\u00eb luaj\u00eb n\u00eb rajon. \u201cAngazhimi i fundit n\u00eb K\u00ebshillin e Sigurimit, ku Shqip\u00ebria ka marr\u00eb nj\u00eb fal\u00ebnderim [&hellip;]<\/p>\n","protected":false},"author":2,"featured_media":48224,"comment_status":"closed","ping_status":"closed","sticky":false,"template":"","format":"standard","meta":{"_monsterinsights_skip_tracking":false,"_monsterinsights_sitenote_active":false,"_monsterinsights_sitenote_note":"","_monsterinsights_sitenote_category":0,"_uf_show_specific_survey":0,"_uf_disable_surveys":false,"footnotes":""},"categories":[15],"tags":[474],"yoast_head":"<!-- This site is optimized with the Yoast SEO plugin v21.5 - https:\/\/yoast.com\/wordpress\/plugins\/seo\/ -->\n<title>Rama: Vizita e Blinken tregon se Shqip\u00ebria \u00ebsht\u00eb nj\u00eb vend i r\u00ebnd\u00ebsish\u00ebm p\u00ebr SHBA-n\u00eb<\/title>\n<meta name=\"robots\" content=\"index, follow, max-snippet:-1, max-image-preview:large, max-video-preview:-1\" \/>\n<link rel=\"canonical\" href=\"https:\/\/permbledhja.com\/sq\/rama-vizita-e-blinken-tregon-se-shqiperia-eshte-nje-vend-i-rendesishem-per-shba-ne\/\" \/>\n<meta property=\"og:locale\" content=\"sq_AL\" \/>\n<meta property=\"og:type\" content=\"article\" \/>\n<meta property=\"og:title\" content=\"Rama: Vizita e Blinken tregon se Shqip\u00ebria \u00ebsht\u00eb nj\u00eb vend i r\u00ebnd\u00ebsish\u00ebm p\u00ebr SHBA-n\u00eb\" \/>\n<meta property=\"og:description\" content=\"Kryeministri i Shqip\u00ebris\u00eb, Edi Rama, tha se vizita e sekretarit amerikan t\u00eb shtetit Antony Blinken tregon se SHBA e konsideron Shqip\u00ebrin\u00eb nj\u00eb vend t\u00eb r\u00ebnd\u00ebsish\u00ebm dhe ka nj\u00eb konsiderat\u00eb t\u00eb ve\u00e7ant\u00eb p\u00ebr rolin e Shqip\u00ebria ka marr\u00eb p\u00ebrsip\u00ebr t\u00eb luaj\u00eb n\u00eb rajon. \u201cAngazhimi i fundit n\u00eb K\u00ebshillin e Sigurimit, ku Shqip\u00ebria ka marr\u00eb nj\u00eb fal\u00ebnderim [&hellip;]\" \/>\n<meta property=\"og:url\" content=\"https:\/\/permbledhja.com\/sq\/rama-vizita-e-blinken-tregon-se-shqiperia-eshte-nje-vend-i-rendesishem-per-shba-ne\/\" \/>\n<meta property=\"og:site_name\" content=\"Ve\u00e7 artikuj p\u00ebrmbledh\u00ebs\" \/>\n<meta property=\"article:publisher\" content=\"https:\/\/www.facebook.com\/press07\/\" \/>\n<meta property=\"article:published_time\" content=\"2024-02-14T19:55:42+00:00\" \/>\n<meta property=\"og:image\" content=\"https:\/\/permbledhja.com\/wp-content\/uploads\/2024\/02\/900-0-1707572739xedi-rama-blinken-631-1.jpg\" \/>\n\t<meta property=\"og:image:width\" content=\"900\" \/>\n\t<meta property=\"og:image:height\" content=\"506\" \/>\n\t<meta property=\"og:image:type\" content=\"image\/jpeg\" \/>\n<meta name=\"author\" content=\"M M\" \/>\n<meta name=\"twitter:card\" content=\"summary_large_image\" \/>\n<meta name=\"twitter:label1\" content=\"Written by\" \/>\n\t<meta name=\"twitter:data1\" content=\"M M\" \/>\n\t<meta name=\"twitter:label2\" content=\"Est. reading time\" \/>\n\t<meta name=\"twitter:data2\" content=\"2 minuta\" \/>\n<script type=\"application\/ld+json\" class=\"yoast-schema-graph\">{\"@context\":\"https:\/\/schema.org\",\"@graph\":[{\"@type\":\"Article\",\"@id\":\"https:\/\/permbledhja.com\/rama-vizita-e-blinken-tregon-se-shqiperia-eshte-nje-vend-i-rendesishem-per-shba-ne\/#article\",\"isPartOf\":{\"@id\":\"https:\/\/permbledhja.com\/rama-vizita-e-blinken-tregon-se-shqiperia-eshte-nje-vend-i-rendesishem-per-shba-ne\/\"},\"author\":{\"name\":\"M M\",\"@id\":\"https:\/\/permbledhja.com\/#\/schema\/person\/d23f13f59b5722643933d6780783acf3\"},\"headline\":\"Rama: Vizita e Blinken tregon se Shqip\u00ebria \u00ebsht\u00eb nj\u00eb vend i r\u00ebnd\u00ebsish\u00ebm p\u00ebr SHBA-n\u00eb\",\"datePublished\":\"2024-02-14T19:55:42+00:00\",\"dateModified\":\"2024-02-14T19:55:42+00:00\",\"mainEntityOfPage\":{\"@id\":\"https:\/\/permbledhja.com\/rama-vizita-e-blinken-tregon-se-shqiperia-eshte-nje-vend-i-rendesishem-per-shba-ne\/\"},\"wordCount\":289,\"publisher\":{\"@id\":\"https:\/\/permbledhja.com\/#organization\"},\"keywords\":[\"Edi Rama\"],\"articleSection\":[\"Lajme\"],\"inLanguage\":\"sq\"},{\"@type\":\"WebPage\",\"@id\":\"https:\/\/permbledhja.com\/rama-vizita-e-blinken-tregon-se-shqiperia-eshte-nje-vend-i-rendesishem-per-shba-ne\/\",\"url\":\"https:\/\/permbledhja.com\/rama-vizita-e-blinken-tregon-se-shqiperia-eshte-nje-vend-i-rendesishem-per-shba-ne\/\",\"name\":\"Rama: Vizita e Blinken tregon se Shqip\u00ebria \u00ebsht\u00eb nj\u00eb vend i r\u00ebnd\u00ebsish\u00ebm p\u00ebr SHBA-n\u00eb\",\"isPartOf\":{\"@id\":\"https:\/\/permbledhja.com\/#website\"},\"datePublished\":\"2024-02-14T19:55:42+00:00\",\"dateModified\":\"2024-02-14T19:55:42+00:00\",\"breadcrumb\":{\"@id\":\"https:\/\/permbledhja.com\/rama-vizita-e-blinken-tregon-se-shqiperia-eshte-nje-vend-i-rendesishem-per-shba-ne\/#breadcrumb\"},\"inLanguage\":\"sq\",\"potentialAction\":[{\"@type\":\"ReadAction\",\"target\":[\"https:\/\/permbledhja.com\/rama-vizita-e-blinken-tregon-se-shqiperia-eshte-nje-vend-i-rendesishem-per-shba-ne\/\"]}]},{\"@type\":\"BreadcrumbList\",\"@id\":\"https:\/\/permbledhja.com\/rama-vizita-e-blinken-tregon-se-shqiperia-eshte-nje-vend-i-rendesishem-per-shba-ne\/#breadcrumb\",\"itemListElement\":[{\"@type\":\"ListItem\",\"position\":1,\"name\":\"Ballina\",\"item\":\"https:\/\/permbledhja.com\/sq\/\"},{\"@type\":\"ListItem\",\"position\":2,\"name\":\"Rama: Vizita e Blinken tregon se Shqip\u00ebria \u00ebsht\u00eb nj\u00eb vend i r\u00ebnd\u00ebsish\u00ebm p\u00ebr SHBA-n\u00eb\"}]},{\"@type\":\"WebSite\",\"@id\":\"https:\/\/permbledhja.com\/#website\",\"url\":\"https:\/\/permbledhja.com\/\",\"name\":\"Ve\u00e7 artikuj p\u00ebrmbledh\u00ebs\",\"description\":\"\",\"publisher\":{\"@id\":\"https:\/\/permbledhja.com\/#organization\"},\"potentialAction\":[{\"@type\":\"SearchAction\",\"target\":{\"@type\":\"EntryPoint\",\"urlTemplate\":\"https:\/\/permbledhja.com\/?s={search_term_string}\"},\"query-input\":\"required name=search_term_string\"}],\"inLanguage\":\"sq\"},{\"@type\":\"Organization\",\"@id\":\"https:\/\/permbledhja.com\/#organization\",\"name\":\"MK Media & Pr\",\"url\":\"https:\/\/permbledhja.com\/\",\"logo\":{\"@type\":\"ImageObject\",\"inLanguage\":\"sq\",\"@id\":\"https:\/\/permbledhja.com\/#\/schema\/logo\/image\/\",\"url\":\"https:\/\/permbledhja.com\/wp-content\/uploads\/2021\/12\/07-Press-Logo.jpg\",\"contentUrl\":\"https:\/\/permbledhja.com\/wp-content\/uploads\/2021\/12\/07-Press-Logo.jpg\",\"width\":512,\"height\":512,\"caption\":\"MK Media & Pr\"},\"image\":{\"@id\":\"https:\/\/permbledhja.com\/#\/schema\/logo\/image\/\"},\"sameAs\":[\"https:\/\/www.facebook.com\/press07\/\"]},{\"@type\":\"Person\",\"@id\":\"https:\/\/permbledhja.com\/#\/schema\/person\/d23f13f59b5722643933d6780783acf3\",\"name\":\"M M\",\"image\":{\"@type\":\"ImageObject\",\"inLanguage\":\"sq\",\"@id\":\"https:\/\/permbledhja.com\/#\/schema\/person\/image\/\",\"url\":\"https:\/\/secure.gravatar.com\/avatar\/e2835a76ca7c31a2416b2d51c4ec9a8f?s=96&d=mm&r=g\",\"contentUrl\":\"https:\/\/secure.gravatar.com\/avatar\/e2835a76ca7c31a2416b2d51c4ec9a8f?s=96&d=mm&r=g\",\"caption\":\"M M\"},\"sameAs\":[\"http:\/\/MM\"],\"url\":\"https:\/\/permbledhja.com\/sq\/author\/muhamet\/\"}]}<\/script>\n<!-- \/ Yoast SEO plugin. -->","yoast_head_json":{"title":"Rama: Vizita e Blinken tregon se Shqip\u00ebria \u00ebsht\u00eb nj\u00eb vend i r\u00ebnd\u00ebsish\u00ebm p\u00ebr SHBA-n\u00eb","robots":{"index":"index","follow":"follow","max-snippet":"max-snippet:-1","max-image-preview":"max-image-preview:large","max-video-preview":"max-video-preview:-1"},"canonical":"https:\/\/permbledhja.com\/sq\/rama-vizita-e-blinken-tregon-se-shqiperia-eshte-nje-vend-i-rendesishem-per-shba-ne\/","og_locale":"sq_AL","og_type":"article","og_title":"Rama: Vizita e Blinken tregon se Shqip\u00ebria \u00ebsht\u00eb nj\u00eb vend i r\u00ebnd\u00ebsish\u00ebm p\u00ebr SHBA-n\u00eb","og_description":"Kryeministri i Shqip\u00ebris\u00eb, Edi Rama, tha se vizita e sekretarit amerikan t\u00eb shtetit Antony Blinken tregon se SHBA e konsideron Shqip\u00ebrin\u00eb nj\u00eb vend t\u00eb r\u00ebnd\u00ebsish\u00ebm dhe ka nj\u00eb konsiderat\u00eb t\u00eb ve\u00e7ant\u00eb p\u00ebr rolin e Shqip\u00ebria ka marr\u00eb p\u00ebrsip\u00ebr t\u00eb luaj\u00eb n\u00eb rajon. \u201cAngazhimi i fundit n\u00eb K\u00ebshillin e Sigurimit, ku Shqip\u00ebria ka marr\u00eb nj\u00eb fal\u00ebnderim [&hellip;]","og_url":"https:\/\/permbledhja.com\/sq\/rama-vizita-e-blinken-tregon-se-shqiperia-eshte-nje-vend-i-rendesishem-per-shba-ne\/","og_site_name":"Ve\u00e7 artikuj p\u00ebrmbledh\u00ebs","article_publisher":"https:\/\/www.facebook.com\/press07\/","article_published_time":"2024-02-14T19:55:42+00:00","og_image":[{"width":900,"height":506,"url":"https:\/\/permbledhja.com\/wp-content\/uploads\/2024\/02\/900-0-1707572739xedi-rama-blinken-631-1.jpg","type":"image\/jpeg"}],"author":"M M","twitter_card":"summary_large_image","twitter_misc":{"Written by":"M M","Est. reading time":"2 minuta"},"schema":{"@context":"https:\/\/schema.org","@graph":[{"@type":"Article","@id":"https:\/\/permbledhja.com\/rama-vizita-e-blinken-tregon-se-shqiperia-eshte-nje-vend-i-rendesishem-per-shba-ne\/#article","isPartOf":{"@id":"https:\/\/permbledhja.com\/rama-vizita-e-blinken-tregon-se-shqiperia-eshte-nje-vend-i-rendesishem-per-shba-ne\/"},"author":{"name":"M M","@id":"https:\/\/permbledhja.com\/#\/schema\/person\/d23f13f59b5722643933d6780783acf3"},"headline":"Rama: Vizita e Blinken tregon se Shqip\u00ebria \u00ebsht\u00eb nj\u00eb vend i r\u00ebnd\u00ebsish\u00ebm p\u00ebr SHBA-n\u00eb","datePublished":"2024-02-14T19:55:42+00:00","dateModified":"2024-02-14T19:55:42+00:00","mainEntityOfPage":{"@id":"https:\/\/permbledhja.com\/rama-vizita-e-blinken-tregon-se-shqiperia-eshte-nje-vend-i-rendesishem-per-shba-ne\/"},"wordCount":289,"publisher":{"@id":"https:\/\/permbledhja.com\/#organization"},"keywords":["Edi Rama"],"articleSection":["Lajme"],"inLanguage":"sq"},{"@type":"WebPage","@id":"https:\/\/permbledhja.com\/rama-vizita-e-blinken-tregon-se-shqiperia-eshte-nje-vend-i-rendesishem-per-shba-ne\/","url":"https:\/\/permbledhja.com\/rama-vizita-e-blinken-tregon-se-shqiperia-eshte-nje-vend-i-rendesishem-per-shba-ne\/","name":"Rama: Vizita e Blinken tregon se Shqip\u00ebria \u00ebsht\u00eb nj\u00eb vend i r\u00ebnd\u00ebsish\u00ebm p\u00ebr SHBA-n\u00eb","isPartOf":{"@id":"https:\/\/permbledhja.com\/#website"},"datePublished":"2024-02-14T19:55:42+00:00","dateModified":"2024-02-14T19:55:42+00:00","breadcrumb":{"@id":"https:\/\/permbledhja.com\/rama-vizita-e-blinken-tregon-se-shqiperia-eshte-nje-vend-i-rendesishem-per-shba-ne\/#breadcrumb"},"inLanguage":"sq","potentialAction":[{"@type":"ReadAction","target":["https:\/\/permbledhja.com\/rama-vizita-e-blinken-tregon-se-shqiperia-eshte-nje-vend-i-rendesishem-per-shba-ne\/"]}]},{"@type":"BreadcrumbList","@id":"https:\/\/permbledhja.com\/rama-vizita-e-blinken-tregon-se-shqiperia-eshte-nje-vend-i-rendesishem-per-shba-ne\/#breadcrumb","itemListElement":[{"@type":"ListItem","position":1,"name":"Ballina","item":"https:\/\/permbledhja.com\/sq\/"},{"@type":"ListItem","position":2,"name":"Rama: Vizita e Blinken tregon se Shqip\u00ebria \u00ebsht\u00eb nj\u00eb vend i r\u00ebnd\u00ebsish\u00ebm p\u00ebr SHBA-n\u00eb"}]},{"@type":"WebSite","@id":"https:\/\/permbledhja.com\/#website","url":"https:\/\/permbledhja.com\/","name":"Ve\u00e7 artikuj p\u00ebrmbledh\u00ebs","description":"","publisher":{"@id":"https:\/\/permbledhja.com\/#organization"},"potentialAction":[{"@type":"SearchAction","target":{"@type":"EntryPoint","urlTemplate":"https:\/\/permbledhja.com\/?s={search_term_string}"},"query-input":"required name=search_term_string"}],"inLanguage":"sq"},{"@type":"Organization","@id":"https:\/\/permbledhja.com\/#organization","name":"MK Media & Pr","url":"https:\/\/permbledhja.com\/","logo":{"@type":"ImageObject","inLanguage":"sq","@id":"https:\/\/permbledhja.com\/#\/schema\/logo\/image\/","url":"https:\/\/permbledhja.com\/wp-content\/uploads\/2021\/12\/07-Press-Logo.jpg","contentUrl":"https:\/\/permbledhja.com\/wp-content\/uploads\/2021\/12\/07-Press-Logo.jpg","width":512,"height":512,"caption":"MK Media & Pr"},"image":{"@id":"https:\/\/permbledhja.com\/#\/schema\/logo\/image\/"},"sameAs":["https:\/\/www.facebook.com\/press07\/"]},{"@type":"Person","@id":"https:\/\/permbledhja.com\/#\/schema\/person\/d23f13f59b5722643933d6780783acf3","name":"M M","image":{"@type":"ImageObject","inLanguage":"sq","@id":"https:\/\/permbledhja.com\/#\/schema\/person\/image\/","url":"https:\/\/secure.gravatar.com\/avatar\/e2835a76ca7c31a2416b2d51c4ec9a8f?s=96&d=mm&r=g","contentUrl":"https:\/\/secure.gravatar.com\/avatar\/e2835a76ca7c31a2416b2d51c4ec9a8f?s=96&d=mm&r=g","caption":"M M"},"sameAs":["http:\/\/MM"],"url":"https:\/\/permbledhja.com\/sq\/author\/muhamet\/"}]}},"_links":{"self":[{"href":"https:\/\/permbledhja.com\/sq\/wp-json\/wp\/v2\/posts\/48223"}],"collection":[{"href":"https:\/\/permbledhja.com\/sq\/wp-json\/wp\/v2\/posts"}],"about":[{"href":"https:\/\/permbledhja.com\/sq\/wp-json\/wp\/v2\/types\/post"}],"author":[{"embeddable":true,"href":"https:\/\/permbledhja.com\/sq\/wp-json\/wp\/v2\/users\/2"}],"replies":[{"embeddable":true,"href":"https:\/\/permbledhja.com\/sq\/wp-json\/wp\/v2\/comments?post=48223"}],"version-history":[{"count":1,"href":"https:\/\/permbledhja.com\/sq\/wp-json\/wp\/v2\/posts\/48223\/revisions"}],"predecessor-version":[{"id":48225,"href":"https:\/\/permbledhja.com\/sq\/wp-json\/wp\/v2\/posts\/48223\/revisions\/48225"}],"wp:featuredmedia":[{"embeddable":true,"href":"https:\/\/permbledhja.com\/sq\/wp-json\/wp\/v2\/media\/48224"}],"wp:attachment":[{"href":"https:\/\/permbledhja.com\/sq\/wp-json\/wp\/v2\/media?parent=48223"}],"wp:term":[{"taxonomy":"category","embeddable":true,"href":"https:\/\/permbledhja.com\/sq\/wp-json\/wp\/v2\/categories?post=48223"},{"taxonomy":"post_tag","embeddable":true,"href":"https:\/\/permbledhja.com\/sq\/wp-json\/wp\/v2\/tags?post=48223"}],"curies":[{"name":"wp","href":"https:\/\/api.w.org\/{rel}","templated":true}]}}