{"id":48220,"date":"2024-02-14T19:52:13","date_gmt":"2024-02-14T19:52:13","guid":{"rendered":"https:\/\/permbledhja.com\/?p=48220"},"modified":"2024-02-14T19:52:13","modified_gmt":"2024-02-14T19:52:13","slug":"abdixhiku-godet-kurtin-ne-lipjan-popullistet-e-majte-i-pate-jane-perplot-urrejtje-e-propagande","status":"publish","type":"post","link":"https:\/\/permbledhja.com\/sq\/abdixhiku-godet-kurtin-ne-lipjan-popullistet-e-majte-i-pate-jane-perplot-urrejtje-e-propagande\/","title":{"rendered":"Abdixhiku godet Kurtin n\u00eb Lipjan: Popullist\u00ebt e majt\u00eb i pat\u00eb, jan\u00eb p\u00ebrplot urrejtje e propagand\u00eb"},"content":{"rendered":"<h3>Lumir Abdixhiku, kryetar i Lidhjes Demokratike t\u00eb Kosov\u00ebs (LDK), t\u00eb m\u00ebrkur\u00ebn ka q\u00ebndruar n\u00eb Lipjan, komun\u00eb q\u00eb qeveriset nga ky subjekt politik.<\/h3>\n<p>P\u00ebrmes nj\u00eb postimi n\u00eb Facebook, Abdixhiku ka folur p\u00ebr organizimin e brendsh\u00ebm t\u00eb LDK-s\u00eb. Aty aty Abdixhiku ka goditur kryeministrin Kurti, duke th\u00ebn\u00eb se \u201cpopullist\u00ebt e majt\u00eb i pat\u00eb, jan\u00eb p\u00ebrplot urrejtje e propagand\u00eb\u201d.<\/p>\n<p>Ai ka shtuar se \u201cmobilizimi yn\u00eb nacional po merr form\u00eb nd\u00ebrsa k\u00ebtu do t\u00eb shk\u00eblqej\u00eb\u201d, duke n\u00ebnkuptuar Lipjanin.<\/p>\n<p>M\u00eb tutje, ai ka deklaruar se \u201cn\u00eb k\u00ebt\u00eb vit zgjedhor \u00e7do i djatht\u00eb, patriot e rugovist, ka vet\u00ebm nj\u00eb adres\u00eb\u201d.<\/p>\n<p>P\u00ebr dit\u00eb t\u00eb t\u2019dashuruarve! Me nj\u00eb struktur\u00eb kaq t\u00eb organizuar e me kaq besim dhe energji, \u00e7do rrug\u00ebtim b\u00ebhet m\u00eb i leht\u00eb. Sonte, q\u00ebndrova n\u00eb Lipjan. Aty takova strukturat udh\u00ebheq\u00ebse t\u00eb k\u00ebsaj dege. Diskutuam hapur, shtruam planet drejt\u00eb. Mobilizimi yn\u00eb nacional po merr form\u00eb nd\u00ebrsa k\u00ebtu do t\u00eb shk\u00eblqej\u00eb! Fol\u00ebm p\u00ebr vizionin ton\u00eb. Rrug\u00ebn e Re si p\u00ebrgjigje ndaj popullizmit d\u00ebshp\u00ebrues q\u00eb n\u00eb vit t\u00eb fundit qeveris\u00ebs s\u2019mund t\u00eb num\u00ebroj\u00eb asnj\u00eb projekt p\u00ebrmbajt\u00ebsor. Thyerja e shpres\u00ebs do t\u00eb merr p\u00ebrgjigjen e vet. Ky vend, do t\u00eb flet\u201d.<\/p>\n<p>\u201cN\u00eb k\u00ebt\u00eb vit zgjedhor \u00e7do i djatht\u00eb, patriot e rugovist, ka vet\u00ebm nj\u00eb adres\u00eb. At\u00eb t\u00eb Lidhjes son\u00eb. Si forc\u00eb q\u00eb garanton rrug\u00ebtimin euroatlantik \u2013 me miq e plot aleat \u2013 si bindje q\u00eb ofron zhvillimin ekonomik si domosdoshm\u00ebri p\u00ebr gjeneratat e tanishme e atyre n\u00eb vijim. Popullist\u00ebt e majt\u00eb i pat\u00eb. Viti i kat\u00ebrt tashm\u00eb. S\u2019japin m\u00eb shum\u00eb; s\u2019munden m\u00eb shum\u00eb. Jan\u00eb p\u00ebrplot urrejtje, p\u00ebrplot propagand\u00eb, e pun\u00eb askund! Koha jon\u00eb po vjen\u201d, ka th\u00ebn\u00eb Abdixhiku.<\/p>\n","protected":false},"excerpt":{"rendered":"<p>Lumir Abdixhiku, kryetar i Lidhjes Demokratike t\u00eb Kosov\u00ebs (LDK), t\u00eb m\u00ebrkur\u00ebn ka q\u00ebndruar n\u00eb Lipjan, komun\u00eb q\u00eb qeveriset nga ky subjekt politik. P\u00ebrmes nj\u00eb postimi n\u00eb Facebook, Abdixhiku ka folur p\u00ebr organizimin e brendsh\u00ebm t\u00eb LDK-s\u00eb. Aty aty Abdixhiku ka goditur kryeministrin Kurti, duke th\u00ebn\u00eb se \u201cpopullist\u00ebt e majt\u00eb i pat\u00eb, jan\u00eb p\u00ebrplot urrejtje e [&hellip;]<\/p>\n","protected":false},"author":2,"featured_media":48221,"comment_status":"closed","ping_status":"closed","sticky":false,"template":"","format":"standard","meta":{"_monsterinsights_skip_tracking":false,"_monsterinsights_sitenote_active":false,"_monsterinsights_sitenote_note":"","_monsterinsights_sitenote_category":0,"_uf_show_specific_survey":0,"_uf_disable_surveys":false,"footnotes":""},"categories":[2645],"tags":[427],"yoast_head":"<!-- This site is optimized with the Yoast SEO plugin v21.5 - https:\/\/yoast.com\/wordpress\/plugins\/seo\/ -->\n<title>Abdixhiku godet Kurtin n\u00eb Lipjan: Popullist\u00ebt e majt\u00eb i pat\u00eb, jan\u00eb p\u00ebrplot urrejtje e propagand\u00eb<\/title>\n<meta name=\"robots\" content=\"index, follow, max-snippet:-1, max-image-preview:large, max-video-preview:-1\" \/>\n<link rel=\"canonical\" href=\"https:\/\/permbledhja.com\/sq\/abdixhiku-godet-kurtin-ne-lipjan-popullistet-e-majte-i-pate-jane-perplot-urrejtje-e-propagande\/\" \/>\n<meta property=\"og:locale\" content=\"sq_AL\" \/>\n<meta property=\"og:type\" content=\"article\" \/>\n<meta property=\"og:title\" content=\"Abdixhiku godet Kurtin n\u00eb Lipjan: Popullist\u00ebt e majt\u00eb i pat\u00eb, jan\u00eb p\u00ebrplot urrejtje e propagand\u00eb\" \/>\n<meta property=\"og:description\" content=\"Lumir Abdixhiku, kryetar i Lidhjes Demokratike t\u00eb Kosov\u00ebs (LDK), t\u00eb m\u00ebrkur\u00ebn ka q\u00ebndruar n\u00eb Lipjan, komun\u00eb q\u00eb qeveriset nga ky subjekt politik. P\u00ebrmes nj\u00eb postimi n\u00eb Facebook, Abdixhiku ka folur p\u00ebr organizimin e brendsh\u00ebm t\u00eb LDK-s\u00eb. Aty aty Abdixhiku ka goditur kryeministrin Kurti, duke th\u00ebn\u00eb se \u201cpopullist\u00ebt e majt\u00eb i pat\u00eb, jan\u00eb p\u00ebrplot urrejtje e [&hellip;]\" \/>\n<meta property=\"og:url\" content=\"https:\/\/permbledhja.com\/sq\/abdixhiku-godet-kurtin-ne-lipjan-popullistet-e-majte-i-pate-jane-perplot-urrejtje-e-propagande\/\" \/>\n<meta property=\"og:site_name\" content=\"Ve\u00e7 artikuj p\u00ebrmbledh\u00ebs\" \/>\n<meta property=\"article:publisher\" content=\"https:\/\/www.facebook.com\/press07\/\" \/>\n<meta property=\"article:published_time\" content=\"2024-02-14T19:52:13+00:00\" \/>\n<meta property=\"og:image\" content=\"https:\/\/permbledhja.com\/wp-content\/uploads\/2024\/02\/ru-600x360-1.jpg\" \/>\n\t<meta property=\"og:image:width\" content=\"600\" \/>\n\t<meta property=\"og:image:height\" content=\"360\" \/>\n\t<meta property=\"og:image:type\" content=\"image\/jpeg\" \/>\n<meta name=\"author\" content=\"M M\" \/>\n<meta name=\"twitter:card\" content=\"summary_large_image\" \/>\n<meta name=\"twitter:label1\" content=\"Written by\" \/>\n\t<meta name=\"twitter:data1\" content=\"M M\" \/>\n\t<meta name=\"twitter:label2\" content=\"Est. reading time\" \/>\n\t<meta name=\"twitter:data2\" content=\"2 minuta\" \/>\n<script type=\"application\/ld+json\" class=\"yoast-schema-graph\">{\"@context\":\"https:\/\/schema.org\",\"@graph\":[{\"@type\":\"Article\",\"@id\":\"https:\/\/permbledhja.com\/sq\/abdixhiku-godet-kurtin-ne-lipjan-popullistet-e-majte-i-pate-jane-perplot-urrejtje-e-propagande\/#article\",\"isPartOf\":{\"@id\":\"https:\/\/permbledhja.com\/sq\/abdixhiku-godet-kurtin-ne-lipjan-popullistet-e-majte-i-pate-jane-perplot-urrejtje-e-propagande\/\"},\"author\":{\"name\":\"M M\",\"@id\":\"https:\/\/permbledhja.com\/#\/schema\/person\/d23f13f59b5722643933d6780783acf3\"},\"headline\":\"Abdixhiku godet Kurtin n\u00eb Lipjan: Popullist\u00ebt e majt\u00eb i pat\u00eb, jan\u00eb p\u00ebrplot urrejtje e propagand\u00eb\",\"datePublished\":\"2024-02-14T19:52:13+00:00\",\"dateModified\":\"2024-02-14T19:52:13+00:00\",\"mainEntityOfPage\":{\"@id\":\"https:\/\/permbledhja.com\/sq\/abdixhiku-godet-kurtin-ne-lipjan-popullistet-e-majte-i-pate-jane-perplot-urrejtje-e-propagande\/\"},\"wordCount\":325,\"publisher\":{\"@id\":\"https:\/\/permbledhja.com\/#organization\"},\"keywords\":[\"Lumir Abdixhiku\"],\"articleSection\":[\"T\u00eb r\u00ebnd\u00ebsishme\"],\"inLanguage\":\"sq\"},{\"@type\":\"WebPage\",\"@id\":\"https:\/\/permbledhja.com\/sq\/abdixhiku-godet-kurtin-ne-lipjan-popullistet-e-majte-i-pate-jane-perplot-urrejtje-e-propagande\/\",\"url\":\"https:\/\/permbledhja.com\/sq\/abdixhiku-godet-kurtin-ne-lipjan-popullistet-e-majte-i-pate-jane-perplot-urrejtje-e-propagande\/\",\"name\":\"Abdixhiku godet Kurtin n\u00eb Lipjan: Popullist\u00ebt e majt\u00eb i pat\u00eb, jan\u00eb p\u00ebrplot urrejtje e propagand\u00eb\",\"isPartOf\":{\"@id\":\"https:\/\/permbledhja.com\/#website\"},\"datePublished\":\"2024-02-14T19:52:13+00:00\",\"dateModified\":\"2024-02-14T19:52:13+00:00\",\"breadcrumb\":{\"@id\":\"https:\/\/permbledhja.com\/sq\/abdixhiku-godet-kurtin-ne-lipjan-popullistet-e-majte-i-pate-jane-perplot-urrejtje-e-propagande\/#breadcrumb\"},\"inLanguage\":\"sq\",\"potentialAction\":[{\"@type\":\"ReadAction\",\"target\":[\"https:\/\/permbledhja.com\/sq\/abdixhiku-godet-kurtin-ne-lipjan-popullistet-e-majte-i-pate-jane-perplot-urrejtje-e-propagande\/\"]}]},{\"@type\":\"BreadcrumbList\",\"@id\":\"https:\/\/permbledhja.com\/sq\/abdixhiku-godet-kurtin-ne-lipjan-popullistet-e-majte-i-pate-jane-perplot-urrejtje-e-propagande\/#breadcrumb\",\"itemListElement\":[{\"@type\":\"ListItem\",\"position\":1,\"name\":\"Ballina\",\"item\":\"https:\/\/permbledhja.com\/sq\/\"},{\"@type\":\"ListItem\",\"position\":2,\"name\":\"Abdixhiku godet Kurtin n\u00eb Lipjan: Popullist\u00ebt e majt\u00eb i pat\u00eb, jan\u00eb p\u00ebrplot urrejtje e propagand\u00eb\"}]},{\"@type\":\"WebSite\",\"@id\":\"https:\/\/permbledhja.com\/#website\",\"url\":\"https:\/\/permbledhja.com\/\",\"name\":\"Ve\u00e7 artikuj p\u00ebrmbledh\u00ebs\",\"description\":\"\",\"publisher\":{\"@id\":\"https:\/\/permbledhja.com\/#organization\"},\"potentialAction\":[{\"@type\":\"SearchAction\",\"target\":{\"@type\":\"EntryPoint\",\"urlTemplate\":\"https:\/\/permbledhja.com\/?s={search_term_string}\"},\"query-input\":\"required name=search_term_string\"}],\"inLanguage\":\"sq\"},{\"@type\":\"Organization\",\"@id\":\"https:\/\/permbledhja.com\/#organization\",\"name\":\"MK Media & Pr\",\"url\":\"https:\/\/permbledhja.com\/\",\"logo\":{\"@type\":\"ImageObject\",\"inLanguage\":\"sq\",\"@id\":\"https:\/\/permbledhja.com\/#\/schema\/logo\/image\/\",\"url\":\"https:\/\/permbledhja.com\/wp-content\/uploads\/2021\/12\/07-Press-Logo.jpg\",\"contentUrl\":\"https:\/\/permbledhja.com\/wp-content\/uploads\/2021\/12\/07-Press-Logo.jpg\",\"width\":512,\"height\":512,\"caption\":\"MK Media & Pr\"},\"image\":{\"@id\":\"https:\/\/permbledhja.com\/#\/schema\/logo\/image\/\"},\"sameAs\":[\"https:\/\/www.facebook.com\/press07\/\"]},{\"@type\":\"Person\",\"@id\":\"https:\/\/permbledhja.com\/#\/schema\/person\/d23f13f59b5722643933d6780783acf3\",\"name\":\"M M\",\"image\":{\"@type\":\"ImageObject\",\"inLanguage\":\"sq\",\"@id\":\"https:\/\/permbledhja.com\/#\/schema\/person\/image\/\",\"url\":\"https:\/\/secure.gravatar.com\/avatar\/e2835a76ca7c31a2416b2d51c4ec9a8f?s=96&d=mm&r=g\",\"contentUrl\":\"https:\/\/secure.gravatar.com\/avatar\/e2835a76ca7c31a2416b2d51c4ec9a8f?s=96&d=mm&r=g\",\"caption\":\"M M\"},\"sameAs\":[\"http:\/\/MM\"],\"url\":\"https:\/\/permbledhja.com\/sq\/author\/muhamet\/\"}]}<\/script>\n<!-- \/ Yoast SEO plugin. -->","yoast_head_json":{"title":"Abdixhiku godet Kurtin n\u00eb Lipjan: Popullist\u00ebt e majt\u00eb i pat\u00eb, jan\u00eb p\u00ebrplot urrejtje e propagand\u00eb","robots":{"index":"index","follow":"follow","max-snippet":"max-snippet:-1","max-image-preview":"max-image-preview:large","max-video-preview":"max-video-preview:-1"},"canonical":"https:\/\/permbledhja.com\/sq\/abdixhiku-godet-kurtin-ne-lipjan-popullistet-e-majte-i-pate-jane-perplot-urrejtje-e-propagande\/","og_locale":"sq_AL","og_type":"article","og_title":"Abdixhiku godet Kurtin n\u00eb Lipjan: Popullist\u00ebt e majt\u00eb i pat\u00eb, jan\u00eb p\u00ebrplot urrejtje e propagand\u00eb","og_description":"Lumir Abdixhiku, kryetar i Lidhjes Demokratike t\u00eb Kosov\u00ebs (LDK), t\u00eb m\u00ebrkur\u00ebn ka q\u00ebndruar n\u00eb Lipjan, komun\u00eb q\u00eb qeveriset nga ky subjekt politik. P\u00ebrmes nj\u00eb postimi n\u00eb Facebook, Abdixhiku ka folur p\u00ebr organizimin e brendsh\u00ebm t\u00eb LDK-s\u00eb. Aty aty Abdixhiku ka goditur kryeministrin Kurti, duke th\u00ebn\u00eb se \u201cpopullist\u00ebt e majt\u00eb i pat\u00eb, jan\u00eb p\u00ebrplot urrejtje e [&hellip;]","og_url":"https:\/\/permbledhja.com\/sq\/abdixhiku-godet-kurtin-ne-lipjan-popullistet-e-majte-i-pate-jane-perplot-urrejtje-e-propagande\/","og_site_name":"Ve\u00e7 artikuj p\u00ebrmbledh\u00ebs","article_publisher":"https:\/\/www.facebook.com\/press07\/","article_published_time":"2024-02-14T19:52:13+00:00","og_image":[{"width":600,"height":360,"url":"https:\/\/permbledhja.com\/wp-content\/uploads\/2024\/02\/ru-600x360-1.jpg","type":"image\/jpeg"}],"author":"M M","twitter_card":"summary_large_image","twitter_misc":{"Written by":"M M","Est. reading time":"2 minuta"},"schema":{"@context":"https:\/\/schema.org","@graph":[{"@type":"Article","@id":"https:\/\/permbledhja.com\/sq\/abdixhiku-godet-kurtin-ne-lipjan-popullistet-e-majte-i-pate-jane-perplot-urrejtje-e-propagande\/#article","isPartOf":{"@id":"https:\/\/permbledhja.com\/sq\/abdixhiku-godet-kurtin-ne-lipjan-popullistet-e-majte-i-pate-jane-perplot-urrejtje-e-propagande\/"},"author":{"name":"M M","@id":"https:\/\/permbledhja.com\/#\/schema\/person\/d23f13f59b5722643933d6780783acf3"},"headline":"Abdixhiku godet Kurtin n\u00eb Lipjan: Popullist\u00ebt e majt\u00eb i pat\u00eb, jan\u00eb p\u00ebrplot urrejtje e propagand\u00eb","datePublished":"2024-02-14T19:52:13+00:00","dateModified":"2024-02-14T19:52:13+00:00","mainEntityOfPage":{"@id":"https:\/\/permbledhja.com\/sq\/abdixhiku-godet-kurtin-ne-lipjan-popullistet-e-majte-i-pate-jane-perplot-urrejtje-e-propagande\/"},"wordCount":325,"publisher":{"@id":"https:\/\/permbledhja.com\/#organization"},"keywords":["Lumir Abdixhiku"],"articleSection":["T\u00eb r\u00ebnd\u00ebsishme"],"inLanguage":"sq"},{"@type":"WebPage","@id":"https:\/\/permbledhja.com\/sq\/abdixhiku-godet-kurtin-ne-lipjan-popullistet-e-majte-i-pate-jane-perplot-urrejtje-e-propagande\/","url":"https:\/\/permbledhja.com\/sq\/abdixhiku-godet-kurtin-ne-lipjan-popullistet-e-majte-i-pate-jane-perplot-urrejtje-e-propagande\/","name":"Abdixhiku godet Kurtin n\u00eb Lipjan: Popullist\u00ebt e majt\u00eb i pat\u00eb, jan\u00eb p\u00ebrplot urrejtje e propagand\u00eb","isPartOf":{"@id":"https:\/\/permbledhja.com\/#website"},"datePublished":"2024-02-14T19:52:13+00:00","dateModified":"2024-02-14T19:52:13+00:00","breadcrumb":{"@id":"https:\/\/permbledhja.com\/sq\/abdixhiku-godet-kurtin-ne-lipjan-popullistet-e-majte-i-pate-jane-perplot-urrejtje-e-propagande\/#breadcrumb"},"inLanguage":"sq","potentialAction":[{"@type":"ReadAction","target":["https:\/\/permbledhja.com\/sq\/abdixhiku-godet-kurtin-ne-lipjan-popullistet-e-majte-i-pate-jane-perplot-urrejtje-e-propagande\/"]}]},{"@type":"BreadcrumbList","@id":"https:\/\/permbledhja.com\/sq\/abdixhiku-godet-kurtin-ne-lipjan-popullistet-e-majte-i-pate-jane-perplot-urrejtje-e-propagande\/#breadcrumb","itemListElement":[{"@type":"ListItem","position":1,"name":"Ballina","item":"https:\/\/permbledhja.com\/sq\/"},{"@type":"ListItem","position":2,"name":"Abdixhiku godet Kurtin n\u00eb Lipjan: Popullist\u00ebt e majt\u00eb i pat\u00eb, jan\u00eb p\u00ebrplot urrejtje e propagand\u00eb"}]},{"@type":"WebSite","@id":"https:\/\/permbledhja.com\/#website","url":"https:\/\/permbledhja.com\/","name":"Ve\u00e7 artikuj p\u00ebrmbledh\u00ebs","description":"","publisher":{"@id":"https:\/\/permbledhja.com\/#organization"},"potentialAction":[{"@type":"SearchAction","target":{"@type":"EntryPoint","urlTemplate":"https:\/\/permbledhja.com\/?s={search_term_string}"},"query-input":"required name=search_term_string"}],"inLanguage":"sq"},{"@type":"Organization","@id":"https:\/\/permbledhja.com\/#organization","name":"MK Media & Pr","url":"https:\/\/permbledhja.com\/","logo":{"@type":"ImageObject","inLanguage":"sq","@id":"https:\/\/permbledhja.com\/#\/schema\/logo\/image\/","url":"https:\/\/permbledhja.com\/wp-content\/uploads\/2021\/12\/07-Press-Logo.jpg","contentUrl":"https:\/\/permbledhja.com\/wp-content\/uploads\/2021\/12\/07-Press-Logo.jpg","width":512,"height":512,"caption":"MK Media & Pr"},"image":{"@id":"https:\/\/permbledhja.com\/#\/schema\/logo\/image\/"},"sameAs":["https:\/\/www.facebook.com\/press07\/"]},{"@type":"Person","@id":"https:\/\/permbledhja.com\/#\/schema\/person\/d23f13f59b5722643933d6780783acf3","name":"M M","image":{"@type":"ImageObject","inLanguage":"sq","@id":"https:\/\/permbledhja.com\/#\/schema\/person\/image\/","url":"https:\/\/secure.gravatar.com\/avatar\/e2835a76ca7c31a2416b2d51c4ec9a8f?s=96&d=mm&r=g","contentUrl":"https:\/\/secure.gravatar.com\/avatar\/e2835a76ca7c31a2416b2d51c4ec9a8f?s=96&d=mm&r=g","caption":"M M"},"sameAs":["http:\/\/MM"],"url":"https:\/\/permbledhja.com\/sq\/author\/muhamet\/"}]}},"_links":{"self":[{"href":"https:\/\/permbledhja.com\/sq\/wp-json\/wp\/v2\/posts\/48220"}],"collection":[{"href":"https:\/\/permbledhja.com\/sq\/wp-json\/wp\/v2\/posts"}],"about":[{"href":"https:\/\/permbledhja.com\/sq\/wp-json\/wp\/v2\/types\/post"}],"author":[{"embeddable":true,"href":"https:\/\/permbledhja.com\/sq\/wp-json\/wp\/v2\/users\/2"}],"replies":[{"embeddable":true,"href":"https:\/\/permbledhja.com\/sq\/wp-json\/wp\/v2\/comments?post=48220"}],"version-history":[{"count":1,"href":"https:\/\/permbledhja.com\/sq\/wp-json\/wp\/v2\/posts\/48220\/revisions"}],"predecessor-version":[{"id":48222,"href":"https:\/\/permbledhja.com\/sq\/wp-json\/wp\/v2\/posts\/48220\/revisions\/48222"}],"wp:featuredmedia":[{"embeddable":true,"href":"https:\/\/permbledhja.com\/sq\/wp-json\/wp\/v2\/media\/48221"}],"wp:attachment":[{"href":"https:\/\/permbledhja.com\/sq\/wp-json\/wp\/v2\/media?parent=48220"}],"wp:term":[{"taxonomy":"category","embeddable":true,"href":"https:\/\/permbledhja.com\/sq\/wp-json\/wp\/v2\/categories?post=48220"},{"taxonomy":"post_tag","embeddable":true,"href":"https:\/\/permbledhja.com\/sq\/wp-json\/wp\/v2\/tags?post=48220"}],"curies":[{"name":"wp","href":"https:\/\/api.w.org\/{rel}","templated":true}]}}