{"id":48082,"date":"2024-02-14T11:50:51","date_gmt":"2024-02-14T11:50:51","guid":{"rendered":"https:\/\/permbledhja.com\/?p=48082"},"modified":"2024-02-14T11:50:51","modified_gmt":"2024-02-14T11:50:51","slug":"stoltenberg-kosova-dhe-serbia-te-permbahen-nga-veprimet-qe-cojne-ne-eskalim-te-metejshem-te-tensioneve","status":"publish","type":"post","link":"https:\/\/permbledhja.com\/sq\/stoltenberg-kosova-dhe-serbia-te-permbahen-nga-veprimet-qe-cojne-ne-eskalim-te-metejshem-te-tensioneve\/","title":{"rendered":"Stoltenberg: Kosova dhe Serbia t\u00eb p\u00ebrmbahen nga veprimet q\u00eb \u00e7ojn\u00eb n\u00eb eskalim t\u00eb m\u00ebtejsh\u00ebm t\u00eb tensioneve"},"content":{"rendered":"<h3>Sekretari i P\u00ebrgjithsh\u00ebm i NATO-s\u00eb, Jens Stoltenberg, n\u00eb nj\u00eb konferenc\u00eb p\u00ebr media t\u00eb mbajtur sot n\u00eb selin\u00eb e Aleanc\u00ebs Veri-Atlantike ka folur p\u00ebr rajonin e Ballkanit Per\u00ebndimor dhe p\u00ebr procesin e dialogut mes Kosov\u00ebs dhe Serbis\u00eb.<\/h3>\n<p>Stoltenberg ka th\u00ebn\u00eb se t\u00eb gjitha pal\u00ebt duhet t\u00eb p\u00ebrmbahen nga gjuha inflamatore dhe nga veprimet q\u00eb mund t\u00eb \u00e7ojn\u00eb n\u00eb eskalim t\u00eb m\u00ebtejsh\u00ebm t\u00eb tensioneve.<\/p>\n<p>Ai ka th\u00ebn\u00eb se rruga p\u00ebrpara p\u00ebr Kosov\u00ebn dhe Serbin\u00eb \u00ebsht\u00eb dialogu i leht\u00ebsuar nga Bashkimi Evropian dhe ka th\u00ebn\u00eb se inkurajon t\u00eb dy pal\u00ebt q\u00eb t\u00eb angazhohen me mir\u00ebbesim n\u00eb procesin e negociatave.<\/p>\n<p>\u201cKemi par\u00eb rritje t\u00eb tensioneve n\u00eb Kosov\u00eb dhe pjes\u00eb t\u00eb tjera t\u00eb Ballkanit Per\u00ebndimor muajt e fundit. Mesazhi im \u00ebsht\u00eb q\u00eb t\u00eb gjitha pal\u00ebt duhet t\u00eb p\u00ebrmbahen nga gjuha inflamatore dhe nga veprimet q\u00eb mund t\u00eb eskalojn\u00eb tutje tensionet n\u00eb rajon. Kur vjen puna p\u00ebr Kosov\u00ebn, rruga p\u00ebrpara \u00ebsht\u00eb dialogu i leht\u00ebsuar nga BE-ja, dhe inkurajoj Prishtin\u00ebn dhe Beogradin q\u00eb t\u00eb angazhohen n\u00eb mir\u00ebbesim n\u00eb dialog\u201d, ka th\u00ebn\u00eb Stoltenberg, raporton Express.<\/p>\n","protected":false},"excerpt":{"rendered":"<p>Sekretari i P\u00ebrgjithsh\u00ebm i NATO-s\u00eb, Jens Stoltenberg, n\u00eb nj\u00eb konferenc\u00eb p\u00ebr media t\u00eb mbajtur sot n\u00eb selin\u00eb e Aleanc\u00ebs Veri-Atlantike ka folur p\u00ebr rajonin e Ballkanit Per\u00ebndimor dhe p\u00ebr procesin e dialogut mes Kosov\u00ebs dhe Serbis\u00eb. Stoltenberg ka th\u00ebn\u00eb se t\u00eb gjitha pal\u00ebt duhet t\u00eb p\u00ebrmbahen nga gjuha inflamatore dhe nga veprimet q\u00eb mund t\u00eb [&hellip;]<\/p>\n","protected":false},"author":5,"featured_media":48083,"comment_status":"closed","ping_status":"closed","sticky":false,"template":"","format":"standard","meta":{"_monsterinsights_skip_tracking":false,"_monsterinsights_sitenote_active":false,"_monsterinsights_sitenote_note":"","_monsterinsights_sitenote_category":0,"_uf_show_specific_survey":0,"_uf_disable_surveys":false,"footnotes":""},"categories":[1146],"tags":[],"yoast_head":"<!-- This site is optimized with the Yoast SEO plugin v21.5 - https:\/\/yoast.com\/wordpress\/plugins\/seo\/ -->\n<title>Stoltenberg: Kosova dhe Serbia t\u00eb p\u00ebrmbahen nga veprimet q\u00eb \u00e7ojn\u00eb n\u00eb eskalim t\u00eb m\u00ebtejsh\u00ebm t\u00eb tensioneve<\/title>\n<meta name=\"robots\" content=\"index, follow, max-snippet:-1, max-image-preview:large, max-video-preview:-1\" \/>\n<link rel=\"canonical\" href=\"https:\/\/permbledhja.com\/sq\/stoltenberg-kosova-dhe-serbia-te-permbahen-nga-veprimet-qe-cojne-ne-eskalim-te-metejshem-te-tensioneve\/\" \/>\n<meta property=\"og:locale\" content=\"sq_AL\" \/>\n<meta property=\"og:type\" content=\"article\" \/>\n<meta property=\"og:title\" content=\"Stoltenberg: Kosova dhe Serbia t\u00eb p\u00ebrmbahen nga veprimet q\u00eb \u00e7ojn\u00eb n\u00eb eskalim t\u00eb m\u00ebtejsh\u00ebm t\u00eb tensioneve\" \/>\n<meta property=\"og:description\" content=\"Sekretari i P\u00ebrgjithsh\u00ebm i NATO-s\u00eb, Jens Stoltenberg, n\u00eb nj\u00eb konferenc\u00eb p\u00ebr media t\u00eb mbajtur sot n\u00eb selin\u00eb e Aleanc\u00ebs Veri-Atlantike ka folur p\u00ebr rajonin e Ballkanit Per\u00ebndimor dhe p\u00ebr procesin e dialogut mes Kosov\u00ebs dhe Serbis\u00eb. Stoltenberg ka th\u00ebn\u00eb se t\u00eb gjitha pal\u00ebt duhet t\u00eb p\u00ebrmbahen nga gjuha inflamatore dhe nga veprimet q\u00eb mund t\u00eb [&hellip;]\" \/>\n<meta property=\"og:url\" content=\"https:\/\/permbledhja.com\/sq\/stoltenberg-kosova-dhe-serbia-te-permbahen-nga-veprimet-qe-cojne-ne-eskalim-te-metejshem-te-tensioneve\/\" \/>\n<meta property=\"og:site_name\" content=\"Ve\u00e7 artikuj p\u00ebrmbledh\u00ebs\" \/>\n<meta property=\"article:publisher\" content=\"https:\/\/www.facebook.com\/press07\/\" \/>\n<meta property=\"article:published_time\" content=\"2024-02-14T11:50:51+00:00\" \/>\n<meta property=\"og:image\" content=\"https:\/\/permbledhja.com\/wp-content\/uploads\/2024\/02\/stol.png\" \/>\n\t<meta property=\"og:image:width\" content=\"600\" \/>\n\t<meta property=\"og:image:height\" content=\"360\" \/>\n\t<meta property=\"og:image:type\" content=\"image\/png\" \/>\n<meta name=\"author\" content=\"DL\" \/>\n<meta name=\"twitter:card\" content=\"summary_large_image\" \/>\n<meta name=\"twitter:label1\" content=\"Written by\" \/>\n\t<meta name=\"twitter:data1\" content=\"DL\" \/>\n\t<meta name=\"twitter:label2\" content=\"Est. reading time\" \/>\n\t<meta name=\"twitter:data2\" content=\"1 minut\u00eb\" \/>\n<script type=\"application\/ld+json\" class=\"yoast-schema-graph\">{\"@context\":\"https:\/\/schema.org\",\"@graph\":[{\"@type\":\"Article\",\"@id\":\"https:\/\/permbledhja.com\/sq\/stoltenberg-kosova-dhe-serbia-te-permbahen-nga-veprimet-qe-cojne-ne-eskalim-te-metejshem-te-tensioneve\/#article\",\"isPartOf\":{\"@id\":\"https:\/\/permbledhja.com\/sq\/stoltenberg-kosova-dhe-serbia-te-permbahen-nga-veprimet-qe-cojne-ne-eskalim-te-metejshem-te-tensioneve\/\"},\"author\":{\"name\":\"DL\",\"@id\":\"https:\/\/permbledhja.com\/#\/schema\/person\/9c54260cbc4c6f792cb100550491638c\"},\"headline\":\"Stoltenberg: Kosova dhe Serbia t\u00eb p\u00ebrmbahen nga veprimet q\u00eb \u00e7ojn\u00eb n\u00eb eskalim t\u00eb m\u00ebtejsh\u00ebm t\u00eb tensioneve\",\"datePublished\":\"2024-02-14T11:50:51+00:00\",\"dateModified\":\"2024-02-14T11:50:51+00:00\",\"mainEntityOfPage\":{\"@id\":\"https:\/\/permbledhja.com\/sq\/stoltenberg-kosova-dhe-serbia-te-permbahen-nga-veprimet-qe-cojne-ne-eskalim-te-metejshem-te-tensioneve\/\"},\"wordCount\":217,\"publisher\":{\"@id\":\"https:\/\/permbledhja.com\/#organization\"},\"articleSection\":[\"Kryesoret\"],\"inLanguage\":\"sq\"},{\"@type\":\"WebPage\",\"@id\":\"https:\/\/permbledhja.com\/sq\/stoltenberg-kosova-dhe-serbia-te-permbahen-nga-veprimet-qe-cojne-ne-eskalim-te-metejshem-te-tensioneve\/\",\"url\":\"https:\/\/permbledhja.com\/sq\/stoltenberg-kosova-dhe-serbia-te-permbahen-nga-veprimet-qe-cojne-ne-eskalim-te-metejshem-te-tensioneve\/\",\"name\":\"Stoltenberg: Kosova dhe Serbia t\u00eb p\u00ebrmbahen nga veprimet q\u00eb \u00e7ojn\u00eb n\u00eb eskalim t\u00eb m\u00ebtejsh\u00ebm t\u00eb tensioneve\",\"isPartOf\":{\"@id\":\"https:\/\/permbledhja.com\/#website\"},\"datePublished\":\"2024-02-14T11:50:51+00:00\",\"dateModified\":\"2024-02-14T11:50:51+00:00\",\"breadcrumb\":{\"@id\":\"https:\/\/permbledhja.com\/sq\/stoltenberg-kosova-dhe-serbia-te-permbahen-nga-veprimet-qe-cojne-ne-eskalim-te-metejshem-te-tensioneve\/#breadcrumb\"},\"inLanguage\":\"sq\",\"potentialAction\":[{\"@type\":\"ReadAction\",\"target\":[\"https:\/\/permbledhja.com\/sq\/stoltenberg-kosova-dhe-serbia-te-permbahen-nga-veprimet-qe-cojne-ne-eskalim-te-metejshem-te-tensioneve\/\"]}]},{\"@type\":\"BreadcrumbList\",\"@id\":\"https:\/\/permbledhja.com\/sq\/stoltenberg-kosova-dhe-serbia-te-permbahen-nga-veprimet-qe-cojne-ne-eskalim-te-metejshem-te-tensioneve\/#breadcrumb\",\"itemListElement\":[{\"@type\":\"ListItem\",\"position\":1,\"name\":\"Ballina\",\"item\":\"https:\/\/permbledhja.com\/sq\/\"},{\"@type\":\"ListItem\",\"position\":2,\"name\":\"Stoltenberg: Kosova dhe Serbia t\u00eb p\u00ebrmbahen nga veprimet q\u00eb \u00e7ojn\u00eb n\u00eb eskalim t\u00eb m\u00ebtejsh\u00ebm t\u00eb tensioneve\"}]},{\"@type\":\"WebSite\",\"@id\":\"https:\/\/permbledhja.com\/#website\",\"url\":\"https:\/\/permbledhja.com\/\",\"name\":\"Ve\u00e7 artikuj p\u00ebrmbledh\u00ebs\",\"description\":\"\",\"publisher\":{\"@id\":\"https:\/\/permbledhja.com\/#organization\"},\"potentialAction\":[{\"@type\":\"SearchAction\",\"target\":{\"@type\":\"EntryPoint\",\"urlTemplate\":\"https:\/\/permbledhja.com\/?s={search_term_string}\"},\"query-input\":\"required name=search_term_string\"}],\"inLanguage\":\"sq\"},{\"@type\":\"Organization\",\"@id\":\"https:\/\/permbledhja.com\/#organization\",\"name\":\"MK Media & Pr\",\"url\":\"https:\/\/permbledhja.com\/\",\"logo\":{\"@type\":\"ImageObject\",\"inLanguage\":\"sq\",\"@id\":\"https:\/\/permbledhja.com\/#\/schema\/logo\/image\/\",\"url\":\"https:\/\/permbledhja.com\/wp-content\/uploads\/2021\/12\/07-Press-Logo.jpg\",\"contentUrl\":\"https:\/\/permbledhja.com\/wp-content\/uploads\/2021\/12\/07-Press-Logo.jpg\",\"width\":512,\"height\":512,\"caption\":\"MK Media & Pr\"},\"image\":{\"@id\":\"https:\/\/permbledhja.com\/#\/schema\/logo\/image\/\"},\"sameAs\":[\"https:\/\/www.facebook.com\/press07\/\"]},{\"@type\":\"Person\",\"@id\":\"https:\/\/permbledhja.com\/#\/schema\/person\/9c54260cbc4c6f792cb100550491638c\",\"name\":\"DL\",\"image\":{\"@type\":\"ImageObject\",\"inLanguage\":\"sq\",\"@id\":\"https:\/\/permbledhja.com\/#\/schema\/person\/image\/\",\"url\":\"https:\/\/secure.gravatar.com\/avatar\/94503eb28d4c4b2005a5c8753e35fc80?s=96&d=mm&r=g\",\"contentUrl\":\"https:\/\/secure.gravatar.com\/avatar\/94503eb28d4c4b2005a5c8753e35fc80?s=96&d=mm&r=g\",\"caption\":\"DL\"},\"url\":\"https:\/\/permbledhja.com\/sq\/author\/dl\/\"}]}<\/script>\n<!-- \/ Yoast SEO plugin. -->","yoast_head_json":{"title":"Stoltenberg: Kosova dhe Serbia t\u00eb p\u00ebrmbahen nga veprimet q\u00eb \u00e7ojn\u00eb n\u00eb eskalim t\u00eb m\u00ebtejsh\u00ebm t\u00eb tensioneve","robots":{"index":"index","follow":"follow","max-snippet":"max-snippet:-1","max-image-preview":"max-image-preview:large","max-video-preview":"max-video-preview:-1"},"canonical":"https:\/\/permbledhja.com\/sq\/stoltenberg-kosova-dhe-serbia-te-permbahen-nga-veprimet-qe-cojne-ne-eskalim-te-metejshem-te-tensioneve\/","og_locale":"sq_AL","og_type":"article","og_title":"Stoltenberg: Kosova dhe Serbia t\u00eb p\u00ebrmbahen nga veprimet q\u00eb \u00e7ojn\u00eb n\u00eb eskalim t\u00eb m\u00ebtejsh\u00ebm t\u00eb tensioneve","og_description":"Sekretari i P\u00ebrgjithsh\u00ebm i NATO-s\u00eb, Jens Stoltenberg, n\u00eb nj\u00eb konferenc\u00eb p\u00ebr media t\u00eb mbajtur sot n\u00eb selin\u00eb e Aleanc\u00ebs Veri-Atlantike ka folur p\u00ebr rajonin e Ballkanit Per\u00ebndimor dhe p\u00ebr procesin e dialogut mes Kosov\u00ebs dhe Serbis\u00eb. Stoltenberg ka th\u00ebn\u00eb se t\u00eb gjitha pal\u00ebt duhet t\u00eb p\u00ebrmbahen nga gjuha inflamatore dhe nga veprimet q\u00eb mund t\u00eb [&hellip;]","og_url":"https:\/\/permbledhja.com\/sq\/stoltenberg-kosova-dhe-serbia-te-permbahen-nga-veprimet-qe-cojne-ne-eskalim-te-metejshem-te-tensioneve\/","og_site_name":"Ve\u00e7 artikuj p\u00ebrmbledh\u00ebs","article_publisher":"https:\/\/www.facebook.com\/press07\/","article_published_time":"2024-02-14T11:50:51+00:00","og_image":[{"width":600,"height":360,"url":"https:\/\/permbledhja.com\/wp-content\/uploads\/2024\/02\/stol.png","type":"image\/png"}],"author":"DL","twitter_card":"summary_large_image","twitter_misc":{"Written by":"DL","Est. reading time":"1 minut\u00eb"},"schema":{"@context":"https:\/\/schema.org","@graph":[{"@type":"Article","@id":"https:\/\/permbledhja.com\/sq\/stoltenberg-kosova-dhe-serbia-te-permbahen-nga-veprimet-qe-cojne-ne-eskalim-te-metejshem-te-tensioneve\/#article","isPartOf":{"@id":"https:\/\/permbledhja.com\/sq\/stoltenberg-kosova-dhe-serbia-te-permbahen-nga-veprimet-qe-cojne-ne-eskalim-te-metejshem-te-tensioneve\/"},"author":{"name":"DL","@id":"https:\/\/permbledhja.com\/#\/schema\/person\/9c54260cbc4c6f792cb100550491638c"},"headline":"Stoltenberg: Kosova dhe Serbia t\u00eb p\u00ebrmbahen nga veprimet q\u00eb \u00e7ojn\u00eb n\u00eb eskalim t\u00eb m\u00ebtejsh\u00ebm t\u00eb tensioneve","datePublished":"2024-02-14T11:50:51+00:00","dateModified":"2024-02-14T11:50:51+00:00","mainEntityOfPage":{"@id":"https:\/\/permbledhja.com\/sq\/stoltenberg-kosova-dhe-serbia-te-permbahen-nga-veprimet-qe-cojne-ne-eskalim-te-metejshem-te-tensioneve\/"},"wordCount":217,"publisher":{"@id":"https:\/\/permbledhja.com\/#organization"},"articleSection":["Kryesoret"],"inLanguage":"sq"},{"@type":"WebPage","@id":"https:\/\/permbledhja.com\/sq\/stoltenberg-kosova-dhe-serbia-te-permbahen-nga-veprimet-qe-cojne-ne-eskalim-te-metejshem-te-tensioneve\/","url":"https:\/\/permbledhja.com\/sq\/stoltenberg-kosova-dhe-serbia-te-permbahen-nga-veprimet-qe-cojne-ne-eskalim-te-metejshem-te-tensioneve\/","name":"Stoltenberg: Kosova dhe Serbia t\u00eb p\u00ebrmbahen nga veprimet q\u00eb \u00e7ojn\u00eb n\u00eb eskalim t\u00eb m\u00ebtejsh\u00ebm t\u00eb tensioneve","isPartOf":{"@id":"https:\/\/permbledhja.com\/#website"},"datePublished":"2024-02-14T11:50:51+00:00","dateModified":"2024-02-14T11:50:51+00:00","breadcrumb":{"@id":"https:\/\/permbledhja.com\/sq\/stoltenberg-kosova-dhe-serbia-te-permbahen-nga-veprimet-qe-cojne-ne-eskalim-te-metejshem-te-tensioneve\/#breadcrumb"},"inLanguage":"sq","potentialAction":[{"@type":"ReadAction","target":["https:\/\/permbledhja.com\/sq\/stoltenberg-kosova-dhe-serbia-te-permbahen-nga-veprimet-qe-cojne-ne-eskalim-te-metejshem-te-tensioneve\/"]}]},{"@type":"BreadcrumbList","@id":"https:\/\/permbledhja.com\/sq\/stoltenberg-kosova-dhe-serbia-te-permbahen-nga-veprimet-qe-cojne-ne-eskalim-te-metejshem-te-tensioneve\/#breadcrumb","itemListElement":[{"@type":"ListItem","position":1,"name":"Ballina","item":"https:\/\/permbledhja.com\/sq\/"},{"@type":"ListItem","position":2,"name":"Stoltenberg: Kosova dhe Serbia t\u00eb p\u00ebrmbahen nga veprimet q\u00eb \u00e7ojn\u00eb n\u00eb eskalim t\u00eb m\u00ebtejsh\u00ebm t\u00eb tensioneve"}]},{"@type":"WebSite","@id":"https:\/\/permbledhja.com\/#website","url":"https:\/\/permbledhja.com\/","name":"Ve\u00e7 artikuj p\u00ebrmbledh\u00ebs","description":"","publisher":{"@id":"https:\/\/permbledhja.com\/#organization"},"potentialAction":[{"@type":"SearchAction","target":{"@type":"EntryPoint","urlTemplate":"https:\/\/permbledhja.com\/?s={search_term_string}"},"query-input":"required name=search_term_string"}],"inLanguage":"sq"},{"@type":"Organization","@id":"https:\/\/permbledhja.com\/#organization","name":"MK Media & Pr","url":"https:\/\/permbledhja.com\/","logo":{"@type":"ImageObject","inLanguage":"sq","@id":"https:\/\/permbledhja.com\/#\/schema\/logo\/image\/","url":"https:\/\/permbledhja.com\/wp-content\/uploads\/2021\/12\/07-Press-Logo.jpg","contentUrl":"https:\/\/permbledhja.com\/wp-content\/uploads\/2021\/12\/07-Press-Logo.jpg","width":512,"height":512,"caption":"MK Media & Pr"},"image":{"@id":"https:\/\/permbledhja.com\/#\/schema\/logo\/image\/"},"sameAs":["https:\/\/www.facebook.com\/press07\/"]},{"@type":"Person","@id":"https:\/\/permbledhja.com\/#\/schema\/person\/9c54260cbc4c6f792cb100550491638c","name":"DL","image":{"@type":"ImageObject","inLanguage":"sq","@id":"https:\/\/permbledhja.com\/#\/schema\/person\/image\/","url":"https:\/\/secure.gravatar.com\/avatar\/94503eb28d4c4b2005a5c8753e35fc80?s=96&d=mm&r=g","contentUrl":"https:\/\/secure.gravatar.com\/avatar\/94503eb28d4c4b2005a5c8753e35fc80?s=96&d=mm&r=g","caption":"DL"},"url":"https:\/\/permbledhja.com\/sq\/author\/dl\/"}]}},"_links":{"self":[{"href":"https:\/\/permbledhja.com\/sq\/wp-json\/wp\/v2\/posts\/48082"}],"collection":[{"href":"https:\/\/permbledhja.com\/sq\/wp-json\/wp\/v2\/posts"}],"about":[{"href":"https:\/\/permbledhja.com\/sq\/wp-json\/wp\/v2\/types\/post"}],"author":[{"embeddable":true,"href":"https:\/\/permbledhja.com\/sq\/wp-json\/wp\/v2\/users\/5"}],"replies":[{"embeddable":true,"href":"https:\/\/permbledhja.com\/sq\/wp-json\/wp\/v2\/comments?post=48082"}],"version-history":[{"count":1,"href":"https:\/\/permbledhja.com\/sq\/wp-json\/wp\/v2\/posts\/48082\/revisions"}],"predecessor-version":[{"id":48084,"href":"https:\/\/permbledhja.com\/sq\/wp-json\/wp\/v2\/posts\/48082\/revisions\/48084"}],"wp:featuredmedia":[{"embeddable":true,"href":"https:\/\/permbledhja.com\/sq\/wp-json\/wp\/v2\/media\/48083"}],"wp:attachment":[{"href":"https:\/\/permbledhja.com\/sq\/wp-json\/wp\/v2\/media?parent=48082"}],"wp:term":[{"taxonomy":"category","embeddable":true,"href":"https:\/\/permbledhja.com\/sq\/wp-json\/wp\/v2\/categories?post=48082"},{"taxonomy":"post_tag","embeddable":true,"href":"https:\/\/permbledhja.com\/sq\/wp-json\/wp\/v2\/tags?post=48082"}],"curies":[{"name":"wp","href":"https:\/\/api.w.org\/{rel}","templated":true}]}}