{"id":47929,"date":"2024-02-13T19:55:05","date_gmt":"2024-02-13T19:55:05","guid":{"rendered":"https:\/\/permbledhja.com\/?p=47929"},"modified":"2024-02-13T19:55:05","modified_gmt":"2024-02-13T19:55:05","slug":"obrien-i-qarte-sbej-kercenime-te-vaketa-nese-kosova-sna-trajton-si-partnere-as-ne-se-trajtojme-ate-si-te-tille","status":"publish","type":"post","link":"https:\/\/permbledhja.com\/sq\/obrien-i-qarte-sbej-kercenime-te-vaketa-nese-kosova-sna-trajton-si-partnere-as-ne-se-trajtojme-ate-si-te-tille\/","title":{"rendered":"O\u2019Brien i qart\u00eb: S\u2019b\u00ebj k\u00ebrc\u00ebnime t\u00eb vak\u00ebta, n\u00ebse Kosova s\u2019na trajton si partner\u00eb as ne s\u2019e trajtojm\u00eb at\u00eb si t\u00eb till\u00eb"},"content":{"rendered":"<h3>Ndihm\u00ebs Sekretari amerikan i Shtetit, James O\u2019Brien ka deklaruar se Shtetet e Bashkuara jan\u00eb shum\u00eb t\u00eb shqet\u00ebsuara me vendimin e qeveris\u00eb s\u00eb Kosov\u00ebs p\u00ebr t\u00eb mos lejuar p\u00ebrdorimin e dinarit.<\/h3>\n<p>Ai teksa foli p\u00ebr q\u00ebndrimet e SHBA-s\u00eb shtoi se me k\u00ebt\u00eb q\u00ebndrim, qeveria e Kosov\u00ebs ka v\u00ebn\u00eb n\u00eb pik\u00ebpyetje partneritetin me ta, duke theksuar se do t\u00eb trajtohet nj\u00ebjt\u00eb si i trajton ajo Shtetet e Bashkuara.<\/p>\n<p>\u201cUn\u00eb nuk b\u00ebj k\u00ebrc\u00ebnime t\u00eb vag\u00ebta publikisht. Un\u00eb do t\u00eb thoja, q\u00eb n\u00ebse ne nuk trajtohemi si partner, edhe ne nuk do ta trajtojm\u00eb qeverin\u00eb e Kosov\u00ebs si partnere\u201d, tha ai.<\/p>\n<p>O\u2019Brien sa i p\u00ebrket kontakteve me Kurtin rreth \u00e7\u00ebshtjes s\u00eb dinarit, tha se kishin komunikuar disa her\u00eb me t\u00eb para shpalljes s\u00eb vendimit dhe vet\u00ebm nj\u00eb shk\u00ebmbim t\u00eb shkurt\u00ebr pas shpalljes s\u00eb tij.<\/p>\n<p>\u201cAi kuptoi shqet\u00ebsimet, premtoi se do t\u00eb punonte p\u00ebr to, por qartazi vendosi miratimin e vendimit. N\u00ebse ai nuk na trajton si partner, kjo ngre pik\u00ebpyetje n\u00ebse ne mund ta konsiderojm\u00eb k\u00ebt\u00eb qeveri si partnere\u201d.<\/p>\n<p>\u201cKjo \u00ebsht\u00eb \u00e7\u00ebshtje partneriteti dhe aft\u00ebsie n\u00eb qeverisje. T\u00eb gjitha problemet q\u00eb jan\u00eb hasur q\u00eb kur u shpall ky vendim, u identifikuan q\u00eb n\u00eb 5-10 minutat e para, pasi m\u00ebsuam p\u00ebr t\u00eb. Megjithat\u00eb qeveria vazhdoi me zbatimin e tij pa paralajm\u00ebrim dhe ka l\u00ebn\u00eb nj\u00eb num\u00ebr qytetar\u00ebsh t\u00eb vet t\u00eb hutuar se si t\u00eb paguajn\u00eb p\u00ebr buk\u00ebn, qeran\u00eb dhe energjin\u00eb elektrike, t\u00eb cil\u00ebn disa prej tyre sapo kan\u00eb filluar ta paguajn\u00eb. Kjo nuk \u00ebsht\u00eb form\u00eb e qeverisjes efektive. Jemi shum\u00eb t\u00eb shqet\u00ebsuar, pasi kjo tregon paaft\u00ebsin\u00eb e qeveris\u00eb p\u00ebr t\u2019i sh\u00ebrbyer qytetar\u00ebve t\u00eb saj, por edhe p\u00ebr partneritetin. T\u00eb jesh pjes\u00eb e Evrop\u00ebs sot n\u00ebnkupton t\u2019i zgjidh\u00ebsh \u00e7\u00ebshtjet p\u00ebrmes dialogut me planifikimin efektiv dhe paralajm\u00ebrim. Ky vendim \u00ebsht\u00eb shpallur me nxitim, pa paralajm\u00ebrim dhe pa nj\u00eb p\u00ebrpjekje p\u00ebr t\u00eb shfryt\u00ebzuar mekanizmat ekzistues p\u00ebr t\u00eb gjetur p\u00ebrgjigje p\u00ebr gjith\u00eb problemet q\u00eb mund t\u00eb lindnin\u201d, tha nd\u00ebr tjera O\u2019Brien p\u00ebr Z\u00ebrin e Amerik\u00ebs.<\/p>\n","protected":false},"excerpt":{"rendered":"<p>Ndihm\u00ebs Sekretari amerikan i Shtetit, James O\u2019Brien ka deklaruar se Shtetet e Bashkuara jan\u00eb shum\u00eb t\u00eb shqet\u00ebsuara me vendimin e qeveris\u00eb s\u00eb Kosov\u00ebs p\u00ebr t\u00eb mos lejuar p\u00ebrdorimin e dinarit. Ai teksa foli p\u00ebr q\u00ebndrimet e SHBA-s\u00eb shtoi se me k\u00ebt\u00eb q\u00ebndrim, qeveria e Kosov\u00ebs ka v\u00ebn\u00eb n\u00eb pik\u00ebpyetje partneritetin me ta, duke theksuar se [&hellip;]<\/p>\n","protected":false},"author":2,"featured_media":47930,"comment_status":"closed","ping_status":"closed","sticky":false,"template":"","format":"standard","meta":{"_monsterinsights_skip_tracking":false,"_monsterinsights_sitenote_active":false,"_monsterinsights_sitenote_note":"","_monsterinsights_sitenote_category":0,"_uf_show_specific_survey":0,"_uf_disable_surveys":false,"footnotes":""},"categories":[2645],"tags":[2900],"yoast_head":"<!-- This site is optimized with the Yoast SEO plugin v21.5 - https:\/\/yoast.com\/wordpress\/plugins\/seo\/ -->\n<title>O\u2019Brien i qart\u00eb: S\u2019b\u00ebj k\u00ebrc\u00ebnime t\u00eb vak\u00ebta, n\u00ebse Kosova s\u2019na trajton si partner\u00eb as ne s\u2019e trajtojm\u00eb at\u00eb si t\u00eb till\u00eb<\/title>\n<meta name=\"robots\" content=\"index, follow, max-snippet:-1, max-image-preview:large, max-video-preview:-1\" \/>\n<link rel=\"canonical\" href=\"https:\/\/permbledhja.com\/sq\/obrien-i-qarte-sbej-kercenime-te-vaketa-nese-kosova-sna-trajton-si-partnere-as-ne-se-trajtojme-ate-si-te-tille\/\" \/>\n<meta property=\"og:locale\" content=\"sq_AL\" \/>\n<meta property=\"og:type\" content=\"article\" \/>\n<meta property=\"og:title\" content=\"O\u2019Brien i qart\u00eb: S\u2019b\u00ebj k\u00ebrc\u00ebnime t\u00eb vak\u00ebta, n\u00ebse Kosova s\u2019na trajton si partner\u00eb as ne s\u2019e trajtojm\u00eb at\u00eb si t\u00eb till\u00eb\" \/>\n<meta property=\"og:description\" content=\"Ndihm\u00ebs Sekretari amerikan i Shtetit, James O\u2019Brien ka deklaruar se Shtetet e Bashkuara jan\u00eb shum\u00eb t\u00eb shqet\u00ebsuara me vendimin e qeveris\u00eb s\u00eb Kosov\u00ebs p\u00ebr t\u00eb mos lejuar p\u00ebrdorimin e dinarit. Ai teksa foli p\u00ebr q\u00ebndrimet e SHBA-s\u00eb shtoi se me k\u00ebt\u00eb q\u00ebndrim, qeveria e Kosov\u00ebs ka v\u00ebn\u00eb n\u00eb pik\u00ebpyetje partneritetin me ta, duke theksuar se [&hellip;]\" \/>\n<meta property=\"og:url\" content=\"https:\/\/permbledhja.com\/sq\/obrien-i-qarte-sbej-kercenime-te-vaketa-nese-kosova-sna-trajton-si-partnere-as-ne-se-trajtojme-ate-si-te-tille\/\" \/>\n<meta property=\"og:site_name\" content=\"Ve\u00e7 artikuj p\u00ebrmbledh\u00ebs\" \/>\n<meta property=\"article:publisher\" content=\"https:\/\/www.facebook.com\/press07\/\" \/>\n<meta property=\"article:published_time\" content=\"2024-02-13T19:55:05+00:00\" \/>\n<meta property=\"og:image\" content=\"https:\/\/permbledhja.com\/wp-content\/uploads\/2024\/02\/James-OBrien-the-U.S.-State-Department16845704631696453660.webp\" \/>\n\t<meta property=\"og:image:width\" content=\"550\" \/>\n\t<meta property=\"og:image:height\" content=\"367\" \/>\n\t<meta property=\"og:image:type\" content=\"image\/webp\" \/>\n<meta name=\"author\" content=\"M M\" \/>\n<meta name=\"twitter:card\" content=\"summary_large_image\" \/>\n<meta name=\"twitter:label1\" content=\"Written by\" \/>\n\t<meta name=\"twitter:data1\" content=\"M M\" \/>\n\t<meta name=\"twitter:label2\" content=\"Est. reading time\" \/>\n\t<meta name=\"twitter:data2\" content=\"2 minuta\" \/>\n<script type=\"application\/ld+json\" class=\"yoast-schema-graph\">{\"@context\":\"https:\/\/schema.org\",\"@graph\":[{\"@type\":\"Article\",\"@id\":\"https:\/\/permbledhja.com\/obrien-i-qarte-sbej-kercenime-te-vaketa-nese-kosova-sna-trajton-si-partnere-as-ne-se-trajtojme-ate-si-te-tille\/#article\",\"isPartOf\":{\"@id\":\"https:\/\/permbledhja.com\/obrien-i-qarte-sbej-kercenime-te-vaketa-nese-kosova-sna-trajton-si-partnere-as-ne-se-trajtojme-ate-si-te-tille\/\"},\"author\":{\"name\":\"M M\",\"@id\":\"https:\/\/permbledhja.com\/#\/schema\/person\/d23f13f59b5722643933d6780783acf3\"},\"headline\":\"O\u2019Brien i qart\u00eb: S\u2019b\u00ebj k\u00ebrc\u00ebnime t\u00eb vak\u00ebta, n\u00ebse Kosova s\u2019na trajton si partner\u00eb as ne s\u2019e trajtojm\u00eb at\u00eb si t\u00eb till\u00eb\",\"datePublished\":\"2024-02-13T19:55:05+00:00\",\"dateModified\":\"2024-02-13T19:55:05+00:00\",\"mainEntityOfPage\":{\"@id\":\"https:\/\/permbledhja.com\/obrien-i-qarte-sbej-kercenime-te-vaketa-nese-kosova-sna-trajton-si-partnere-as-ne-se-trajtojme-ate-si-te-tille\/\"},\"wordCount\":412,\"publisher\":{\"@id\":\"https:\/\/permbledhja.com\/#organization\"},\"keywords\":[\"James O'Brein\"],\"articleSection\":[\"T\u00eb r\u00ebnd\u00ebsishme\"],\"inLanguage\":\"sq\"},{\"@type\":\"WebPage\",\"@id\":\"https:\/\/permbledhja.com\/obrien-i-qarte-sbej-kercenime-te-vaketa-nese-kosova-sna-trajton-si-partnere-as-ne-se-trajtojme-ate-si-te-tille\/\",\"url\":\"https:\/\/permbledhja.com\/obrien-i-qarte-sbej-kercenime-te-vaketa-nese-kosova-sna-trajton-si-partnere-as-ne-se-trajtojme-ate-si-te-tille\/\",\"name\":\"O\u2019Brien i qart\u00eb: S\u2019b\u00ebj k\u00ebrc\u00ebnime t\u00eb vak\u00ebta, n\u00ebse Kosova s\u2019na trajton si partner\u00eb as ne s\u2019e trajtojm\u00eb at\u00eb si t\u00eb till\u00eb\",\"isPartOf\":{\"@id\":\"https:\/\/permbledhja.com\/#website\"},\"datePublished\":\"2024-02-13T19:55:05+00:00\",\"dateModified\":\"2024-02-13T19:55:05+00:00\",\"breadcrumb\":{\"@id\":\"https:\/\/permbledhja.com\/obrien-i-qarte-sbej-kercenime-te-vaketa-nese-kosova-sna-trajton-si-partnere-as-ne-se-trajtojme-ate-si-te-tille\/#breadcrumb\"},\"inLanguage\":\"sq\",\"potentialAction\":[{\"@type\":\"ReadAction\",\"target\":[\"https:\/\/permbledhja.com\/obrien-i-qarte-sbej-kercenime-te-vaketa-nese-kosova-sna-trajton-si-partnere-as-ne-se-trajtojme-ate-si-te-tille\/\"]}]},{\"@type\":\"BreadcrumbList\",\"@id\":\"https:\/\/permbledhja.com\/obrien-i-qarte-sbej-kercenime-te-vaketa-nese-kosova-sna-trajton-si-partnere-as-ne-se-trajtojme-ate-si-te-tille\/#breadcrumb\",\"itemListElement\":[{\"@type\":\"ListItem\",\"position\":1,\"name\":\"Ballina\",\"item\":\"https:\/\/permbledhja.com\/sq\/\"},{\"@type\":\"ListItem\",\"position\":2,\"name\":\"O\u2019Brien i qart\u00eb: S\u2019b\u00ebj k\u00ebrc\u00ebnime t\u00eb vak\u00ebta, n\u00ebse Kosova s\u2019na trajton si partner\u00eb as ne s\u2019e trajtojm\u00eb at\u00eb si t\u00eb till\u00eb\"}]},{\"@type\":\"WebSite\",\"@id\":\"https:\/\/permbledhja.com\/#website\",\"url\":\"https:\/\/permbledhja.com\/\",\"name\":\"Ve\u00e7 artikuj p\u00ebrmbledh\u00ebs\",\"description\":\"\",\"publisher\":{\"@id\":\"https:\/\/permbledhja.com\/#organization\"},\"potentialAction\":[{\"@type\":\"SearchAction\",\"target\":{\"@type\":\"EntryPoint\",\"urlTemplate\":\"https:\/\/permbledhja.com\/?s={search_term_string}\"},\"query-input\":\"required name=search_term_string\"}],\"inLanguage\":\"sq\"},{\"@type\":\"Organization\",\"@id\":\"https:\/\/permbledhja.com\/#organization\",\"name\":\"MK Media & Pr\",\"url\":\"https:\/\/permbledhja.com\/\",\"logo\":{\"@type\":\"ImageObject\",\"inLanguage\":\"sq\",\"@id\":\"https:\/\/permbledhja.com\/#\/schema\/logo\/image\/\",\"url\":\"https:\/\/permbledhja.com\/wp-content\/uploads\/2021\/12\/07-Press-Logo.jpg\",\"contentUrl\":\"https:\/\/permbledhja.com\/wp-content\/uploads\/2021\/12\/07-Press-Logo.jpg\",\"width\":512,\"height\":512,\"caption\":\"MK Media & Pr\"},\"image\":{\"@id\":\"https:\/\/permbledhja.com\/#\/schema\/logo\/image\/\"},\"sameAs\":[\"https:\/\/www.facebook.com\/press07\/\"]},{\"@type\":\"Person\",\"@id\":\"https:\/\/permbledhja.com\/#\/schema\/person\/d23f13f59b5722643933d6780783acf3\",\"name\":\"M M\",\"image\":{\"@type\":\"ImageObject\",\"inLanguage\":\"sq\",\"@id\":\"https:\/\/permbledhja.com\/#\/schema\/person\/image\/\",\"url\":\"https:\/\/secure.gravatar.com\/avatar\/e2835a76ca7c31a2416b2d51c4ec9a8f?s=96&d=mm&r=g\",\"contentUrl\":\"https:\/\/secure.gravatar.com\/avatar\/e2835a76ca7c31a2416b2d51c4ec9a8f?s=96&d=mm&r=g\",\"caption\":\"M M\"},\"sameAs\":[\"http:\/\/MM\"],\"url\":\"https:\/\/permbledhja.com\/sq\/author\/muhamet\/\"}]}<\/script>\n<!-- \/ Yoast SEO plugin. -->","yoast_head_json":{"title":"O\u2019Brien i qart\u00eb: S\u2019b\u00ebj k\u00ebrc\u00ebnime t\u00eb vak\u00ebta, n\u00ebse Kosova s\u2019na trajton si partner\u00eb as ne s\u2019e trajtojm\u00eb at\u00eb si t\u00eb till\u00eb","robots":{"index":"index","follow":"follow","max-snippet":"max-snippet:-1","max-image-preview":"max-image-preview:large","max-video-preview":"max-video-preview:-1"},"canonical":"https:\/\/permbledhja.com\/sq\/obrien-i-qarte-sbej-kercenime-te-vaketa-nese-kosova-sna-trajton-si-partnere-as-ne-se-trajtojme-ate-si-te-tille\/","og_locale":"sq_AL","og_type":"article","og_title":"O\u2019Brien i qart\u00eb: S\u2019b\u00ebj k\u00ebrc\u00ebnime t\u00eb vak\u00ebta, n\u00ebse Kosova s\u2019na trajton si partner\u00eb as ne s\u2019e trajtojm\u00eb at\u00eb si t\u00eb till\u00eb","og_description":"Ndihm\u00ebs Sekretari amerikan i Shtetit, James O\u2019Brien ka deklaruar se Shtetet e Bashkuara jan\u00eb shum\u00eb t\u00eb shqet\u00ebsuara me vendimin e qeveris\u00eb s\u00eb Kosov\u00ebs p\u00ebr t\u00eb mos lejuar p\u00ebrdorimin e dinarit. Ai teksa foli p\u00ebr q\u00ebndrimet e SHBA-s\u00eb shtoi se me k\u00ebt\u00eb q\u00ebndrim, qeveria e Kosov\u00ebs ka v\u00ebn\u00eb n\u00eb pik\u00ebpyetje partneritetin me ta, duke theksuar se [&hellip;]","og_url":"https:\/\/permbledhja.com\/sq\/obrien-i-qarte-sbej-kercenime-te-vaketa-nese-kosova-sna-trajton-si-partnere-as-ne-se-trajtojme-ate-si-te-tille\/","og_site_name":"Ve\u00e7 artikuj p\u00ebrmbledh\u00ebs","article_publisher":"https:\/\/www.facebook.com\/press07\/","article_published_time":"2024-02-13T19:55:05+00:00","og_image":[{"width":550,"height":367,"url":"https:\/\/permbledhja.com\/wp-content\/uploads\/2024\/02\/James-OBrien-the-U.S.-State-Department16845704631696453660.webp","type":"image\/webp"}],"author":"M M","twitter_card":"summary_large_image","twitter_misc":{"Written by":"M M","Est. reading time":"2 minuta"},"schema":{"@context":"https:\/\/schema.org","@graph":[{"@type":"Article","@id":"https:\/\/permbledhja.com\/obrien-i-qarte-sbej-kercenime-te-vaketa-nese-kosova-sna-trajton-si-partnere-as-ne-se-trajtojme-ate-si-te-tille\/#article","isPartOf":{"@id":"https:\/\/permbledhja.com\/obrien-i-qarte-sbej-kercenime-te-vaketa-nese-kosova-sna-trajton-si-partnere-as-ne-se-trajtojme-ate-si-te-tille\/"},"author":{"name":"M M","@id":"https:\/\/permbledhja.com\/#\/schema\/person\/d23f13f59b5722643933d6780783acf3"},"headline":"O\u2019Brien i qart\u00eb: S\u2019b\u00ebj k\u00ebrc\u00ebnime t\u00eb vak\u00ebta, n\u00ebse Kosova s\u2019na trajton si partner\u00eb as ne s\u2019e trajtojm\u00eb at\u00eb si t\u00eb till\u00eb","datePublished":"2024-02-13T19:55:05+00:00","dateModified":"2024-02-13T19:55:05+00:00","mainEntityOfPage":{"@id":"https:\/\/permbledhja.com\/obrien-i-qarte-sbej-kercenime-te-vaketa-nese-kosova-sna-trajton-si-partnere-as-ne-se-trajtojme-ate-si-te-tille\/"},"wordCount":412,"publisher":{"@id":"https:\/\/permbledhja.com\/#organization"},"keywords":["James O'Brein"],"articleSection":["T\u00eb r\u00ebnd\u00ebsishme"],"inLanguage":"sq"},{"@type":"WebPage","@id":"https:\/\/permbledhja.com\/obrien-i-qarte-sbej-kercenime-te-vaketa-nese-kosova-sna-trajton-si-partnere-as-ne-se-trajtojme-ate-si-te-tille\/","url":"https:\/\/permbledhja.com\/obrien-i-qarte-sbej-kercenime-te-vaketa-nese-kosova-sna-trajton-si-partnere-as-ne-se-trajtojme-ate-si-te-tille\/","name":"O\u2019Brien i qart\u00eb: S\u2019b\u00ebj k\u00ebrc\u00ebnime t\u00eb vak\u00ebta, n\u00ebse Kosova s\u2019na trajton si partner\u00eb as ne s\u2019e trajtojm\u00eb at\u00eb si t\u00eb till\u00eb","isPartOf":{"@id":"https:\/\/permbledhja.com\/#website"},"datePublished":"2024-02-13T19:55:05+00:00","dateModified":"2024-02-13T19:55:05+00:00","breadcrumb":{"@id":"https:\/\/permbledhja.com\/obrien-i-qarte-sbej-kercenime-te-vaketa-nese-kosova-sna-trajton-si-partnere-as-ne-se-trajtojme-ate-si-te-tille\/#breadcrumb"},"inLanguage":"sq","potentialAction":[{"@type":"ReadAction","target":["https:\/\/permbledhja.com\/obrien-i-qarte-sbej-kercenime-te-vaketa-nese-kosova-sna-trajton-si-partnere-as-ne-se-trajtojme-ate-si-te-tille\/"]}]},{"@type":"BreadcrumbList","@id":"https:\/\/permbledhja.com\/obrien-i-qarte-sbej-kercenime-te-vaketa-nese-kosova-sna-trajton-si-partnere-as-ne-se-trajtojme-ate-si-te-tille\/#breadcrumb","itemListElement":[{"@type":"ListItem","position":1,"name":"Ballina","item":"https:\/\/permbledhja.com\/sq\/"},{"@type":"ListItem","position":2,"name":"O\u2019Brien i qart\u00eb: S\u2019b\u00ebj k\u00ebrc\u00ebnime t\u00eb vak\u00ebta, n\u00ebse Kosova s\u2019na trajton si partner\u00eb as ne s\u2019e trajtojm\u00eb at\u00eb si t\u00eb till\u00eb"}]},{"@type":"WebSite","@id":"https:\/\/permbledhja.com\/#website","url":"https:\/\/permbledhja.com\/","name":"Ve\u00e7 artikuj p\u00ebrmbledh\u00ebs","description":"","publisher":{"@id":"https:\/\/permbledhja.com\/#organization"},"potentialAction":[{"@type":"SearchAction","target":{"@type":"EntryPoint","urlTemplate":"https:\/\/permbledhja.com\/?s={search_term_string}"},"query-input":"required name=search_term_string"}],"inLanguage":"sq"},{"@type":"Organization","@id":"https:\/\/permbledhja.com\/#organization","name":"MK Media & Pr","url":"https:\/\/permbledhja.com\/","logo":{"@type":"ImageObject","inLanguage":"sq","@id":"https:\/\/permbledhja.com\/#\/schema\/logo\/image\/","url":"https:\/\/permbledhja.com\/wp-content\/uploads\/2021\/12\/07-Press-Logo.jpg","contentUrl":"https:\/\/permbledhja.com\/wp-content\/uploads\/2021\/12\/07-Press-Logo.jpg","width":512,"height":512,"caption":"MK Media & Pr"},"image":{"@id":"https:\/\/permbledhja.com\/#\/schema\/logo\/image\/"},"sameAs":["https:\/\/www.facebook.com\/press07\/"]},{"@type":"Person","@id":"https:\/\/permbledhja.com\/#\/schema\/person\/d23f13f59b5722643933d6780783acf3","name":"M M","image":{"@type":"ImageObject","inLanguage":"sq","@id":"https:\/\/permbledhja.com\/#\/schema\/person\/image\/","url":"https:\/\/secure.gravatar.com\/avatar\/e2835a76ca7c31a2416b2d51c4ec9a8f?s=96&d=mm&r=g","contentUrl":"https:\/\/secure.gravatar.com\/avatar\/e2835a76ca7c31a2416b2d51c4ec9a8f?s=96&d=mm&r=g","caption":"M M"},"sameAs":["http:\/\/MM"],"url":"https:\/\/permbledhja.com\/sq\/author\/muhamet\/"}]}},"_links":{"self":[{"href":"https:\/\/permbledhja.com\/sq\/wp-json\/wp\/v2\/posts\/47929"}],"collection":[{"href":"https:\/\/permbledhja.com\/sq\/wp-json\/wp\/v2\/posts"}],"about":[{"href":"https:\/\/permbledhja.com\/sq\/wp-json\/wp\/v2\/types\/post"}],"author":[{"embeddable":true,"href":"https:\/\/permbledhja.com\/sq\/wp-json\/wp\/v2\/users\/2"}],"replies":[{"embeddable":true,"href":"https:\/\/permbledhja.com\/sq\/wp-json\/wp\/v2\/comments?post=47929"}],"version-history":[{"count":1,"href":"https:\/\/permbledhja.com\/sq\/wp-json\/wp\/v2\/posts\/47929\/revisions"}],"predecessor-version":[{"id":47932,"href":"https:\/\/permbledhja.com\/sq\/wp-json\/wp\/v2\/posts\/47929\/revisions\/47932"}],"wp:featuredmedia":[{"embeddable":true,"href":"https:\/\/permbledhja.com\/sq\/wp-json\/wp\/v2\/media\/47930"}],"wp:attachment":[{"href":"https:\/\/permbledhja.com\/sq\/wp-json\/wp\/v2\/media?parent=47929"}],"wp:term":[{"taxonomy":"category","embeddable":true,"href":"https:\/\/permbledhja.com\/sq\/wp-json\/wp\/v2\/categories?post=47929"},{"taxonomy":"post_tag","embeddable":true,"href":"https:\/\/permbledhja.com\/sq\/wp-json\/wp\/v2\/tags?post=47929"}],"curies":[{"name":"wp","href":"https:\/\/api.w.org\/{rel}","templated":true}]}}