{"id":47925,"date":"2024-02-13T19:40:33","date_gmt":"2024-02-13T19:40:33","guid":{"rendered":"https:\/\/permbledhja.com\/?p=47925"},"modified":"2024-02-13T19:54:34","modified_gmt":"2024-02-13T19:54:34","slug":"ujdia-finale-kurti-e-kercenon-vuciqin-nenshkruaj-tash","status":"publish","type":"post","link":"https:\/\/permbledhja.com\/sq\/ujdia-finale-kurti-e-kercenon-vuciqin-nenshkruaj-tash\/","title":{"rendered":"Ujdia finale \u2013 Kurti e k\u00ebrc\u00ebnon Vu\u00e7iqin: N\u00ebnshkruaj tash"},"content":{"rendered":"<h3>Kur po b\u00ebhen nj\u00eb vit, nga ujdia e Brukselit dhe shtojca e Ohrit, ku Kosova e Serbia e pajtuan\u00a0 nj\u00eb marr\u00ebveshje por nuk e n\u00ebnshkruan, Albin Kurti, ka nj\u00eb thirrje urgjente. Kryeministri i Kosov\u00ebs, gjat\u00eb nj\u00eb debati n\u00eb Institutin Chatham House n\u00eb Lond\u00ebr, thot\u00eb se n\u00ebnshkrimi \u00ebsht\u00eb m\u00eb i domosdosh\u00ebm se kurr\u00eb. E refuzimi i shtetit serb, p\u00ebr firmosje, sipas tij mund t\u00eb ket\u00eb nj\u00eb arsye t\u00eb err\u00ebt.<\/h3>\n<p>\u201cMosn\u00ebnshkrimi i ujdis\u00eb q\u00eb e kemi, \u00ebsht\u00eb shenj\u00eb e qart\u00eb e mosbesimit.K\u00ebshtu q\u00eb na duhet nj\u00eb mir\u00ebbesim , n\u00eb m\u00ebnyr\u00eb q\u00eb t\u00eb kemi siguri juridike dhe zbatim t\u00eb asaj, p\u00ebr t\u00eb cil\u00ebn jemi dakorduar. Kur ata refuzojn\u00eb t\u00eb n\u00ebnshkruajn\u00eb marr\u00ebveshjen, ata duan t\u00eb mbajn\u00eb nj\u00eb opsion hapur p\u00ebr ta pushtuar Kosov\u00ebn. Un\u00eb nuk shoh ndonj\u00eb kuptim tjet\u00ebr substancial t\u00eb k\u00ebtij refuzimi p\u00ebr n\u00ebnshkrim, po k\u00ebsaj q\u00eb ata duan ta mbajn\u00eb hapur k\u00ebt\u00eb der\u00eb, q\u00eb t\u00eb ken\u00eb ndonj\u00eb dritare mund\u00ebsie q\u00eb ata t\u00eb kthehen dhe s\u00ebrish t\u00eb b\u00ebjn\u00eb agresionin\u201d,tha i pari i qeveris\u00eb kosovare.<\/p>\n<p>Kurti, u pyet p\u00ebr mund\u00ebsin\u00eb e rrezikut t\u00eb p\u00ebrs\u00ebritjes s\u00eb nj\u00eb sulmi t\u00eb armatosur si\u00e7 ishte ai n\u00eb Banjsk\u00eb t\u00eb Zve\u00e7anit, m\u00eb 24 shtator 2023. Ai,shton se ka nj\u00eb aryse madhore se akti i agresionit nuk po p\u00ebrseritet.<\/p>\n<p>\u201cMendoj se arsyeja kryesore \u00ebsht\u00eb se ata pan\u00eb patrullime t\u00eb p\u00ebrbashk\u00ebta t\u00eb Policis\u00eb s\u00eb Kosov\u00ebs dhe ushtar\u00ebve t\u00eb NATO-s. Dhe ne duhet t\u00eb punojm\u00eb m\u00eb shum\u00eb, q\u00eb t\u00eb parandalojm\u00eb cfar\u00ebdo lloj t\u00eb k\u00ebrc\u00ebnimeve t\u00eb siguris\u00eb dhe ne po ecim mir\u00eb me aleat\u00ebt tan\u00eb, n\u00eb k\u00ebt\u00eb aspekt.\u201d<\/p>\n<p>Ai, akuzoi presidentin e Serbis\u00eb, p\u00ebr aleanc\u00eb me Rusin\u00eb p\u00ebrderisa shtoi se Vu\u00e7iq, si\u00e7 e quan me agresivitetin e tij karshi Kosov\u00ebs, do t\u00eb mbaj raporte t\u00eb mira me Kremlinin. E sa p\u00ebr perspektiv\u00ebn evropiane t\u00eb gjasht\u00eb vendeve t\u00eb Ballkanit Per\u00ebndimor, Kurti, mes tjerash tha se n\u00eb Kosov\u00eb 94% e popullsis\u00eb duan ti bashkohen BE-s\u00eb, kurse n\u00eb Serbi vet\u00ebm 35%. Kjo sipas tij \u00ebsht\u00eb fort e r\u00ebnd\u00ebsishme p\u00ebr tu potencuar.<\/p>\n","protected":false},"excerpt":{"rendered":"<p>Kur po b\u00ebhen nj\u00eb vit, nga ujdia e Brukselit dhe shtojca e Ohrit, ku Kosova e Serbia e pajtuan\u00a0 nj\u00eb marr\u00ebveshje por nuk e n\u00ebnshkruan, Albin Kurti, ka nj\u00eb thirrje urgjente. Kryeministri i Kosov\u00ebs, gjat\u00eb nj\u00eb debati n\u00eb Institutin Chatham House n\u00eb Lond\u00ebr, thot\u00eb se n\u00ebnshkrimi \u00ebsht\u00eb m\u00eb i domosdosh\u00ebm se kurr\u00eb. E refuzimi i [&hellip;]<\/p>\n","protected":false},"author":2,"featured_media":47926,"comment_status":"closed","ping_status":"closed","sticky":false,"template":"","format":"standard","meta":{"_monsterinsights_skip_tracking":false,"_monsterinsights_sitenote_active":false,"_monsterinsights_sitenote_note":"","_monsterinsights_sitenote_category":0,"_uf_show_specific_survey":0,"_uf_disable_surveys":false,"footnotes":""},"categories":[1146],"tags":[86],"yoast_head":"<!-- This site is optimized with the Yoast SEO plugin v21.5 - https:\/\/yoast.com\/wordpress\/plugins\/seo\/ -->\n<title>Ujdia finale \u2013 Kurti e k\u00ebrc\u00ebnon Vu\u00e7iqin: N\u00ebnshkruaj tash<\/title>\n<meta name=\"robots\" content=\"index, follow, max-snippet:-1, max-image-preview:large, max-video-preview:-1\" \/>\n<link rel=\"canonical\" href=\"https:\/\/permbledhja.com\/sq\/ujdia-finale-kurti-e-kercenon-vuciqin-nenshkruaj-tash\/\" \/>\n<meta property=\"og:locale\" content=\"sq_AL\" \/>\n<meta property=\"og:type\" content=\"article\" \/>\n<meta property=\"og:title\" content=\"Ujdia finale \u2013 Kurti e k\u00ebrc\u00ebnon Vu\u00e7iqin: N\u00ebnshkruaj tash\" \/>\n<meta property=\"og:description\" content=\"Kur po b\u00ebhen nj\u00eb vit, nga ujdia e Brukselit dhe shtojca e Ohrit, ku Kosova e Serbia e pajtuan\u00a0 nj\u00eb marr\u00ebveshje por nuk e n\u00ebnshkruan, Albin Kurti, ka nj\u00eb thirrje urgjente. Kryeministri i Kosov\u00ebs, gjat\u00eb nj\u00eb debati n\u00eb Institutin Chatham House n\u00eb Lond\u00ebr, thot\u00eb se n\u00ebnshkrimi \u00ebsht\u00eb m\u00eb i domosdosh\u00ebm se kurr\u00eb. E refuzimi i [&hellip;]\" \/>\n<meta property=\"og:url\" content=\"https:\/\/permbledhja.com\/sq\/ujdia-finale-kurti-e-kercenon-vuciqin-nenshkruaj-tash\/\" \/>\n<meta property=\"og:site_name\" content=\"Ve\u00e7 artikuj p\u00ebrmbledh\u00ebs\" \/>\n<meta property=\"article:publisher\" content=\"https:\/\/www.facebook.com\/press07\/\" \/>\n<meta property=\"article:published_time\" content=\"2024-02-13T19:40:33+00:00\" \/>\n<meta property=\"article:modified_time\" content=\"2024-02-13T19:54:34+00:00\" \/>\n<meta property=\"og:image\" content=\"https:\/\/permbledhja.com\/wp-content\/uploads\/2024\/02\/86dd874e-abb6-49a1-b136-ee1da5f1e3a9_w1080_h608_s.jpg\" \/>\n\t<meta property=\"og:image:width\" content=\"1080\" \/>\n\t<meta property=\"og:image:height\" content=\"608\" \/>\n\t<meta property=\"og:image:type\" content=\"image\/jpeg\" \/>\n<meta name=\"author\" content=\"M M\" \/>\n<meta name=\"twitter:card\" content=\"summary_large_image\" \/>\n<meta name=\"twitter:label1\" content=\"Written by\" \/>\n\t<meta name=\"twitter:data1\" content=\"M M\" \/>\n\t<meta name=\"twitter:label2\" content=\"Est. reading time\" \/>\n\t<meta name=\"twitter:data2\" content=\"2 minuta\" \/>\n<script type=\"application\/ld+json\" class=\"yoast-schema-graph\">{\"@context\":\"https:\/\/schema.org\",\"@graph\":[{\"@type\":\"Article\",\"@id\":\"https:\/\/permbledhja.com\/sq\/ujdia-finale-kurti-e-kercenon-vuciqin-nenshkruaj-tash\/#article\",\"isPartOf\":{\"@id\":\"https:\/\/permbledhja.com\/sq\/ujdia-finale-kurti-e-kercenon-vuciqin-nenshkruaj-tash\/\"},\"author\":{\"name\":\"M M\",\"@id\":\"https:\/\/permbledhja.com\/#\/schema\/person\/d23f13f59b5722643933d6780783acf3\"},\"headline\":\"Ujdia finale \u2013 Kurti e k\u00ebrc\u00ebnon Vu\u00e7iqin: N\u00ebnshkruaj tash\",\"datePublished\":\"2024-02-13T19:40:33+00:00\",\"dateModified\":\"2024-02-13T19:54:34+00:00\",\"mainEntityOfPage\":{\"@id\":\"https:\/\/permbledhja.com\/sq\/ujdia-finale-kurti-e-kercenon-vuciqin-nenshkruaj-tash\/\"},\"wordCount\":379,\"publisher\":{\"@id\":\"https:\/\/permbledhja.com\/#organization\"},\"keywords\":[\"Albin Kurti\"],\"articleSection\":[\"Kryesoret\"],\"inLanguage\":\"sq\"},{\"@type\":\"WebPage\",\"@id\":\"https:\/\/permbledhja.com\/sq\/ujdia-finale-kurti-e-kercenon-vuciqin-nenshkruaj-tash\/\",\"url\":\"https:\/\/permbledhja.com\/sq\/ujdia-finale-kurti-e-kercenon-vuciqin-nenshkruaj-tash\/\",\"name\":\"Ujdia finale \u2013 Kurti e k\u00ebrc\u00ebnon Vu\u00e7iqin: N\u00ebnshkruaj tash\",\"isPartOf\":{\"@id\":\"https:\/\/permbledhja.com\/#website\"},\"datePublished\":\"2024-02-13T19:40:33+00:00\",\"dateModified\":\"2024-02-13T19:54:34+00:00\",\"breadcrumb\":{\"@id\":\"https:\/\/permbledhja.com\/sq\/ujdia-finale-kurti-e-kercenon-vuciqin-nenshkruaj-tash\/#breadcrumb\"},\"inLanguage\":\"sq\",\"potentialAction\":[{\"@type\":\"ReadAction\",\"target\":[\"https:\/\/permbledhja.com\/sq\/ujdia-finale-kurti-e-kercenon-vuciqin-nenshkruaj-tash\/\"]}]},{\"@type\":\"BreadcrumbList\",\"@id\":\"https:\/\/permbledhja.com\/sq\/ujdia-finale-kurti-e-kercenon-vuciqin-nenshkruaj-tash\/#breadcrumb\",\"itemListElement\":[{\"@type\":\"ListItem\",\"position\":1,\"name\":\"Ballina\",\"item\":\"https:\/\/permbledhja.com\/sq\/\"},{\"@type\":\"ListItem\",\"position\":2,\"name\":\"Ujdia finale \u2013 Kurti e k\u00ebrc\u00ebnon Vu\u00e7iqin: N\u00ebnshkruaj tash\"}]},{\"@type\":\"WebSite\",\"@id\":\"https:\/\/permbledhja.com\/#website\",\"url\":\"https:\/\/permbledhja.com\/\",\"name\":\"Ve\u00e7 artikuj p\u00ebrmbledh\u00ebs\",\"description\":\"\",\"publisher\":{\"@id\":\"https:\/\/permbledhja.com\/#organization\"},\"potentialAction\":[{\"@type\":\"SearchAction\",\"target\":{\"@type\":\"EntryPoint\",\"urlTemplate\":\"https:\/\/permbledhja.com\/?s={search_term_string}\"},\"query-input\":\"required name=search_term_string\"}],\"inLanguage\":\"sq\"},{\"@type\":\"Organization\",\"@id\":\"https:\/\/permbledhja.com\/#organization\",\"name\":\"MK Media & Pr\",\"url\":\"https:\/\/permbledhja.com\/\",\"logo\":{\"@type\":\"ImageObject\",\"inLanguage\":\"sq\",\"@id\":\"https:\/\/permbledhja.com\/#\/schema\/logo\/image\/\",\"url\":\"https:\/\/permbledhja.com\/wp-content\/uploads\/2021\/12\/07-Press-Logo.jpg\",\"contentUrl\":\"https:\/\/permbledhja.com\/wp-content\/uploads\/2021\/12\/07-Press-Logo.jpg\",\"width\":512,\"height\":512,\"caption\":\"MK Media & Pr\"},\"image\":{\"@id\":\"https:\/\/permbledhja.com\/#\/schema\/logo\/image\/\"},\"sameAs\":[\"https:\/\/www.facebook.com\/press07\/\"]},{\"@type\":\"Person\",\"@id\":\"https:\/\/permbledhja.com\/#\/schema\/person\/d23f13f59b5722643933d6780783acf3\",\"name\":\"M M\",\"image\":{\"@type\":\"ImageObject\",\"inLanguage\":\"sq\",\"@id\":\"https:\/\/permbledhja.com\/#\/schema\/person\/image\/\",\"url\":\"https:\/\/secure.gravatar.com\/avatar\/e2835a76ca7c31a2416b2d51c4ec9a8f?s=96&d=mm&r=g\",\"contentUrl\":\"https:\/\/secure.gravatar.com\/avatar\/e2835a76ca7c31a2416b2d51c4ec9a8f?s=96&d=mm&r=g\",\"caption\":\"M M\"},\"sameAs\":[\"http:\/\/MM\"],\"url\":\"https:\/\/permbledhja.com\/sq\/author\/muhamet\/\"}]}<\/script>\n<!-- \/ Yoast SEO plugin. -->","yoast_head_json":{"title":"Ujdia finale \u2013 Kurti e k\u00ebrc\u00ebnon Vu\u00e7iqin: N\u00ebnshkruaj tash","robots":{"index":"index","follow":"follow","max-snippet":"max-snippet:-1","max-image-preview":"max-image-preview:large","max-video-preview":"max-video-preview:-1"},"canonical":"https:\/\/permbledhja.com\/sq\/ujdia-finale-kurti-e-kercenon-vuciqin-nenshkruaj-tash\/","og_locale":"sq_AL","og_type":"article","og_title":"Ujdia finale \u2013 Kurti e k\u00ebrc\u00ebnon Vu\u00e7iqin: N\u00ebnshkruaj tash","og_description":"Kur po b\u00ebhen nj\u00eb vit, nga ujdia e Brukselit dhe shtojca e Ohrit, ku Kosova e Serbia e pajtuan\u00a0 nj\u00eb marr\u00ebveshje por nuk e n\u00ebnshkruan, Albin Kurti, ka nj\u00eb thirrje urgjente. Kryeministri i Kosov\u00ebs, gjat\u00eb nj\u00eb debati n\u00eb Institutin Chatham House n\u00eb Lond\u00ebr, thot\u00eb se n\u00ebnshkrimi \u00ebsht\u00eb m\u00eb i domosdosh\u00ebm se kurr\u00eb. E refuzimi i [&hellip;]","og_url":"https:\/\/permbledhja.com\/sq\/ujdia-finale-kurti-e-kercenon-vuciqin-nenshkruaj-tash\/","og_site_name":"Ve\u00e7 artikuj p\u00ebrmbledh\u00ebs","article_publisher":"https:\/\/www.facebook.com\/press07\/","article_published_time":"2024-02-13T19:40:33+00:00","article_modified_time":"2024-02-13T19:54:34+00:00","og_image":[{"width":1080,"height":608,"url":"https:\/\/permbledhja.com\/wp-content\/uploads\/2024\/02\/86dd874e-abb6-49a1-b136-ee1da5f1e3a9_w1080_h608_s.jpg","type":"image\/jpeg"}],"author":"M M","twitter_card":"summary_large_image","twitter_misc":{"Written by":"M M","Est. reading time":"2 minuta"},"schema":{"@context":"https:\/\/schema.org","@graph":[{"@type":"Article","@id":"https:\/\/permbledhja.com\/sq\/ujdia-finale-kurti-e-kercenon-vuciqin-nenshkruaj-tash\/#article","isPartOf":{"@id":"https:\/\/permbledhja.com\/sq\/ujdia-finale-kurti-e-kercenon-vuciqin-nenshkruaj-tash\/"},"author":{"name":"M M","@id":"https:\/\/permbledhja.com\/#\/schema\/person\/d23f13f59b5722643933d6780783acf3"},"headline":"Ujdia finale \u2013 Kurti e k\u00ebrc\u00ebnon Vu\u00e7iqin: N\u00ebnshkruaj tash","datePublished":"2024-02-13T19:40:33+00:00","dateModified":"2024-02-13T19:54:34+00:00","mainEntityOfPage":{"@id":"https:\/\/permbledhja.com\/sq\/ujdia-finale-kurti-e-kercenon-vuciqin-nenshkruaj-tash\/"},"wordCount":379,"publisher":{"@id":"https:\/\/permbledhja.com\/#organization"},"keywords":["Albin Kurti"],"articleSection":["Kryesoret"],"inLanguage":"sq"},{"@type":"WebPage","@id":"https:\/\/permbledhja.com\/sq\/ujdia-finale-kurti-e-kercenon-vuciqin-nenshkruaj-tash\/","url":"https:\/\/permbledhja.com\/sq\/ujdia-finale-kurti-e-kercenon-vuciqin-nenshkruaj-tash\/","name":"Ujdia finale \u2013 Kurti e k\u00ebrc\u00ebnon Vu\u00e7iqin: N\u00ebnshkruaj tash","isPartOf":{"@id":"https:\/\/permbledhja.com\/#website"},"datePublished":"2024-02-13T19:40:33+00:00","dateModified":"2024-02-13T19:54:34+00:00","breadcrumb":{"@id":"https:\/\/permbledhja.com\/sq\/ujdia-finale-kurti-e-kercenon-vuciqin-nenshkruaj-tash\/#breadcrumb"},"inLanguage":"sq","potentialAction":[{"@type":"ReadAction","target":["https:\/\/permbledhja.com\/sq\/ujdia-finale-kurti-e-kercenon-vuciqin-nenshkruaj-tash\/"]}]},{"@type":"BreadcrumbList","@id":"https:\/\/permbledhja.com\/sq\/ujdia-finale-kurti-e-kercenon-vuciqin-nenshkruaj-tash\/#breadcrumb","itemListElement":[{"@type":"ListItem","position":1,"name":"Ballina","item":"https:\/\/permbledhja.com\/sq\/"},{"@type":"ListItem","position":2,"name":"Ujdia finale \u2013 Kurti e k\u00ebrc\u00ebnon Vu\u00e7iqin: N\u00ebnshkruaj tash"}]},{"@type":"WebSite","@id":"https:\/\/permbledhja.com\/#website","url":"https:\/\/permbledhja.com\/","name":"Ve\u00e7 artikuj p\u00ebrmbledh\u00ebs","description":"","publisher":{"@id":"https:\/\/permbledhja.com\/#organization"},"potentialAction":[{"@type":"SearchAction","target":{"@type":"EntryPoint","urlTemplate":"https:\/\/permbledhja.com\/?s={search_term_string}"},"query-input":"required name=search_term_string"}],"inLanguage":"sq"},{"@type":"Organization","@id":"https:\/\/permbledhja.com\/#organization","name":"MK Media & Pr","url":"https:\/\/permbledhja.com\/","logo":{"@type":"ImageObject","inLanguage":"sq","@id":"https:\/\/permbledhja.com\/#\/schema\/logo\/image\/","url":"https:\/\/permbledhja.com\/wp-content\/uploads\/2021\/12\/07-Press-Logo.jpg","contentUrl":"https:\/\/permbledhja.com\/wp-content\/uploads\/2021\/12\/07-Press-Logo.jpg","width":512,"height":512,"caption":"MK Media & Pr"},"image":{"@id":"https:\/\/permbledhja.com\/#\/schema\/logo\/image\/"},"sameAs":["https:\/\/www.facebook.com\/press07\/"]},{"@type":"Person","@id":"https:\/\/permbledhja.com\/#\/schema\/person\/d23f13f59b5722643933d6780783acf3","name":"M M","image":{"@type":"ImageObject","inLanguage":"sq","@id":"https:\/\/permbledhja.com\/#\/schema\/person\/image\/","url":"https:\/\/secure.gravatar.com\/avatar\/e2835a76ca7c31a2416b2d51c4ec9a8f?s=96&d=mm&r=g","contentUrl":"https:\/\/secure.gravatar.com\/avatar\/e2835a76ca7c31a2416b2d51c4ec9a8f?s=96&d=mm&r=g","caption":"M M"},"sameAs":["http:\/\/MM"],"url":"https:\/\/permbledhja.com\/sq\/author\/muhamet\/"}]}},"_links":{"self":[{"href":"https:\/\/permbledhja.com\/sq\/wp-json\/wp\/v2\/posts\/47925"}],"collection":[{"href":"https:\/\/permbledhja.com\/sq\/wp-json\/wp\/v2\/posts"}],"about":[{"href":"https:\/\/permbledhja.com\/sq\/wp-json\/wp\/v2\/types\/post"}],"author":[{"embeddable":true,"href":"https:\/\/permbledhja.com\/sq\/wp-json\/wp\/v2\/users\/2"}],"replies":[{"embeddable":true,"href":"https:\/\/permbledhja.com\/sq\/wp-json\/wp\/v2\/comments?post=47925"}],"version-history":[{"count":1,"href":"https:\/\/permbledhja.com\/sq\/wp-json\/wp\/v2\/posts\/47925\/revisions"}],"predecessor-version":[{"id":47927,"href":"https:\/\/permbledhja.com\/sq\/wp-json\/wp\/v2\/posts\/47925\/revisions\/47927"}],"wp:featuredmedia":[{"embeddable":true,"href":"https:\/\/permbledhja.com\/sq\/wp-json\/wp\/v2\/media\/47926"}],"wp:attachment":[{"href":"https:\/\/permbledhja.com\/sq\/wp-json\/wp\/v2\/media?parent=47925"}],"wp:term":[{"taxonomy":"category","embeddable":true,"href":"https:\/\/permbledhja.com\/sq\/wp-json\/wp\/v2\/categories?post=47925"},{"taxonomy":"post_tag","embeddable":true,"href":"https:\/\/permbledhja.com\/sq\/wp-json\/wp\/v2\/tags?post=47925"}],"curies":[{"name":"wp","href":"https:\/\/api.w.org\/{rel}","templated":true}]}}