{"id":47918,"date":"2024-02-13T19:19:24","date_gmt":"2024-02-13T19:19:24","guid":{"rendered":"https:\/\/permbledhja.com\/?p=47918"},"modified":"2024-02-13T19:19:24","modified_gmt":"2024-02-13T19:19:24","slug":"fjale-te-renda-nga-uashingtoni-per-kurtin-ta-nderpresin-menjehere-kete-qeveri-e-paafte-sbej-kercenime-te-zbehta","status":"publish","type":"post","link":"https:\/\/permbledhja.com\/sq\/fjale-te-renda-nga-uashingtoni-per-kurtin-ta-nderpresin-menjehere-kete-qeveri-e-paafte-sbej-kercenime-te-zbehta\/","title":{"rendered":"Fjal\u00eb t\u00eb r\u00ebnda nga Uashingtoni p\u00ebr Kurtin: \u201cTa nd\u00ebrpresin menj\u00ebher\u00eb k\u00ebt\u00eb\u201d, \u201cQeveri e paaft\u00eb\u201d, \u201cs\u2019b\u00ebj k\u00ebrc\u00ebnime t\u00eb zbehta\u201d"},"content":{"rendered":"<h3>Ndihm\u00ebssekretari Amerikan i Shtetit Jim O\u2019Brien n\u00eb nj\u00eb intervist\u00eb p\u00ebr Z\u00ebrin e Amerik\u00ebs ka drejtuar fjal\u00eb t\u00eb ashp\u00ebra n\u00eb adres\u00eb t\u00eb Qeveris\u00eb s\u00eb Kosov\u00ebs rreth vendimit p\u00ebr dinarin. Diplomati amerikan ka k\u00ebrkuar t\u00ebrheqjen e vendimit derisa ka shfaqur pak\u00ebnaq\u00ebsi edhe me tranzicionin tre mujor t\u00eb BQK\u2019s\u00eb q\u00eb u shpall dje.<\/h3>\n<p>\u201cNjer\u00ebzit duhet ta din\u00eb se si do t\u2019i paguajn\u00eb faturat. Kur lexoj deklarat\u00ebn e Bank\u00ebs Qendrore, aty nuk thot\u00eb se do ta lejohet p\u00ebrdorimi i dinarit. Thot\u00eb se do t\u00eb ofrohet nj\u00eb alternativ\u00eb. Kjo duhej b\u00ebr\u00eb para se t\u00eb zbatohej vendimi n\u00eb bashk\u00ebpunim me komunitetet e prekura dhe me fqinj\u00ebt q\u00eb preken nga vendimi dhe sinqerisht me Bashkimin Evropian dhe ne. Pra jo, duhet ta nd\u00ebrpresin menj\u00ebher\u00eb k\u00ebt\u00eb dhe pastaj t\u00eb punojm\u00eb drejt zgjidhjes s\u00eb problemit konkret, q\u00eb ata duan t\u00eb zgjidhin, ashtu si\u00e7 veprojn\u00eb shtetet moderne evropiane\u201d, ka theksuar O\u2019Brien.<\/p>\n<p>Zyrtari i lart\u00eb i Departamentit t\u00eb Shtetit ka zbuluar se ka folur disa her\u00eb me Kurtin rreth k\u00ebsaj c\u00ebshtjeje duke l\u00ebn\u00eb t\u00eb kuptohet se ai s\u2019i ka d\u00ebgjuar k\u00ebrkesat. Ai ka th\u00ebn\u00eb se kjo \u00ebsht\u00eb qeverisje e dob\u00ebt.<\/p>\n<p>\u201c\u00c7\u00ebshtja \u00ebsht\u00eb se \u00e7far\u00eb problemi po synon t\u00eb zgjidh\u00eb vendimi i ri. \u00cbsht\u00eb e drejt\u00eb e Kosov\u00ebs t\u00eb vendos\u00eb se \u00e7far\u00eb valute po d\u00ebrgohet n\u00eb juridiksionin e saj. Asociacioni do ta zgjidhte k\u00ebt\u00eb problem duke qart\u00ebsuar \u00e7\u00ebshtjen e parave q\u00eb d\u00ebrgohen dhe q\u00ebllimet p\u00ebr t\u00eb cilat do t\u00eb p\u00ebrdoreshin. Ka m\u00ebnyra tjera p\u00ebr ta siguruar k\u00ebt\u00eb qart\u00ebsi, p\u00ebrfshir\u00eb p\u00ebrmes dialogut, p\u00ebrmes konsultimeve joformale, ashtu si shtetet moderne u japin p\u00ebrgjigje k\u00ebtyre \u00e7\u00ebshtjeve. Jo duke shpallur vendime n\u00eb mes t\u00eb nat\u00ebs pasi partner\u00ebt tuaj m\u00eb t\u00eb af\u00ebrt ju thon\u00eb se kjo \u00ebsht\u00eb ide e keqe dhe qeverisje e dob\u00ebt\u201d, ka theksuar diplomati.<\/p>\n<p>O\u2019Brien \u00ebsht\u00eb pyetur edhe p\u00ebr sanksione t\u00eb mundshme duke e th\u00ebn\u00eb tro\u00e7 se ai nuk b\u00ebn k\u00ebrc\u00ebnime t\u00eb zbehta.<\/p>\n<p><strong>Z\u00ebri i Amerik\u00ebs: A keni biseduar me Kryeministrin p\u00ebr shqet\u00ebsimet tuaja dhe p\u00ebr k\u00ebt\u00eb sugjerim?<\/strong><\/p>\n<p>Jim O\u2019Brien: Kemi patur disa biseda n\u00eb periudh\u00ebn para se t\u00eb shpallej vendimi dhe nj\u00eb shk\u00ebmbim t\u00eb shkurt\u00eb m\u00eb pas.<\/p>\n<p><strong>Z\u00ebri i Amerik\u00ebs: Dhe si e prit ai vler\u00ebsimin tuaj?<\/strong><\/p>\n<p>Jim O\u2019Brien: Ai kuptoi shqet\u00ebsimet, premtoi se do t\u00eb punonte p\u00ebr to, por qartazi vendosi miratimin e vendimit. N\u00ebse ai nuk na trajton si partner, kjo ngre pik\u00ebpyetje n\u00ebse ne mund ta konsiderojm\u00eb k\u00ebt\u00eb qeveri si partnere.<\/p>\n<p><strong>Z\u00ebri i Amerik\u00ebs: Zoti O\u2019Brien, Bashkimi Evropian ka vendosur disa masa kufizuese ndaj Kosov\u00ebs, pa i quajtur sanksione. A planifikojn\u00eb Shtetet e Bashkuara ta b\u00ebjn\u00eb t\u00eb njejt\u00ebn gj\u00eb, n\u00ebse Prishtina k\u00ebmb\u00ebngul n\u00eb q\u00ebndrimin e saj?<\/strong><\/p>\n<p>Jim O\u2019Brien: Un\u00eb nuk b\u00ebj k\u00ebrc\u00ebnime t\u00eb vag\u00ebta publikisht. Un\u00eb do t\u00eb thoja, q\u00eb n\u00ebse ne nuk trajtohemi si partner, edhe ne nuk do ta trajtojm\u00eb qeverin\u00eb e Kosov\u00ebs si partnere.<\/p>\n<p><strong>Z\u00ebri i Amerik\u00ebs: A e shihni \u00e7\u00ebshtjen e dinarit t\u00eb lidhur me Asociacionin?<\/strong><\/p>\n<p>Jim O\u2019Brien: \u00c7\u00ebshtja \u00ebsht\u00eb se \u00e7far\u00eb problemi po synon t\u00eb zgjidh\u00eb vendimi i ri. \u00cbsht\u00eb e drejt\u00eb e Kosov\u00ebs t\u00eb vendos\u00eb se \u00e7far\u00eb valute po d\u00ebrgohet n\u00eb juridiksionin e saj. Asociacioni do ta zgjidhte k\u00ebt\u00eb problem duke qart\u00ebsuar \u00e7\u00ebshtjen e parave q\u00eb d\u00ebrgohen dhe q\u00ebllimet p\u00ebr t\u00eb cilat do t\u00eb p\u00ebrdoreshin. Ka m\u00ebnyra tjera p\u00ebr ta siguruar k\u00ebt\u00eb qart\u00ebsi, p\u00ebrfshir\u00eb p\u00ebrmes dialogut, p\u00ebrmes konsultimeve joformale, ashtu si shtetet moderne u japin p\u00ebrgjigje k\u00ebtyre \u00e7\u00ebshtjeve. Jo duke shpallur vendime n\u00eb mes t\u00eb nat\u00ebs pasi partner\u00ebt tuaj m\u00eb t\u00eb af\u00ebrt ju thon\u00eb se kjo \u00ebsht\u00eb ide e keqe dhe qeverisje e dob\u00ebt.<\/p>\n","protected":false},"excerpt":{"rendered":"<p>Ndihm\u00ebssekretari Amerikan i Shtetit Jim O\u2019Brien n\u00eb nj\u00eb intervist\u00eb p\u00ebr Z\u00ebrin e Amerik\u00ebs ka drejtuar fjal\u00eb t\u00eb ashp\u00ebra n\u00eb adres\u00eb t\u00eb Qeveris\u00eb s\u00eb Kosov\u00ebs rreth vendimit p\u00ebr dinarin. Diplomati amerikan ka k\u00ebrkuar t\u00ebrheqjen e vendimit derisa ka shfaqur pak\u00ebnaq\u00ebsi edhe me tranzicionin tre mujor t\u00eb BQK\u2019s\u00eb q\u00eb u shpall dje. \u201cNjer\u00ebzit duhet ta din\u00eb se [&hellip;]<\/p>\n","protected":false},"author":2,"featured_media":47919,"comment_status":"closed","ping_status":"closed","sticky":false,"template":"","format":"standard","meta":{"_monsterinsights_skip_tracking":false,"_monsterinsights_sitenote_active":false,"_monsterinsights_sitenote_note":"","_monsterinsights_sitenote_category":0,"_uf_show_specific_survey":0,"_uf_disable_surveys":false,"footnotes":""},"categories":[1146],"tags":[86],"yoast_head":"<!-- This site is optimized with the Yoast SEO plugin v21.5 - https:\/\/yoast.com\/wordpress\/plugins\/seo\/ -->\n<title>Fjal\u00eb t\u00eb r\u00ebnda nga Uashingtoni p\u00ebr Kurtin: \u201cTa nd\u00ebrpresin menj\u00ebher\u00eb k\u00ebt\u00eb\u201d, \u201cQeveri e paaft\u00eb\u201d, \u201cs\u2019b\u00ebj k\u00ebrc\u00ebnime t\u00eb zbehta\u201d<\/title>\n<meta name=\"robots\" content=\"index, follow, max-snippet:-1, max-image-preview:large, max-video-preview:-1\" \/>\n<link rel=\"canonical\" href=\"https:\/\/permbledhja.com\/sq\/fjale-te-renda-nga-uashingtoni-per-kurtin-ta-nderpresin-menjehere-kete-qeveri-e-paafte-sbej-kercenime-te-zbehta\/\" \/>\n<meta property=\"og:locale\" content=\"sq_AL\" \/>\n<meta property=\"og:type\" content=\"article\" \/>\n<meta property=\"og:title\" content=\"Fjal\u00eb t\u00eb r\u00ebnda nga Uashingtoni p\u00ebr Kurtin: \u201cTa nd\u00ebrpresin menj\u00ebher\u00eb k\u00ebt\u00eb\u201d, \u201cQeveri e paaft\u00eb\u201d, \u201cs\u2019b\u00ebj k\u00ebrc\u00ebnime t\u00eb zbehta\u201d\" \/>\n<meta property=\"og:description\" content=\"Ndihm\u00ebssekretari Amerikan i Shtetit Jim O\u2019Brien n\u00eb nj\u00eb intervist\u00eb p\u00ebr Z\u00ebrin e Amerik\u00ebs ka drejtuar fjal\u00eb t\u00eb ashp\u00ebra n\u00eb adres\u00eb t\u00eb Qeveris\u00eb s\u00eb Kosov\u00ebs rreth vendimit p\u00ebr dinarin. Diplomati amerikan ka k\u00ebrkuar t\u00ebrheqjen e vendimit derisa ka shfaqur pak\u00ebnaq\u00ebsi edhe me tranzicionin tre mujor t\u00eb BQK\u2019s\u00eb q\u00eb u shpall dje. \u201cNjer\u00ebzit duhet ta din\u00eb se [&hellip;]\" \/>\n<meta property=\"og:url\" content=\"https:\/\/permbledhja.com\/sq\/fjale-te-renda-nga-uashingtoni-per-kurtin-ta-nderpresin-menjehere-kete-qeveri-e-paafte-sbej-kercenime-te-zbehta\/\" \/>\n<meta property=\"og:site_name\" content=\"Ve\u00e7 artikuj p\u00ebrmbledh\u00ebs\" \/>\n<meta property=\"article:publisher\" content=\"https:\/\/www.facebook.com\/press07\/\" \/>\n<meta property=\"article:published_time\" content=\"2024-02-13T19:19:24+00:00\" \/>\n<meta property=\"og:image\" content=\"https:\/\/permbledhja.com\/wp-content\/uploads\/2024\/02\/5000-1-600x360-1.jpg\" \/>\n\t<meta property=\"og:image:width\" content=\"600\" \/>\n\t<meta property=\"og:image:height\" content=\"360\" \/>\n\t<meta property=\"og:image:type\" content=\"image\/jpeg\" \/>\n<meta name=\"author\" content=\"M M\" \/>\n<meta name=\"twitter:card\" content=\"summary_large_image\" \/>\n<meta name=\"twitter:label1\" content=\"Written by\" \/>\n\t<meta name=\"twitter:data1\" content=\"M M\" \/>\n\t<meta name=\"twitter:label2\" content=\"Est. reading time\" \/>\n\t<meta name=\"twitter:data2\" content=\"4 minuta\" \/>\n<script type=\"application\/ld+json\" class=\"yoast-schema-graph\">{\"@context\":\"https:\/\/schema.org\",\"@graph\":[{\"@type\":\"Article\",\"@id\":\"https:\/\/permbledhja.com\/fjale-te-renda-nga-uashingtoni-per-kurtin-ta-nderpresin-menjehere-kete-qeveri-e-paafte-sbej-kercenime-te-zbehta\/#article\",\"isPartOf\":{\"@id\":\"https:\/\/permbledhja.com\/fjale-te-renda-nga-uashingtoni-per-kurtin-ta-nderpresin-menjehere-kete-qeveri-e-paafte-sbej-kercenime-te-zbehta\/\"},\"author\":{\"name\":\"M M\",\"@id\":\"https:\/\/permbledhja.com\/#\/schema\/person\/d23f13f59b5722643933d6780783acf3\"},\"headline\":\"Fjal\u00eb t\u00eb r\u00ebnda nga Uashingtoni p\u00ebr Kurtin: \u201cTa nd\u00ebrpresin menj\u00ebher\u00eb k\u00ebt\u00eb\u201d, \u201cQeveri e paaft\u00eb\u201d, \u201cs\u2019b\u00ebj k\u00ebrc\u00ebnime t\u00eb zbehta\u201d\",\"datePublished\":\"2024-02-13T19:19:24+00:00\",\"dateModified\":\"2024-02-13T19:19:24+00:00\",\"mainEntityOfPage\":{\"@id\":\"https:\/\/permbledhja.com\/fjale-te-renda-nga-uashingtoni-per-kurtin-ta-nderpresin-menjehere-kete-qeveri-e-paafte-sbej-kercenime-te-zbehta\/\"},\"wordCount\":707,\"publisher\":{\"@id\":\"https:\/\/permbledhja.com\/#organization\"},\"keywords\":[\"Albin Kurti\"],\"articleSection\":[\"Kryesoret\"],\"inLanguage\":\"sq\"},{\"@type\":\"WebPage\",\"@id\":\"https:\/\/permbledhja.com\/fjale-te-renda-nga-uashingtoni-per-kurtin-ta-nderpresin-menjehere-kete-qeveri-e-paafte-sbej-kercenime-te-zbehta\/\",\"url\":\"https:\/\/permbledhja.com\/fjale-te-renda-nga-uashingtoni-per-kurtin-ta-nderpresin-menjehere-kete-qeveri-e-paafte-sbej-kercenime-te-zbehta\/\",\"name\":\"Fjal\u00eb t\u00eb r\u00ebnda nga Uashingtoni p\u00ebr Kurtin: \u201cTa nd\u00ebrpresin menj\u00ebher\u00eb k\u00ebt\u00eb\u201d, \u201cQeveri e paaft\u00eb\u201d, \u201cs\u2019b\u00ebj k\u00ebrc\u00ebnime t\u00eb zbehta\u201d\",\"isPartOf\":{\"@id\":\"https:\/\/permbledhja.com\/#website\"},\"datePublished\":\"2024-02-13T19:19:24+00:00\",\"dateModified\":\"2024-02-13T19:19:24+00:00\",\"breadcrumb\":{\"@id\":\"https:\/\/permbledhja.com\/fjale-te-renda-nga-uashingtoni-per-kurtin-ta-nderpresin-menjehere-kete-qeveri-e-paafte-sbej-kercenime-te-zbehta\/#breadcrumb\"},\"inLanguage\":\"sq\",\"potentialAction\":[{\"@type\":\"ReadAction\",\"target\":[\"https:\/\/permbledhja.com\/fjale-te-renda-nga-uashingtoni-per-kurtin-ta-nderpresin-menjehere-kete-qeveri-e-paafte-sbej-kercenime-te-zbehta\/\"]}]},{\"@type\":\"BreadcrumbList\",\"@id\":\"https:\/\/permbledhja.com\/fjale-te-renda-nga-uashingtoni-per-kurtin-ta-nderpresin-menjehere-kete-qeveri-e-paafte-sbej-kercenime-te-zbehta\/#breadcrumb\",\"itemListElement\":[{\"@type\":\"ListItem\",\"position\":1,\"name\":\"Ballina\",\"item\":\"https:\/\/permbledhja.com\/sq\/\"},{\"@type\":\"ListItem\",\"position\":2,\"name\":\"Fjal\u00eb t\u00eb r\u00ebnda nga Uashingtoni p\u00ebr Kurtin: \u201cTa nd\u00ebrpresin menj\u00ebher\u00eb k\u00ebt\u00eb\u201d, \u201cQeveri e paaft\u00eb\u201d, \u201cs\u2019b\u00ebj k\u00ebrc\u00ebnime t\u00eb zbehta\u201d\"}]},{\"@type\":\"WebSite\",\"@id\":\"https:\/\/permbledhja.com\/#website\",\"url\":\"https:\/\/permbledhja.com\/\",\"name\":\"Ve\u00e7 artikuj p\u00ebrmbledh\u00ebs\",\"description\":\"\",\"publisher\":{\"@id\":\"https:\/\/permbledhja.com\/#organization\"},\"potentialAction\":[{\"@type\":\"SearchAction\",\"target\":{\"@type\":\"EntryPoint\",\"urlTemplate\":\"https:\/\/permbledhja.com\/?s={search_term_string}\"},\"query-input\":\"required name=search_term_string\"}],\"inLanguage\":\"sq\"},{\"@type\":\"Organization\",\"@id\":\"https:\/\/permbledhja.com\/#organization\",\"name\":\"MK Media & Pr\",\"url\":\"https:\/\/permbledhja.com\/\",\"logo\":{\"@type\":\"ImageObject\",\"inLanguage\":\"sq\",\"@id\":\"https:\/\/permbledhja.com\/#\/schema\/logo\/image\/\",\"url\":\"https:\/\/permbledhja.com\/wp-content\/uploads\/2021\/12\/07-Press-Logo.jpg\",\"contentUrl\":\"https:\/\/permbledhja.com\/wp-content\/uploads\/2021\/12\/07-Press-Logo.jpg\",\"width\":512,\"height\":512,\"caption\":\"MK Media & Pr\"},\"image\":{\"@id\":\"https:\/\/permbledhja.com\/#\/schema\/logo\/image\/\"},\"sameAs\":[\"https:\/\/www.facebook.com\/press07\/\"]},{\"@type\":\"Person\",\"@id\":\"https:\/\/permbledhja.com\/#\/schema\/person\/d23f13f59b5722643933d6780783acf3\",\"name\":\"M M\",\"image\":{\"@type\":\"ImageObject\",\"inLanguage\":\"sq\",\"@id\":\"https:\/\/permbledhja.com\/#\/schema\/person\/image\/\",\"url\":\"https:\/\/secure.gravatar.com\/avatar\/e2835a76ca7c31a2416b2d51c4ec9a8f?s=96&d=mm&r=g\",\"contentUrl\":\"https:\/\/secure.gravatar.com\/avatar\/e2835a76ca7c31a2416b2d51c4ec9a8f?s=96&d=mm&r=g\",\"caption\":\"M M\"},\"sameAs\":[\"http:\/\/MM\"],\"url\":\"https:\/\/permbledhja.com\/sq\/author\/muhamet\/\"}]}<\/script>\n<!-- \/ Yoast SEO plugin. -->","yoast_head_json":{"title":"Fjal\u00eb t\u00eb r\u00ebnda nga Uashingtoni p\u00ebr Kurtin: \u201cTa nd\u00ebrpresin menj\u00ebher\u00eb k\u00ebt\u00eb\u201d, \u201cQeveri e paaft\u00eb\u201d, \u201cs\u2019b\u00ebj k\u00ebrc\u00ebnime t\u00eb zbehta\u201d","robots":{"index":"index","follow":"follow","max-snippet":"max-snippet:-1","max-image-preview":"max-image-preview:large","max-video-preview":"max-video-preview:-1"},"canonical":"https:\/\/permbledhja.com\/sq\/fjale-te-renda-nga-uashingtoni-per-kurtin-ta-nderpresin-menjehere-kete-qeveri-e-paafte-sbej-kercenime-te-zbehta\/","og_locale":"sq_AL","og_type":"article","og_title":"Fjal\u00eb t\u00eb r\u00ebnda nga Uashingtoni p\u00ebr Kurtin: \u201cTa nd\u00ebrpresin menj\u00ebher\u00eb k\u00ebt\u00eb\u201d, \u201cQeveri e paaft\u00eb\u201d, \u201cs\u2019b\u00ebj k\u00ebrc\u00ebnime t\u00eb zbehta\u201d","og_description":"Ndihm\u00ebssekretari Amerikan i Shtetit Jim O\u2019Brien n\u00eb nj\u00eb intervist\u00eb p\u00ebr Z\u00ebrin e Amerik\u00ebs ka drejtuar fjal\u00eb t\u00eb ashp\u00ebra n\u00eb adres\u00eb t\u00eb Qeveris\u00eb s\u00eb Kosov\u00ebs rreth vendimit p\u00ebr dinarin. Diplomati amerikan ka k\u00ebrkuar t\u00ebrheqjen e vendimit derisa ka shfaqur pak\u00ebnaq\u00ebsi edhe me tranzicionin tre mujor t\u00eb BQK\u2019s\u00eb q\u00eb u shpall dje. \u201cNjer\u00ebzit duhet ta din\u00eb se [&hellip;]","og_url":"https:\/\/permbledhja.com\/sq\/fjale-te-renda-nga-uashingtoni-per-kurtin-ta-nderpresin-menjehere-kete-qeveri-e-paafte-sbej-kercenime-te-zbehta\/","og_site_name":"Ve\u00e7 artikuj p\u00ebrmbledh\u00ebs","article_publisher":"https:\/\/www.facebook.com\/press07\/","article_published_time":"2024-02-13T19:19:24+00:00","og_image":[{"width":600,"height":360,"url":"https:\/\/permbledhja.com\/wp-content\/uploads\/2024\/02\/5000-1-600x360-1.jpg","type":"image\/jpeg"}],"author":"M M","twitter_card":"summary_large_image","twitter_misc":{"Written by":"M M","Est. reading time":"4 minuta"},"schema":{"@context":"https:\/\/schema.org","@graph":[{"@type":"Article","@id":"https:\/\/permbledhja.com\/fjale-te-renda-nga-uashingtoni-per-kurtin-ta-nderpresin-menjehere-kete-qeveri-e-paafte-sbej-kercenime-te-zbehta\/#article","isPartOf":{"@id":"https:\/\/permbledhja.com\/fjale-te-renda-nga-uashingtoni-per-kurtin-ta-nderpresin-menjehere-kete-qeveri-e-paafte-sbej-kercenime-te-zbehta\/"},"author":{"name":"M M","@id":"https:\/\/permbledhja.com\/#\/schema\/person\/d23f13f59b5722643933d6780783acf3"},"headline":"Fjal\u00eb t\u00eb r\u00ebnda nga Uashingtoni p\u00ebr Kurtin: \u201cTa nd\u00ebrpresin menj\u00ebher\u00eb k\u00ebt\u00eb\u201d, \u201cQeveri e paaft\u00eb\u201d, \u201cs\u2019b\u00ebj k\u00ebrc\u00ebnime t\u00eb zbehta\u201d","datePublished":"2024-02-13T19:19:24+00:00","dateModified":"2024-02-13T19:19:24+00:00","mainEntityOfPage":{"@id":"https:\/\/permbledhja.com\/fjale-te-renda-nga-uashingtoni-per-kurtin-ta-nderpresin-menjehere-kete-qeveri-e-paafte-sbej-kercenime-te-zbehta\/"},"wordCount":707,"publisher":{"@id":"https:\/\/permbledhja.com\/#organization"},"keywords":["Albin Kurti"],"articleSection":["Kryesoret"],"inLanguage":"sq"},{"@type":"WebPage","@id":"https:\/\/permbledhja.com\/fjale-te-renda-nga-uashingtoni-per-kurtin-ta-nderpresin-menjehere-kete-qeveri-e-paafte-sbej-kercenime-te-zbehta\/","url":"https:\/\/permbledhja.com\/fjale-te-renda-nga-uashingtoni-per-kurtin-ta-nderpresin-menjehere-kete-qeveri-e-paafte-sbej-kercenime-te-zbehta\/","name":"Fjal\u00eb t\u00eb r\u00ebnda nga Uashingtoni p\u00ebr Kurtin: \u201cTa nd\u00ebrpresin menj\u00ebher\u00eb k\u00ebt\u00eb\u201d, \u201cQeveri e paaft\u00eb\u201d, \u201cs\u2019b\u00ebj k\u00ebrc\u00ebnime t\u00eb zbehta\u201d","isPartOf":{"@id":"https:\/\/permbledhja.com\/#website"},"datePublished":"2024-02-13T19:19:24+00:00","dateModified":"2024-02-13T19:19:24+00:00","breadcrumb":{"@id":"https:\/\/permbledhja.com\/fjale-te-renda-nga-uashingtoni-per-kurtin-ta-nderpresin-menjehere-kete-qeveri-e-paafte-sbej-kercenime-te-zbehta\/#breadcrumb"},"inLanguage":"sq","potentialAction":[{"@type":"ReadAction","target":["https:\/\/permbledhja.com\/fjale-te-renda-nga-uashingtoni-per-kurtin-ta-nderpresin-menjehere-kete-qeveri-e-paafte-sbej-kercenime-te-zbehta\/"]}]},{"@type":"BreadcrumbList","@id":"https:\/\/permbledhja.com\/fjale-te-renda-nga-uashingtoni-per-kurtin-ta-nderpresin-menjehere-kete-qeveri-e-paafte-sbej-kercenime-te-zbehta\/#breadcrumb","itemListElement":[{"@type":"ListItem","position":1,"name":"Ballina","item":"https:\/\/permbledhja.com\/sq\/"},{"@type":"ListItem","position":2,"name":"Fjal\u00eb t\u00eb r\u00ebnda nga Uashingtoni p\u00ebr Kurtin: \u201cTa nd\u00ebrpresin menj\u00ebher\u00eb k\u00ebt\u00eb\u201d, \u201cQeveri e paaft\u00eb\u201d, \u201cs\u2019b\u00ebj k\u00ebrc\u00ebnime t\u00eb zbehta\u201d"}]},{"@type":"WebSite","@id":"https:\/\/permbledhja.com\/#website","url":"https:\/\/permbledhja.com\/","name":"Ve\u00e7 artikuj p\u00ebrmbledh\u00ebs","description":"","publisher":{"@id":"https:\/\/permbledhja.com\/#organization"},"potentialAction":[{"@type":"SearchAction","target":{"@type":"EntryPoint","urlTemplate":"https:\/\/permbledhja.com\/?s={search_term_string}"},"query-input":"required name=search_term_string"}],"inLanguage":"sq"},{"@type":"Organization","@id":"https:\/\/permbledhja.com\/#organization","name":"MK Media & Pr","url":"https:\/\/permbledhja.com\/","logo":{"@type":"ImageObject","inLanguage":"sq","@id":"https:\/\/permbledhja.com\/#\/schema\/logo\/image\/","url":"https:\/\/permbledhja.com\/wp-content\/uploads\/2021\/12\/07-Press-Logo.jpg","contentUrl":"https:\/\/permbledhja.com\/wp-content\/uploads\/2021\/12\/07-Press-Logo.jpg","width":512,"height":512,"caption":"MK Media & Pr"},"image":{"@id":"https:\/\/permbledhja.com\/#\/schema\/logo\/image\/"},"sameAs":["https:\/\/www.facebook.com\/press07\/"]},{"@type":"Person","@id":"https:\/\/permbledhja.com\/#\/schema\/person\/d23f13f59b5722643933d6780783acf3","name":"M M","image":{"@type":"ImageObject","inLanguage":"sq","@id":"https:\/\/permbledhja.com\/#\/schema\/person\/image\/","url":"https:\/\/secure.gravatar.com\/avatar\/e2835a76ca7c31a2416b2d51c4ec9a8f?s=96&d=mm&r=g","contentUrl":"https:\/\/secure.gravatar.com\/avatar\/e2835a76ca7c31a2416b2d51c4ec9a8f?s=96&d=mm&r=g","caption":"M M"},"sameAs":["http:\/\/MM"],"url":"https:\/\/permbledhja.com\/sq\/author\/muhamet\/"}]}},"_links":{"self":[{"href":"https:\/\/permbledhja.com\/sq\/wp-json\/wp\/v2\/posts\/47918"}],"collection":[{"href":"https:\/\/permbledhja.com\/sq\/wp-json\/wp\/v2\/posts"}],"about":[{"href":"https:\/\/permbledhja.com\/sq\/wp-json\/wp\/v2\/types\/post"}],"author":[{"embeddable":true,"href":"https:\/\/permbledhja.com\/sq\/wp-json\/wp\/v2\/users\/2"}],"replies":[{"embeddable":true,"href":"https:\/\/permbledhja.com\/sq\/wp-json\/wp\/v2\/comments?post=47918"}],"version-history":[{"count":1,"href":"https:\/\/permbledhja.com\/sq\/wp-json\/wp\/v2\/posts\/47918\/revisions"}],"predecessor-version":[{"id":47920,"href":"https:\/\/permbledhja.com\/sq\/wp-json\/wp\/v2\/posts\/47918\/revisions\/47920"}],"wp:featuredmedia":[{"embeddable":true,"href":"https:\/\/permbledhja.com\/sq\/wp-json\/wp\/v2\/media\/47919"}],"wp:attachment":[{"href":"https:\/\/permbledhja.com\/sq\/wp-json\/wp\/v2\/media?parent=47918"}],"wp:term":[{"taxonomy":"category","embeddable":true,"href":"https:\/\/permbledhja.com\/sq\/wp-json\/wp\/v2\/categories?post=47918"},{"taxonomy":"post_tag","embeddable":true,"href":"https:\/\/permbledhja.com\/sq\/wp-json\/wp\/v2\/tags?post=47918"}],"curies":[{"name":"wp","href":"https:\/\/api.w.org\/{rel}","templated":true}]}}