{"id":47840,"date":"2024-02-13T16:40:33","date_gmt":"2024-02-13T16:40:33","guid":{"rendered":"https:\/\/permbledhja.com\/?p=47840"},"modified":"2024-02-13T16:40:33","modified_gmt":"2024-02-13T16:40:33","slug":"e-rende-rreshqet-orteku-i-bores-ne-brezovice-humb-jeten-nje-person","status":"publish","type":"post","link":"https:\/\/permbledhja.com\/sq\/e-rende-rreshqet-orteku-i-bores-ne-brezovice-humb-jeten-nje-person\/","title":{"rendered":"E r\u00ebnd\u00eb: Rr\u00ebshqet orteku i bor\u00ebs n\u00eb Brezovic\u00eb, humb jet\u00ebn nj\u00eb person"},"content":{"rendered":"<h3>Nj\u00eb ngjarje e r\u00ebnd\u00eb \u00ebsht\u00eb sh\u00ebnuar sot n\u00eb Brezovic\u00eb. Nj\u00eb ortek bore ka rr\u00ebshqitur n\u00eb Qendr\u00ebn e Skijimit rreth or\u00ebs 16:00, ku si pasoj\u00eb e tij nj\u00eb person ka humbur jet\u00ebn.<\/h3>\n<p>Ngjarja ka ndodhur sakt\u00ebsisht n\u00eb vendin e quajtur \u201cFoleja e Shqiponj\u00ebs\u201d.<\/p>\n<p>Lajmin p\u00ebr Gazet\u00ebn Sinjali e ka konfirmuar z\u00ebdh\u00ebn\u00ebsi i Policis\u00eb s\u00eb Kosov\u00ebs p\u00ebr Rajonin e Ferizajt, Kanun Veseli.<\/p>\n<p>\u201cM\u00eb dat\u00eb 13.02.2024, rreth or\u00ebs 15:35, kemi marr\u00eb nj\u00eb informacion se nj\u00eb person dyshohet se ka mbetur i vdekur gjat\u00eb skijimit n\u00eb Qendr\u00ebn e Skijimit n\u00eb Brezovic\u00eb, n\u00eb vendin e quajtur \u201cFoleja e Shqiponj\u00ebs\u201d. Dyshohet se shkak i k\u00ebtij incidenti ka qen\u00eb rr\u00ebshqitja e nj\u00eb orteku t\u00eb bor\u00ebs. Ekipe t\u00eb policis\u00eb dhe ekipe t\u00eb k\u00ebrkim shp\u00ebtimit jan\u00eb atje dhe p\u00ebr informata tjera do tju njoftojm\u00eb me koh\u00eb\u201d, tha Veseli.<\/p>\n<p>Sh\u00ebrbimi i K\u00ebrkimin-Shp\u00ebtimit Malor i Kosov\u00ebs ka konfirmuar se ndodhen n\u00eb vendin e ngjarjes, teksa njoftojn\u00eb se \u00ebsht\u00eb lokalizuar vendi ku ka ndodhur aksidenti dhe se po vazhdojn\u00eb operacionet e K\u00ebrkim-Shp\u00ebtimit.<\/p>\n<p>\u201cSapo kemi pranuar nj\u00eb thirrje p\u00ebr ndihm\u00eb nga Patrolla e skijimit n\u00eb Brezovic\u00eb, p\u00ebr nj\u00eb aksident orteku.Shp\u00ebtuesit tan\u00eb s\u00eb bashku me Patroll\u00ebn e Skijimit n\u00eb Brezovic\u00eb e kan lokalizuar vendaksidentin dhe jan\u00eb duke e zhvilluar operacionin e K\u00ebrkim-Shp\u00ebtimit\u201d, thuhet n\u00eb njoftimin e ShKShMKs\u00eb.<\/p>\n","protected":false},"excerpt":{"rendered":"<p>Nj\u00eb ngjarje e r\u00ebnd\u00eb \u00ebsht\u00eb sh\u00ebnuar sot n\u00eb Brezovic\u00eb. Nj\u00eb ortek bore ka rr\u00ebshqitur n\u00eb Qendr\u00ebn e Skijimit rreth or\u00ebs 16:00, ku si pasoj\u00eb e tij nj\u00eb person ka humbur jet\u00ebn. Ngjarja ka ndodhur sakt\u00ebsisht n\u00eb vendin e quajtur \u201cFoleja e Shqiponj\u00ebs\u201d. Lajmin p\u00ebr Gazet\u00ebn Sinjali e ka konfirmuar z\u00ebdh\u00ebn\u00ebsi i Policis\u00eb s\u00eb Kosov\u00ebs p\u00ebr [&hellip;]<\/p>\n","protected":false},"author":2,"featured_media":47841,"comment_status":"closed","ping_status":"closed","sticky":false,"template":"","format":"standard","meta":{"_monsterinsights_skip_tracking":false,"_monsterinsights_sitenote_active":false,"_monsterinsights_sitenote_note":"","_monsterinsights_sitenote_category":0,"_uf_show_specific_survey":0,"_uf_disable_surveys":false,"footnotes":""},"categories":[1146],"tags":[745],"yoast_head":"<!-- This site is optimized with the Yoast SEO plugin v21.5 - https:\/\/yoast.com\/wordpress\/plugins\/seo\/ -->\n<title>E r\u00ebnd\u00eb: Rr\u00ebshqet orteku i bor\u00ebs n\u00eb Brezovic\u00eb, humb jet\u00ebn nj\u00eb person<\/title>\n<meta name=\"robots\" content=\"index, follow, max-snippet:-1, max-image-preview:large, max-video-preview:-1\" \/>\n<link rel=\"canonical\" href=\"https:\/\/permbledhja.com\/sq\/e-rende-rreshqet-orteku-i-bores-ne-brezovice-humb-jeten-nje-person\/\" \/>\n<meta property=\"og:locale\" content=\"sq_AL\" \/>\n<meta property=\"og:type\" content=\"article\" \/>\n<meta property=\"og:title\" content=\"E r\u00ebnd\u00eb: Rr\u00ebshqet orteku i bor\u00ebs n\u00eb Brezovic\u00eb, humb jet\u00ebn nj\u00eb person\" \/>\n<meta property=\"og:description\" content=\"Nj\u00eb ngjarje e r\u00ebnd\u00eb \u00ebsht\u00eb sh\u00ebnuar sot n\u00eb Brezovic\u00eb. Nj\u00eb ortek bore ka rr\u00ebshqitur n\u00eb Qendr\u00ebn e Skijimit rreth or\u00ebs 16:00, ku si pasoj\u00eb e tij nj\u00eb person ka humbur jet\u00ebn. Ngjarja ka ndodhur sakt\u00ebsisht n\u00eb vendin e quajtur \u201cFoleja e Shqiponj\u00ebs\u201d. Lajmin p\u00ebr Gazet\u00ebn Sinjali e ka konfirmuar z\u00ebdh\u00ebn\u00ebsi i Policis\u00eb s\u00eb Kosov\u00ebs p\u00ebr [&hellip;]\" \/>\n<meta property=\"og:url\" content=\"https:\/\/permbledhja.com\/sq\/e-rende-rreshqet-orteku-i-bores-ne-brezovice-humb-jeten-nje-person\/\" \/>\n<meta property=\"og:site_name\" content=\"Ve\u00e7 artikuj p\u00ebrmbledh\u00ebs\" \/>\n<meta property=\"article:publisher\" content=\"https:\/\/www.facebook.com\/press07\/\" \/>\n<meta property=\"article:published_time\" content=\"2024-02-13T16:40:33+00:00\" \/>\n<meta property=\"og:image\" content=\"https:\/\/permbledhja.com\/wp-content\/uploads\/2024\/02\/ortek.webp\" \/>\n\t<meta property=\"og:image:width\" content=\"835\" \/>\n\t<meta property=\"og:image:height\" content=\"440\" \/>\n\t<meta property=\"og:image:type\" content=\"image\/webp\" \/>\n<meta name=\"author\" content=\"M M\" \/>\n<meta name=\"twitter:card\" content=\"summary_large_image\" \/>\n<meta name=\"twitter:label1\" content=\"Written by\" \/>\n\t<meta name=\"twitter:data1\" content=\"M M\" \/>\n\t<meta name=\"twitter:label2\" content=\"Est. reading time\" \/>\n\t<meta name=\"twitter:data2\" content=\"2 minuta\" \/>\n<script type=\"application\/ld+json\" class=\"yoast-schema-graph\">{\"@context\":\"https:\/\/schema.org\",\"@graph\":[{\"@type\":\"Article\",\"@id\":\"https:\/\/permbledhja.com\/sq\/e-rende-rreshqet-orteku-i-bores-ne-brezovice-humb-jeten-nje-person\/#article\",\"isPartOf\":{\"@id\":\"https:\/\/permbledhja.com\/sq\/e-rende-rreshqet-orteku-i-bores-ne-brezovice-humb-jeten-nje-person\/\"},\"author\":{\"name\":\"M M\",\"@id\":\"https:\/\/permbledhja.com\/#\/schema\/person\/d23f13f59b5722643933d6780783acf3\"},\"headline\":\"E r\u00ebnd\u00eb: Rr\u00ebshqet orteku i bor\u00ebs n\u00eb Brezovic\u00eb, humb jet\u00ebn nj\u00eb person\",\"datePublished\":\"2024-02-13T16:40:33+00:00\",\"dateModified\":\"2024-02-13T16:40:33+00:00\",\"mainEntityOfPage\":{\"@id\":\"https:\/\/permbledhja.com\/sq\/e-rende-rreshqet-orteku-i-bores-ne-brezovice-humb-jeten-nje-person\/\"},\"wordCount\":253,\"publisher\":{\"@id\":\"https:\/\/permbledhja.com\/#organization\"},\"keywords\":[\"Brezovic\u00eb\"],\"articleSection\":[\"Kryesoret\"],\"inLanguage\":\"sq\"},{\"@type\":\"WebPage\",\"@id\":\"https:\/\/permbledhja.com\/sq\/e-rende-rreshqet-orteku-i-bores-ne-brezovice-humb-jeten-nje-person\/\",\"url\":\"https:\/\/permbledhja.com\/sq\/e-rende-rreshqet-orteku-i-bores-ne-brezovice-humb-jeten-nje-person\/\",\"name\":\"E r\u00ebnd\u00eb: Rr\u00ebshqet orteku i bor\u00ebs n\u00eb Brezovic\u00eb, humb jet\u00ebn nj\u00eb person\",\"isPartOf\":{\"@id\":\"https:\/\/permbledhja.com\/#website\"},\"datePublished\":\"2024-02-13T16:40:33+00:00\",\"dateModified\":\"2024-02-13T16:40:33+00:00\",\"breadcrumb\":{\"@id\":\"https:\/\/permbledhja.com\/sq\/e-rende-rreshqet-orteku-i-bores-ne-brezovice-humb-jeten-nje-person\/#breadcrumb\"},\"inLanguage\":\"sq\",\"potentialAction\":[{\"@type\":\"ReadAction\",\"target\":[\"https:\/\/permbledhja.com\/sq\/e-rende-rreshqet-orteku-i-bores-ne-brezovice-humb-jeten-nje-person\/\"]}]},{\"@type\":\"BreadcrumbList\",\"@id\":\"https:\/\/permbledhja.com\/sq\/e-rende-rreshqet-orteku-i-bores-ne-brezovice-humb-jeten-nje-person\/#breadcrumb\",\"itemListElement\":[{\"@type\":\"ListItem\",\"position\":1,\"name\":\"Ballina\",\"item\":\"https:\/\/permbledhja.com\/sq\/\"},{\"@type\":\"ListItem\",\"position\":2,\"name\":\"E r\u00ebnd\u00eb: Rr\u00ebshqet orteku i bor\u00ebs n\u00eb Brezovic\u00eb, humb jet\u00ebn nj\u00eb person\"}]},{\"@type\":\"WebSite\",\"@id\":\"https:\/\/permbledhja.com\/#website\",\"url\":\"https:\/\/permbledhja.com\/\",\"name\":\"Ve\u00e7 artikuj p\u00ebrmbledh\u00ebs\",\"description\":\"\",\"publisher\":{\"@id\":\"https:\/\/permbledhja.com\/#organization\"},\"potentialAction\":[{\"@type\":\"SearchAction\",\"target\":{\"@type\":\"EntryPoint\",\"urlTemplate\":\"https:\/\/permbledhja.com\/?s={search_term_string}\"},\"query-input\":\"required name=search_term_string\"}],\"inLanguage\":\"sq\"},{\"@type\":\"Organization\",\"@id\":\"https:\/\/permbledhja.com\/#organization\",\"name\":\"MK Media & Pr\",\"url\":\"https:\/\/permbledhja.com\/\",\"logo\":{\"@type\":\"ImageObject\",\"inLanguage\":\"sq\",\"@id\":\"https:\/\/permbledhja.com\/#\/schema\/logo\/image\/\",\"url\":\"https:\/\/permbledhja.com\/wp-content\/uploads\/2021\/12\/07-Press-Logo.jpg\",\"contentUrl\":\"https:\/\/permbledhja.com\/wp-content\/uploads\/2021\/12\/07-Press-Logo.jpg\",\"width\":512,\"height\":512,\"caption\":\"MK Media & Pr\"},\"image\":{\"@id\":\"https:\/\/permbledhja.com\/#\/schema\/logo\/image\/\"},\"sameAs\":[\"https:\/\/www.facebook.com\/press07\/\"]},{\"@type\":\"Person\",\"@id\":\"https:\/\/permbledhja.com\/#\/schema\/person\/d23f13f59b5722643933d6780783acf3\",\"name\":\"M M\",\"image\":{\"@type\":\"ImageObject\",\"inLanguage\":\"sq\",\"@id\":\"https:\/\/permbledhja.com\/#\/schema\/person\/image\/\",\"url\":\"https:\/\/secure.gravatar.com\/avatar\/e2835a76ca7c31a2416b2d51c4ec9a8f?s=96&d=mm&r=g\",\"contentUrl\":\"https:\/\/secure.gravatar.com\/avatar\/e2835a76ca7c31a2416b2d51c4ec9a8f?s=96&d=mm&r=g\",\"caption\":\"M M\"},\"sameAs\":[\"http:\/\/MM\"],\"url\":\"https:\/\/permbledhja.com\/sq\/author\/muhamet\/\"}]}<\/script>\n<!-- \/ Yoast SEO plugin. -->","yoast_head_json":{"title":"E r\u00ebnd\u00eb: Rr\u00ebshqet orteku i bor\u00ebs n\u00eb Brezovic\u00eb, humb jet\u00ebn nj\u00eb person","robots":{"index":"index","follow":"follow","max-snippet":"max-snippet:-1","max-image-preview":"max-image-preview:large","max-video-preview":"max-video-preview:-1"},"canonical":"https:\/\/permbledhja.com\/sq\/e-rende-rreshqet-orteku-i-bores-ne-brezovice-humb-jeten-nje-person\/","og_locale":"sq_AL","og_type":"article","og_title":"E r\u00ebnd\u00eb: Rr\u00ebshqet orteku i bor\u00ebs n\u00eb Brezovic\u00eb, humb jet\u00ebn nj\u00eb person","og_description":"Nj\u00eb ngjarje e r\u00ebnd\u00eb \u00ebsht\u00eb sh\u00ebnuar sot n\u00eb Brezovic\u00eb. Nj\u00eb ortek bore ka rr\u00ebshqitur n\u00eb Qendr\u00ebn e Skijimit rreth or\u00ebs 16:00, ku si pasoj\u00eb e tij nj\u00eb person ka humbur jet\u00ebn. Ngjarja ka ndodhur sakt\u00ebsisht n\u00eb vendin e quajtur \u201cFoleja e Shqiponj\u00ebs\u201d. Lajmin p\u00ebr Gazet\u00ebn Sinjali e ka konfirmuar z\u00ebdh\u00ebn\u00ebsi i Policis\u00eb s\u00eb Kosov\u00ebs p\u00ebr [&hellip;]","og_url":"https:\/\/permbledhja.com\/sq\/e-rende-rreshqet-orteku-i-bores-ne-brezovice-humb-jeten-nje-person\/","og_site_name":"Ve\u00e7 artikuj p\u00ebrmbledh\u00ebs","article_publisher":"https:\/\/www.facebook.com\/press07\/","article_published_time":"2024-02-13T16:40:33+00:00","og_image":[{"width":835,"height":440,"url":"https:\/\/permbledhja.com\/wp-content\/uploads\/2024\/02\/ortek.webp","type":"image\/webp"}],"author":"M M","twitter_card":"summary_large_image","twitter_misc":{"Written by":"M M","Est. reading time":"2 minuta"},"schema":{"@context":"https:\/\/schema.org","@graph":[{"@type":"Article","@id":"https:\/\/permbledhja.com\/sq\/e-rende-rreshqet-orteku-i-bores-ne-brezovice-humb-jeten-nje-person\/#article","isPartOf":{"@id":"https:\/\/permbledhja.com\/sq\/e-rende-rreshqet-orteku-i-bores-ne-brezovice-humb-jeten-nje-person\/"},"author":{"name":"M M","@id":"https:\/\/permbledhja.com\/#\/schema\/person\/d23f13f59b5722643933d6780783acf3"},"headline":"E r\u00ebnd\u00eb: Rr\u00ebshqet orteku i bor\u00ebs n\u00eb Brezovic\u00eb, humb jet\u00ebn nj\u00eb person","datePublished":"2024-02-13T16:40:33+00:00","dateModified":"2024-02-13T16:40:33+00:00","mainEntityOfPage":{"@id":"https:\/\/permbledhja.com\/sq\/e-rende-rreshqet-orteku-i-bores-ne-brezovice-humb-jeten-nje-person\/"},"wordCount":253,"publisher":{"@id":"https:\/\/permbledhja.com\/#organization"},"keywords":["Brezovic\u00eb"],"articleSection":["Kryesoret"],"inLanguage":"sq"},{"@type":"WebPage","@id":"https:\/\/permbledhja.com\/sq\/e-rende-rreshqet-orteku-i-bores-ne-brezovice-humb-jeten-nje-person\/","url":"https:\/\/permbledhja.com\/sq\/e-rende-rreshqet-orteku-i-bores-ne-brezovice-humb-jeten-nje-person\/","name":"E r\u00ebnd\u00eb: Rr\u00ebshqet orteku i bor\u00ebs n\u00eb Brezovic\u00eb, humb jet\u00ebn nj\u00eb person","isPartOf":{"@id":"https:\/\/permbledhja.com\/#website"},"datePublished":"2024-02-13T16:40:33+00:00","dateModified":"2024-02-13T16:40:33+00:00","breadcrumb":{"@id":"https:\/\/permbledhja.com\/sq\/e-rende-rreshqet-orteku-i-bores-ne-brezovice-humb-jeten-nje-person\/#breadcrumb"},"inLanguage":"sq","potentialAction":[{"@type":"ReadAction","target":["https:\/\/permbledhja.com\/sq\/e-rende-rreshqet-orteku-i-bores-ne-brezovice-humb-jeten-nje-person\/"]}]},{"@type":"BreadcrumbList","@id":"https:\/\/permbledhja.com\/sq\/e-rende-rreshqet-orteku-i-bores-ne-brezovice-humb-jeten-nje-person\/#breadcrumb","itemListElement":[{"@type":"ListItem","position":1,"name":"Ballina","item":"https:\/\/permbledhja.com\/sq\/"},{"@type":"ListItem","position":2,"name":"E r\u00ebnd\u00eb: Rr\u00ebshqet orteku i bor\u00ebs n\u00eb Brezovic\u00eb, humb jet\u00ebn nj\u00eb person"}]},{"@type":"WebSite","@id":"https:\/\/permbledhja.com\/#website","url":"https:\/\/permbledhja.com\/","name":"Ve\u00e7 artikuj p\u00ebrmbledh\u00ebs","description":"","publisher":{"@id":"https:\/\/permbledhja.com\/#organization"},"potentialAction":[{"@type":"SearchAction","target":{"@type":"EntryPoint","urlTemplate":"https:\/\/permbledhja.com\/?s={search_term_string}"},"query-input":"required name=search_term_string"}],"inLanguage":"sq"},{"@type":"Organization","@id":"https:\/\/permbledhja.com\/#organization","name":"MK Media & Pr","url":"https:\/\/permbledhja.com\/","logo":{"@type":"ImageObject","inLanguage":"sq","@id":"https:\/\/permbledhja.com\/#\/schema\/logo\/image\/","url":"https:\/\/permbledhja.com\/wp-content\/uploads\/2021\/12\/07-Press-Logo.jpg","contentUrl":"https:\/\/permbledhja.com\/wp-content\/uploads\/2021\/12\/07-Press-Logo.jpg","width":512,"height":512,"caption":"MK Media & Pr"},"image":{"@id":"https:\/\/permbledhja.com\/#\/schema\/logo\/image\/"},"sameAs":["https:\/\/www.facebook.com\/press07\/"]},{"@type":"Person","@id":"https:\/\/permbledhja.com\/#\/schema\/person\/d23f13f59b5722643933d6780783acf3","name":"M M","image":{"@type":"ImageObject","inLanguage":"sq","@id":"https:\/\/permbledhja.com\/#\/schema\/person\/image\/","url":"https:\/\/secure.gravatar.com\/avatar\/e2835a76ca7c31a2416b2d51c4ec9a8f?s=96&d=mm&r=g","contentUrl":"https:\/\/secure.gravatar.com\/avatar\/e2835a76ca7c31a2416b2d51c4ec9a8f?s=96&d=mm&r=g","caption":"M M"},"sameAs":["http:\/\/MM"],"url":"https:\/\/permbledhja.com\/sq\/author\/muhamet\/"}]}},"_links":{"self":[{"href":"https:\/\/permbledhja.com\/sq\/wp-json\/wp\/v2\/posts\/47840"}],"collection":[{"href":"https:\/\/permbledhja.com\/sq\/wp-json\/wp\/v2\/posts"}],"about":[{"href":"https:\/\/permbledhja.com\/sq\/wp-json\/wp\/v2\/types\/post"}],"author":[{"embeddable":true,"href":"https:\/\/permbledhja.com\/sq\/wp-json\/wp\/v2\/users\/2"}],"replies":[{"embeddable":true,"href":"https:\/\/permbledhja.com\/sq\/wp-json\/wp\/v2\/comments?post=47840"}],"version-history":[{"count":1,"href":"https:\/\/permbledhja.com\/sq\/wp-json\/wp\/v2\/posts\/47840\/revisions"}],"predecessor-version":[{"id":47842,"href":"https:\/\/permbledhja.com\/sq\/wp-json\/wp\/v2\/posts\/47840\/revisions\/47842"}],"wp:featuredmedia":[{"embeddable":true,"href":"https:\/\/permbledhja.com\/sq\/wp-json\/wp\/v2\/media\/47841"}],"wp:attachment":[{"href":"https:\/\/permbledhja.com\/sq\/wp-json\/wp\/v2\/media?parent=47840"}],"wp:term":[{"taxonomy":"category","embeddable":true,"href":"https:\/\/permbledhja.com\/sq\/wp-json\/wp\/v2\/categories?post=47840"},{"taxonomy":"post_tag","embeddable":true,"href":"https:\/\/permbledhja.com\/sq\/wp-json\/wp\/v2\/tags?post=47840"}],"curies":[{"name":"wp","href":"https:\/\/api.w.org\/{rel}","templated":true}]}}