{"id":47815,"date":"2024-02-13T15:09:10","date_gmt":"2024-02-13T15:09:10","guid":{"rendered":"https:\/\/permbledhja.com\/?p=47815"},"modified":"2024-02-13T15:09:10","modified_gmt":"2024-02-13T15:09:10","slug":"voziti-152-km-h-ne-zonen-50-km-h-i-meret-leja-21-vjecarit-ne-ferizaj-denohet-edhe-me-300-euro","status":"publish","type":"post","link":"https:\/\/permbledhja.com\/sq\/voziti-152-km-h-ne-zonen-50-km-h-i-meret-leja-21-vjecarit-ne-ferizaj-denohet-edhe-me-300-euro\/","title":{"rendered":"Voziti 152 km\/h n\u00eb zon\u00ebn 50 km\/h: I meret leja 21 vje\u00e7arit n\u00eb Ferizaj, d\u00ebnohet edhe me 300 euro"},"content":{"rendered":"<h3>\u00cbsht\u00eb ndaluar n\u00eb magjistralen Ferizaj-Prishtin\u00eb, shoferi, A.H 21 vje\u00e7ar, p\u00ebr tejkalim t\u00eb shpejt\u00ebsis\u00eb.<\/h3>\n<p>Sipas nj\u00eb njoftimi t\u00eb Policis\u00eb, shoferi ka vozitur me shpejt\u00ebsi 151 km\/h n\u00eb zon\u00ebn e kufizimit deri 50 km\/h, shkruan lajmi.net.<\/p>\n<p>Policia i ka shqiptuar nj\u00eb gjob\u00eb prej 300 euro, 3 pik\u00eb negative dhe 3 muaj mas\u00eb mbrojt\u00ebse, heqje e patent-shoferit.<\/p>\n<p>\u201cMe k\u00ebt\u00eb rast, Policia Rajonale n\u00eb Ferizaj apelon tek shofer\u00ebt e automjeteve q\u00eb t\u00eb respektojn\u00eb shpejt\u00ebsin\u00eb dhe shenjat e komunikacionit rrugor. Veprimet e tilla rrezikojn\u00eb direkt jet\u00ebn e tyre dhe pjes\u00ebmarr\u00ebsve tjer\u00eb n\u00eb komunikacion dhe fton qytetar\u00ebt t\u00eb bashk\u00ebpunojn\u00eb me policin\u00eb\u2019, \u00ebsht\u00eb th\u00ebn\u00eb n\u00eb njoftim.<\/p>\n<p>Sipas policis\u00eb p\u00ebr t\u00eb gjitha kund\u00ebrvajtjet q\u00eb mund t\u00eb shkaktohen n\u00eb komunikacion, t\u00eb njoftojn\u00eb menj\u00ebher\u00eb policin\u00eb, stacionin m\u00eb t\u00eb af\u00ebrt, apo p\u00ebrmes aplikacionit digjital \u2018\u2019Lajm\u00ebro Policin\u00eb \u2018\u2019 dhe n\u00eb numrat kujdestar\u00eb : 192 ,0290\/326-250 &amp; 0290\/322-406. \u201cT\u00eb dh\u00ebnat e juaja do t\u00eb ruhen n\u00eb konfidencialitet t\u00eb plot\u00eb\u201d.<\/p>\n","protected":false},"excerpt":{"rendered":"<p>\u00cbsht\u00eb ndaluar n\u00eb magjistralen Ferizaj-Prishtin\u00eb, shoferi, A.H 21 vje\u00e7ar, p\u00ebr tejkalim t\u00eb shpejt\u00ebsis\u00eb. Sipas nj\u00eb njoftimi t\u00eb Policis\u00eb, shoferi ka vozitur me shpejt\u00ebsi 151 km\/h n\u00eb zon\u00ebn e kufizimit deri 50 km\/h, shkruan lajmi.net. Policia i ka shqiptuar nj\u00eb gjob\u00eb prej 300 euro, 3 pik\u00eb negative dhe 3 muaj mas\u00eb mbrojt\u00ebse, heqje e patent-shoferit. \u201cMe [&hellip;]<\/p>\n","protected":false},"author":2,"featured_media":47816,"comment_status":"closed","ping_status":"closed","sticky":false,"template":"","format":"standard","meta":{"_monsterinsights_skip_tracking":false,"_monsterinsights_sitenote_active":false,"_monsterinsights_sitenote_note":"","_monsterinsights_sitenote_category":0,"_uf_show_specific_survey":0,"_uf_disable_surveys":false,"footnotes":""},"categories":[15],"tags":[367],"yoast_head":"<!-- This site is optimized with the Yoast SEO plugin v21.5 - https:\/\/yoast.com\/wordpress\/plugins\/seo\/ -->\n<title>Voziti 152 km\/h n\u00eb zon\u00ebn 50 km\/h: I meret leja 21 vje\u00e7arit n\u00eb Ferizaj, d\u00ebnohet edhe me 300 euro<\/title>\n<meta name=\"robots\" content=\"index, follow, max-snippet:-1, max-image-preview:large, max-video-preview:-1\" \/>\n<link rel=\"canonical\" href=\"https:\/\/permbledhja.com\/sq\/voziti-152-km-h-ne-zonen-50-km-h-i-meret-leja-21-vjecarit-ne-ferizaj-denohet-edhe-me-300-euro\/\" \/>\n<meta property=\"og:locale\" content=\"sq_AL\" \/>\n<meta property=\"og:type\" content=\"article\" \/>\n<meta property=\"og:title\" content=\"Voziti 152 km\/h n\u00eb zon\u00ebn 50 km\/h: I meret leja 21 vje\u00e7arit n\u00eb Ferizaj, d\u00ebnohet edhe me 300 euro\" \/>\n<meta property=\"og:description\" content=\"\u00cbsht\u00eb ndaluar n\u00eb magjistralen Ferizaj-Prishtin\u00eb, shoferi, A.H 21 vje\u00e7ar, p\u00ebr tejkalim t\u00eb shpejt\u00ebsis\u00eb. Sipas nj\u00eb njoftimi t\u00eb Policis\u00eb, shoferi ka vozitur me shpejt\u00ebsi 151 km\/h n\u00eb zon\u00ebn e kufizimit deri 50 km\/h, shkruan lajmi.net. Policia i ka shqiptuar nj\u00eb gjob\u00eb prej 300 euro, 3 pik\u00eb negative dhe 3 muaj mas\u00eb mbrojt\u00ebse, heqje e patent-shoferit. \u201cMe [&hellip;]\" \/>\n<meta property=\"og:url\" content=\"https:\/\/permbledhja.com\/sq\/voziti-152-km-h-ne-zonen-50-km-h-i-meret-leja-21-vjecarit-ne-ferizaj-denohet-edhe-me-300-euro\/\" \/>\n<meta property=\"og:site_name\" content=\"Ve\u00e7 artikuj p\u00ebrmbledh\u00ebs\" \/>\n<meta property=\"article:publisher\" content=\"https:\/\/www.facebook.com\/press07\/\" \/>\n<meta property=\"article:published_time\" content=\"2024-02-13T15:09:10+00:00\" \/>\n<meta property=\"og:image\" content=\"https:\/\/permbledhja.com\/wp-content\/uploads\/2024\/02\/13-3.jpg\" \/>\n\t<meta property=\"og:image:width\" content=\"1000\" \/>\n\t<meta property=\"og:image:height\" content=\"658\" \/>\n\t<meta property=\"og:image:type\" content=\"image\/jpeg\" \/>\n<meta name=\"author\" content=\"M M\" \/>\n<meta name=\"twitter:card\" content=\"summary_large_image\" \/>\n<meta name=\"twitter:label1\" content=\"Written by\" \/>\n\t<meta name=\"twitter:data1\" content=\"M M\" \/>\n\t<meta name=\"twitter:label2\" content=\"Est. reading time\" \/>\n\t<meta name=\"twitter:data2\" content=\"1 minut\u00eb\" \/>\n<script type=\"application\/ld+json\" class=\"yoast-schema-graph\">{\"@context\":\"https:\/\/schema.org\",\"@graph\":[{\"@type\":\"Article\",\"@id\":\"https:\/\/permbledhja.com\/voziti-152-km-h-ne-zonen-50-km-h-i-meret-leja-21-vjecarit-ne-ferizaj-denohet-edhe-me-300-euro\/#article\",\"isPartOf\":{\"@id\":\"https:\/\/permbledhja.com\/voziti-152-km-h-ne-zonen-50-km-h-i-meret-leja-21-vjecarit-ne-ferizaj-denohet-edhe-me-300-euro\/\"},\"author\":{\"name\":\"M M\",\"@id\":\"https:\/\/permbledhja.com\/#\/schema\/person\/d23f13f59b5722643933d6780783acf3\"},\"headline\":\"Voziti 152 km\/h n\u00eb zon\u00ebn 50 km\/h: I meret leja 21 vje\u00e7arit n\u00eb Ferizaj, d\u00ebnohet edhe me 300 euro\",\"datePublished\":\"2024-02-13T15:09:10+00:00\",\"dateModified\":\"2024-02-13T15:09:10+00:00\",\"mainEntityOfPage\":{\"@id\":\"https:\/\/permbledhja.com\/voziti-152-km-h-ne-zonen-50-km-h-i-meret-leja-21-vjecarit-ne-ferizaj-denohet-edhe-me-300-euro\/\"},\"wordCount\":183,\"publisher\":{\"@id\":\"https:\/\/permbledhja.com\/#organization\"},\"keywords\":[\"Ferizaj\"],\"articleSection\":[\"Lajme\"],\"inLanguage\":\"sq\"},{\"@type\":\"WebPage\",\"@id\":\"https:\/\/permbledhja.com\/voziti-152-km-h-ne-zonen-50-km-h-i-meret-leja-21-vjecarit-ne-ferizaj-denohet-edhe-me-300-euro\/\",\"url\":\"https:\/\/permbledhja.com\/voziti-152-km-h-ne-zonen-50-km-h-i-meret-leja-21-vjecarit-ne-ferizaj-denohet-edhe-me-300-euro\/\",\"name\":\"Voziti 152 km\/h n\u00eb zon\u00ebn 50 km\/h: I meret leja 21 vje\u00e7arit n\u00eb Ferizaj, d\u00ebnohet edhe me 300 euro\",\"isPartOf\":{\"@id\":\"https:\/\/permbledhja.com\/#website\"},\"datePublished\":\"2024-02-13T15:09:10+00:00\",\"dateModified\":\"2024-02-13T15:09:10+00:00\",\"breadcrumb\":{\"@id\":\"https:\/\/permbledhja.com\/voziti-152-km-h-ne-zonen-50-km-h-i-meret-leja-21-vjecarit-ne-ferizaj-denohet-edhe-me-300-euro\/#breadcrumb\"},\"inLanguage\":\"sq\",\"potentialAction\":[{\"@type\":\"ReadAction\",\"target\":[\"https:\/\/permbledhja.com\/voziti-152-km-h-ne-zonen-50-km-h-i-meret-leja-21-vjecarit-ne-ferizaj-denohet-edhe-me-300-euro\/\"]}]},{\"@type\":\"BreadcrumbList\",\"@id\":\"https:\/\/permbledhja.com\/voziti-152-km-h-ne-zonen-50-km-h-i-meret-leja-21-vjecarit-ne-ferizaj-denohet-edhe-me-300-euro\/#breadcrumb\",\"itemListElement\":[{\"@type\":\"ListItem\",\"position\":1,\"name\":\"Ballina\",\"item\":\"https:\/\/permbledhja.com\/sq\/\"},{\"@type\":\"ListItem\",\"position\":2,\"name\":\"Voziti 152 km\/h n\u00eb zon\u00ebn 50 km\/h: I meret leja 21 vje\u00e7arit n\u00eb Ferizaj, d\u00ebnohet edhe me 300 euro\"}]},{\"@type\":\"WebSite\",\"@id\":\"https:\/\/permbledhja.com\/#website\",\"url\":\"https:\/\/permbledhja.com\/\",\"name\":\"Ve\u00e7 artikuj p\u00ebrmbledh\u00ebs\",\"description\":\"\",\"publisher\":{\"@id\":\"https:\/\/permbledhja.com\/#organization\"},\"potentialAction\":[{\"@type\":\"SearchAction\",\"target\":{\"@type\":\"EntryPoint\",\"urlTemplate\":\"https:\/\/permbledhja.com\/?s={search_term_string}\"},\"query-input\":\"required name=search_term_string\"}],\"inLanguage\":\"sq\"},{\"@type\":\"Organization\",\"@id\":\"https:\/\/permbledhja.com\/#organization\",\"name\":\"MK Media & Pr\",\"url\":\"https:\/\/permbledhja.com\/\",\"logo\":{\"@type\":\"ImageObject\",\"inLanguage\":\"sq\",\"@id\":\"https:\/\/permbledhja.com\/#\/schema\/logo\/image\/\",\"url\":\"https:\/\/permbledhja.com\/wp-content\/uploads\/2021\/12\/07-Press-Logo.jpg\",\"contentUrl\":\"https:\/\/permbledhja.com\/wp-content\/uploads\/2021\/12\/07-Press-Logo.jpg\",\"width\":512,\"height\":512,\"caption\":\"MK Media & Pr\"},\"image\":{\"@id\":\"https:\/\/permbledhja.com\/#\/schema\/logo\/image\/\"},\"sameAs\":[\"https:\/\/www.facebook.com\/press07\/\"]},{\"@type\":\"Person\",\"@id\":\"https:\/\/permbledhja.com\/#\/schema\/person\/d23f13f59b5722643933d6780783acf3\",\"name\":\"M M\",\"image\":{\"@type\":\"ImageObject\",\"inLanguage\":\"sq\",\"@id\":\"https:\/\/permbledhja.com\/#\/schema\/person\/image\/\",\"url\":\"https:\/\/secure.gravatar.com\/avatar\/e2835a76ca7c31a2416b2d51c4ec9a8f?s=96&d=mm&r=g\",\"contentUrl\":\"https:\/\/secure.gravatar.com\/avatar\/e2835a76ca7c31a2416b2d51c4ec9a8f?s=96&d=mm&r=g\",\"caption\":\"M M\"},\"sameAs\":[\"http:\/\/MM\"],\"url\":\"https:\/\/permbledhja.com\/sq\/author\/muhamet\/\"}]}<\/script>\n<!-- \/ Yoast SEO plugin. -->","yoast_head_json":{"title":"Voziti 152 km\/h n\u00eb zon\u00ebn 50 km\/h: I meret leja 21 vje\u00e7arit n\u00eb Ferizaj, d\u00ebnohet edhe me 300 euro","robots":{"index":"index","follow":"follow","max-snippet":"max-snippet:-1","max-image-preview":"max-image-preview:large","max-video-preview":"max-video-preview:-1"},"canonical":"https:\/\/permbledhja.com\/sq\/voziti-152-km-h-ne-zonen-50-km-h-i-meret-leja-21-vjecarit-ne-ferizaj-denohet-edhe-me-300-euro\/","og_locale":"sq_AL","og_type":"article","og_title":"Voziti 152 km\/h n\u00eb zon\u00ebn 50 km\/h: I meret leja 21 vje\u00e7arit n\u00eb Ferizaj, d\u00ebnohet edhe me 300 euro","og_description":"\u00cbsht\u00eb ndaluar n\u00eb magjistralen Ferizaj-Prishtin\u00eb, shoferi, A.H 21 vje\u00e7ar, p\u00ebr tejkalim t\u00eb shpejt\u00ebsis\u00eb. Sipas nj\u00eb njoftimi t\u00eb Policis\u00eb, shoferi ka vozitur me shpejt\u00ebsi 151 km\/h n\u00eb zon\u00ebn e kufizimit deri 50 km\/h, shkruan lajmi.net. Policia i ka shqiptuar nj\u00eb gjob\u00eb prej 300 euro, 3 pik\u00eb negative dhe 3 muaj mas\u00eb mbrojt\u00ebse, heqje e patent-shoferit. \u201cMe [&hellip;]","og_url":"https:\/\/permbledhja.com\/sq\/voziti-152-km-h-ne-zonen-50-km-h-i-meret-leja-21-vjecarit-ne-ferizaj-denohet-edhe-me-300-euro\/","og_site_name":"Ve\u00e7 artikuj p\u00ebrmbledh\u00ebs","article_publisher":"https:\/\/www.facebook.com\/press07\/","article_published_time":"2024-02-13T15:09:10+00:00","og_image":[{"width":1000,"height":658,"url":"https:\/\/permbledhja.com\/wp-content\/uploads\/2024\/02\/13-3.jpg","type":"image\/jpeg"}],"author":"M M","twitter_card":"summary_large_image","twitter_misc":{"Written by":"M M","Est. reading time":"1 minut\u00eb"},"schema":{"@context":"https:\/\/schema.org","@graph":[{"@type":"Article","@id":"https:\/\/permbledhja.com\/voziti-152-km-h-ne-zonen-50-km-h-i-meret-leja-21-vjecarit-ne-ferizaj-denohet-edhe-me-300-euro\/#article","isPartOf":{"@id":"https:\/\/permbledhja.com\/voziti-152-km-h-ne-zonen-50-km-h-i-meret-leja-21-vjecarit-ne-ferizaj-denohet-edhe-me-300-euro\/"},"author":{"name":"M M","@id":"https:\/\/permbledhja.com\/#\/schema\/person\/d23f13f59b5722643933d6780783acf3"},"headline":"Voziti 152 km\/h n\u00eb zon\u00ebn 50 km\/h: I meret leja 21 vje\u00e7arit n\u00eb Ferizaj, d\u00ebnohet edhe me 300 euro","datePublished":"2024-02-13T15:09:10+00:00","dateModified":"2024-02-13T15:09:10+00:00","mainEntityOfPage":{"@id":"https:\/\/permbledhja.com\/voziti-152-km-h-ne-zonen-50-km-h-i-meret-leja-21-vjecarit-ne-ferizaj-denohet-edhe-me-300-euro\/"},"wordCount":183,"publisher":{"@id":"https:\/\/permbledhja.com\/#organization"},"keywords":["Ferizaj"],"articleSection":["Lajme"],"inLanguage":"sq"},{"@type":"WebPage","@id":"https:\/\/permbledhja.com\/voziti-152-km-h-ne-zonen-50-km-h-i-meret-leja-21-vjecarit-ne-ferizaj-denohet-edhe-me-300-euro\/","url":"https:\/\/permbledhja.com\/voziti-152-km-h-ne-zonen-50-km-h-i-meret-leja-21-vjecarit-ne-ferizaj-denohet-edhe-me-300-euro\/","name":"Voziti 152 km\/h n\u00eb zon\u00ebn 50 km\/h: I meret leja 21 vje\u00e7arit n\u00eb Ferizaj, d\u00ebnohet edhe me 300 euro","isPartOf":{"@id":"https:\/\/permbledhja.com\/#website"},"datePublished":"2024-02-13T15:09:10+00:00","dateModified":"2024-02-13T15:09:10+00:00","breadcrumb":{"@id":"https:\/\/permbledhja.com\/voziti-152-km-h-ne-zonen-50-km-h-i-meret-leja-21-vjecarit-ne-ferizaj-denohet-edhe-me-300-euro\/#breadcrumb"},"inLanguage":"sq","potentialAction":[{"@type":"ReadAction","target":["https:\/\/permbledhja.com\/voziti-152-km-h-ne-zonen-50-km-h-i-meret-leja-21-vjecarit-ne-ferizaj-denohet-edhe-me-300-euro\/"]}]},{"@type":"BreadcrumbList","@id":"https:\/\/permbledhja.com\/voziti-152-km-h-ne-zonen-50-km-h-i-meret-leja-21-vjecarit-ne-ferizaj-denohet-edhe-me-300-euro\/#breadcrumb","itemListElement":[{"@type":"ListItem","position":1,"name":"Ballina","item":"https:\/\/permbledhja.com\/sq\/"},{"@type":"ListItem","position":2,"name":"Voziti 152 km\/h n\u00eb zon\u00ebn 50 km\/h: I meret leja 21 vje\u00e7arit n\u00eb Ferizaj, d\u00ebnohet edhe me 300 euro"}]},{"@type":"WebSite","@id":"https:\/\/permbledhja.com\/#website","url":"https:\/\/permbledhja.com\/","name":"Ve\u00e7 artikuj p\u00ebrmbledh\u00ebs","description":"","publisher":{"@id":"https:\/\/permbledhja.com\/#organization"},"potentialAction":[{"@type":"SearchAction","target":{"@type":"EntryPoint","urlTemplate":"https:\/\/permbledhja.com\/?s={search_term_string}"},"query-input":"required name=search_term_string"}],"inLanguage":"sq"},{"@type":"Organization","@id":"https:\/\/permbledhja.com\/#organization","name":"MK Media & Pr","url":"https:\/\/permbledhja.com\/","logo":{"@type":"ImageObject","inLanguage":"sq","@id":"https:\/\/permbledhja.com\/#\/schema\/logo\/image\/","url":"https:\/\/permbledhja.com\/wp-content\/uploads\/2021\/12\/07-Press-Logo.jpg","contentUrl":"https:\/\/permbledhja.com\/wp-content\/uploads\/2021\/12\/07-Press-Logo.jpg","width":512,"height":512,"caption":"MK Media & Pr"},"image":{"@id":"https:\/\/permbledhja.com\/#\/schema\/logo\/image\/"},"sameAs":["https:\/\/www.facebook.com\/press07\/"]},{"@type":"Person","@id":"https:\/\/permbledhja.com\/#\/schema\/person\/d23f13f59b5722643933d6780783acf3","name":"M M","image":{"@type":"ImageObject","inLanguage":"sq","@id":"https:\/\/permbledhja.com\/#\/schema\/person\/image\/","url":"https:\/\/secure.gravatar.com\/avatar\/e2835a76ca7c31a2416b2d51c4ec9a8f?s=96&d=mm&r=g","contentUrl":"https:\/\/secure.gravatar.com\/avatar\/e2835a76ca7c31a2416b2d51c4ec9a8f?s=96&d=mm&r=g","caption":"M M"},"sameAs":["http:\/\/MM"],"url":"https:\/\/permbledhja.com\/sq\/author\/muhamet\/"}]}},"_links":{"self":[{"href":"https:\/\/permbledhja.com\/sq\/wp-json\/wp\/v2\/posts\/47815"}],"collection":[{"href":"https:\/\/permbledhja.com\/sq\/wp-json\/wp\/v2\/posts"}],"about":[{"href":"https:\/\/permbledhja.com\/sq\/wp-json\/wp\/v2\/types\/post"}],"author":[{"embeddable":true,"href":"https:\/\/permbledhja.com\/sq\/wp-json\/wp\/v2\/users\/2"}],"replies":[{"embeddable":true,"href":"https:\/\/permbledhja.com\/sq\/wp-json\/wp\/v2\/comments?post=47815"}],"version-history":[{"count":1,"href":"https:\/\/permbledhja.com\/sq\/wp-json\/wp\/v2\/posts\/47815\/revisions"}],"predecessor-version":[{"id":47817,"href":"https:\/\/permbledhja.com\/sq\/wp-json\/wp\/v2\/posts\/47815\/revisions\/47817"}],"wp:featuredmedia":[{"embeddable":true,"href":"https:\/\/permbledhja.com\/sq\/wp-json\/wp\/v2\/media\/47816"}],"wp:attachment":[{"href":"https:\/\/permbledhja.com\/sq\/wp-json\/wp\/v2\/media?parent=47815"}],"wp:term":[{"taxonomy":"category","embeddable":true,"href":"https:\/\/permbledhja.com\/sq\/wp-json\/wp\/v2\/categories?post=47815"},{"taxonomy":"post_tag","embeddable":true,"href":"https:\/\/permbledhja.com\/sq\/wp-json\/wp\/v2\/tags?post=47815"}],"curies":[{"name":"wp","href":"https:\/\/api.w.org\/{rel}","templated":true}]}}