{"id":47589,"date":"2024-02-12T16:34:51","date_gmt":"2024-02-12T16:34:51","guid":{"rendered":"https:\/\/permbledhja.com\/?p=47589"},"modified":"2024-02-12T16:34:51","modified_gmt":"2024-02-12T16:34:51","slug":"shala-per-shtyrjen-e-vendimit-per-dinarin-kryeminister-kush-e-leshoj-bajrakun","status":"publish","type":"post","link":"https:\/\/permbledhja.com\/sq\/shala-per-shtyrjen-e-vendimit-per-dinarin-kryeminister-kush-e-leshoj-bajrakun\/","title":{"rendered":"Shala p\u00ebr shtyrjen e vendimit p\u00ebr dinarin: Kryeminist\u00ebr kush e l\u00ebshoj bajrakun"},"content":{"rendered":"<h3>Deputeti i Partis\u00eb Demokratike t\u00eb Kosov\u00ebs, Ferat Shala ka reaguar pasi BQK ka vendosur t\u00eb shtyj p\u00ebr tre muaj vendimin p\u00ebr dinarin.<\/h3>\n<p>Ai p\u00ebrmes nj\u00eb postimi n\u00eb Facebook ka th\u00ebn\u00eb se Kryeministri Kurti p\u00ebr k\u00ebto tre muaj harron q\u00eb Kosova ka Kushtetut\u00eb.<\/p>\n<p>\u201cKryeminist\u00ebr kush e l\u00ebshoj bajrakun?\u201d, ka shkruar Shala n\u00eb Facebook<\/p>\n","protected":false},"excerpt":{"rendered":"<p>Deputeti i Partis\u00eb Demokratike t\u00eb Kosov\u00ebs, Ferat Shala ka reaguar pasi BQK ka vendosur t\u00eb shtyj p\u00ebr tre muaj vendimin p\u00ebr dinarin. Ai p\u00ebrmes nj\u00eb postimi n\u00eb Facebook ka th\u00ebn\u00eb se Kryeministri Kurti p\u00ebr k\u00ebto tre muaj harron q\u00eb Kosova ka Kushtetut\u00eb. \u201cKryeminist\u00ebr kush e l\u00ebshoj bajrakun?\u201d, ka shkruar Shala n\u00eb Facebook<\/p>\n","protected":false},"author":2,"featured_media":47590,"comment_status":"closed","ping_status":"closed","sticky":false,"template":"","format":"standard","meta":{"_monsterinsights_skip_tracking":false,"_monsterinsights_sitenote_active":false,"_monsterinsights_sitenote_note":"","_monsterinsights_sitenote_category":0,"_uf_show_specific_survey":0,"_uf_disable_surveys":false,"footnotes":""},"categories":[15],"tags":[2363],"yoast_head":"<!-- This site is optimized with the Yoast SEO plugin v21.5 - https:\/\/yoast.com\/wordpress\/plugins\/seo\/ -->\n<title>Shala p\u00ebr shtyrjen e vendimit p\u00ebr dinarin: Kryeminist\u00ebr kush e l\u00ebshoj bajrakun<\/title>\n<meta name=\"robots\" content=\"index, follow, max-snippet:-1, max-image-preview:large, max-video-preview:-1\" \/>\n<link rel=\"canonical\" href=\"https:\/\/permbledhja.com\/sq\/shala-per-shtyrjen-e-vendimit-per-dinarin-kryeminister-kush-e-leshoj-bajrakun\/\" \/>\n<meta property=\"og:locale\" content=\"sq_AL\" \/>\n<meta property=\"og:type\" content=\"article\" \/>\n<meta property=\"og:title\" content=\"Shala p\u00ebr shtyrjen e vendimit p\u00ebr dinarin: Kryeminist\u00ebr kush e l\u00ebshoj bajrakun\" \/>\n<meta property=\"og:description\" content=\"Deputeti i Partis\u00eb Demokratike t\u00eb Kosov\u00ebs, Ferat Shala ka reaguar pasi BQK ka vendosur t\u00eb shtyj p\u00ebr tre muaj vendimin p\u00ebr dinarin. Ai p\u00ebrmes nj\u00eb postimi n\u00eb Facebook ka th\u00ebn\u00eb se Kryeministri Kurti p\u00ebr k\u00ebto tre muaj harron q\u00eb Kosova ka Kushtetut\u00eb. \u201cKryeminist\u00ebr kush e l\u00ebshoj bajrakun?\u201d, ka shkruar Shala n\u00eb Facebook\" \/>\n<meta property=\"og:url\" content=\"https:\/\/permbledhja.com\/sq\/shala-per-shtyrjen-e-vendimit-per-dinarin-kryeminister-kush-e-leshoj-bajrakun\/\" \/>\n<meta property=\"og:site_name\" content=\"Ve\u00e7 artikuj p\u00ebrmbledh\u00ebs\" \/>\n<meta property=\"article:publisher\" content=\"https:\/\/www.facebook.com\/press07\/\" \/>\n<meta property=\"article:published_time\" content=\"2024-02-12T16:34:51+00:00\" \/>\n<meta property=\"og:image\" content=\"https:\/\/permbledhja.com\/wp-content\/uploads\/2024\/02\/ferat-shala.jpg\" \/>\n\t<meta property=\"og:image:width\" content=\"927\" \/>\n\t<meta property=\"og:image:height\" content=\"571\" \/>\n\t<meta property=\"og:image:type\" content=\"image\/jpeg\" \/>\n<meta name=\"author\" content=\"M M\" \/>\n<meta name=\"twitter:card\" content=\"summary_large_image\" \/>\n<meta name=\"twitter:label1\" content=\"Written by\" \/>\n\t<meta name=\"twitter:data1\" content=\"M M\" \/>\n\t<meta name=\"twitter:label2\" content=\"Est. reading time\" \/>\n\t<meta name=\"twitter:data2\" content=\"1 minut\u00eb\" \/>\n<script type=\"application\/ld+json\" class=\"yoast-schema-graph\">{\"@context\":\"https:\/\/schema.org\",\"@graph\":[{\"@type\":\"Article\",\"@id\":\"https:\/\/permbledhja.com\/shala-per-shtyrjen-e-vendimit-per-dinarin-kryeminister-kush-e-leshoj-bajrakun\/#article\",\"isPartOf\":{\"@id\":\"https:\/\/permbledhja.com\/shala-per-shtyrjen-e-vendimit-per-dinarin-kryeminister-kush-e-leshoj-bajrakun\/\"},\"author\":{\"name\":\"M M\",\"@id\":\"https:\/\/permbledhja.com\/#\/schema\/person\/d23f13f59b5722643933d6780783acf3\"},\"headline\":\"Shala p\u00ebr shtyrjen e vendimit p\u00ebr dinarin: Kryeminist\u00ebr kush e l\u00ebshoj bajrakun\",\"datePublished\":\"2024-02-12T16:34:51+00:00\",\"dateModified\":\"2024-02-12T16:34:51+00:00\",\"mainEntityOfPage\":{\"@id\":\"https:\/\/permbledhja.com\/shala-per-shtyrjen-e-vendimit-per-dinarin-kryeminister-kush-e-leshoj-bajrakun\/\"},\"wordCount\":77,\"publisher\":{\"@id\":\"https:\/\/permbledhja.com\/#organization\"},\"keywords\":[\"Ferat Shala\"],\"articleSection\":[\"Lajme\"],\"inLanguage\":\"sq\"},{\"@type\":\"WebPage\",\"@id\":\"https:\/\/permbledhja.com\/shala-per-shtyrjen-e-vendimit-per-dinarin-kryeminister-kush-e-leshoj-bajrakun\/\",\"url\":\"https:\/\/permbledhja.com\/shala-per-shtyrjen-e-vendimit-per-dinarin-kryeminister-kush-e-leshoj-bajrakun\/\",\"name\":\"Shala p\u00ebr shtyrjen e vendimit p\u00ebr dinarin: Kryeminist\u00ebr kush e l\u00ebshoj bajrakun\",\"isPartOf\":{\"@id\":\"https:\/\/permbledhja.com\/#website\"},\"datePublished\":\"2024-02-12T16:34:51+00:00\",\"dateModified\":\"2024-02-12T16:34:51+00:00\",\"breadcrumb\":{\"@id\":\"https:\/\/permbledhja.com\/shala-per-shtyrjen-e-vendimit-per-dinarin-kryeminister-kush-e-leshoj-bajrakun\/#breadcrumb\"},\"inLanguage\":\"sq\",\"potentialAction\":[{\"@type\":\"ReadAction\",\"target\":[\"https:\/\/permbledhja.com\/shala-per-shtyrjen-e-vendimit-per-dinarin-kryeminister-kush-e-leshoj-bajrakun\/\"]}]},{\"@type\":\"BreadcrumbList\",\"@id\":\"https:\/\/permbledhja.com\/shala-per-shtyrjen-e-vendimit-per-dinarin-kryeminister-kush-e-leshoj-bajrakun\/#breadcrumb\",\"itemListElement\":[{\"@type\":\"ListItem\",\"position\":1,\"name\":\"Ballina\",\"item\":\"https:\/\/permbledhja.com\/sq\/\"},{\"@type\":\"ListItem\",\"position\":2,\"name\":\"Shala p\u00ebr shtyrjen e vendimit p\u00ebr dinarin: Kryeminist\u00ebr kush e l\u00ebshoj bajrakun\"}]},{\"@type\":\"WebSite\",\"@id\":\"https:\/\/permbledhja.com\/#website\",\"url\":\"https:\/\/permbledhja.com\/\",\"name\":\"Ve\u00e7 artikuj p\u00ebrmbledh\u00ebs\",\"description\":\"\",\"publisher\":{\"@id\":\"https:\/\/permbledhja.com\/#organization\"},\"potentialAction\":[{\"@type\":\"SearchAction\",\"target\":{\"@type\":\"EntryPoint\",\"urlTemplate\":\"https:\/\/permbledhja.com\/?s={search_term_string}\"},\"query-input\":\"required name=search_term_string\"}],\"inLanguage\":\"sq\"},{\"@type\":\"Organization\",\"@id\":\"https:\/\/permbledhja.com\/#organization\",\"name\":\"MK Media & Pr\",\"url\":\"https:\/\/permbledhja.com\/\",\"logo\":{\"@type\":\"ImageObject\",\"inLanguage\":\"sq\",\"@id\":\"https:\/\/permbledhja.com\/#\/schema\/logo\/image\/\",\"url\":\"https:\/\/permbledhja.com\/wp-content\/uploads\/2021\/12\/07-Press-Logo.jpg\",\"contentUrl\":\"https:\/\/permbledhja.com\/wp-content\/uploads\/2021\/12\/07-Press-Logo.jpg\",\"width\":512,\"height\":512,\"caption\":\"MK Media & Pr\"},\"image\":{\"@id\":\"https:\/\/permbledhja.com\/#\/schema\/logo\/image\/\"},\"sameAs\":[\"https:\/\/www.facebook.com\/press07\/\"]},{\"@type\":\"Person\",\"@id\":\"https:\/\/permbledhja.com\/#\/schema\/person\/d23f13f59b5722643933d6780783acf3\",\"name\":\"M M\",\"image\":{\"@type\":\"ImageObject\",\"inLanguage\":\"sq\",\"@id\":\"https:\/\/permbledhja.com\/#\/schema\/person\/image\/\",\"url\":\"https:\/\/secure.gravatar.com\/avatar\/e2835a76ca7c31a2416b2d51c4ec9a8f?s=96&d=mm&r=g\",\"contentUrl\":\"https:\/\/secure.gravatar.com\/avatar\/e2835a76ca7c31a2416b2d51c4ec9a8f?s=96&d=mm&r=g\",\"caption\":\"M M\"},\"sameAs\":[\"http:\/\/MM\"],\"url\":\"https:\/\/permbledhja.com\/sq\/author\/muhamet\/\"}]}<\/script>\n<!-- \/ Yoast SEO plugin. -->","yoast_head_json":{"title":"Shala p\u00ebr shtyrjen e vendimit p\u00ebr dinarin: Kryeminist\u00ebr kush e l\u00ebshoj bajrakun","robots":{"index":"index","follow":"follow","max-snippet":"max-snippet:-1","max-image-preview":"max-image-preview:large","max-video-preview":"max-video-preview:-1"},"canonical":"https:\/\/permbledhja.com\/sq\/shala-per-shtyrjen-e-vendimit-per-dinarin-kryeminister-kush-e-leshoj-bajrakun\/","og_locale":"sq_AL","og_type":"article","og_title":"Shala p\u00ebr shtyrjen e vendimit p\u00ebr dinarin: Kryeminist\u00ebr kush e l\u00ebshoj bajrakun","og_description":"Deputeti i Partis\u00eb Demokratike t\u00eb Kosov\u00ebs, Ferat Shala ka reaguar pasi BQK ka vendosur t\u00eb shtyj p\u00ebr tre muaj vendimin p\u00ebr dinarin. Ai p\u00ebrmes nj\u00eb postimi n\u00eb Facebook ka th\u00ebn\u00eb se Kryeministri Kurti p\u00ebr k\u00ebto tre muaj harron q\u00eb Kosova ka Kushtetut\u00eb. \u201cKryeminist\u00ebr kush e l\u00ebshoj bajrakun?\u201d, ka shkruar Shala n\u00eb Facebook","og_url":"https:\/\/permbledhja.com\/sq\/shala-per-shtyrjen-e-vendimit-per-dinarin-kryeminister-kush-e-leshoj-bajrakun\/","og_site_name":"Ve\u00e7 artikuj p\u00ebrmbledh\u00ebs","article_publisher":"https:\/\/www.facebook.com\/press07\/","article_published_time":"2024-02-12T16:34:51+00:00","og_image":[{"width":927,"height":571,"url":"https:\/\/permbledhja.com\/wp-content\/uploads\/2024\/02\/ferat-shala.jpg","type":"image\/jpeg"}],"author":"M M","twitter_card":"summary_large_image","twitter_misc":{"Written by":"M M","Est. reading time":"1 minut\u00eb"},"schema":{"@context":"https:\/\/schema.org","@graph":[{"@type":"Article","@id":"https:\/\/permbledhja.com\/shala-per-shtyrjen-e-vendimit-per-dinarin-kryeminister-kush-e-leshoj-bajrakun\/#article","isPartOf":{"@id":"https:\/\/permbledhja.com\/shala-per-shtyrjen-e-vendimit-per-dinarin-kryeminister-kush-e-leshoj-bajrakun\/"},"author":{"name":"M M","@id":"https:\/\/permbledhja.com\/#\/schema\/person\/d23f13f59b5722643933d6780783acf3"},"headline":"Shala p\u00ebr shtyrjen e vendimit p\u00ebr dinarin: Kryeminist\u00ebr kush e l\u00ebshoj bajrakun","datePublished":"2024-02-12T16:34:51+00:00","dateModified":"2024-02-12T16:34:51+00:00","mainEntityOfPage":{"@id":"https:\/\/permbledhja.com\/shala-per-shtyrjen-e-vendimit-per-dinarin-kryeminister-kush-e-leshoj-bajrakun\/"},"wordCount":77,"publisher":{"@id":"https:\/\/permbledhja.com\/#organization"},"keywords":["Ferat Shala"],"articleSection":["Lajme"],"inLanguage":"sq"},{"@type":"WebPage","@id":"https:\/\/permbledhja.com\/shala-per-shtyrjen-e-vendimit-per-dinarin-kryeminister-kush-e-leshoj-bajrakun\/","url":"https:\/\/permbledhja.com\/shala-per-shtyrjen-e-vendimit-per-dinarin-kryeminister-kush-e-leshoj-bajrakun\/","name":"Shala p\u00ebr shtyrjen e vendimit p\u00ebr dinarin: Kryeminist\u00ebr kush e l\u00ebshoj bajrakun","isPartOf":{"@id":"https:\/\/permbledhja.com\/#website"},"datePublished":"2024-02-12T16:34:51+00:00","dateModified":"2024-02-12T16:34:51+00:00","breadcrumb":{"@id":"https:\/\/permbledhja.com\/shala-per-shtyrjen-e-vendimit-per-dinarin-kryeminister-kush-e-leshoj-bajrakun\/#breadcrumb"},"inLanguage":"sq","potentialAction":[{"@type":"ReadAction","target":["https:\/\/permbledhja.com\/shala-per-shtyrjen-e-vendimit-per-dinarin-kryeminister-kush-e-leshoj-bajrakun\/"]}]},{"@type":"BreadcrumbList","@id":"https:\/\/permbledhja.com\/shala-per-shtyrjen-e-vendimit-per-dinarin-kryeminister-kush-e-leshoj-bajrakun\/#breadcrumb","itemListElement":[{"@type":"ListItem","position":1,"name":"Ballina","item":"https:\/\/permbledhja.com\/sq\/"},{"@type":"ListItem","position":2,"name":"Shala p\u00ebr shtyrjen e vendimit p\u00ebr dinarin: Kryeminist\u00ebr kush e l\u00ebshoj bajrakun"}]},{"@type":"WebSite","@id":"https:\/\/permbledhja.com\/#website","url":"https:\/\/permbledhja.com\/","name":"Ve\u00e7 artikuj p\u00ebrmbledh\u00ebs","description":"","publisher":{"@id":"https:\/\/permbledhja.com\/#organization"},"potentialAction":[{"@type":"SearchAction","target":{"@type":"EntryPoint","urlTemplate":"https:\/\/permbledhja.com\/?s={search_term_string}"},"query-input":"required name=search_term_string"}],"inLanguage":"sq"},{"@type":"Organization","@id":"https:\/\/permbledhja.com\/#organization","name":"MK Media & Pr","url":"https:\/\/permbledhja.com\/","logo":{"@type":"ImageObject","inLanguage":"sq","@id":"https:\/\/permbledhja.com\/#\/schema\/logo\/image\/","url":"https:\/\/permbledhja.com\/wp-content\/uploads\/2021\/12\/07-Press-Logo.jpg","contentUrl":"https:\/\/permbledhja.com\/wp-content\/uploads\/2021\/12\/07-Press-Logo.jpg","width":512,"height":512,"caption":"MK Media & Pr"},"image":{"@id":"https:\/\/permbledhja.com\/#\/schema\/logo\/image\/"},"sameAs":["https:\/\/www.facebook.com\/press07\/"]},{"@type":"Person","@id":"https:\/\/permbledhja.com\/#\/schema\/person\/d23f13f59b5722643933d6780783acf3","name":"M M","image":{"@type":"ImageObject","inLanguage":"sq","@id":"https:\/\/permbledhja.com\/#\/schema\/person\/image\/","url":"https:\/\/secure.gravatar.com\/avatar\/e2835a76ca7c31a2416b2d51c4ec9a8f?s=96&d=mm&r=g","contentUrl":"https:\/\/secure.gravatar.com\/avatar\/e2835a76ca7c31a2416b2d51c4ec9a8f?s=96&d=mm&r=g","caption":"M M"},"sameAs":["http:\/\/MM"],"url":"https:\/\/permbledhja.com\/sq\/author\/muhamet\/"}]}},"_links":{"self":[{"href":"https:\/\/permbledhja.com\/sq\/wp-json\/wp\/v2\/posts\/47589"}],"collection":[{"href":"https:\/\/permbledhja.com\/sq\/wp-json\/wp\/v2\/posts"}],"about":[{"href":"https:\/\/permbledhja.com\/sq\/wp-json\/wp\/v2\/types\/post"}],"author":[{"embeddable":true,"href":"https:\/\/permbledhja.com\/sq\/wp-json\/wp\/v2\/users\/2"}],"replies":[{"embeddable":true,"href":"https:\/\/permbledhja.com\/sq\/wp-json\/wp\/v2\/comments?post=47589"}],"version-history":[{"count":1,"href":"https:\/\/permbledhja.com\/sq\/wp-json\/wp\/v2\/posts\/47589\/revisions"}],"predecessor-version":[{"id":47591,"href":"https:\/\/permbledhja.com\/sq\/wp-json\/wp\/v2\/posts\/47589\/revisions\/47591"}],"wp:featuredmedia":[{"embeddable":true,"href":"https:\/\/permbledhja.com\/sq\/wp-json\/wp\/v2\/media\/47590"}],"wp:attachment":[{"href":"https:\/\/permbledhja.com\/sq\/wp-json\/wp\/v2\/media?parent=47589"}],"wp:term":[{"taxonomy":"category","embeddable":true,"href":"https:\/\/permbledhja.com\/sq\/wp-json\/wp\/v2\/categories?post=47589"},{"taxonomy":"post_tag","embeddable":true,"href":"https:\/\/permbledhja.com\/sq\/wp-json\/wp\/v2\/tags?post=47589"}],"curies":[{"name":"wp","href":"https:\/\/api.w.org\/{rel}","templated":true}]}}