{"id":4752,"date":"2022-08-29T10:51:50","date_gmt":"2022-08-29T10:51:50","guid":{"rendered":"https:\/\/permbledhja.com\/?p=4752"},"modified":"2022-08-29T10:51:50","modified_gmt":"2022-08-29T10:51:50","slug":"durguti-ecim-ngadale-pa-bere-hapa-prapa-vemendja-jo-te-superliga-por-te-secila-ndeshje-me-radhe","status":"publish","type":"post","link":"https:\/\/permbledhja.com\/sq\/durguti-ecim-ngadale-pa-bere-hapa-prapa-vemendja-jo-te-superliga-por-te-secila-ndeshje-me-radhe\/","title":{"rendered":"Durguti: Ecim ngadal\u00eb pa b\u00ebr\u00eb hapa prapa &#8211; v\u00ebmendja jo te superliga, por te secila ndeshje me radh\u00eb"},"content":{"rendered":"<p><strong>Kryetari i KF Rahovecit, Enis Durguti, \u00ebsht\u00eb shprehur i k\u00ebnaqur me fitoren ndaj KF Istogut si mysafir, teksa komplimentoi skuadr\u00ebn kund\u00ebrshtare p\u00ebr mikpritjen.<\/strong><\/p>\n<p>Durguti q\u00eb vet\u00ebm pak koh\u00eb m\u00eb par\u00eb u em\u00ebrua kryetar i klubit, startin e ka perfekt me dy fitore n\u00eb dy ndeshjet e para, e rezultat pozitiv ai thot\u00eb se ka pritur.<\/p>\n<p>Sa i p\u00ebrket Superlig\u00ebs ai beson se \u00ebsht\u00eb objektiv real, nd\u00ebrkaq p\u00ebr t\u00eb betonuar gjasat p\u00ebr k\u00ebt\u00eb objektiv thot\u00eb se duhet ende mb\u00ebshtetje financiare, ndon\u00ebse puna e b\u00ebr\u00eb deri tash sipas fjal\u00ebve t\u00eb tij duket t\u00eb jet\u00eb e jasht\u00ebzakonshme nga bordi i ri.<\/p>\n<p><em>\u201cPo gjithsesi kemi pritur nj\u00eb rezultat pozitiv, duke pasur parasysh ekipin q\u00eb kemi krijuar k\u00ebt\u00eb sezon dhe pjes\u00ebn teknike q\u00eb e kemi organizuar. Por, shum\u00eb me r\u00ebnd\u00ebsi \u00ebsht\u00eb q\u00eb t\u00eb punohet n\u00eb m\u00ebnyr\u00eb konstante dhe t\u00eb shikohet nj\u00eb ndeshje pas tjetr\u00ebs t\u00eb fitohet me koncentrim maksimal dhe harmoni, jo vet\u00ebm mes lojtar\u00ebve, por t\u00eb jet\u00eb nj\u00eb gj\u00eb q\u00eb rrjedh nga i gjith\u00eb stafi i KF Rahovecit\u201d.<\/em><\/p>\n<p><em>\u201cNuk ishte ndeshje aspak e leht\u00eb ndeshja me Istogun, por me nj\u00eb p\u00ebrkushtim arrit\u00ebm t\u2019i mposhtim dhe t\u2019i ark\u00ebtojm\u00eb tri pik\u00ebt e r\u00ebnd\u00ebsishme, por vlen t\u00eb p\u00ebrmendet Istogu q\u00eb mbetet nj\u00eb nga nikoqir\u00ebt m\u00eb mikprit\u00ebs n\u00eb Lig\u00ebn e Par\u00eb. Ecurin\u00eb e sezonit e shohim nj\u00eb loj\u00eb, nj\u00eb fitore deri n\u00eb fund t\u00eb sezonit\u201d.<\/em\n\n<em>\u201cSuperliga \u00ebsht\u00eb n\u00eb objektivat tona. Sa i p\u00ebrket financave kemi nj\u00eb fillim t\u00eb mbar\u00eb ku disa prej kompanive jan\u00eb duke na p\u00ebrkrahur duke shfryt\u00ebzuar ligjin p\u00ebr sponsorizim n\u00eb sport, por q\u00eb n\u00eb t\u00eb nj\u00ebjt\u00ebn koh\u00eb jemi n\u00eb bisedime t\u00eb avancuara edhe me disa kompani t\u00eb tjera q\u00eb n\u00eb fund t\u00eb dalim triumfues si n\u00eb organizim ashtu edhe n\u00eb rezultatin sportiv\u201d<\/em>, u shpreh Durguti p\u00ebr Rahoveci24.<\/p>\n<p>Rahoveci \u00ebsht\u00eb lider n\u00eb Lig\u00ebn e Par\u00eb me dy fitore nga dy ndeshjet e zhvilluara.<\/p>\n","protected":false},"excerpt":{"rendered":"<p>Kryetari i KF Rahovecit, Enis Durguti, \u00ebsht\u00eb shprehur i k\u00ebnaqur me fitoren ndaj KF Istogut si mysafir, teksa komplimentoi skuadr\u00ebn kund\u00ebrshtare p\u00ebr mikpritjen. Durguti q\u00eb vet\u00ebm pak koh\u00eb m\u00eb par\u00eb u em\u00ebrua kryetar i klubit, startin e ka perfekt me dy fitore n\u00eb dy ndeshjet e para, e rezultat pozitiv ai thot\u00eb se ka pritur. [&hellip;]<\/p>\n","protected":false},"author":1,"featured_media":4753,"comment_status":"closed","ping_status":"closed","sticky":false,"template":"","format":"standard","meta":{"_monsterinsights_skip_tracking":false,"_monsterinsights_sitenote_active":false,"_monsterinsights_sitenote_note":"","_monsterinsights_sitenote_category":0,"_uf_show_specific_survey":0,"_uf_disable_surveys":false,"footnotes":""},"categories":[6],"tags":[855],"yoast_head":"<!-- This site is optimized with the Yoast SEO plugin v21.5 - https:\/\/yoast.com\/wordpress\/plugins\/seo\/ -->\n<title>Durguti: Ecim ngadal\u00eb pa b\u00ebr\u00eb hapa prapa - v\u00ebmendja jo te superliga, por te secila ndeshje me radh\u00eb<\/title>\n<meta name=\"robots\" content=\"index, follow, max-snippet:-1, max-image-preview:large, max-video-preview:-1\" \/>\n<link rel=\"canonical\" href=\"https:\/\/permbledhja.com\/sq\/durguti-ecim-ngadale-pa-bere-hapa-prapa-vemendja-jo-te-superliga-por-te-secila-ndeshje-me-radhe\/\" \/>\n<meta property=\"og:locale\" content=\"sq_AL\" \/>\n<meta property=\"og:type\" content=\"article\" \/>\n<meta property=\"og:title\" content=\"Durguti: Ecim ngadal\u00eb pa b\u00ebr\u00eb hapa prapa - v\u00ebmendja jo te superliga, por te secila ndeshje me radh\u00eb\" \/>\n<meta property=\"og:description\" content=\"Kryetari i KF Rahovecit, Enis Durguti, \u00ebsht\u00eb shprehur i k\u00ebnaqur me fitoren ndaj KF Istogut si mysafir, teksa komplimentoi skuadr\u00ebn kund\u00ebrshtare p\u00ebr mikpritjen. Durguti q\u00eb vet\u00ebm pak koh\u00eb m\u00eb par\u00eb u em\u00ebrua kryetar i klubit, startin e ka perfekt me dy fitore n\u00eb dy ndeshjet e para, e rezultat pozitiv ai thot\u00eb se ka pritur. [&hellip;]\" \/>\n<meta property=\"og:url\" content=\"https:\/\/permbledhja.com\/sq\/durguti-ecim-ngadale-pa-bere-hapa-prapa-vemendja-jo-te-superliga-por-te-secila-ndeshje-me-radhe\/\" \/>\n<meta property=\"og:site_name\" content=\"Ve\u00e7 artikuj p\u00ebrmbledh\u00ebs\" \/>\n<meta property=\"article:publisher\" content=\"https:\/\/www.facebook.com\/press07\/\" \/>\n<meta property=\"article:author\" content=\"https:\/\/www.facebook.com\/kafexhiu.muharrem\/\" \/>\n<meta property=\"article:published_time\" content=\"2022-08-29T10:51:50+00:00\" \/>\n<meta property=\"og:image\" content=\"https:\/\/permbledhja.com\/wp-content\/uploads\/2022\/08\/durguti-1-e1661758522400-681x497-1.jpg\" \/>\n\t<meta property=\"og:image:width\" content=\"681\" \/>\n\t<meta property=\"og:image:height\" content=\"497\" \/>\n\t<meta property=\"og:image:type\" content=\"image\/jpeg\" \/>\n<meta name=\"author\" content=\"P\u00ebrmbledhja\" \/>\n<meta name=\"twitter:card\" content=\"summary_large_image\" \/>\n<meta name=\"twitter:label1\" content=\"Written by\" \/>\n\t<meta name=\"twitter:data1\" content=\"P\u00ebrmbledhja\" \/>\n\t<meta name=\"twitter:label2\" content=\"Est. reading time\" \/>\n\t<meta name=\"twitter:data2\" content=\"1 minut\u00eb\" \/>\n<script type=\"application\/ld+json\" class=\"yoast-schema-graph\">{\"@context\":\"https:\/\/schema.org\",\"@graph\":[{\"@type\":\"Article\",\"@id\":\"https:\/\/permbledhja.com\/durguti-ecim-ngadale-pa-bere-hapa-prapa-vemendja-jo-te-superliga-por-te-secila-ndeshje-me-radhe\/#article\",\"isPartOf\":{\"@id\":\"https:\/\/permbledhja.com\/durguti-ecim-ngadale-pa-bere-hapa-prapa-vemendja-jo-te-superliga-por-te-secila-ndeshje-me-radhe\/\"},\"author\":{\"name\":\"P\u00ebrmbledhja\",\"@id\":\"https:\/\/permbledhja.com\/#\/schema\/person\/0d064377258d3221e50693947b9eb4fe\"},\"headline\":\"Durguti: Ecim ngadal\u00eb pa b\u00ebr\u00eb hapa prapa &#8211; v\u00ebmendja jo te superliga, por te secila ndeshje me radh\u00eb\",\"datePublished\":\"2022-08-29T10:51:50+00:00\",\"dateModified\":\"2022-08-29T10:51:50+00:00\",\"mainEntityOfPage\":{\"@id\":\"https:\/\/permbledhja.com\/durguti-ecim-ngadale-pa-bere-hapa-prapa-vemendja-jo-te-superliga-por-te-secila-ndeshje-me-radhe\/\"},\"wordCount\":274,\"publisher\":{\"@id\":\"https:\/\/permbledhja.com\/#organization\"},\"keywords\":[\"Enis Durguti\"],\"articleSection\":[\"Sport\"],\"inLanguage\":\"sq\"},{\"@type\":\"WebPage\",\"@id\":\"https:\/\/permbledhja.com\/durguti-ecim-ngadale-pa-bere-hapa-prapa-vemendja-jo-te-superliga-por-te-secila-ndeshje-me-radhe\/\",\"url\":\"https:\/\/permbledhja.com\/durguti-ecim-ngadale-pa-bere-hapa-prapa-vemendja-jo-te-superliga-por-te-secila-ndeshje-me-radhe\/\",\"name\":\"Durguti: Ecim ngadal\u00eb pa b\u00ebr\u00eb hapa prapa - v\u00ebmendja jo te superliga, por te secila ndeshje me radh\u00eb\",\"isPartOf\":{\"@id\":\"https:\/\/permbledhja.com\/#website\"},\"datePublished\":\"2022-08-29T10:51:50+00:00\",\"dateModified\":\"2022-08-29T10:51:50+00:00\",\"breadcrumb\":{\"@id\":\"https:\/\/permbledhja.com\/durguti-ecim-ngadale-pa-bere-hapa-prapa-vemendja-jo-te-superliga-por-te-secila-ndeshje-me-radhe\/#breadcrumb\"},\"inLanguage\":\"sq\",\"potentialAction\":[{\"@type\":\"ReadAction\",\"target\":[\"https:\/\/permbledhja.com\/durguti-ecim-ngadale-pa-bere-hapa-prapa-vemendja-jo-te-superliga-por-te-secila-ndeshje-me-radhe\/\"]}]},{\"@type\":\"BreadcrumbList\",\"@id\":\"https:\/\/permbledhja.com\/durguti-ecim-ngadale-pa-bere-hapa-prapa-vemendja-jo-te-superliga-por-te-secila-ndeshje-me-radhe\/#breadcrumb\",\"itemListElement\":[{\"@type\":\"ListItem\",\"position\":1,\"name\":\"Ballina\",\"item\":\"https:\/\/permbledhja.com\/sq\/\"},{\"@type\":\"ListItem\",\"position\":2,\"name\":\"Durguti: Ecim ngadal\u00eb pa b\u00ebr\u00eb hapa prapa &#8211; v\u00ebmendja jo te superliga, por te secila ndeshje me radh\u00eb\"}]},{\"@type\":\"WebSite\",\"@id\":\"https:\/\/permbledhja.com\/#website\",\"url\":\"https:\/\/permbledhja.com\/\",\"name\":\"Ve\u00e7 artikuj p\u00ebrmbledh\u00ebs\",\"description\":\"\",\"publisher\":{\"@id\":\"https:\/\/permbledhja.com\/#organization\"},\"potentialAction\":[{\"@type\":\"SearchAction\",\"target\":{\"@type\":\"EntryPoint\",\"urlTemplate\":\"https:\/\/permbledhja.com\/?s={search_term_string}\"},\"query-input\":\"required name=search_term_string\"}],\"inLanguage\":\"sq\"},{\"@type\":\"Organization\",\"@id\":\"https:\/\/permbledhja.com\/#organization\",\"name\":\"MK Media & Pr\",\"url\":\"https:\/\/permbledhja.com\/\",\"logo\":{\"@type\":\"ImageObject\",\"inLanguage\":\"sq\",\"@id\":\"https:\/\/permbledhja.com\/#\/schema\/logo\/image\/\",\"url\":\"https:\/\/permbledhja.com\/wp-content\/uploads\/2021\/12\/07-Press-Logo.jpg\",\"contentUrl\":\"https:\/\/permbledhja.com\/wp-content\/uploads\/2021\/12\/07-Press-Logo.jpg\",\"width\":512,\"height\":512,\"caption\":\"MK Media & Pr\"},\"image\":{\"@id\":\"https:\/\/permbledhja.com\/#\/schema\/logo\/image\/\"},\"sameAs\":[\"https:\/\/www.facebook.com\/press07\/\"]},{\"@type\":\"Person\",\"@id\":\"https:\/\/permbledhja.com\/#\/schema\/person\/0d064377258d3221e50693947b9eb4fe\",\"name\":\"P\u00ebrmbledhja\",\"image\":{\"@type\":\"ImageObject\",\"inLanguage\":\"sq\",\"@id\":\"https:\/\/permbledhja.com\/#\/schema\/person\/image\/\",\"url\":\"https:\/\/permbledhja.com\/wp-content\/uploads\/2026\/01\/452004717_1040944174702970_8932037511805513407_n-96x96.jpg\",\"contentUrl\":\"https:\/\/permbledhja.com\/wp-content\/uploads\/2026\/01\/452004717_1040944174702970_8932037511805513407_n-96x96.jpg\",\"caption\":\"P\u00ebrmbledhja\"},\"sameAs\":[\"https:\/\/www.facebook.com\/kafexhiu.muharrem\/\",\"https:\/\/www.instagram.com\/muharrem_kafexhiu\/\"],\"url\":\"https:\/\/permbledhja.com\/sq\/author\/admin\/\"}]}<\/script>\n<!-- \/ Yoast SEO plugin. -->","yoast_head_json":{"title":"Durguti: Ecim ngadal\u00eb pa b\u00ebr\u00eb hapa prapa - v\u00ebmendja jo te superliga, por te secila ndeshje me radh\u00eb","robots":{"index":"index","follow":"follow","max-snippet":"max-snippet:-1","max-image-preview":"max-image-preview:large","max-video-preview":"max-video-preview:-1"},"canonical":"https:\/\/permbledhja.com\/sq\/durguti-ecim-ngadale-pa-bere-hapa-prapa-vemendja-jo-te-superliga-por-te-secila-ndeshje-me-radhe\/","og_locale":"sq_AL","og_type":"article","og_title":"Durguti: Ecim ngadal\u00eb pa b\u00ebr\u00eb hapa prapa - v\u00ebmendja jo te superliga, por te secila ndeshje me radh\u00eb","og_description":"Kryetari i KF Rahovecit, Enis Durguti, \u00ebsht\u00eb shprehur i k\u00ebnaqur me fitoren ndaj KF Istogut si mysafir, teksa komplimentoi skuadr\u00ebn kund\u00ebrshtare p\u00ebr mikpritjen. Durguti q\u00eb vet\u00ebm pak koh\u00eb m\u00eb par\u00eb u em\u00ebrua kryetar i klubit, startin e ka perfekt me dy fitore n\u00eb dy ndeshjet e para, e rezultat pozitiv ai thot\u00eb se ka pritur. [&hellip;]","og_url":"https:\/\/permbledhja.com\/sq\/durguti-ecim-ngadale-pa-bere-hapa-prapa-vemendja-jo-te-superliga-por-te-secila-ndeshje-me-radhe\/","og_site_name":"Ve\u00e7 artikuj p\u00ebrmbledh\u00ebs","article_publisher":"https:\/\/www.facebook.com\/press07\/","article_author":"https:\/\/www.facebook.com\/kafexhiu.muharrem\/","article_published_time":"2022-08-29T10:51:50+00:00","og_image":[{"width":681,"height":497,"url":"https:\/\/permbledhja.com\/wp-content\/uploads\/2022\/08\/durguti-1-e1661758522400-681x497-1.jpg","type":"image\/jpeg"}],"author":"P\u00ebrmbledhja","twitter_card":"summary_large_image","twitter_misc":{"Written by":"P\u00ebrmbledhja","Est. reading time":"1 minut\u00eb"},"schema":{"@context":"https:\/\/schema.org","@graph":[{"@type":"Article","@id":"https:\/\/permbledhja.com\/durguti-ecim-ngadale-pa-bere-hapa-prapa-vemendja-jo-te-superliga-por-te-secila-ndeshje-me-radhe\/#article","isPartOf":{"@id":"https:\/\/permbledhja.com\/durguti-ecim-ngadale-pa-bere-hapa-prapa-vemendja-jo-te-superliga-por-te-secila-ndeshje-me-radhe\/"},"author":{"name":"P\u00ebrmbledhja","@id":"https:\/\/permbledhja.com\/#\/schema\/person\/0d064377258d3221e50693947b9eb4fe"},"headline":"Durguti: Ecim ngadal\u00eb pa b\u00ebr\u00eb hapa prapa &#8211; v\u00ebmendja jo te superliga, por te secila ndeshje me radh\u00eb","datePublished":"2022-08-29T10:51:50+00:00","dateModified":"2022-08-29T10:51:50+00:00","mainEntityOfPage":{"@id":"https:\/\/permbledhja.com\/durguti-ecim-ngadale-pa-bere-hapa-prapa-vemendja-jo-te-superliga-por-te-secila-ndeshje-me-radhe\/"},"wordCount":274,"publisher":{"@id":"https:\/\/permbledhja.com\/#organization"},"keywords":["Enis Durguti"],"articleSection":["Sport"],"inLanguage":"sq"},{"@type":"WebPage","@id":"https:\/\/permbledhja.com\/durguti-ecim-ngadale-pa-bere-hapa-prapa-vemendja-jo-te-superliga-por-te-secila-ndeshje-me-radhe\/","url":"https:\/\/permbledhja.com\/durguti-ecim-ngadale-pa-bere-hapa-prapa-vemendja-jo-te-superliga-por-te-secila-ndeshje-me-radhe\/","name":"Durguti: Ecim ngadal\u00eb pa b\u00ebr\u00eb hapa prapa - v\u00ebmendja jo te superliga, por te secila ndeshje me radh\u00eb","isPartOf":{"@id":"https:\/\/permbledhja.com\/#website"},"datePublished":"2022-08-29T10:51:50+00:00","dateModified":"2022-08-29T10:51:50+00:00","breadcrumb":{"@id":"https:\/\/permbledhja.com\/durguti-ecim-ngadale-pa-bere-hapa-prapa-vemendja-jo-te-superliga-por-te-secila-ndeshje-me-radhe\/#breadcrumb"},"inLanguage":"sq","potentialAction":[{"@type":"ReadAction","target":["https:\/\/permbledhja.com\/durguti-ecim-ngadale-pa-bere-hapa-prapa-vemendja-jo-te-superliga-por-te-secila-ndeshje-me-radhe\/"]}]},{"@type":"BreadcrumbList","@id":"https:\/\/permbledhja.com\/durguti-ecim-ngadale-pa-bere-hapa-prapa-vemendja-jo-te-superliga-por-te-secila-ndeshje-me-radhe\/#breadcrumb","itemListElement":[{"@type":"ListItem","position":1,"name":"Ballina","item":"https:\/\/permbledhja.com\/sq\/"},{"@type":"ListItem","position":2,"name":"Durguti: Ecim ngadal\u00eb pa b\u00ebr\u00eb hapa prapa &#8211; v\u00ebmendja jo te superliga, por te secila ndeshje me radh\u00eb"}]},{"@type":"WebSite","@id":"https:\/\/permbledhja.com\/#website","url":"https:\/\/permbledhja.com\/","name":"Ve\u00e7 artikuj p\u00ebrmbledh\u00ebs","description":"","publisher":{"@id":"https:\/\/permbledhja.com\/#organization"},"potentialAction":[{"@type":"SearchAction","target":{"@type":"EntryPoint","urlTemplate":"https:\/\/permbledhja.com\/?s={search_term_string}"},"query-input":"required name=search_term_string"}],"inLanguage":"sq"},{"@type":"Organization","@id":"https:\/\/permbledhja.com\/#organization","name":"MK Media & Pr","url":"https:\/\/permbledhja.com\/","logo":{"@type":"ImageObject","inLanguage":"sq","@id":"https:\/\/permbledhja.com\/#\/schema\/logo\/image\/","url":"https:\/\/permbledhja.com\/wp-content\/uploads\/2021\/12\/07-Press-Logo.jpg","contentUrl":"https:\/\/permbledhja.com\/wp-content\/uploads\/2021\/12\/07-Press-Logo.jpg","width":512,"height":512,"caption":"MK Media & Pr"},"image":{"@id":"https:\/\/permbledhja.com\/#\/schema\/logo\/image\/"},"sameAs":["https:\/\/www.facebook.com\/press07\/"]},{"@type":"Person","@id":"https:\/\/permbledhja.com\/#\/schema\/person\/0d064377258d3221e50693947b9eb4fe","name":"P\u00ebrmbledhja","image":{"@type":"ImageObject","inLanguage":"sq","@id":"https:\/\/permbledhja.com\/#\/schema\/person\/image\/","url":"https:\/\/permbledhja.com\/wp-content\/uploads\/2026\/01\/452004717_1040944174702970_8932037511805513407_n-96x96.jpg","contentUrl":"https:\/\/permbledhja.com\/wp-content\/uploads\/2026\/01\/452004717_1040944174702970_8932037511805513407_n-96x96.jpg","caption":"P\u00ebrmbledhja"},"sameAs":["https:\/\/www.facebook.com\/kafexhiu.muharrem\/","https:\/\/www.instagram.com\/muharrem_kafexhiu\/"],"url":"https:\/\/permbledhja.com\/sq\/author\/admin\/"}]}},"_links":{"self":[{"href":"https:\/\/permbledhja.com\/sq\/wp-json\/wp\/v2\/posts\/4752"}],"collection":[{"href":"https:\/\/permbledhja.com\/sq\/wp-json\/wp\/v2\/posts"}],"about":[{"href":"https:\/\/permbledhja.com\/sq\/wp-json\/wp\/v2\/types\/post"}],"author":[{"embeddable":true,"href":"https:\/\/permbledhja.com\/sq\/wp-json\/wp\/v2\/users\/1"}],"replies":[{"embeddable":true,"href":"https:\/\/permbledhja.com\/sq\/wp-json\/wp\/v2\/comments?post=4752"}],"version-history":[{"count":1,"href":"https:\/\/permbledhja.com\/sq\/wp-json\/wp\/v2\/posts\/4752\/revisions"}],"predecessor-version":[{"id":4754,"href":"https:\/\/permbledhja.com\/sq\/wp-json\/wp\/v2\/posts\/4752\/revisions\/4754"}],"wp:featuredmedia":[{"embeddable":true,"href":"https:\/\/permbledhja.com\/sq\/wp-json\/wp\/v2\/media\/4753"}],"wp:attachment":[{"href":"https:\/\/permbledhja.com\/sq\/wp-json\/wp\/v2\/media?parent=4752"}],"wp:term":[{"taxonomy":"category","embeddable":true,"href":"https:\/\/permbledhja.com\/sq\/wp-json\/wp\/v2\/categories?post=4752"},{"taxonomy":"post_tag","embeddable":true,"href":"https:\/\/permbledhja.com\/sq\/wp-json\/wp\/v2\/tags?post=4752"}],"curies":[{"name":"wp","href":"https:\/\/api.w.org\/{rel}","templated":true}]}}