{"id":4746,"date":"2022-08-29T10:42:40","date_gmt":"2022-08-29T10:42:40","guid":{"rendered":"https:\/\/permbledhja.com\/?p=4746"},"modified":"2022-08-29T10:42:40","modified_gmt":"2022-08-29T10:42:40","slug":"dhunimi-i-vajzes-nga-pese-persona-ne-prishtine-prokuroria-jep-informacione-per-arrestimin-e-te-dyshuarve","status":"publish","type":"post","link":"https:\/\/permbledhja.com\/sq\/dhunimi-i-vajzes-nga-pese-persona-ne-prishtine-prokuroria-jep-informacione-per-arrestimin-e-te-dyshuarve\/","title":{"rendered":"Dhunimi i vajz\u00ebs nga pes\u00eb persona n\u00eb Prishtin\u00eb, prokuroria jep informacione p\u00ebr arrestimin e t\u00eb dyshuarve"},"content":{"rendered":"<p><strong>Nj\u00eb e mitur dyshohet se \u00ebsht\u00eb dhunuar nga pes\u00eb persona t\u00eb shtun\u00ebn n\u00eb Prishtin\u00eb. P\u00ebr k\u00ebt\u00eb rast policia ka arrestuar dy persona dhe nj\u00ebri nga ta \u00ebsht\u00eb i mitur. Prokuroria ka nisur hetimet.<\/strong><\/p>\n<p>Z\u00ebdh\u00ebn\u00ebsja e Prokuroris\u00eb Themelore t\u00eb Prishtin\u00ebs, Laureta Ulaj, ka konfirmuar p\u00ebr T7 se ndaj dy t\u00eb arrestuarve, prokurori ka b\u00ebr\u00eb k\u00ebrkes\u00eb p\u00ebr caktimin e mas\u00ebs s\u00eb paraburgimit n\u00eb gjykat\u00ebn kompetente.<\/p>\n<p>\u201cMe urdh\u00ebr t\u00eb prokurorit kujdestar nga Departamenti p\u00ebr t\u00eb Mitur, jan\u00eb ndaluar dy persona t\u00eb dyshuar (nj\u00ebri madhor dhe tjetri i mitur), p\u00ebr shkak t\u00eb dyshimit se kan\u00eb kryer vepr\u00ebn penale \u201cDhunimi\u201d, si dhe, ndaj t\u00eb nj\u00ebjt\u00ebve Prokurori i Shtetit ka paraqitur k\u00ebrkes\u00eb p\u00ebr caktimin e mas\u00ebs s\u00eb paraburgimit n\u00eb gjykat\u00ebn kompetente\u201d, tha Ulaj p\u00ebr T7.<\/p>\n<p>https:\/\/permbledhja.com\/infokus-deklarim-i-rrejshem-si-e-mashtruan-agjencine-kunder-korrupsion-bordi-qe-albin-kurti-zgjodhi-ne-agjencine-e-privatizimit\/<\/p>\n<p>Tutje, Ulaj deklaron se ndaj rastit t\u00eb dhunimit t\u00eb s\u00eb mitur\u00ebs jan\u00eb duke u nd\u00ebrmarr\u00eb t\u00eb gjitha veprimet e nevojshme hetimore. Teksa shton se nuk mund t\u00eb japin informacione shtes\u00eb n\u00eb k\u00ebt\u00eb faz\u00eb.<\/p>\n<p>\u201cNdaj rastit n\u00eb fjal\u00eb jan\u00eb duke u nd\u00ebrmarr\u00eb t\u00eb gjitha veprimet e nevojshme hetimore n\u00eb koordinim me t\u00eb gjitha institucionet relevante, andaj, meq\u00eb kemi t\u00eb b\u00ebjm\u00eb me procedur\u00eb p\u00ebr t\u00eb mitur, nuk mund t\u00eb japim informata t\u00eb tjera, p\u00ebr shkak t\u00eb ruajtjes s\u00eb integritetit t\u00eb t\u00eb miturve n\u00eb procedur\u00eb\u201d, ka th\u00ebn\u00eb ajo.<\/p>\n<p>Ky rast \u00ebsht\u00eb p\u00ebrfshir\u00eb edhe n\u00eb raportin e sot\u00ebm t\u00eb Policis\u00eb s\u00eb Kosov\u00ebs, ku thuhet se pas intervistimit viktima \u00ebsht\u00eb d\u00ebrguar n\u00eb strehimore.<\/p>\n<p>\u201cDHUNIM \/Prishtin\u00eb 27.08.2022-17:30-00:30. Ankuesja fem\u00ebr kosovare ka raportuar se pes\u00eb persona t\u00eb dyshuar kan\u00eb kryer vepr\u00ebn  e lartcekur  ndaj viktim\u00ebs fem\u00ebr kosovare. Lidhur me rastin pas intervistimit viktima \u00ebsht\u00eb d\u00ebrguar n\u00eb strehimore, nd\u00ebrsa dy t\u00eb dyshuar meshkuj kosovar\u00eb  jan\u00eb arrestuar dhe pas intervistimit me vendim t\u00eb prokurorit t\u00eb nj\u00ebjtit jan\u00eb d\u00ebrguar n\u00eb mbajtje. Rasti n\u00eb procedur\u00eb hetimore\u201d, thuhet n\u00eb raportin e PK-s\u00eb.<\/p>\n","protected":false},"excerpt":{"rendered":"<p>Nj\u00eb e mitur dyshohet se \u00ebsht\u00eb dhunuar nga pes\u00eb persona t\u00eb shtun\u00ebn n\u00eb Prishtin\u00eb. P\u00ebr k\u00ebt\u00eb rast policia ka arrestuar dy persona dhe nj\u00ebri nga ta \u00ebsht\u00eb i mitur. Prokuroria ka nisur hetimet. Z\u00ebdh\u00ebn\u00ebsja e Prokuroris\u00eb Themelore t\u00eb Prishtin\u00ebs, Laureta Ulaj, ka konfirmuar p\u00ebr T7 se ndaj dy t\u00eb arrestuarve, prokurori ka b\u00ebr\u00eb k\u00ebrkes\u00eb p\u00ebr [&hellip;]<\/p>\n","protected":false},"author":1,"featured_media":4747,"comment_status":"closed","ping_status":"closed","sticky":false,"template":"","format":"standard","meta":{"_monsterinsights_skip_tracking":false,"_monsterinsights_sitenote_active":false,"_monsterinsights_sitenote_note":"","_monsterinsights_sitenote_category":0,"_uf_show_specific_survey":0,"_uf_disable_surveys":false,"footnotes":""},"categories":[23,15],"tags":[854,110],"yoast_head":"<!-- This site is optimized with the Yoast SEO plugin v21.5 - https:\/\/yoast.com\/wordpress\/plugins\/seo\/ -->\n<title>Dhunimi i vajz\u00ebs nga pes\u00eb persona n\u00eb Prishtin\u00eb, prokuroria jep informacione p\u00ebr arrestimin e t\u00eb dyshuarve<\/title>\n<meta name=\"robots\" content=\"index, follow, max-snippet:-1, max-image-preview:large, max-video-preview:-1\" \/>\n<link rel=\"canonical\" href=\"https:\/\/permbledhja.com\/sq\/dhunimi-i-vajzes-nga-pese-persona-ne-prishtine-prokuroria-jep-informacione-per-arrestimin-e-te-dyshuarve\/\" \/>\n<meta property=\"og:locale\" content=\"sq_AL\" \/>\n<meta property=\"og:type\" content=\"article\" \/>\n<meta property=\"og:title\" content=\"Dhunimi i vajz\u00ebs nga pes\u00eb persona n\u00eb Prishtin\u00eb, prokuroria jep informacione p\u00ebr arrestimin e t\u00eb dyshuarve\" \/>\n<meta property=\"og:description\" content=\"Nj\u00eb e mitur dyshohet se \u00ebsht\u00eb dhunuar nga pes\u00eb persona t\u00eb shtun\u00ebn n\u00eb Prishtin\u00eb. P\u00ebr k\u00ebt\u00eb rast policia ka arrestuar dy persona dhe nj\u00ebri nga ta \u00ebsht\u00eb i mitur. Prokuroria ka nisur hetimet. Z\u00ebdh\u00ebn\u00ebsja e Prokuroris\u00eb Themelore t\u00eb Prishtin\u00ebs, Laureta Ulaj, ka konfirmuar p\u00ebr T7 se ndaj dy t\u00eb arrestuarve, prokurori ka b\u00ebr\u00eb k\u00ebrkes\u00eb p\u00ebr [&hellip;]\" \/>\n<meta property=\"og:url\" content=\"https:\/\/permbledhja.com\/sq\/dhunimi-i-vajzes-nga-pese-persona-ne-prishtine-prokuroria-jep-informacione-per-arrestimin-e-te-dyshuarve\/\" \/>\n<meta property=\"og:site_name\" content=\"Ve\u00e7 artikuj p\u00ebrmbledh\u00ebs\" \/>\n<meta property=\"article:publisher\" content=\"https:\/\/www.facebook.com\/press07\/\" \/>\n<meta property=\"article:author\" content=\"https:\/\/www.facebook.com\/kafexhiu.muharrem\/\" \/>\n<meta property=\"article:published_time\" content=\"2022-08-29T10:42:40+00:00\" \/>\n<meta property=\"og:image\" content=\"https:\/\/permbledhja.com\/wp-content\/uploads\/2022\/08\/SKENE-KRIMI-1.jpg\" \/>\n\t<meta property=\"og:image:width\" content=\"900\" \/>\n\t<meta property=\"og:image:height\" content=\"507\" \/>\n\t<meta property=\"og:image:type\" content=\"image\/jpeg\" \/>\n<meta name=\"author\" content=\"P\u00ebrmbledhja\" \/>\n<meta name=\"twitter:card\" content=\"summary_large_image\" \/>\n<meta name=\"twitter:label1\" content=\"Written by\" \/>\n\t<meta name=\"twitter:data1\" content=\"P\u00ebrmbledhja\" \/>\n\t<meta name=\"twitter:label2\" content=\"Est. reading time\" \/>\n\t<meta name=\"twitter:data2\" content=\"2 minuta\" \/>\n<script type=\"application\/ld+json\" class=\"yoast-schema-graph\">{\"@context\":\"https:\/\/schema.org\",\"@graph\":[{\"@type\":\"Article\",\"@id\":\"https:\/\/permbledhja.com\/dhunimi-i-vajzes-nga-pese-persona-ne-prishtine-prokuroria-jep-informacione-per-arrestimin-e-te-dyshuarve\/#article\",\"isPartOf\":{\"@id\":\"https:\/\/permbledhja.com\/dhunimi-i-vajzes-nga-pese-persona-ne-prishtine-prokuroria-jep-informacione-per-arrestimin-e-te-dyshuarve\/\"},\"author\":{\"name\":\"P\u00ebrmbledhja\",\"@id\":\"https:\/\/permbledhja.com\/#\/schema\/person\/0d064377258d3221e50693947b9eb4fe\"},\"headline\":\"Dhunimi i vajz\u00ebs nga pes\u00eb persona n\u00eb Prishtin\u00eb, prokuroria jep informacione p\u00ebr arrestimin e t\u00eb dyshuarve\",\"datePublished\":\"2022-08-29T10:42:40+00:00\",\"dateModified\":\"2022-08-29T10:42:40+00:00\",\"mainEntityOfPage\":{\"@id\":\"https:\/\/permbledhja.com\/dhunimi-i-vajzes-nga-pese-persona-ne-prishtine-prokuroria-jep-informacione-per-arrestimin-e-te-dyshuarve\/\"},\"wordCount\":358,\"publisher\":{\"@id\":\"https:\/\/permbledhja.com\/#organization\"},\"keywords\":[\"Dhunimi\",\"Prishtin\u00eb\"],\"articleSection\":[\"Komb\u00ebtare\",\"Lajme\"],\"inLanguage\":\"sq\"},{\"@type\":\"WebPage\",\"@id\":\"https:\/\/permbledhja.com\/dhunimi-i-vajzes-nga-pese-persona-ne-prishtine-prokuroria-jep-informacione-per-arrestimin-e-te-dyshuarve\/\",\"url\":\"https:\/\/permbledhja.com\/dhunimi-i-vajzes-nga-pese-persona-ne-prishtine-prokuroria-jep-informacione-per-arrestimin-e-te-dyshuarve\/\",\"name\":\"Dhunimi i vajz\u00ebs nga pes\u00eb persona n\u00eb Prishtin\u00eb, prokuroria jep informacione p\u00ebr arrestimin e t\u00eb dyshuarve\",\"isPartOf\":{\"@id\":\"https:\/\/permbledhja.com\/#website\"},\"datePublished\":\"2022-08-29T10:42:40+00:00\",\"dateModified\":\"2022-08-29T10:42:40+00:00\",\"breadcrumb\":{\"@id\":\"https:\/\/permbledhja.com\/dhunimi-i-vajzes-nga-pese-persona-ne-prishtine-prokuroria-jep-informacione-per-arrestimin-e-te-dyshuarve\/#breadcrumb\"},\"inLanguage\":\"sq\",\"potentialAction\":[{\"@type\":\"ReadAction\",\"target\":[\"https:\/\/permbledhja.com\/dhunimi-i-vajzes-nga-pese-persona-ne-prishtine-prokuroria-jep-informacione-per-arrestimin-e-te-dyshuarve\/\"]}]},{\"@type\":\"BreadcrumbList\",\"@id\":\"https:\/\/permbledhja.com\/dhunimi-i-vajzes-nga-pese-persona-ne-prishtine-prokuroria-jep-informacione-per-arrestimin-e-te-dyshuarve\/#breadcrumb\",\"itemListElement\":[{\"@type\":\"ListItem\",\"position\":1,\"name\":\"Ballina\",\"item\":\"https:\/\/permbledhja.com\/sq\/\"},{\"@type\":\"ListItem\",\"position\":2,\"name\":\"Dhunimi i vajz\u00ebs nga pes\u00eb persona n\u00eb Prishtin\u00eb, prokuroria jep informacione p\u00ebr arrestimin e t\u00eb dyshuarve\"}]},{\"@type\":\"WebSite\",\"@id\":\"https:\/\/permbledhja.com\/#website\",\"url\":\"https:\/\/permbledhja.com\/\",\"name\":\"Ve\u00e7 artikuj p\u00ebrmbledh\u00ebs\",\"description\":\"\",\"publisher\":{\"@id\":\"https:\/\/permbledhja.com\/#organization\"},\"potentialAction\":[{\"@type\":\"SearchAction\",\"target\":{\"@type\":\"EntryPoint\",\"urlTemplate\":\"https:\/\/permbledhja.com\/?s={search_term_string}\"},\"query-input\":\"required name=search_term_string\"}],\"inLanguage\":\"sq\"},{\"@type\":\"Organization\",\"@id\":\"https:\/\/permbledhja.com\/#organization\",\"name\":\"MK Media & Pr\",\"url\":\"https:\/\/permbledhja.com\/\",\"logo\":{\"@type\":\"ImageObject\",\"inLanguage\":\"sq\",\"@id\":\"https:\/\/permbledhja.com\/#\/schema\/logo\/image\/\",\"url\":\"https:\/\/permbledhja.com\/wp-content\/uploads\/2021\/12\/07-Press-Logo.jpg\",\"contentUrl\":\"https:\/\/permbledhja.com\/wp-content\/uploads\/2021\/12\/07-Press-Logo.jpg\",\"width\":512,\"height\":512,\"caption\":\"MK Media & Pr\"},\"image\":{\"@id\":\"https:\/\/permbledhja.com\/#\/schema\/logo\/image\/\"},\"sameAs\":[\"https:\/\/www.facebook.com\/press07\/\"]},{\"@type\":\"Person\",\"@id\":\"https:\/\/permbledhja.com\/#\/schema\/person\/0d064377258d3221e50693947b9eb4fe\",\"name\":\"P\u00ebrmbledhja\",\"image\":{\"@type\":\"ImageObject\",\"inLanguage\":\"sq\",\"@id\":\"https:\/\/permbledhja.com\/#\/schema\/person\/image\/\",\"url\":\"https:\/\/permbledhja.com\/wp-content\/uploads\/2026\/01\/452004717_1040944174702970_8932037511805513407_n-96x96.jpg\",\"contentUrl\":\"https:\/\/permbledhja.com\/wp-content\/uploads\/2026\/01\/452004717_1040944174702970_8932037511805513407_n-96x96.jpg\",\"caption\":\"P\u00ebrmbledhja\"},\"sameAs\":[\"https:\/\/www.facebook.com\/kafexhiu.muharrem\/\",\"https:\/\/www.instagram.com\/muharrem_kafexhiu\/\"],\"url\":\"https:\/\/permbledhja.com\/sq\/author\/admin\/\"}]}<\/script>\n<!-- \/ Yoast SEO plugin. -->","yoast_head_json":{"title":"Dhunimi i vajz\u00ebs nga pes\u00eb persona n\u00eb Prishtin\u00eb, prokuroria jep informacione p\u00ebr arrestimin e t\u00eb dyshuarve","robots":{"index":"index","follow":"follow","max-snippet":"max-snippet:-1","max-image-preview":"max-image-preview:large","max-video-preview":"max-video-preview:-1"},"canonical":"https:\/\/permbledhja.com\/sq\/dhunimi-i-vajzes-nga-pese-persona-ne-prishtine-prokuroria-jep-informacione-per-arrestimin-e-te-dyshuarve\/","og_locale":"sq_AL","og_type":"article","og_title":"Dhunimi i vajz\u00ebs nga pes\u00eb persona n\u00eb Prishtin\u00eb, prokuroria jep informacione p\u00ebr arrestimin e t\u00eb dyshuarve","og_description":"Nj\u00eb e mitur dyshohet se \u00ebsht\u00eb dhunuar nga pes\u00eb persona t\u00eb shtun\u00ebn n\u00eb Prishtin\u00eb. P\u00ebr k\u00ebt\u00eb rast policia ka arrestuar dy persona dhe nj\u00ebri nga ta \u00ebsht\u00eb i mitur. Prokuroria ka nisur hetimet. Z\u00ebdh\u00ebn\u00ebsja e Prokuroris\u00eb Themelore t\u00eb Prishtin\u00ebs, Laureta Ulaj, ka konfirmuar p\u00ebr T7 se ndaj dy t\u00eb arrestuarve, prokurori ka b\u00ebr\u00eb k\u00ebrkes\u00eb p\u00ebr [&hellip;]","og_url":"https:\/\/permbledhja.com\/sq\/dhunimi-i-vajzes-nga-pese-persona-ne-prishtine-prokuroria-jep-informacione-per-arrestimin-e-te-dyshuarve\/","og_site_name":"Ve\u00e7 artikuj p\u00ebrmbledh\u00ebs","article_publisher":"https:\/\/www.facebook.com\/press07\/","article_author":"https:\/\/www.facebook.com\/kafexhiu.muharrem\/","article_published_time":"2022-08-29T10:42:40+00:00","og_image":[{"width":900,"height":507,"url":"https:\/\/permbledhja.com\/wp-content\/uploads\/2022\/08\/SKENE-KRIMI-1.jpg","type":"image\/jpeg"}],"author":"P\u00ebrmbledhja","twitter_card":"summary_large_image","twitter_misc":{"Written by":"P\u00ebrmbledhja","Est. reading time":"2 minuta"},"schema":{"@context":"https:\/\/schema.org","@graph":[{"@type":"Article","@id":"https:\/\/permbledhja.com\/dhunimi-i-vajzes-nga-pese-persona-ne-prishtine-prokuroria-jep-informacione-per-arrestimin-e-te-dyshuarve\/#article","isPartOf":{"@id":"https:\/\/permbledhja.com\/dhunimi-i-vajzes-nga-pese-persona-ne-prishtine-prokuroria-jep-informacione-per-arrestimin-e-te-dyshuarve\/"},"author":{"name":"P\u00ebrmbledhja","@id":"https:\/\/permbledhja.com\/#\/schema\/person\/0d064377258d3221e50693947b9eb4fe"},"headline":"Dhunimi i vajz\u00ebs nga pes\u00eb persona n\u00eb Prishtin\u00eb, prokuroria jep informacione p\u00ebr arrestimin e t\u00eb dyshuarve","datePublished":"2022-08-29T10:42:40+00:00","dateModified":"2022-08-29T10:42:40+00:00","mainEntityOfPage":{"@id":"https:\/\/permbledhja.com\/dhunimi-i-vajzes-nga-pese-persona-ne-prishtine-prokuroria-jep-informacione-per-arrestimin-e-te-dyshuarve\/"},"wordCount":358,"publisher":{"@id":"https:\/\/permbledhja.com\/#organization"},"keywords":["Dhunimi","Prishtin\u00eb"],"articleSection":["Komb\u00ebtare","Lajme"],"inLanguage":"sq"},{"@type":"WebPage","@id":"https:\/\/permbledhja.com\/dhunimi-i-vajzes-nga-pese-persona-ne-prishtine-prokuroria-jep-informacione-per-arrestimin-e-te-dyshuarve\/","url":"https:\/\/permbledhja.com\/dhunimi-i-vajzes-nga-pese-persona-ne-prishtine-prokuroria-jep-informacione-per-arrestimin-e-te-dyshuarve\/","name":"Dhunimi i vajz\u00ebs nga pes\u00eb persona n\u00eb Prishtin\u00eb, prokuroria jep informacione p\u00ebr arrestimin e t\u00eb dyshuarve","isPartOf":{"@id":"https:\/\/permbledhja.com\/#website"},"datePublished":"2022-08-29T10:42:40+00:00","dateModified":"2022-08-29T10:42:40+00:00","breadcrumb":{"@id":"https:\/\/permbledhja.com\/dhunimi-i-vajzes-nga-pese-persona-ne-prishtine-prokuroria-jep-informacione-per-arrestimin-e-te-dyshuarve\/#breadcrumb"},"inLanguage":"sq","potentialAction":[{"@type":"ReadAction","target":["https:\/\/permbledhja.com\/dhunimi-i-vajzes-nga-pese-persona-ne-prishtine-prokuroria-jep-informacione-per-arrestimin-e-te-dyshuarve\/"]}]},{"@type":"BreadcrumbList","@id":"https:\/\/permbledhja.com\/dhunimi-i-vajzes-nga-pese-persona-ne-prishtine-prokuroria-jep-informacione-per-arrestimin-e-te-dyshuarve\/#breadcrumb","itemListElement":[{"@type":"ListItem","position":1,"name":"Ballina","item":"https:\/\/permbledhja.com\/sq\/"},{"@type":"ListItem","position":2,"name":"Dhunimi i vajz\u00ebs nga pes\u00eb persona n\u00eb Prishtin\u00eb, prokuroria jep informacione p\u00ebr arrestimin e t\u00eb dyshuarve"}]},{"@type":"WebSite","@id":"https:\/\/permbledhja.com\/#website","url":"https:\/\/permbledhja.com\/","name":"Ve\u00e7 artikuj p\u00ebrmbledh\u00ebs","description":"","publisher":{"@id":"https:\/\/permbledhja.com\/#organization"},"potentialAction":[{"@type":"SearchAction","target":{"@type":"EntryPoint","urlTemplate":"https:\/\/permbledhja.com\/?s={search_term_string}"},"query-input":"required name=search_term_string"}],"inLanguage":"sq"},{"@type":"Organization","@id":"https:\/\/permbledhja.com\/#organization","name":"MK Media & Pr","url":"https:\/\/permbledhja.com\/","logo":{"@type":"ImageObject","inLanguage":"sq","@id":"https:\/\/permbledhja.com\/#\/schema\/logo\/image\/","url":"https:\/\/permbledhja.com\/wp-content\/uploads\/2021\/12\/07-Press-Logo.jpg","contentUrl":"https:\/\/permbledhja.com\/wp-content\/uploads\/2021\/12\/07-Press-Logo.jpg","width":512,"height":512,"caption":"MK Media & Pr"},"image":{"@id":"https:\/\/permbledhja.com\/#\/schema\/logo\/image\/"},"sameAs":["https:\/\/www.facebook.com\/press07\/"]},{"@type":"Person","@id":"https:\/\/permbledhja.com\/#\/schema\/person\/0d064377258d3221e50693947b9eb4fe","name":"P\u00ebrmbledhja","image":{"@type":"ImageObject","inLanguage":"sq","@id":"https:\/\/permbledhja.com\/#\/schema\/person\/image\/","url":"https:\/\/permbledhja.com\/wp-content\/uploads\/2026\/01\/452004717_1040944174702970_8932037511805513407_n-96x96.jpg","contentUrl":"https:\/\/permbledhja.com\/wp-content\/uploads\/2026\/01\/452004717_1040944174702970_8932037511805513407_n-96x96.jpg","caption":"P\u00ebrmbledhja"},"sameAs":["https:\/\/www.facebook.com\/kafexhiu.muharrem\/","https:\/\/www.instagram.com\/muharrem_kafexhiu\/"],"url":"https:\/\/permbledhja.com\/sq\/author\/admin\/"}]}},"_links":{"self":[{"href":"https:\/\/permbledhja.com\/sq\/wp-json\/wp\/v2\/posts\/4746"}],"collection":[{"href":"https:\/\/permbledhja.com\/sq\/wp-json\/wp\/v2\/posts"}],"about":[{"href":"https:\/\/permbledhja.com\/sq\/wp-json\/wp\/v2\/types\/post"}],"author":[{"embeddable":true,"href":"https:\/\/permbledhja.com\/sq\/wp-json\/wp\/v2\/users\/1"}],"replies":[{"embeddable":true,"href":"https:\/\/permbledhja.com\/sq\/wp-json\/wp\/v2\/comments?post=4746"}],"version-history":[{"count":1,"href":"https:\/\/permbledhja.com\/sq\/wp-json\/wp\/v2\/posts\/4746\/revisions"}],"predecessor-version":[{"id":4748,"href":"https:\/\/permbledhja.com\/sq\/wp-json\/wp\/v2\/posts\/4746\/revisions\/4748"}],"wp:featuredmedia":[{"embeddable":true,"href":"https:\/\/permbledhja.com\/sq\/wp-json\/wp\/v2\/media\/4747"}],"wp:attachment":[{"href":"https:\/\/permbledhja.com\/sq\/wp-json\/wp\/v2\/media?parent=4746"}],"wp:term":[{"taxonomy":"category","embeddable":true,"href":"https:\/\/permbledhja.com\/sq\/wp-json\/wp\/v2\/categories?post=4746"},{"taxonomy":"post_tag","embeddable":true,"href":"https:\/\/permbledhja.com\/sq\/wp-json\/wp\/v2\/tags?post=4746"}],"curies":[{"name":"wp","href":"https:\/\/api.w.org\/{rel}","templated":true}]}}