{"id":4727,"date":"2022-08-29T10:03:28","date_gmt":"2022-08-29T10:03:28","guid":{"rendered":"https:\/\/permbledhja.com\/?p=4727"},"modified":"2022-08-29T10:03:28","modified_gmt":"2022-08-29T10:03:28","slug":"edita-tahiri-pse-nuk-po-publikohet-teksti-i-marreveshjes-qe-e-arriti-kurti","status":"publish","type":"post","link":"https:\/\/permbledhja.com\/sq\/edita-tahiri-pse-nuk-po-publikohet-teksti-i-marreveshjes-qe-e-arriti-kurti\/","title":{"rendered":"Edita Tahiri: Pse nuk po publikohet teksti i marr\u00ebveshjes q\u00eb e arriti Kurti?"},"content":{"rendered":"<p><strong>Kosova dhe Serbia jan\u00eb marr\u00eb vesh lidhur me pranimin e dokumenteve identifikuese t\u00eb nj\u00ebra \u2013 tjetr\u00ebs. Ish-kryenegociatorja Edita Tahiri, e cila kishte n\u00ebnshkruar marr\u00ebveshje p\u00ebr k\u00ebt\u00eb \u00e7\u00ebshtje n\u00eb vitin 2011, ka nj\u00eb pyetje.<\/strong><\/p>\n<p>Edita Tahiri \u00ebsht\u00eb p\u00ebrmendur shum\u00eb k\u00ebto dit\u00eb, pasi Kryeministri Albin Kurti, me nd\u00ebrmjet\u00ebsimin e BE-s\u00eb dhe SHBA-s\u00eb, u mor vesh me Presidentin serb, Aleksand\u00ebr Vuciqin, p\u00ebr t\u00eb zbatuar marr\u00ebveshjen e n\u00ebnshkruar n\u00eb vitin 2011, p\u00ebr l\u00ebvizj\u00ebn e lir\u00eb.<\/p>\n<p>Vet\u00eb ish-kryenegeciatorja pyet se pse nuk po publikohet teksti i marr\u00ebveshjes, p\u00ebr arritjen e s\u00eb cil\u00ebs u njoftua t\u00eb shtun\u00ebn.<\/p>\n<p>\u201cMarreveshja per finalizimin e zbatimit te marreveshjes per levizjen e lire te 2011 u arrite  per  letra shoqeruese, ajo e targave po pritet. Pyetja eshte pse nuk po publikohet teksti i kesaj marreveshje?\u201d, ka shkruar Tahiri n\u00eb Facebook.<\/p>\n<p>Presidenti serb ka deklaruar se n\u00eb fakt marr\u00ebveshja \u00ebsht\u00eb gojore dhe, sic ka l\u00ebn\u00eb t\u00eb kuptohet ai, nuk ka di\u00e7ka t\u00eb re t\u00eb shkruar.<\/p>\n<p>\u201cMarr\u00ebveshja \u00ebsht\u00eb gojore. Marr\u00ebveshja u arrit n\u00eb vitin 2011. Luftuam p\u00ebr t\u00eb korrigjuar di\u00e7ka dhe ia dol\u00ebm t\u00eb korrigjojm\u00eb di\u00e7ka. Nuk mund t\u00eb avokosh p\u00ebr nj\u00eb Ballkan t\u00eb hapur dhe t\u00eb mbyll\u00ebsh t\u00eb gjith\u00eb t\u00eb tjer\u00ebt\u201d, ka th\u00ebn\u00eb Vuciq.<\/p>\n<p>Kosova dhe Serbia akoma nuk jan\u00eb marr\u00eb vesh p\u00ebr targat, pasi Qeveria e Kosov\u00ebs ka vendosur q\u00eb prej 1 shtatorit t\u00eb mos lejoj\u00eb hyrjen me targa t\u00eb l\u00ebshuara ilegalisht nga Serbia, p\u00ebr rajone t\u00eb ndryshme t\u00eb Kosov\u00ebs, ashtu sic i njeh Serbia (UR, KM..).<\/p>\n<p>Por, pal\u00ebt  jan\u00eb dakorduar q\u00eb t\u00eb lejojn\u00eb hyrjen e shtetasve t\u00eb nj\u00ebra \u2013 tjetr\u00ebs, pa u dh\u00ebn\u00eb nj\u00eb let\u00ebr hyrje\/dalje. Kosova planifikonte q\u00eb, si mas\u00eb reciproke ndaj Serbis\u00eb, l\u00ebshimin e k\u00ebsaj letre ta niste prej 1 shtatorit.\/Express<\/p>\n","protected":false},"excerpt":{"rendered":"<p>Kosova dhe Serbia jan\u00eb marr\u00eb vesh lidhur me pranimin e dokumenteve identifikuese t\u00eb nj\u00ebra \u2013 tjetr\u00ebs. Ish-kryenegociatorja Edita Tahiri, e cila kishte n\u00ebnshkruar marr\u00ebveshje p\u00ebr k\u00ebt\u00eb \u00e7\u00ebshtje n\u00eb vitin 2011, ka nj\u00eb pyetje. Edita Tahiri \u00ebsht\u00eb p\u00ebrmendur shum\u00eb k\u00ebto dit\u00eb, pasi Kryeministri Albin Kurti, me nd\u00ebrmjet\u00ebsimin e BE-s\u00eb dhe SHBA-s\u00eb, u mor vesh me Presidentin [&hellip;]<\/p>\n","protected":false},"author":1,"featured_media":4728,"comment_status":"closed","ping_status":"closed","sticky":false,"template":"","format":"standard","meta":{"_monsterinsights_skip_tracking":false,"_monsterinsights_sitenote_active":false,"_monsterinsights_sitenote_note":"","_monsterinsights_sitenote_category":0,"_uf_show_specific_survey":0,"_uf_disable_surveys":false,"footnotes":""},"categories":[22],"tags":[852],"yoast_head":"<!-- This site is optimized with the Yoast SEO plugin v21.5 - https:\/\/yoast.com\/wordpress\/plugins\/seo\/ -->\n<title>Edita Tahiri: Pse nuk po publikohet teksti i marr\u00ebveshjes q\u00eb e arriti Kurti?<\/title>\n<meta name=\"robots\" content=\"index, follow, max-snippet:-1, max-image-preview:large, max-video-preview:-1\" \/>\n<link rel=\"canonical\" href=\"https:\/\/permbledhja.com\/sq\/edita-tahiri-pse-nuk-po-publikohet-teksti-i-marreveshjes-qe-e-arriti-kurti\/\" \/>\n<meta property=\"og:locale\" content=\"sq_AL\" \/>\n<meta property=\"og:type\" content=\"article\" \/>\n<meta property=\"og:title\" content=\"Edita Tahiri: Pse nuk po publikohet teksti i marr\u00ebveshjes q\u00eb e arriti Kurti?\" \/>\n<meta property=\"og:description\" content=\"Kosova dhe Serbia jan\u00eb marr\u00eb vesh lidhur me pranimin e dokumenteve identifikuese t\u00eb nj\u00ebra \u2013 tjetr\u00ebs. Ish-kryenegociatorja Edita Tahiri, e cila kishte n\u00ebnshkruar marr\u00ebveshje p\u00ebr k\u00ebt\u00eb \u00e7\u00ebshtje n\u00eb vitin 2011, ka nj\u00eb pyetje. Edita Tahiri \u00ebsht\u00eb p\u00ebrmendur shum\u00eb k\u00ebto dit\u00eb, pasi Kryeministri Albin Kurti, me nd\u00ebrmjet\u00ebsimin e BE-s\u00eb dhe SHBA-s\u00eb, u mor vesh me Presidentin [&hellip;]\" \/>\n<meta property=\"og:url\" content=\"https:\/\/permbledhja.com\/sq\/edita-tahiri-pse-nuk-po-publikohet-teksti-i-marreveshjes-qe-e-arriti-kurti\/\" \/>\n<meta property=\"og:site_name\" content=\"Ve\u00e7 artikuj p\u00ebrmbledh\u00ebs\" \/>\n<meta property=\"article:publisher\" content=\"https:\/\/www.facebook.com\/press07\/\" \/>\n<meta property=\"article:author\" content=\"https:\/\/www.facebook.com\/kafexhiu.muharrem\/\" \/>\n<meta property=\"article:published_time\" content=\"2022-08-29T10:03:28+00:00\" \/>\n<meta property=\"og:image\" content=\"https:\/\/permbledhja.com\/wp-content\/uploads\/2022\/08\/Edita-Tahiri-600x360-1.jpg\" \/>\n\t<meta property=\"og:image:width\" content=\"600\" \/>\n\t<meta property=\"og:image:height\" content=\"360\" \/>\n\t<meta property=\"og:image:type\" content=\"image\/jpeg\" \/>\n<meta name=\"author\" content=\"P\u00ebrmbledhja\" \/>\n<meta name=\"twitter:card\" content=\"summary_large_image\" \/>\n<meta name=\"twitter:label1\" content=\"Written by\" \/>\n\t<meta name=\"twitter:data1\" content=\"P\u00ebrmbledhja\" \/>\n\t<meta name=\"twitter:label2\" content=\"Est. reading time\" \/>\n\t<meta name=\"twitter:data2\" content=\"2 minuta\" \/>\n<script type=\"application\/ld+json\" class=\"yoast-schema-graph\">{\"@context\":\"https:\/\/schema.org\",\"@graph\":[{\"@type\":\"Article\",\"@id\":\"https:\/\/permbledhja.com\/edita-tahiri-pse-nuk-po-publikohet-teksti-i-marreveshjes-qe-e-arriti-kurti\/#article\",\"isPartOf\":{\"@id\":\"https:\/\/permbledhja.com\/edita-tahiri-pse-nuk-po-publikohet-teksti-i-marreveshjes-qe-e-arriti-kurti\/\"},\"author\":{\"name\":\"P\u00ebrmbledhja\",\"@id\":\"https:\/\/permbledhja.com\/#\/schema\/person\/0d064377258d3221e50693947b9eb4fe\"},\"headline\":\"Edita Tahiri: Pse nuk po publikohet teksti i marr\u00ebveshjes q\u00eb e arriti Kurti?\",\"datePublished\":\"2022-08-29T10:03:28+00:00\",\"dateModified\":\"2022-08-29T10:03:28+00:00\",\"mainEntityOfPage\":{\"@id\":\"https:\/\/permbledhja.com\/edita-tahiri-pse-nuk-po-publikohet-teksti-i-marreveshjes-qe-e-arriti-kurti\/\"},\"wordCount\":327,\"publisher\":{\"@id\":\"https:\/\/permbledhja.com\/#organization\"},\"keywords\":[\"Edita Tahiri\"],\"articleSection\":[\"Ballina\"],\"inLanguage\":\"sq\"},{\"@type\":\"WebPage\",\"@id\":\"https:\/\/permbledhja.com\/edita-tahiri-pse-nuk-po-publikohet-teksti-i-marreveshjes-qe-e-arriti-kurti\/\",\"url\":\"https:\/\/permbledhja.com\/edita-tahiri-pse-nuk-po-publikohet-teksti-i-marreveshjes-qe-e-arriti-kurti\/\",\"name\":\"Edita Tahiri: Pse nuk po publikohet teksti i marr\u00ebveshjes q\u00eb e arriti Kurti?\",\"isPartOf\":{\"@id\":\"https:\/\/permbledhja.com\/#website\"},\"datePublished\":\"2022-08-29T10:03:28+00:00\",\"dateModified\":\"2022-08-29T10:03:28+00:00\",\"breadcrumb\":{\"@id\":\"https:\/\/permbledhja.com\/edita-tahiri-pse-nuk-po-publikohet-teksti-i-marreveshjes-qe-e-arriti-kurti\/#breadcrumb\"},\"inLanguage\":\"sq\",\"potentialAction\":[{\"@type\":\"ReadAction\",\"target\":[\"https:\/\/permbledhja.com\/edita-tahiri-pse-nuk-po-publikohet-teksti-i-marreveshjes-qe-e-arriti-kurti\/\"]}]},{\"@type\":\"BreadcrumbList\",\"@id\":\"https:\/\/permbledhja.com\/edita-tahiri-pse-nuk-po-publikohet-teksti-i-marreveshjes-qe-e-arriti-kurti\/#breadcrumb\",\"itemListElement\":[{\"@type\":\"ListItem\",\"position\":1,\"name\":\"Ballina\",\"item\":\"https:\/\/permbledhja.com\/sq\/\"},{\"@type\":\"ListItem\",\"position\":2,\"name\":\"Edita Tahiri: Pse nuk po publikohet teksti i marr\u00ebveshjes q\u00eb e arriti Kurti?\"}]},{\"@type\":\"WebSite\",\"@id\":\"https:\/\/permbledhja.com\/#website\",\"url\":\"https:\/\/permbledhja.com\/\",\"name\":\"Ve\u00e7 artikuj p\u00ebrmbledh\u00ebs\",\"description\":\"\",\"publisher\":{\"@id\":\"https:\/\/permbledhja.com\/#organization\"},\"potentialAction\":[{\"@type\":\"SearchAction\",\"target\":{\"@type\":\"EntryPoint\",\"urlTemplate\":\"https:\/\/permbledhja.com\/?s={search_term_string}\"},\"query-input\":\"required name=search_term_string\"}],\"inLanguage\":\"sq\"},{\"@type\":\"Organization\",\"@id\":\"https:\/\/permbledhja.com\/#organization\",\"name\":\"MK Media & Pr\",\"url\":\"https:\/\/permbledhja.com\/\",\"logo\":{\"@type\":\"ImageObject\",\"inLanguage\":\"sq\",\"@id\":\"https:\/\/permbledhja.com\/#\/schema\/logo\/image\/\",\"url\":\"https:\/\/permbledhja.com\/wp-content\/uploads\/2021\/12\/07-Press-Logo.jpg\",\"contentUrl\":\"https:\/\/permbledhja.com\/wp-content\/uploads\/2021\/12\/07-Press-Logo.jpg\",\"width\":512,\"height\":512,\"caption\":\"MK Media & Pr\"},\"image\":{\"@id\":\"https:\/\/permbledhja.com\/#\/schema\/logo\/image\/\"},\"sameAs\":[\"https:\/\/www.facebook.com\/press07\/\"]},{\"@type\":\"Person\",\"@id\":\"https:\/\/permbledhja.com\/#\/schema\/person\/0d064377258d3221e50693947b9eb4fe\",\"name\":\"P\u00ebrmbledhja\",\"image\":{\"@type\":\"ImageObject\",\"inLanguage\":\"sq\",\"@id\":\"https:\/\/permbledhja.com\/#\/schema\/person\/image\/\",\"url\":\"https:\/\/permbledhja.com\/wp-content\/uploads\/2026\/01\/452004717_1040944174702970_8932037511805513407_n-96x96.jpg\",\"contentUrl\":\"https:\/\/permbledhja.com\/wp-content\/uploads\/2026\/01\/452004717_1040944174702970_8932037511805513407_n-96x96.jpg\",\"caption\":\"P\u00ebrmbledhja\"},\"sameAs\":[\"https:\/\/www.facebook.com\/kafexhiu.muharrem\/\",\"https:\/\/www.instagram.com\/muharrem_kafexhiu\/\"],\"url\":\"https:\/\/permbledhja.com\/sq\/author\/admin\/\"}]}<\/script>\n<!-- \/ Yoast SEO plugin. -->","yoast_head_json":{"title":"Edita Tahiri: Pse nuk po publikohet teksti i marr\u00ebveshjes q\u00eb e arriti Kurti?","robots":{"index":"index","follow":"follow","max-snippet":"max-snippet:-1","max-image-preview":"max-image-preview:large","max-video-preview":"max-video-preview:-1"},"canonical":"https:\/\/permbledhja.com\/sq\/edita-tahiri-pse-nuk-po-publikohet-teksti-i-marreveshjes-qe-e-arriti-kurti\/","og_locale":"sq_AL","og_type":"article","og_title":"Edita Tahiri: Pse nuk po publikohet teksti i marr\u00ebveshjes q\u00eb e arriti Kurti?","og_description":"Kosova dhe Serbia jan\u00eb marr\u00eb vesh lidhur me pranimin e dokumenteve identifikuese t\u00eb nj\u00ebra \u2013 tjetr\u00ebs. Ish-kryenegociatorja Edita Tahiri, e cila kishte n\u00ebnshkruar marr\u00ebveshje p\u00ebr k\u00ebt\u00eb \u00e7\u00ebshtje n\u00eb vitin 2011, ka nj\u00eb pyetje. Edita Tahiri \u00ebsht\u00eb p\u00ebrmendur shum\u00eb k\u00ebto dit\u00eb, pasi Kryeministri Albin Kurti, me nd\u00ebrmjet\u00ebsimin e BE-s\u00eb dhe SHBA-s\u00eb, u mor vesh me Presidentin [&hellip;]","og_url":"https:\/\/permbledhja.com\/sq\/edita-tahiri-pse-nuk-po-publikohet-teksti-i-marreveshjes-qe-e-arriti-kurti\/","og_site_name":"Ve\u00e7 artikuj p\u00ebrmbledh\u00ebs","article_publisher":"https:\/\/www.facebook.com\/press07\/","article_author":"https:\/\/www.facebook.com\/kafexhiu.muharrem\/","article_published_time":"2022-08-29T10:03:28+00:00","og_image":[{"width":600,"height":360,"url":"https:\/\/permbledhja.com\/wp-content\/uploads\/2022\/08\/Edita-Tahiri-600x360-1.jpg","type":"image\/jpeg"}],"author":"P\u00ebrmbledhja","twitter_card":"summary_large_image","twitter_misc":{"Written by":"P\u00ebrmbledhja","Est. reading time":"2 minuta"},"schema":{"@context":"https:\/\/schema.org","@graph":[{"@type":"Article","@id":"https:\/\/permbledhja.com\/edita-tahiri-pse-nuk-po-publikohet-teksti-i-marreveshjes-qe-e-arriti-kurti\/#article","isPartOf":{"@id":"https:\/\/permbledhja.com\/edita-tahiri-pse-nuk-po-publikohet-teksti-i-marreveshjes-qe-e-arriti-kurti\/"},"author":{"name":"P\u00ebrmbledhja","@id":"https:\/\/permbledhja.com\/#\/schema\/person\/0d064377258d3221e50693947b9eb4fe"},"headline":"Edita Tahiri: Pse nuk po publikohet teksti i marr\u00ebveshjes q\u00eb e arriti Kurti?","datePublished":"2022-08-29T10:03:28+00:00","dateModified":"2022-08-29T10:03:28+00:00","mainEntityOfPage":{"@id":"https:\/\/permbledhja.com\/edita-tahiri-pse-nuk-po-publikohet-teksti-i-marreveshjes-qe-e-arriti-kurti\/"},"wordCount":327,"publisher":{"@id":"https:\/\/permbledhja.com\/#organization"},"keywords":["Edita Tahiri"],"articleSection":["Ballina"],"inLanguage":"sq"},{"@type":"WebPage","@id":"https:\/\/permbledhja.com\/edita-tahiri-pse-nuk-po-publikohet-teksti-i-marreveshjes-qe-e-arriti-kurti\/","url":"https:\/\/permbledhja.com\/edita-tahiri-pse-nuk-po-publikohet-teksti-i-marreveshjes-qe-e-arriti-kurti\/","name":"Edita Tahiri: Pse nuk po publikohet teksti i marr\u00ebveshjes q\u00eb e arriti Kurti?","isPartOf":{"@id":"https:\/\/permbledhja.com\/#website"},"datePublished":"2022-08-29T10:03:28+00:00","dateModified":"2022-08-29T10:03:28+00:00","breadcrumb":{"@id":"https:\/\/permbledhja.com\/edita-tahiri-pse-nuk-po-publikohet-teksti-i-marreveshjes-qe-e-arriti-kurti\/#breadcrumb"},"inLanguage":"sq","potentialAction":[{"@type":"ReadAction","target":["https:\/\/permbledhja.com\/edita-tahiri-pse-nuk-po-publikohet-teksti-i-marreveshjes-qe-e-arriti-kurti\/"]}]},{"@type":"BreadcrumbList","@id":"https:\/\/permbledhja.com\/edita-tahiri-pse-nuk-po-publikohet-teksti-i-marreveshjes-qe-e-arriti-kurti\/#breadcrumb","itemListElement":[{"@type":"ListItem","position":1,"name":"Ballina","item":"https:\/\/permbledhja.com\/sq\/"},{"@type":"ListItem","position":2,"name":"Edita Tahiri: Pse nuk po publikohet teksti i marr\u00ebveshjes q\u00eb e arriti Kurti?"}]},{"@type":"WebSite","@id":"https:\/\/permbledhja.com\/#website","url":"https:\/\/permbledhja.com\/","name":"Ve\u00e7 artikuj p\u00ebrmbledh\u00ebs","description":"","publisher":{"@id":"https:\/\/permbledhja.com\/#organization"},"potentialAction":[{"@type":"SearchAction","target":{"@type":"EntryPoint","urlTemplate":"https:\/\/permbledhja.com\/?s={search_term_string}"},"query-input":"required name=search_term_string"}],"inLanguage":"sq"},{"@type":"Organization","@id":"https:\/\/permbledhja.com\/#organization","name":"MK Media & Pr","url":"https:\/\/permbledhja.com\/","logo":{"@type":"ImageObject","inLanguage":"sq","@id":"https:\/\/permbledhja.com\/#\/schema\/logo\/image\/","url":"https:\/\/permbledhja.com\/wp-content\/uploads\/2021\/12\/07-Press-Logo.jpg","contentUrl":"https:\/\/permbledhja.com\/wp-content\/uploads\/2021\/12\/07-Press-Logo.jpg","width":512,"height":512,"caption":"MK Media & Pr"},"image":{"@id":"https:\/\/permbledhja.com\/#\/schema\/logo\/image\/"},"sameAs":["https:\/\/www.facebook.com\/press07\/"]},{"@type":"Person","@id":"https:\/\/permbledhja.com\/#\/schema\/person\/0d064377258d3221e50693947b9eb4fe","name":"P\u00ebrmbledhja","image":{"@type":"ImageObject","inLanguage":"sq","@id":"https:\/\/permbledhja.com\/#\/schema\/person\/image\/","url":"https:\/\/permbledhja.com\/wp-content\/uploads\/2026\/01\/452004717_1040944174702970_8932037511805513407_n-96x96.jpg","contentUrl":"https:\/\/permbledhja.com\/wp-content\/uploads\/2026\/01\/452004717_1040944174702970_8932037511805513407_n-96x96.jpg","caption":"P\u00ebrmbledhja"},"sameAs":["https:\/\/www.facebook.com\/kafexhiu.muharrem\/","https:\/\/www.instagram.com\/muharrem_kafexhiu\/"],"url":"https:\/\/permbledhja.com\/sq\/author\/admin\/"}]}},"_links":{"self":[{"href":"https:\/\/permbledhja.com\/sq\/wp-json\/wp\/v2\/posts\/4727"}],"collection":[{"href":"https:\/\/permbledhja.com\/sq\/wp-json\/wp\/v2\/posts"}],"about":[{"href":"https:\/\/permbledhja.com\/sq\/wp-json\/wp\/v2\/types\/post"}],"author":[{"embeddable":true,"href":"https:\/\/permbledhja.com\/sq\/wp-json\/wp\/v2\/users\/1"}],"replies":[{"embeddable":true,"href":"https:\/\/permbledhja.com\/sq\/wp-json\/wp\/v2\/comments?post=4727"}],"version-history":[{"count":1,"href":"https:\/\/permbledhja.com\/sq\/wp-json\/wp\/v2\/posts\/4727\/revisions"}],"predecessor-version":[{"id":4729,"href":"https:\/\/permbledhja.com\/sq\/wp-json\/wp\/v2\/posts\/4727\/revisions\/4729"}],"wp:featuredmedia":[{"embeddable":true,"href":"https:\/\/permbledhja.com\/sq\/wp-json\/wp\/v2\/media\/4728"}],"wp:attachment":[{"href":"https:\/\/permbledhja.com\/sq\/wp-json\/wp\/v2\/media?parent=4727"}],"wp:term":[{"taxonomy":"category","embeddable":true,"href":"https:\/\/permbledhja.com\/sq\/wp-json\/wp\/v2\/categories?post=4727"},{"taxonomy":"post_tag","embeddable":true,"href":"https:\/\/permbledhja.com\/sq\/wp-json\/wp\/v2\/tags?post=4727"}],"curies":[{"name":"wp","href":"https:\/\/api.w.org\/{rel}","templated":true}]}}