{"id":4724,"date":"2022-08-29T09:48:17","date_gmt":"2022-08-29T09:48:17","guid":{"rendered":"https:\/\/permbledhja.com\/?p=4724"},"modified":"2022-08-29T09:48:17","modified_gmt":"2022-08-29T09:48:17","slug":"teatri-kombetar-i-kosoves-dy-muaj-pa-shfaqje-teatrale-shkak-restaurimi-i-objektit","status":"publish","type":"post","link":"https:\/\/permbledhja.com\/sq\/teatri-kombetar-i-kosoves-dy-muaj-pa-shfaqje-teatrale-shkak-restaurimi-i-objektit\/","title":{"rendered":"\u200bTeatri Komb\u00ebtar i Kosov\u00ebs dy muaj pa shfaqje teatrale, shkak restaurimi i objektit"},"content":{"rendered":"<p><strong>Me vendim t\u00eb Ministris\u00eb s\u00eb Kultur\u00ebs, Rinis\u00eb dhe Sportit, Teatri Komb\u00ebtar i Kosov\u00ebs q\u00eb nga data 1 korrik ka mbyllur dyert p\u00ebr publikun p\u00ebr shkak t\u00eb renovimit t\u00eb objektit.<\/strong><\/p>\n<p>Me nj\u00eb audienc\u00eb prej 1500 personave p\u00ebr shfaqje teatrale, objekti i Teatrit Komb\u00ebtar s\u00eb shpejti do t\u00eb ket\u00eb nj\u00eb renovim t\u00eb t\u00ebr\u00ebsish\u00ebm.<\/p>\n<p>Kushtrim Sheremeti, drejtor i k\u00ebtij institucioni kulturor, thot\u00eb p\u00ebr KosovaPress se renovimi ka qen\u00eb i domosdosh\u00ebm pasi nj\u00eb renovim t\u00eb till\u00eb teatri nuk e ka pasur q\u00eb nga koha e themelimit t\u00eb tij.<\/p>\n<p>Ai thot\u00eb se p\u00ebrkund\u00ebr shfaqjeve q\u00eb kan\u00eb pasur n\u00eb Teatrin Komb\u00ebtar, tash gjat\u00eb koh\u00ebs s\u00eb renovimit t\u00eb objektit kan\u00eb dy hap\u00ebsira t\u00eb cilat do t\u2019i shfryt\u00ebzojn\u00eb deri n\u00eb p\u00ebrfundimin e punimeve.<\/p>\n<p><em>\u201cTeatri Komb\u00ebtar i Kosov\u00ebs ka gati p\u00ebr \u00e7do nat\u00eb shfaqje n\u00eb sken\u00ebn e madhe dhe sken\u00ebn e vog\u00ebl. Tash n\u00eb situat\u00eb ku nuk e dim\u00eb si do ta menaxhojm\u00eb p\u00ebr shkak se i kemi dy hap\u00ebsira, me t\u00eb cilat po mundohemi ta vazhdojm\u00eb pun\u00ebn ton\u00eb derisa t\u00eb kryhet renovimi i teatrit. Nj\u00ebra prej tyre \u00ebsht\u00eb amfiteatri i Pallatit t\u00eb Rinis\u00eb, t\u00eb cilin presim ta adaptojm\u00eb dhe ta shfryt\u00ebzojm\u00eb p\u00ebr sken\u00ebn e vog\u00ebl. N\u00eb an\u00ebn tjet\u00ebr, kemi marr\u00eb premtime edhe nga Komuna e Prishtin\u00ebs q\u00eb do t\u00eb mund ta p\u00ebrdorim edhe ish-objektin e kinemas\u00eb \u201cRinia\u201d p\u00ebr nevojat e Teatrit Komb\u00ebtar t\u00eb Kosov\u00ebs, p\u00ebrkat\u00ebsisht q\u00eb aty ta zhvendosim sken\u00ebn e madhe deri n\u00eb renovimin e t\u00ebr\u00ebsish\u00ebm. K\u00ebshtu q\u00eb nuk e di se kur do t\u00eb fillojm\u00eb me reportuare. Nga tetori do t\u00eb mundohemi t\u00eb kemi reportuaret tona t\u00eb rregullta dhe prodhimin e shfaqjeve t\u00eb reja\u201d,<\/em> thot\u00eb ai.<\/p>\n<p>Sheremeti thot\u00eb se restaurimi i objektit t\u00eb teatrit \u00ebsht\u00eb shum\u00eb i r\u00ebnd\u00ebsish\u00ebm, jo vet\u00ebm p\u00ebr komunitetin artistik, por edhe p\u00ebr publikun kosovar.<\/p>\n<p>\u201cPo, renovimi i teatrit ka qen\u00eb i domosdosh\u00ebm dhe shum\u00eb i r\u00ebnd\u00ebsish\u00ebm. Ne shpresojm\u00eb t\u00eb jemi t\u00eb lumtur kur t\u00eb eliminohen t\u00eb gjitha problemet q\u00eb kan\u00eb qen\u00eb t\u00eb natyr\u00ebs teknike, sanitare, dhe mezi presim t\u00eb kthehemi n\u00eb k\u00ebt\u00eb objekt dhe t\u00eb vazhdojm\u00eb pun\u00ebn\u201d, tha ai.<\/p>\n<p>Sheremeti flet edhe p\u00ebr bashk\u00ebpunimin q\u00eb ka Teatri Komb\u00ebtar i Kosov\u00ebs me teatrot e rajonit.<\/p>\n<p><em>\u201cNe kemi nj\u00eb bashk\u00ebpunim shum\u00eb t\u00eb mir\u00eb sidomos me Teatrin Komb\u00ebtar t\u00eb Tiran\u00ebs dhe at\u00eb t\u00eb Shkupit, p\u00ebr shkak q\u00eb \u00ebsht\u00eb e natyrshme q\u00eb t\u00eb kemi bashk\u00ebpunim edhe q\u00eb e kemi edhe t\u00eb nj\u00ebjt\u00ebn gjuh\u00eb q\u00eb flasim n\u00eb teat\u00ebr. Gjuha \u00ebsht\u00eb faktor shum\u00eb i r\u00ebnd\u00ebsish\u00ebm brenda teatrit, por e kemi edhe audienc\u00ebn af\u00ebrsisht t\u00eb nj\u00ebjt\u00eb q\u00eb mund t\u00eb qarkulloj\u00eb n\u00eb k\u00ebto teatro. P\u00ebrndryshe, Teatri Komb\u00ebtar i Kosov\u00ebs para tre muajve \u00ebsht\u00eb an\u00ebtar\u00ebsuar n\u00eb Konvent\u00ebn teatrore evropiane e q\u00eb \u00ebsht\u00eb nj\u00eb platform\u00eb m\u00eb e madhe evropiane\u201d<\/em>, thot\u00eb ai.<\/p>\n<p>Pavar\u00ebsisht munges\u00ebs s\u00eb shfaqjeve teatrale, p\u00ebr publikun nuk kan\u00eb munguar aktivitetet kulturore t\u00eb ndryshme gjat\u00eb k\u00ebsaj sezone.<\/p>\n<p>Sa i p\u00ebrket ndarjes s\u00eb buxhetit p\u00ebr renovimin e objektit t\u00eb Teatrit Komb\u00ebtar, KosovaPress ka tentuar t\u00eb merr p\u00ebrgjigje nga Ministria e Kultur\u00ebs, Rinis\u00eb dhe Sportit, por kjo e fundit nuk ka kthyer p\u00ebrgjigje.<\/p>\n","protected":false},"excerpt":{"rendered":"<p>Me vendim t\u00eb Ministris\u00eb s\u00eb Kultur\u00ebs, Rinis\u00eb dhe Sportit, Teatri Komb\u00ebtar i Kosov\u00ebs q\u00eb nga data 1 korrik ka mbyllur dyert p\u00ebr publikun p\u00ebr shkak t\u00eb renovimit t\u00eb objektit. Me nj\u00eb audienc\u00eb prej 1500 personave p\u00ebr shfaqje teatrale, objekti i Teatrit Komb\u00ebtar s\u00eb shpejti do t\u00eb ket\u00eb nj\u00eb renovim t\u00eb t\u00ebr\u00ebsish\u00ebm. Kushtrim Sheremeti, drejtor i [&hellip;]<\/p>\n","protected":false},"author":1,"featured_media":4725,"comment_status":"closed","ping_status":"closed","sticky":false,"template":"","format":"standard","meta":{"_monsterinsights_skip_tracking":false,"_monsterinsights_sitenote_active":false,"_monsterinsights_sitenote_note":"","_monsterinsights_sitenote_category":0,"_uf_show_specific_survey":0,"_uf_disable_surveys":false,"footnotes":""},"categories":[22],"tags":[851],"yoast_head":"<!-- This site is optimized with the Yoast SEO plugin v21.5 - https:\/\/yoast.com\/wordpress\/plugins\/seo\/ -->\n<title>\u200bTeatri Komb\u00ebtar i Kosov\u00ebs dy muaj pa shfaqje teatrale, shkak restaurimi i objektit<\/title>\n<meta name=\"robots\" content=\"index, follow, max-snippet:-1, max-image-preview:large, max-video-preview:-1\" \/>\n<link rel=\"canonical\" href=\"https:\/\/permbledhja.com\/sq\/teatri-kombetar-i-kosoves-dy-muaj-pa-shfaqje-teatrale-shkak-restaurimi-i-objektit\/\" \/>\n<meta property=\"og:locale\" content=\"sq_AL\" \/>\n<meta property=\"og:type\" content=\"article\" \/>\n<meta property=\"og:title\" content=\"\u200bTeatri Komb\u00ebtar i Kosov\u00ebs dy muaj pa shfaqje teatrale, shkak restaurimi i objektit\" \/>\n<meta property=\"og:description\" content=\"Me vendim t\u00eb Ministris\u00eb s\u00eb Kultur\u00ebs, Rinis\u00eb dhe Sportit, Teatri Komb\u00ebtar i Kosov\u00ebs q\u00eb nga data 1 korrik ka mbyllur dyert p\u00ebr publikun p\u00ebr shkak t\u00eb renovimit t\u00eb objektit. Me nj\u00eb audienc\u00eb prej 1500 personave p\u00ebr shfaqje teatrale, objekti i Teatrit Komb\u00ebtar s\u00eb shpejti do t\u00eb ket\u00eb nj\u00eb renovim t\u00eb t\u00ebr\u00ebsish\u00ebm. Kushtrim Sheremeti, drejtor i [&hellip;]\" \/>\n<meta property=\"og:url\" content=\"https:\/\/permbledhja.com\/sq\/teatri-kombetar-i-kosoves-dy-muaj-pa-shfaqje-teatrale-shkak-restaurimi-i-objektit\/\" \/>\n<meta property=\"og:site_name\" content=\"Ve\u00e7 artikuj p\u00ebrmbledh\u00ebs\" \/>\n<meta property=\"article:publisher\" content=\"https:\/\/www.facebook.com\/press07\/\" \/>\n<meta property=\"article:author\" content=\"https:\/\/www.facebook.com\/kafexhiu.muharrem\/\" \/>\n<meta property=\"article:published_time\" content=\"2022-08-29T09:48:17+00:00\" \/>\n<meta property=\"og:image\" content=\"https:\/\/permbledhja.com\/wp-content\/uploads\/2022\/08\/Foto-D.S-5-scaled-1.jpg\" \/>\n\t<meta property=\"og:image:width\" content=\"2560\" \/>\n\t<meta property=\"og:image:height\" content=\"1709\" \/>\n\t<meta property=\"og:image:type\" content=\"image\/jpeg\" \/>\n<meta name=\"author\" content=\"P\u00ebrmbledhja\" \/>\n<meta name=\"twitter:card\" content=\"summary_large_image\" \/>\n<meta name=\"twitter:label1\" content=\"Written by\" \/>\n\t<meta name=\"twitter:data1\" content=\"P\u00ebrmbledhja\" \/>\n\t<meta name=\"twitter:label2\" content=\"Est. reading time\" \/>\n\t<meta name=\"twitter:data2\" content=\"3 minuta\" \/>\n<script type=\"application\/ld+json\" class=\"yoast-schema-graph\">{\"@context\":\"https:\/\/schema.org\",\"@graph\":[{\"@type\":\"Article\",\"@id\":\"https:\/\/permbledhja.com\/teatri-kombetar-i-kosoves-dy-muaj-pa-shfaqje-teatrale-shkak-restaurimi-i-objektit\/#article\",\"isPartOf\":{\"@id\":\"https:\/\/permbledhja.com\/teatri-kombetar-i-kosoves-dy-muaj-pa-shfaqje-teatrale-shkak-restaurimi-i-objektit\/\"},\"author\":{\"name\":\"P\u00ebrmbledhja\",\"@id\":\"https:\/\/permbledhja.com\/#\/schema\/person\/0d064377258d3221e50693947b9eb4fe\"},\"headline\":\"\u200bTeatri Komb\u00ebtar i Kosov\u00ebs dy muaj pa shfaqje teatrale, shkak restaurimi i objektit\",\"datePublished\":\"2022-08-29T09:48:17+00:00\",\"dateModified\":\"2022-08-29T09:48:17+00:00\",\"mainEntityOfPage\":{\"@id\":\"https:\/\/permbledhja.com\/teatri-kombetar-i-kosoves-dy-muaj-pa-shfaqje-teatrale-shkak-restaurimi-i-objektit\/\"},\"wordCount\":590,\"publisher\":{\"@id\":\"https:\/\/permbledhja.com\/#organization\"},\"keywords\":[\"Teatri Komb\u00ebtar\"],\"articleSection\":[\"Ballina\"],\"inLanguage\":\"sq\"},{\"@type\":\"WebPage\",\"@id\":\"https:\/\/permbledhja.com\/teatri-kombetar-i-kosoves-dy-muaj-pa-shfaqje-teatrale-shkak-restaurimi-i-objektit\/\",\"url\":\"https:\/\/permbledhja.com\/teatri-kombetar-i-kosoves-dy-muaj-pa-shfaqje-teatrale-shkak-restaurimi-i-objektit\/\",\"name\":\"\u200bTeatri Komb\u00ebtar i Kosov\u00ebs dy muaj pa shfaqje teatrale, shkak restaurimi i objektit\",\"isPartOf\":{\"@id\":\"https:\/\/permbledhja.com\/#website\"},\"datePublished\":\"2022-08-29T09:48:17+00:00\",\"dateModified\":\"2022-08-29T09:48:17+00:00\",\"breadcrumb\":{\"@id\":\"https:\/\/permbledhja.com\/teatri-kombetar-i-kosoves-dy-muaj-pa-shfaqje-teatrale-shkak-restaurimi-i-objektit\/#breadcrumb\"},\"inLanguage\":\"sq\",\"potentialAction\":[{\"@type\":\"ReadAction\",\"target\":[\"https:\/\/permbledhja.com\/teatri-kombetar-i-kosoves-dy-muaj-pa-shfaqje-teatrale-shkak-restaurimi-i-objektit\/\"]}]},{\"@type\":\"BreadcrumbList\",\"@id\":\"https:\/\/permbledhja.com\/teatri-kombetar-i-kosoves-dy-muaj-pa-shfaqje-teatrale-shkak-restaurimi-i-objektit\/#breadcrumb\",\"itemListElement\":[{\"@type\":\"ListItem\",\"position\":1,\"name\":\"Ballina\",\"item\":\"https:\/\/permbledhja.com\/sq\/\"},{\"@type\":\"ListItem\",\"position\":2,\"name\":\"\u200bTeatri Komb\u00ebtar i Kosov\u00ebs dy muaj pa shfaqje teatrale, shkak restaurimi i objektit\"}]},{\"@type\":\"WebSite\",\"@id\":\"https:\/\/permbledhja.com\/#website\",\"url\":\"https:\/\/permbledhja.com\/\",\"name\":\"Ve\u00e7 artikuj p\u00ebrmbledh\u00ebs\",\"description\":\"\",\"publisher\":{\"@id\":\"https:\/\/permbledhja.com\/#organization\"},\"potentialAction\":[{\"@type\":\"SearchAction\",\"target\":{\"@type\":\"EntryPoint\",\"urlTemplate\":\"https:\/\/permbledhja.com\/?s={search_term_string}\"},\"query-input\":\"required name=search_term_string\"}],\"inLanguage\":\"sq\"},{\"@type\":\"Organization\",\"@id\":\"https:\/\/permbledhja.com\/#organization\",\"name\":\"MK Media & Pr\",\"url\":\"https:\/\/permbledhja.com\/\",\"logo\":{\"@type\":\"ImageObject\",\"inLanguage\":\"sq\",\"@id\":\"https:\/\/permbledhja.com\/#\/schema\/logo\/image\/\",\"url\":\"https:\/\/permbledhja.com\/wp-content\/uploads\/2021\/12\/07-Press-Logo.jpg\",\"contentUrl\":\"https:\/\/permbledhja.com\/wp-content\/uploads\/2021\/12\/07-Press-Logo.jpg\",\"width\":512,\"height\":512,\"caption\":\"MK Media & Pr\"},\"image\":{\"@id\":\"https:\/\/permbledhja.com\/#\/schema\/logo\/image\/\"},\"sameAs\":[\"https:\/\/www.facebook.com\/press07\/\"]},{\"@type\":\"Person\",\"@id\":\"https:\/\/permbledhja.com\/#\/schema\/person\/0d064377258d3221e50693947b9eb4fe\",\"name\":\"P\u00ebrmbledhja\",\"image\":{\"@type\":\"ImageObject\",\"inLanguage\":\"sq\",\"@id\":\"https:\/\/permbledhja.com\/#\/schema\/person\/image\/\",\"url\":\"https:\/\/permbledhja.com\/wp-content\/uploads\/2026\/01\/452004717_1040944174702970_8932037511805513407_n-96x96.jpg\",\"contentUrl\":\"https:\/\/permbledhja.com\/wp-content\/uploads\/2026\/01\/452004717_1040944174702970_8932037511805513407_n-96x96.jpg\",\"caption\":\"P\u00ebrmbledhja\"},\"sameAs\":[\"https:\/\/www.facebook.com\/kafexhiu.muharrem\/\",\"https:\/\/www.instagram.com\/muharrem_kafexhiu\/\"],\"url\":\"https:\/\/permbledhja.com\/sq\/author\/admin\/\"}]}<\/script>\n<!-- \/ Yoast SEO plugin. -->","yoast_head_json":{"title":"\u200bTeatri Komb\u00ebtar i Kosov\u00ebs dy muaj pa shfaqje teatrale, shkak restaurimi i objektit","robots":{"index":"index","follow":"follow","max-snippet":"max-snippet:-1","max-image-preview":"max-image-preview:large","max-video-preview":"max-video-preview:-1"},"canonical":"https:\/\/permbledhja.com\/sq\/teatri-kombetar-i-kosoves-dy-muaj-pa-shfaqje-teatrale-shkak-restaurimi-i-objektit\/","og_locale":"sq_AL","og_type":"article","og_title":"\u200bTeatri Komb\u00ebtar i Kosov\u00ebs dy muaj pa shfaqje teatrale, shkak restaurimi i objektit","og_description":"Me vendim t\u00eb Ministris\u00eb s\u00eb Kultur\u00ebs, Rinis\u00eb dhe Sportit, Teatri Komb\u00ebtar i Kosov\u00ebs q\u00eb nga data 1 korrik ka mbyllur dyert p\u00ebr publikun p\u00ebr shkak t\u00eb renovimit t\u00eb objektit. Me nj\u00eb audienc\u00eb prej 1500 personave p\u00ebr shfaqje teatrale, objekti i Teatrit Komb\u00ebtar s\u00eb shpejti do t\u00eb ket\u00eb nj\u00eb renovim t\u00eb t\u00ebr\u00ebsish\u00ebm. Kushtrim Sheremeti, drejtor i [&hellip;]","og_url":"https:\/\/permbledhja.com\/sq\/teatri-kombetar-i-kosoves-dy-muaj-pa-shfaqje-teatrale-shkak-restaurimi-i-objektit\/","og_site_name":"Ve\u00e7 artikuj p\u00ebrmbledh\u00ebs","article_publisher":"https:\/\/www.facebook.com\/press07\/","article_author":"https:\/\/www.facebook.com\/kafexhiu.muharrem\/","article_published_time":"2022-08-29T09:48:17+00:00","og_image":[{"width":2560,"height":1709,"url":"https:\/\/permbledhja.com\/wp-content\/uploads\/2022\/08\/Foto-D.S-5-scaled-1.jpg","type":"image\/jpeg"}],"author":"P\u00ebrmbledhja","twitter_card":"summary_large_image","twitter_misc":{"Written by":"P\u00ebrmbledhja","Est. reading time":"3 minuta"},"schema":{"@context":"https:\/\/schema.org","@graph":[{"@type":"Article","@id":"https:\/\/permbledhja.com\/teatri-kombetar-i-kosoves-dy-muaj-pa-shfaqje-teatrale-shkak-restaurimi-i-objektit\/#article","isPartOf":{"@id":"https:\/\/permbledhja.com\/teatri-kombetar-i-kosoves-dy-muaj-pa-shfaqje-teatrale-shkak-restaurimi-i-objektit\/"},"author":{"name":"P\u00ebrmbledhja","@id":"https:\/\/permbledhja.com\/#\/schema\/person\/0d064377258d3221e50693947b9eb4fe"},"headline":"\u200bTeatri Komb\u00ebtar i Kosov\u00ebs dy muaj pa shfaqje teatrale, shkak restaurimi i objektit","datePublished":"2022-08-29T09:48:17+00:00","dateModified":"2022-08-29T09:48:17+00:00","mainEntityOfPage":{"@id":"https:\/\/permbledhja.com\/teatri-kombetar-i-kosoves-dy-muaj-pa-shfaqje-teatrale-shkak-restaurimi-i-objektit\/"},"wordCount":590,"publisher":{"@id":"https:\/\/permbledhja.com\/#organization"},"keywords":["Teatri Komb\u00ebtar"],"articleSection":["Ballina"],"inLanguage":"sq"},{"@type":"WebPage","@id":"https:\/\/permbledhja.com\/teatri-kombetar-i-kosoves-dy-muaj-pa-shfaqje-teatrale-shkak-restaurimi-i-objektit\/","url":"https:\/\/permbledhja.com\/teatri-kombetar-i-kosoves-dy-muaj-pa-shfaqje-teatrale-shkak-restaurimi-i-objektit\/","name":"\u200bTeatri Komb\u00ebtar i Kosov\u00ebs dy muaj pa shfaqje teatrale, shkak restaurimi i objektit","isPartOf":{"@id":"https:\/\/permbledhja.com\/#website"},"datePublished":"2022-08-29T09:48:17+00:00","dateModified":"2022-08-29T09:48:17+00:00","breadcrumb":{"@id":"https:\/\/permbledhja.com\/teatri-kombetar-i-kosoves-dy-muaj-pa-shfaqje-teatrale-shkak-restaurimi-i-objektit\/#breadcrumb"},"inLanguage":"sq","potentialAction":[{"@type":"ReadAction","target":["https:\/\/permbledhja.com\/teatri-kombetar-i-kosoves-dy-muaj-pa-shfaqje-teatrale-shkak-restaurimi-i-objektit\/"]}]},{"@type":"BreadcrumbList","@id":"https:\/\/permbledhja.com\/teatri-kombetar-i-kosoves-dy-muaj-pa-shfaqje-teatrale-shkak-restaurimi-i-objektit\/#breadcrumb","itemListElement":[{"@type":"ListItem","position":1,"name":"Ballina","item":"https:\/\/permbledhja.com\/sq\/"},{"@type":"ListItem","position":2,"name":"\u200bTeatri Komb\u00ebtar i Kosov\u00ebs dy muaj pa shfaqje teatrale, shkak restaurimi i objektit"}]},{"@type":"WebSite","@id":"https:\/\/permbledhja.com\/#website","url":"https:\/\/permbledhja.com\/","name":"Ve\u00e7 artikuj p\u00ebrmbledh\u00ebs","description":"","publisher":{"@id":"https:\/\/permbledhja.com\/#organization"},"potentialAction":[{"@type":"SearchAction","target":{"@type":"EntryPoint","urlTemplate":"https:\/\/permbledhja.com\/?s={search_term_string}"},"query-input":"required name=search_term_string"}],"inLanguage":"sq"},{"@type":"Organization","@id":"https:\/\/permbledhja.com\/#organization","name":"MK Media & Pr","url":"https:\/\/permbledhja.com\/","logo":{"@type":"ImageObject","inLanguage":"sq","@id":"https:\/\/permbledhja.com\/#\/schema\/logo\/image\/","url":"https:\/\/permbledhja.com\/wp-content\/uploads\/2021\/12\/07-Press-Logo.jpg","contentUrl":"https:\/\/permbledhja.com\/wp-content\/uploads\/2021\/12\/07-Press-Logo.jpg","width":512,"height":512,"caption":"MK Media & Pr"},"image":{"@id":"https:\/\/permbledhja.com\/#\/schema\/logo\/image\/"},"sameAs":["https:\/\/www.facebook.com\/press07\/"]},{"@type":"Person","@id":"https:\/\/permbledhja.com\/#\/schema\/person\/0d064377258d3221e50693947b9eb4fe","name":"P\u00ebrmbledhja","image":{"@type":"ImageObject","inLanguage":"sq","@id":"https:\/\/permbledhja.com\/#\/schema\/person\/image\/","url":"https:\/\/permbledhja.com\/wp-content\/uploads\/2026\/01\/452004717_1040944174702970_8932037511805513407_n-96x96.jpg","contentUrl":"https:\/\/permbledhja.com\/wp-content\/uploads\/2026\/01\/452004717_1040944174702970_8932037511805513407_n-96x96.jpg","caption":"P\u00ebrmbledhja"},"sameAs":["https:\/\/www.facebook.com\/kafexhiu.muharrem\/","https:\/\/www.instagram.com\/muharrem_kafexhiu\/"],"url":"https:\/\/permbledhja.com\/sq\/author\/admin\/"}]}},"_links":{"self":[{"href":"https:\/\/permbledhja.com\/sq\/wp-json\/wp\/v2\/posts\/4724"}],"collection":[{"href":"https:\/\/permbledhja.com\/sq\/wp-json\/wp\/v2\/posts"}],"about":[{"href":"https:\/\/permbledhja.com\/sq\/wp-json\/wp\/v2\/types\/post"}],"author":[{"embeddable":true,"href":"https:\/\/permbledhja.com\/sq\/wp-json\/wp\/v2\/users\/1"}],"replies":[{"embeddable":true,"href":"https:\/\/permbledhja.com\/sq\/wp-json\/wp\/v2\/comments?post=4724"}],"version-history":[{"count":1,"href":"https:\/\/permbledhja.com\/sq\/wp-json\/wp\/v2\/posts\/4724\/revisions"}],"predecessor-version":[{"id":4726,"href":"https:\/\/permbledhja.com\/sq\/wp-json\/wp\/v2\/posts\/4724\/revisions\/4726"}],"wp:featuredmedia":[{"embeddable":true,"href":"https:\/\/permbledhja.com\/sq\/wp-json\/wp\/v2\/media\/4725"}],"wp:attachment":[{"href":"https:\/\/permbledhja.com\/sq\/wp-json\/wp\/v2\/media?parent=4724"}],"wp:term":[{"taxonomy":"category","embeddable":true,"href":"https:\/\/permbledhja.com\/sq\/wp-json\/wp\/v2\/categories?post=4724"},{"taxonomy":"post_tag","embeddable":true,"href":"https:\/\/permbledhja.com\/sq\/wp-json\/wp\/v2\/tags?post=4724"}],"curies":[{"name":"wp","href":"https:\/\/api.w.org\/{rel}","templated":true}]}}