{"id":4719,"date":"2022-08-29T09:45:15","date_gmt":"2022-08-29T09:45:15","guid":{"rendered":"https:\/\/permbledhja.com\/?p=4719"},"modified":"2022-08-29T09:45:15","modified_gmt":"2022-08-29T09:45:15","slug":"u-rrahen-ne-magjistralen-prishtine-ferizaj-arrestohen-tre-persona","status":"publish","type":"post","link":"https:\/\/permbledhja.com\/sq\/u-rrahen-ne-magjistralen-prishtine-ferizaj-arrestohen-tre-persona\/","title":{"rendered":"U rrah\u00ebn n\u00eb magjistralen Prishtin\u00eb-Ferizaj, arrestohen tre persona"},"content":{"rendered":"<p><strong>Tre t\u00eb dyshuar meshkuj jan\u00eb arrestuar pas nj\u00eb mosmarr\u00ebveshje q\u00eb ka ndodhur n\u00eb magjistralen Prishtin\u00eb-Ferizaj.<\/strong><\/p>\n<p>Sipas raportit policor, raportohet se pas nj\u00eb mosmarr\u00ebveshje verbale, jan\u00eb rrahur n\u00eb mes vete tre t\u00eb dyshuar meshkuj kosovar.<\/p>\n<p>T\u00eb arrestuarit pas intervistimit, me vendim t\u00eb prokurorit jan\u00eb d\u00ebrguar n\u00eb mbajtje.<\/p>\n<p>https:\/\/permbledhja.com\/policia-jep-detaje-per-rastin-ne-leposaviq-zyrtari-policor-shtiu-me-arme-ndaj-dy-personave\/<\/p>\n<p><strong>Njoftimi i plot\u00eb:<\/strong><\/p>\n<p><em>Magjistrale, Prishtin\u00eb-Ferizaj 28.08.2022-03:30. Raportohet se pas nj\u00eb mosmarr\u00ebveshje verbale jan\u00eb rrahur n\u00eb mes vete tre t\u00eb dyshuar meshkuj kosovar\u00eb. Lidhur me rastin t\u00eb nj\u00ebjtit jan\u00eb arrestuar dhe pas intervistimit me vendim t\u00eb prokurorit jan\u00eb d\u00ebrguar n\u00eb mbajtje.<\/em><\/p>\n","protected":false},"excerpt":{"rendered":"<p>Tre t\u00eb dyshuar meshkuj jan\u00eb arrestuar pas nj\u00eb mosmarr\u00ebveshje q\u00eb ka ndodhur n\u00eb magjistralen Prishtin\u00eb-Ferizaj. Sipas raportit policor, raportohet se pas nj\u00eb mosmarr\u00ebveshje verbale, jan\u00eb rrahur n\u00eb mes vete tre t\u00eb dyshuar meshkuj kosovar. T\u00eb arrestuarit pas intervistimit, me vendim t\u00eb prokurorit jan\u00eb d\u00ebrguar n\u00eb mbajtje. https:\/\/permbledhja.com\/policia-jep-detaje-per-rastin-ne-leposaviq-zyrtari-policor-shtiu-me-arme-ndaj-dy-personave\/ Njoftimi i plot\u00eb: Magjistrale, Prishtin\u00eb-Ferizaj 28.08.2022-03:30. Raportohet se [&hellip;]<\/p>\n","protected":false},"author":1,"featured_media":4720,"comment_status":"closed","ping_status":"closed","sticky":false,"template":"","format":"standard","meta":{"_monsterinsights_skip_tracking":false,"_monsterinsights_sitenote_active":false,"_monsterinsights_sitenote_note":"","_monsterinsights_sitenote_category":0,"_uf_show_specific_survey":0,"_uf_disable_surveys":false,"footnotes":""},"categories":[23,15],"tags":[850],"yoast_head":"<!-- This site is optimized with the Yoast SEO plugin v21.5 - https:\/\/yoast.com\/wordpress\/plugins\/seo\/ -->\n<title>U rrah\u00ebn n\u00eb magjistralen Prishtin\u00eb-Ferizaj, arrestohen tre persona<\/title>\n<meta name=\"robots\" content=\"index, follow, max-snippet:-1, max-image-preview:large, max-video-preview:-1\" \/>\n<link rel=\"canonical\" href=\"https:\/\/permbledhja.com\/sq\/u-rrahen-ne-magjistralen-prishtine-ferizaj-arrestohen-tre-persona\/\" \/>\n<meta property=\"og:locale\" content=\"sq_AL\" \/>\n<meta property=\"og:type\" content=\"article\" \/>\n<meta property=\"og:title\" content=\"U rrah\u00ebn n\u00eb magjistralen Prishtin\u00eb-Ferizaj, arrestohen tre persona\" \/>\n<meta property=\"og:description\" content=\"Tre t\u00eb dyshuar meshkuj jan\u00eb arrestuar pas nj\u00eb mosmarr\u00ebveshje q\u00eb ka ndodhur n\u00eb magjistralen Prishtin\u00eb-Ferizaj. Sipas raportit policor, raportohet se pas nj\u00eb mosmarr\u00ebveshje verbale, jan\u00eb rrahur n\u00eb mes vete tre t\u00eb dyshuar meshkuj kosovar. T\u00eb arrestuarit pas intervistimit, me vendim t\u00eb prokurorit jan\u00eb d\u00ebrguar n\u00eb mbajtje. https:\/\/permbledhja.com\/policia-jep-detaje-per-rastin-ne-leposaviq-zyrtari-policor-shtiu-me-arme-ndaj-dy-personave\/ Njoftimi i plot\u00eb: Magjistrale, Prishtin\u00eb-Ferizaj 28.08.2022-03:30. Raportohet se [&hellip;]\" \/>\n<meta property=\"og:url\" content=\"https:\/\/permbledhja.com\/sq\/u-rrahen-ne-magjistralen-prishtine-ferizaj-arrestohen-tre-persona\/\" \/>\n<meta property=\"og:site_name\" content=\"Ve\u00e7 artikuj p\u00ebrmbledh\u00ebs\" \/>\n<meta property=\"article:publisher\" content=\"https:\/\/www.facebook.com\/press07\/\" \/>\n<meta property=\"article:author\" content=\"https:\/\/www.facebook.com\/kafexhiu.muharrem\/\" \/>\n<meta property=\"article:published_time\" content=\"2022-08-29T09:45:15+00:00\" \/>\n<meta property=\"og:image\" content=\"https:\/\/permbledhja.com\/wp-content\/uploads\/2022\/08\/arrestohet-2-1.jpg\" \/>\n\t<meta property=\"og:image:width\" content=\"902\" \/>\n\t<meta property=\"og:image:height\" content=\"600\" \/>\n\t<meta property=\"og:image:type\" content=\"image\/jpeg\" \/>\n<meta name=\"author\" content=\"P\u00ebrmbledhja\" \/>\n<meta name=\"twitter:card\" content=\"summary_large_image\" \/>\n<meta name=\"twitter:label1\" content=\"Written by\" \/>\n\t<meta name=\"twitter:data1\" content=\"P\u00ebrmbledhja\" \/>\n<script type=\"application\/ld+json\" class=\"yoast-schema-graph\">{\"@context\":\"https:\/\/schema.org\",\"@graph\":[{\"@type\":\"Article\",\"@id\":\"https:\/\/permbledhja.com\/u-rrahen-ne-magjistralen-prishtine-ferizaj-arrestohen-tre-persona\/#article\",\"isPartOf\":{\"@id\":\"https:\/\/permbledhja.com\/u-rrahen-ne-magjistralen-prishtine-ferizaj-arrestohen-tre-persona\/\"},\"author\":{\"name\":\"P\u00ebrmbledhja\",\"@id\":\"https:\/\/permbledhja.com\/#\/schema\/person\/0d064377258d3221e50693947b9eb4fe\"},\"headline\":\"U rrah\u00ebn n\u00eb magjistralen Prishtin\u00eb-Ferizaj, arrestohen tre persona\",\"datePublished\":\"2022-08-29T09:45:15+00:00\",\"dateModified\":\"2022-08-29T09:45:15+00:00\",\"mainEntityOfPage\":{\"@id\":\"https:\/\/permbledhja.com\/u-rrahen-ne-magjistralen-prishtine-ferizaj-arrestohen-tre-persona\/\"},\"wordCount\":108,\"publisher\":{\"@id\":\"https:\/\/permbledhja.com\/#organization\"},\"keywords\":[\"Magjistrale\"],\"articleSection\":[\"Komb\u00ebtare\",\"Lajme\"],\"inLanguage\":\"sq\"},{\"@type\":\"WebPage\",\"@id\":\"https:\/\/permbledhja.com\/u-rrahen-ne-magjistralen-prishtine-ferizaj-arrestohen-tre-persona\/\",\"url\":\"https:\/\/permbledhja.com\/u-rrahen-ne-magjistralen-prishtine-ferizaj-arrestohen-tre-persona\/\",\"name\":\"U rrah\u00ebn n\u00eb magjistralen Prishtin\u00eb-Ferizaj, arrestohen tre persona\",\"isPartOf\":{\"@id\":\"https:\/\/permbledhja.com\/#website\"},\"datePublished\":\"2022-08-29T09:45:15+00:00\",\"dateModified\":\"2022-08-29T09:45:15+00:00\",\"breadcrumb\":{\"@id\":\"https:\/\/permbledhja.com\/u-rrahen-ne-magjistralen-prishtine-ferizaj-arrestohen-tre-persona\/#breadcrumb\"},\"inLanguage\":\"sq\",\"potentialAction\":[{\"@type\":\"ReadAction\",\"target\":[\"https:\/\/permbledhja.com\/u-rrahen-ne-magjistralen-prishtine-ferizaj-arrestohen-tre-persona\/\"]}]},{\"@type\":\"BreadcrumbList\",\"@id\":\"https:\/\/permbledhja.com\/u-rrahen-ne-magjistralen-prishtine-ferizaj-arrestohen-tre-persona\/#breadcrumb\",\"itemListElement\":[{\"@type\":\"ListItem\",\"position\":1,\"name\":\"Ballina\",\"item\":\"https:\/\/permbledhja.com\/sq\/\"},{\"@type\":\"ListItem\",\"position\":2,\"name\":\"U rrah\u00ebn n\u00eb magjistralen Prishtin\u00eb-Ferizaj, arrestohen tre persona\"}]},{\"@type\":\"WebSite\",\"@id\":\"https:\/\/permbledhja.com\/#website\",\"url\":\"https:\/\/permbledhja.com\/\",\"name\":\"Ve\u00e7 artikuj p\u00ebrmbledh\u00ebs\",\"description\":\"\",\"publisher\":{\"@id\":\"https:\/\/permbledhja.com\/#organization\"},\"potentialAction\":[{\"@type\":\"SearchAction\",\"target\":{\"@type\":\"EntryPoint\",\"urlTemplate\":\"https:\/\/permbledhja.com\/?s={search_term_string}\"},\"query-input\":\"required name=search_term_string\"}],\"inLanguage\":\"sq\"},{\"@type\":\"Organization\",\"@id\":\"https:\/\/permbledhja.com\/#organization\",\"name\":\"MK Media & Pr\",\"url\":\"https:\/\/permbledhja.com\/\",\"logo\":{\"@type\":\"ImageObject\",\"inLanguage\":\"sq\",\"@id\":\"https:\/\/permbledhja.com\/#\/schema\/logo\/image\/\",\"url\":\"https:\/\/permbledhja.com\/wp-content\/uploads\/2021\/12\/07-Press-Logo.jpg\",\"contentUrl\":\"https:\/\/permbledhja.com\/wp-content\/uploads\/2021\/12\/07-Press-Logo.jpg\",\"width\":512,\"height\":512,\"caption\":\"MK Media & Pr\"},\"image\":{\"@id\":\"https:\/\/permbledhja.com\/#\/schema\/logo\/image\/\"},\"sameAs\":[\"https:\/\/www.facebook.com\/press07\/\"]},{\"@type\":\"Person\",\"@id\":\"https:\/\/permbledhja.com\/#\/schema\/person\/0d064377258d3221e50693947b9eb4fe\",\"name\":\"P\u00ebrmbledhja\",\"image\":{\"@type\":\"ImageObject\",\"inLanguage\":\"sq\",\"@id\":\"https:\/\/permbledhja.com\/#\/schema\/person\/image\/\",\"url\":\"https:\/\/permbledhja.com\/wp-content\/uploads\/2026\/01\/452004717_1040944174702970_8932037511805513407_n-96x96.jpg\",\"contentUrl\":\"https:\/\/permbledhja.com\/wp-content\/uploads\/2026\/01\/452004717_1040944174702970_8932037511805513407_n-96x96.jpg\",\"caption\":\"P\u00ebrmbledhja\"},\"sameAs\":[\"https:\/\/www.facebook.com\/kafexhiu.muharrem\/\",\"https:\/\/www.instagram.com\/muharrem_kafexhiu\/\"],\"url\":\"https:\/\/permbledhja.com\/sq\/author\/admin\/\"}]}<\/script>\n<!-- \/ Yoast SEO plugin. -->","yoast_head_json":{"title":"U rrah\u00ebn n\u00eb magjistralen Prishtin\u00eb-Ferizaj, arrestohen tre persona","robots":{"index":"index","follow":"follow","max-snippet":"max-snippet:-1","max-image-preview":"max-image-preview:large","max-video-preview":"max-video-preview:-1"},"canonical":"https:\/\/permbledhja.com\/sq\/u-rrahen-ne-magjistralen-prishtine-ferizaj-arrestohen-tre-persona\/","og_locale":"sq_AL","og_type":"article","og_title":"U rrah\u00ebn n\u00eb magjistralen Prishtin\u00eb-Ferizaj, arrestohen tre persona","og_description":"Tre t\u00eb dyshuar meshkuj jan\u00eb arrestuar pas nj\u00eb mosmarr\u00ebveshje q\u00eb ka ndodhur n\u00eb magjistralen Prishtin\u00eb-Ferizaj. Sipas raportit policor, raportohet se pas nj\u00eb mosmarr\u00ebveshje verbale, jan\u00eb rrahur n\u00eb mes vete tre t\u00eb dyshuar meshkuj kosovar. T\u00eb arrestuarit pas intervistimit, me vendim t\u00eb prokurorit jan\u00eb d\u00ebrguar n\u00eb mbajtje. https:\/\/permbledhja.com\/policia-jep-detaje-per-rastin-ne-leposaviq-zyrtari-policor-shtiu-me-arme-ndaj-dy-personave\/ Njoftimi i plot\u00eb: Magjistrale, Prishtin\u00eb-Ferizaj 28.08.2022-03:30. Raportohet se [&hellip;]","og_url":"https:\/\/permbledhja.com\/sq\/u-rrahen-ne-magjistralen-prishtine-ferizaj-arrestohen-tre-persona\/","og_site_name":"Ve\u00e7 artikuj p\u00ebrmbledh\u00ebs","article_publisher":"https:\/\/www.facebook.com\/press07\/","article_author":"https:\/\/www.facebook.com\/kafexhiu.muharrem\/","article_published_time":"2022-08-29T09:45:15+00:00","og_image":[{"width":902,"height":600,"url":"https:\/\/permbledhja.com\/wp-content\/uploads\/2022\/08\/arrestohet-2-1.jpg","type":"image\/jpeg"}],"author":"P\u00ebrmbledhja","twitter_card":"summary_large_image","twitter_misc":{"Written by":"P\u00ebrmbledhja"},"schema":{"@context":"https:\/\/schema.org","@graph":[{"@type":"Article","@id":"https:\/\/permbledhja.com\/u-rrahen-ne-magjistralen-prishtine-ferizaj-arrestohen-tre-persona\/#article","isPartOf":{"@id":"https:\/\/permbledhja.com\/u-rrahen-ne-magjistralen-prishtine-ferizaj-arrestohen-tre-persona\/"},"author":{"name":"P\u00ebrmbledhja","@id":"https:\/\/permbledhja.com\/#\/schema\/person\/0d064377258d3221e50693947b9eb4fe"},"headline":"U rrah\u00ebn n\u00eb magjistralen Prishtin\u00eb-Ferizaj, arrestohen tre persona","datePublished":"2022-08-29T09:45:15+00:00","dateModified":"2022-08-29T09:45:15+00:00","mainEntityOfPage":{"@id":"https:\/\/permbledhja.com\/u-rrahen-ne-magjistralen-prishtine-ferizaj-arrestohen-tre-persona\/"},"wordCount":108,"publisher":{"@id":"https:\/\/permbledhja.com\/#organization"},"keywords":["Magjistrale"],"articleSection":["Komb\u00ebtare","Lajme"],"inLanguage":"sq"},{"@type":"WebPage","@id":"https:\/\/permbledhja.com\/u-rrahen-ne-magjistralen-prishtine-ferizaj-arrestohen-tre-persona\/","url":"https:\/\/permbledhja.com\/u-rrahen-ne-magjistralen-prishtine-ferizaj-arrestohen-tre-persona\/","name":"U rrah\u00ebn n\u00eb magjistralen Prishtin\u00eb-Ferizaj, arrestohen tre persona","isPartOf":{"@id":"https:\/\/permbledhja.com\/#website"},"datePublished":"2022-08-29T09:45:15+00:00","dateModified":"2022-08-29T09:45:15+00:00","breadcrumb":{"@id":"https:\/\/permbledhja.com\/u-rrahen-ne-magjistralen-prishtine-ferizaj-arrestohen-tre-persona\/#breadcrumb"},"inLanguage":"sq","potentialAction":[{"@type":"ReadAction","target":["https:\/\/permbledhja.com\/u-rrahen-ne-magjistralen-prishtine-ferizaj-arrestohen-tre-persona\/"]}]},{"@type":"BreadcrumbList","@id":"https:\/\/permbledhja.com\/u-rrahen-ne-magjistralen-prishtine-ferizaj-arrestohen-tre-persona\/#breadcrumb","itemListElement":[{"@type":"ListItem","position":1,"name":"Ballina","item":"https:\/\/permbledhja.com\/sq\/"},{"@type":"ListItem","position":2,"name":"U rrah\u00ebn n\u00eb magjistralen Prishtin\u00eb-Ferizaj, arrestohen tre persona"}]},{"@type":"WebSite","@id":"https:\/\/permbledhja.com\/#website","url":"https:\/\/permbledhja.com\/","name":"Ve\u00e7 artikuj p\u00ebrmbledh\u00ebs","description":"","publisher":{"@id":"https:\/\/permbledhja.com\/#organization"},"potentialAction":[{"@type":"SearchAction","target":{"@type":"EntryPoint","urlTemplate":"https:\/\/permbledhja.com\/?s={search_term_string}"},"query-input":"required name=search_term_string"}],"inLanguage":"sq"},{"@type":"Organization","@id":"https:\/\/permbledhja.com\/#organization","name":"MK Media & Pr","url":"https:\/\/permbledhja.com\/","logo":{"@type":"ImageObject","inLanguage":"sq","@id":"https:\/\/permbledhja.com\/#\/schema\/logo\/image\/","url":"https:\/\/permbledhja.com\/wp-content\/uploads\/2021\/12\/07-Press-Logo.jpg","contentUrl":"https:\/\/permbledhja.com\/wp-content\/uploads\/2021\/12\/07-Press-Logo.jpg","width":512,"height":512,"caption":"MK Media & Pr"},"image":{"@id":"https:\/\/permbledhja.com\/#\/schema\/logo\/image\/"},"sameAs":["https:\/\/www.facebook.com\/press07\/"]},{"@type":"Person","@id":"https:\/\/permbledhja.com\/#\/schema\/person\/0d064377258d3221e50693947b9eb4fe","name":"P\u00ebrmbledhja","image":{"@type":"ImageObject","inLanguage":"sq","@id":"https:\/\/permbledhja.com\/#\/schema\/person\/image\/","url":"https:\/\/permbledhja.com\/wp-content\/uploads\/2026\/01\/452004717_1040944174702970_8932037511805513407_n-96x96.jpg","contentUrl":"https:\/\/permbledhja.com\/wp-content\/uploads\/2026\/01\/452004717_1040944174702970_8932037511805513407_n-96x96.jpg","caption":"P\u00ebrmbledhja"},"sameAs":["https:\/\/www.facebook.com\/kafexhiu.muharrem\/","https:\/\/www.instagram.com\/muharrem_kafexhiu\/"],"url":"https:\/\/permbledhja.com\/sq\/author\/admin\/"}]}},"_links":{"self":[{"href":"https:\/\/permbledhja.com\/sq\/wp-json\/wp\/v2\/posts\/4719"}],"collection":[{"href":"https:\/\/permbledhja.com\/sq\/wp-json\/wp\/v2\/posts"}],"about":[{"href":"https:\/\/permbledhja.com\/sq\/wp-json\/wp\/v2\/types\/post"}],"author":[{"embeddable":true,"href":"https:\/\/permbledhja.com\/sq\/wp-json\/wp\/v2\/users\/1"}],"replies":[{"embeddable":true,"href":"https:\/\/permbledhja.com\/sq\/wp-json\/wp\/v2\/comments?post=4719"}],"version-history":[{"count":1,"href":"https:\/\/permbledhja.com\/sq\/wp-json\/wp\/v2\/posts\/4719\/revisions"}],"predecessor-version":[{"id":4721,"href":"https:\/\/permbledhja.com\/sq\/wp-json\/wp\/v2\/posts\/4719\/revisions\/4721"}],"wp:featuredmedia":[{"embeddable":true,"href":"https:\/\/permbledhja.com\/sq\/wp-json\/wp\/v2\/media\/4720"}],"wp:attachment":[{"href":"https:\/\/permbledhja.com\/sq\/wp-json\/wp\/v2\/media?parent=4719"}],"wp:term":[{"taxonomy":"category","embeddable":true,"href":"https:\/\/permbledhja.com\/sq\/wp-json\/wp\/v2\/categories?post=4719"},{"taxonomy":"post_tag","embeddable":true,"href":"https:\/\/permbledhja.com\/sq\/wp-json\/wp\/v2\/tags?post=4719"}],"curies":[{"name":"wp","href":"https:\/\/api.w.org\/{rel}","templated":true}]}}