{"id":47080,"date":"2024-02-11T16:47:31","date_gmt":"2024-02-11T16:47:31","guid":{"rendered":"https:\/\/permbledhja.com\/?p=47080"},"modified":"2024-02-11T16:47:31","modified_gmt":"2024-02-11T16:47:31","slug":"kurti-ne-serbisht-kosova-se-ndaloi-dinarin-parate-smund-te-kalojne-kufirin-me-thase-terhiqen-permes-llogarive-ne-euro","status":"publish","type":"post","link":"https:\/\/permbledhja.com\/sq\/kurti-ne-serbisht-kosova-se-ndaloi-dinarin-parate-smund-te-kalojne-kufirin-me-thase-terhiqen-permes-llogarive-ne-euro\/","title":{"rendered":"Kurti n\u00eb serbisht: Kosova s\u2019e ndaloi dinarin \u2013 parat\u00eb s\u2019mund t\u00eb kalojn\u00eb kufirin me thas\u00eb, t\u00ebrhiqen p\u00ebrmes llogarive n\u00eb euro"},"content":{"rendered":"<h3>Kryeministri i Kosov\u00ebs, Albin Kurti, ka nisur \u201cfushat\u00ebn\u201d e tij informuese p\u00ebr dinarin, p\u00ebr serb\u00ebt e Kosov\u00ebs, duke folur n\u00eb gjuh\u00ebn serbe, ashtu si\u00e7 tha se do t\u00eb b\u00ebj\u00eb edhe kur foli t\u00eb shtun\u00ebn n\u00eb KS t\u00eb OKB-s\u00eb n\u00eb New York.<\/h3>\n<p>Kurti tha se \u201ct\u00eb gjith\u00eb jemi t\u00eb vet\u00ebdijsh\u00ebm p\u00ebr fushat\u00ebn e ngritur mbi baza t\u00eb rrejshme, kund\u00ebr institucioneve t\u00eb pavarura t\u00eb themeluara me Kushtetut\u00eb, si\u00e7 \u00ebsht\u00eb Banka Qendrore e Kosov\u00ebs, p\u00ebr hir t\u00eb ruajtjes s\u00eb m\u00ebnyrave tashm\u00eb t\u00eb konsoliduara t\u00eb pastrimit t\u00eb parave dhe financimit t\u00eb terrorizmit duke d\u00ebrguar para t\u00eb gatshme n\u00eb thas\u00eb p\u00ebrmes kufijve t\u00eb Serbis\u00eb dhe Kosov\u00ebs\u201d.<\/p>\n<p>Ai tha se synimi i Bank\u00ebs Qendrore \u00ebsht\u00eb formalizimi i pagesave.<\/p>\n<p>\u201cM\u00eb 1 shkurt t\u00eb k\u00ebtij viti, ka hyr\u00eb n\u00eb fuqi rregullorja e Bank\u00ebs Qendrore p\u00ebr pagesat me para t\u00eb gatshme. Kjo rregullore nuk i referohet dinarit dhe as nuk e p\u00ebrmend at\u00eb si t\u00eb till\u00eb. Prandaj, synimi i Bank\u00ebs Qendrore \u00ebsht\u00eb formalizimi i pages\u00ebs dhe procedurat lidhur me t\u00eb, p\u00ebr dallim nga p\u00ebrpjekjet p\u00ebr t\u00eb d\u00ebshmuar se q\u00ebllimi i saj \u00ebsht\u00eb heqja e dinarit apo e ndonj\u00eb monedhe tjet\u00ebr n\u00eb Kosov\u00eb. Banka Qendrore tregon qart\u00eb se euro \u00ebsht\u00eb mjeti i vet\u00ebm i pages\u00ebs n\u00eb Kosov\u00eb dhe se n\u00eb k\u00ebt\u00eb drejtim, \u00e7do transaksion duhet t\u00eb jet\u00eb n\u00eb euro si valuta e vetme zyrtare n\u00eb Kosov\u00eb. Rregullorja e Bank\u00ebs Qendrore nuk e ndalon Serbin\u00eb q\u00eb t\u00eb ndihmoj\u00eb financiarisht qytetar\u00ebt e komunitetit serb n\u00eb Kosov\u00eb. \u00c7do sugjerim p\u00ebr t\u00eb kund\u00ebrt\u00ebn \u00ebsht\u00eb propagand\u00eb e rreme q\u00eb synon krijimin e tensioneve etnike. Rregullorja e Bank\u00ebs Qendrore siguron ligjshm\u00ebrin\u00eb dhe transparenc\u00ebn e parave t\u00eb importuara n\u00eb Kosov\u00eb, bazuar n\u00eb Kushtetut\u00ebn dhe politik\u00ebn monetare t\u00eb Bashkimit Evropian\u201d, tha Kurti.<\/p>\n<p>Kryeministri ka theksuar edhe nj\u00eb her\u00eb se Kosova nuk e ka ndaluar dinarin.<\/p>\n<p>\u201cPra, Kosova nuk e ndaloi dinarin, ashtu si\u00e7 nuk e ndaloi as dollarin, as funt\u00ebn dhe as frangun zviceran. I vetmi ndryshim \u00ebsht\u00eb se nga 1 shkurti, parat\u00eb nuk mund t\u00eb kalojn\u00eb kufirin me thas\u00eb, si\u00e7 nuk mund t\u00eb b\u00ebhet n\u00eb asnj\u00eb shtet demokratik, por mund t\u00eb vijn\u00eb p\u00ebrmes llogarive bankare, t\u00eb t\u00ebrhequra n\u00eb euro. Kjo politik\u00eb mbron qytetar\u00ebt nga k\u00ebrc\u00ebnimet e krimit t\u00eb organizuar, trafikimit me arm\u00eb dhe pastrimit t\u00eb parave. Deri m\u00eb tani, m\u00ebnyra e futjes dhe transportit t\u00eb parave p\u00ebrtej kufinj\u00ebve u mund\u00ebsonte grupeve kriminale t\u00eb merrnin para t\u00eb importuara ilegalisht, duke forcuar k\u00ebshtu ndikimin e tyre mbi popullin, duke frik\u00ebsuar masat dhe duke inkurajuar kriminel\u00ebt nga kreu i shtetit serb\u201d.<\/p>\n<p>\u201cKrimi duhet mposhtur, duhet t\u00eb ndalet pastrimi i parave dhe pasurimi i paligjsh\u00ebm me q\u00ebllimin e leht\u00ebsimit t\u00eb financimit t\u00eb terrorist\u00ebve dhe pengimit t\u00eb paqes. Banka Qendrore e Kosov\u00ebs i ka ofruar leht\u00ebsime p\u00ebr konvertimin e dinar\u00ebve n\u00eb euro Bank\u00ebs Popullore t\u00eb Serbis\u00eb. Banka Qendrore e Kosov\u00ebs ka siguruar hapjen e llogarive bankare n\u00eb euro p\u00ebr ata q\u00eb ende nuk e kan\u00eb b\u00ebr\u00eb k\u00ebt\u00eb, pa pages\u00eb. Vet\u00ebm mendoni se sa mund\u00ebsi do t\u00eb krijoj\u00eb hapja e nj\u00eb llogarie t\u00eb rregullt bankare p\u00ebr nj\u00eb pjes\u00eb t\u00eb vog\u00ebl t\u00eb popullsis\u00eb q\u00eb nuk e ka b\u00ebr\u00eb ende k\u00ebt\u00eb: fluksi i parave p\u00ebrmes llogaris\u00eb do t\u00eb mund\u00ebsoj\u00eb regjistrimin e pagesave dhe disbursimeve t\u00eb ligjshme, t\u00eb cilat do t\u00eb jen\u00eb baza eventuale e marrjes s\u00eb nj\u00eb kredie apo fillimit t\u00eb nj\u00eb biznesi, marrja e ndihm\u00ebs nga institucionet e Kosov\u00ebs, pavar\u00ebsia ekonomike e grave, e cila n\u00eb m\u00ebnyr\u00eb t\u00eb pashmangshme \u00e7on n\u00eb mund\u00ebsi t\u00eb reja p\u00ebr nj\u00eb jet\u00eb m\u00eb t\u00eb mir\u00eb\u201d, tha Kurti. \/Sinjali<\/p>\n","protected":false},"excerpt":{"rendered":"<p>Kryeministri i Kosov\u00ebs, Albin Kurti, ka nisur \u201cfushat\u00ebn\u201d e tij informuese p\u00ebr dinarin, p\u00ebr serb\u00ebt e Kosov\u00ebs, duke folur n\u00eb gjuh\u00ebn serbe, ashtu si\u00e7 tha se do t\u00eb b\u00ebj\u00eb edhe kur foli t\u00eb shtun\u00ebn n\u00eb KS t\u00eb OKB-s\u00eb n\u00eb New York. Kurti tha se \u201ct\u00eb gjith\u00eb jemi t\u00eb vet\u00ebdijsh\u00ebm p\u00ebr fushat\u00ebn e ngritur mbi baza [&hellip;]<\/p>\n","protected":false},"author":2,"featured_media":47081,"comment_status":"closed","ping_status":"closed","sticky":false,"template":"","format":"standard","meta":{"_monsterinsights_skip_tracking":false,"_monsterinsights_sitenote_active":false,"_monsterinsights_sitenote_note":"","_monsterinsights_sitenote_category":0,"_uf_show_specific_survey":0,"_uf_disable_surveys":false,"footnotes":""},"categories":[1146],"tags":[86],"yoast_head":"<!-- This site is optimized with the Yoast SEO plugin v21.5 - https:\/\/yoast.com\/wordpress\/plugins\/seo\/ -->\n<title>Kurti n\u00eb serbisht: Kosova s\u2019e ndaloi dinarin \u2013 parat\u00eb s\u2019mund t\u00eb kalojn\u00eb kufirin me thas\u00eb, t\u00ebrhiqen p\u00ebrmes llogarive n\u00eb euro<\/title>\n<meta name=\"robots\" content=\"index, follow, max-snippet:-1, max-image-preview:large, max-video-preview:-1\" \/>\n<link rel=\"canonical\" href=\"https:\/\/permbledhja.com\/sq\/kurti-ne-serbisht-kosova-se-ndaloi-dinarin-parate-smund-te-kalojne-kufirin-me-thase-terhiqen-permes-llogarive-ne-euro\/\" \/>\n<meta property=\"og:locale\" content=\"sq_AL\" \/>\n<meta property=\"og:type\" content=\"article\" \/>\n<meta property=\"og:title\" content=\"Kurti n\u00eb serbisht: Kosova s\u2019e ndaloi dinarin \u2013 parat\u00eb s\u2019mund t\u00eb kalojn\u00eb kufirin me thas\u00eb, t\u00ebrhiqen p\u00ebrmes llogarive n\u00eb euro\" \/>\n<meta property=\"og:description\" content=\"Kryeministri i Kosov\u00ebs, Albin Kurti, ka nisur \u201cfushat\u00ebn\u201d e tij informuese p\u00ebr dinarin, p\u00ebr serb\u00ebt e Kosov\u00ebs, duke folur n\u00eb gjuh\u00ebn serbe, ashtu si\u00e7 tha se do t\u00eb b\u00ebj\u00eb edhe kur foli t\u00eb shtun\u00ebn n\u00eb KS t\u00eb OKB-s\u00eb n\u00eb New York. Kurti tha se \u201ct\u00eb gjith\u00eb jemi t\u00eb vet\u00ebdijsh\u00ebm p\u00ebr fushat\u00ebn e ngritur mbi baza [&hellip;]\" \/>\n<meta property=\"og:url\" content=\"https:\/\/permbledhja.com\/sq\/kurti-ne-serbisht-kosova-se-ndaloi-dinarin-parate-smund-te-kalojne-kufirin-me-thase-terhiqen-permes-llogarive-ne-euro\/\" \/>\n<meta property=\"og:site_name\" content=\"Ve\u00e7 artikuj p\u00ebrmbledh\u00ebs\" \/>\n<meta property=\"article:publisher\" content=\"https:\/\/www.facebook.com\/press07\/\" \/>\n<meta property=\"article:published_time\" content=\"2024-02-11T16:47:31+00:00\" \/>\n<meta property=\"og:image\" content=\"https:\/\/permbledhja.com\/wp-content\/uploads\/2024\/02\/Kurti1111.webp\" \/>\n\t<meta property=\"og:image:width\" content=\"906\" \/>\n\t<meta property=\"og:image:height\" content=\"606\" \/>\n\t<meta property=\"og:image:type\" content=\"image\/webp\" \/>\n<meta name=\"author\" content=\"M M\" \/>\n<meta name=\"twitter:card\" content=\"summary_large_image\" \/>\n<meta name=\"twitter:label1\" content=\"Written by\" \/>\n\t<meta name=\"twitter:data1\" content=\"M M\" \/>\n\t<meta name=\"twitter:label2\" content=\"Est. reading time\" \/>\n\t<meta name=\"twitter:data2\" content=\"4 minuta\" \/>\n<script type=\"application\/ld+json\" class=\"yoast-schema-graph\">{\"@context\":\"https:\/\/schema.org\",\"@graph\":[{\"@type\":\"Article\",\"@id\":\"https:\/\/permbledhja.com\/sq\/kurti-ne-serbisht-kosova-se-ndaloi-dinarin-parate-smund-te-kalojne-kufirin-me-thase-terhiqen-permes-llogarive-ne-euro\/#article\",\"isPartOf\":{\"@id\":\"https:\/\/permbledhja.com\/sq\/kurti-ne-serbisht-kosova-se-ndaloi-dinarin-parate-smund-te-kalojne-kufirin-me-thase-terhiqen-permes-llogarive-ne-euro\/\"},\"author\":{\"name\":\"M M\",\"@id\":\"https:\/\/permbledhja.com\/#\/schema\/person\/d23f13f59b5722643933d6780783acf3\"},\"headline\":\"Kurti n\u00eb serbisht: Kosova s\u2019e ndaloi dinarin \u2013 parat\u00eb s\u2019mund t\u00eb kalojn\u00eb kufirin me thas\u00eb, t\u00ebrhiqen p\u00ebrmes llogarive n\u00eb euro\",\"datePublished\":\"2024-02-11T16:47:31+00:00\",\"dateModified\":\"2024-02-11T16:47:31+00:00\",\"mainEntityOfPage\":{\"@id\":\"https:\/\/permbledhja.com\/sq\/kurti-ne-serbisht-kosova-se-ndaloi-dinarin-parate-smund-te-kalojne-kufirin-me-thase-terhiqen-permes-llogarive-ne-euro\/\"},\"wordCount\":667,\"publisher\":{\"@id\":\"https:\/\/permbledhja.com\/#organization\"},\"keywords\":[\"Albin Kurti\"],\"articleSection\":[\"Kryesoret\"],\"inLanguage\":\"sq\"},{\"@type\":\"WebPage\",\"@id\":\"https:\/\/permbledhja.com\/sq\/kurti-ne-serbisht-kosova-se-ndaloi-dinarin-parate-smund-te-kalojne-kufirin-me-thase-terhiqen-permes-llogarive-ne-euro\/\",\"url\":\"https:\/\/permbledhja.com\/sq\/kurti-ne-serbisht-kosova-se-ndaloi-dinarin-parate-smund-te-kalojne-kufirin-me-thase-terhiqen-permes-llogarive-ne-euro\/\",\"name\":\"Kurti n\u00eb serbisht: Kosova s\u2019e ndaloi dinarin \u2013 parat\u00eb s\u2019mund t\u00eb kalojn\u00eb kufirin me thas\u00eb, t\u00ebrhiqen p\u00ebrmes llogarive n\u00eb euro\",\"isPartOf\":{\"@id\":\"https:\/\/permbledhja.com\/#website\"},\"datePublished\":\"2024-02-11T16:47:31+00:00\",\"dateModified\":\"2024-02-11T16:47:31+00:00\",\"breadcrumb\":{\"@id\":\"https:\/\/permbledhja.com\/sq\/kurti-ne-serbisht-kosova-se-ndaloi-dinarin-parate-smund-te-kalojne-kufirin-me-thase-terhiqen-permes-llogarive-ne-euro\/#breadcrumb\"},\"inLanguage\":\"sq\",\"potentialAction\":[{\"@type\":\"ReadAction\",\"target\":[\"https:\/\/permbledhja.com\/sq\/kurti-ne-serbisht-kosova-se-ndaloi-dinarin-parate-smund-te-kalojne-kufirin-me-thase-terhiqen-permes-llogarive-ne-euro\/\"]}]},{\"@type\":\"BreadcrumbList\",\"@id\":\"https:\/\/permbledhja.com\/sq\/kurti-ne-serbisht-kosova-se-ndaloi-dinarin-parate-smund-te-kalojne-kufirin-me-thase-terhiqen-permes-llogarive-ne-euro\/#breadcrumb\",\"itemListElement\":[{\"@type\":\"ListItem\",\"position\":1,\"name\":\"Ballina\",\"item\":\"https:\/\/permbledhja.com\/sq\/\"},{\"@type\":\"ListItem\",\"position\":2,\"name\":\"Kurti n\u00eb serbisht: Kosova s\u2019e ndaloi dinarin \u2013 parat\u00eb s\u2019mund t\u00eb kalojn\u00eb kufirin me thas\u00eb, t\u00ebrhiqen p\u00ebrmes llogarive n\u00eb euro\"}]},{\"@type\":\"WebSite\",\"@id\":\"https:\/\/permbledhja.com\/#website\",\"url\":\"https:\/\/permbledhja.com\/\",\"name\":\"Ve\u00e7 artikuj p\u00ebrmbledh\u00ebs\",\"description\":\"\",\"publisher\":{\"@id\":\"https:\/\/permbledhja.com\/#organization\"},\"potentialAction\":[{\"@type\":\"SearchAction\",\"target\":{\"@type\":\"EntryPoint\",\"urlTemplate\":\"https:\/\/permbledhja.com\/?s={search_term_string}\"},\"query-input\":\"required name=search_term_string\"}],\"inLanguage\":\"sq\"},{\"@type\":\"Organization\",\"@id\":\"https:\/\/permbledhja.com\/#organization\",\"name\":\"MK Media & Pr\",\"url\":\"https:\/\/permbledhja.com\/\",\"logo\":{\"@type\":\"ImageObject\",\"inLanguage\":\"sq\",\"@id\":\"https:\/\/permbledhja.com\/#\/schema\/logo\/image\/\",\"url\":\"https:\/\/permbledhja.com\/wp-content\/uploads\/2021\/12\/07-Press-Logo.jpg\",\"contentUrl\":\"https:\/\/permbledhja.com\/wp-content\/uploads\/2021\/12\/07-Press-Logo.jpg\",\"width\":512,\"height\":512,\"caption\":\"MK Media & Pr\"},\"image\":{\"@id\":\"https:\/\/permbledhja.com\/#\/schema\/logo\/image\/\"},\"sameAs\":[\"https:\/\/www.facebook.com\/press07\/\"]},{\"@type\":\"Person\",\"@id\":\"https:\/\/permbledhja.com\/#\/schema\/person\/d23f13f59b5722643933d6780783acf3\",\"name\":\"M M\",\"image\":{\"@type\":\"ImageObject\",\"inLanguage\":\"sq\",\"@id\":\"https:\/\/permbledhja.com\/#\/schema\/person\/image\/\",\"url\":\"https:\/\/secure.gravatar.com\/avatar\/e2835a76ca7c31a2416b2d51c4ec9a8f?s=96&d=mm&r=g\",\"contentUrl\":\"https:\/\/secure.gravatar.com\/avatar\/e2835a76ca7c31a2416b2d51c4ec9a8f?s=96&d=mm&r=g\",\"caption\":\"M M\"},\"sameAs\":[\"http:\/\/MM\"],\"url\":\"https:\/\/permbledhja.com\/sq\/author\/muhamet\/\"}]}<\/script>\n<!-- \/ Yoast SEO plugin. -->","yoast_head_json":{"title":"Kurti n\u00eb serbisht: Kosova s\u2019e ndaloi dinarin \u2013 parat\u00eb s\u2019mund t\u00eb kalojn\u00eb kufirin me thas\u00eb, t\u00ebrhiqen p\u00ebrmes llogarive n\u00eb euro","robots":{"index":"index","follow":"follow","max-snippet":"max-snippet:-1","max-image-preview":"max-image-preview:large","max-video-preview":"max-video-preview:-1"},"canonical":"https:\/\/permbledhja.com\/sq\/kurti-ne-serbisht-kosova-se-ndaloi-dinarin-parate-smund-te-kalojne-kufirin-me-thase-terhiqen-permes-llogarive-ne-euro\/","og_locale":"sq_AL","og_type":"article","og_title":"Kurti n\u00eb serbisht: Kosova s\u2019e ndaloi dinarin \u2013 parat\u00eb s\u2019mund t\u00eb kalojn\u00eb kufirin me thas\u00eb, t\u00ebrhiqen p\u00ebrmes llogarive n\u00eb euro","og_description":"Kryeministri i Kosov\u00ebs, Albin Kurti, ka nisur \u201cfushat\u00ebn\u201d e tij informuese p\u00ebr dinarin, p\u00ebr serb\u00ebt e Kosov\u00ebs, duke folur n\u00eb gjuh\u00ebn serbe, ashtu si\u00e7 tha se do t\u00eb b\u00ebj\u00eb edhe kur foli t\u00eb shtun\u00ebn n\u00eb KS t\u00eb OKB-s\u00eb n\u00eb New York. Kurti tha se \u201ct\u00eb gjith\u00eb jemi t\u00eb vet\u00ebdijsh\u00ebm p\u00ebr fushat\u00ebn e ngritur mbi baza [&hellip;]","og_url":"https:\/\/permbledhja.com\/sq\/kurti-ne-serbisht-kosova-se-ndaloi-dinarin-parate-smund-te-kalojne-kufirin-me-thase-terhiqen-permes-llogarive-ne-euro\/","og_site_name":"Ve\u00e7 artikuj p\u00ebrmbledh\u00ebs","article_publisher":"https:\/\/www.facebook.com\/press07\/","article_published_time":"2024-02-11T16:47:31+00:00","og_image":[{"width":906,"height":606,"url":"https:\/\/permbledhja.com\/wp-content\/uploads\/2024\/02\/Kurti1111.webp","type":"image\/webp"}],"author":"M M","twitter_card":"summary_large_image","twitter_misc":{"Written by":"M M","Est. reading time":"4 minuta"},"schema":{"@context":"https:\/\/schema.org","@graph":[{"@type":"Article","@id":"https:\/\/permbledhja.com\/sq\/kurti-ne-serbisht-kosova-se-ndaloi-dinarin-parate-smund-te-kalojne-kufirin-me-thase-terhiqen-permes-llogarive-ne-euro\/#article","isPartOf":{"@id":"https:\/\/permbledhja.com\/sq\/kurti-ne-serbisht-kosova-se-ndaloi-dinarin-parate-smund-te-kalojne-kufirin-me-thase-terhiqen-permes-llogarive-ne-euro\/"},"author":{"name":"M M","@id":"https:\/\/permbledhja.com\/#\/schema\/person\/d23f13f59b5722643933d6780783acf3"},"headline":"Kurti n\u00eb serbisht: Kosova s\u2019e ndaloi dinarin \u2013 parat\u00eb s\u2019mund t\u00eb kalojn\u00eb kufirin me thas\u00eb, t\u00ebrhiqen p\u00ebrmes llogarive n\u00eb euro","datePublished":"2024-02-11T16:47:31+00:00","dateModified":"2024-02-11T16:47:31+00:00","mainEntityOfPage":{"@id":"https:\/\/permbledhja.com\/sq\/kurti-ne-serbisht-kosova-se-ndaloi-dinarin-parate-smund-te-kalojne-kufirin-me-thase-terhiqen-permes-llogarive-ne-euro\/"},"wordCount":667,"publisher":{"@id":"https:\/\/permbledhja.com\/#organization"},"keywords":["Albin Kurti"],"articleSection":["Kryesoret"],"inLanguage":"sq"},{"@type":"WebPage","@id":"https:\/\/permbledhja.com\/sq\/kurti-ne-serbisht-kosova-se-ndaloi-dinarin-parate-smund-te-kalojne-kufirin-me-thase-terhiqen-permes-llogarive-ne-euro\/","url":"https:\/\/permbledhja.com\/sq\/kurti-ne-serbisht-kosova-se-ndaloi-dinarin-parate-smund-te-kalojne-kufirin-me-thase-terhiqen-permes-llogarive-ne-euro\/","name":"Kurti n\u00eb serbisht: Kosova s\u2019e ndaloi dinarin \u2013 parat\u00eb s\u2019mund t\u00eb kalojn\u00eb kufirin me thas\u00eb, t\u00ebrhiqen p\u00ebrmes llogarive n\u00eb euro","isPartOf":{"@id":"https:\/\/permbledhja.com\/#website"},"datePublished":"2024-02-11T16:47:31+00:00","dateModified":"2024-02-11T16:47:31+00:00","breadcrumb":{"@id":"https:\/\/permbledhja.com\/sq\/kurti-ne-serbisht-kosova-se-ndaloi-dinarin-parate-smund-te-kalojne-kufirin-me-thase-terhiqen-permes-llogarive-ne-euro\/#breadcrumb"},"inLanguage":"sq","potentialAction":[{"@type":"ReadAction","target":["https:\/\/permbledhja.com\/sq\/kurti-ne-serbisht-kosova-se-ndaloi-dinarin-parate-smund-te-kalojne-kufirin-me-thase-terhiqen-permes-llogarive-ne-euro\/"]}]},{"@type":"BreadcrumbList","@id":"https:\/\/permbledhja.com\/sq\/kurti-ne-serbisht-kosova-se-ndaloi-dinarin-parate-smund-te-kalojne-kufirin-me-thase-terhiqen-permes-llogarive-ne-euro\/#breadcrumb","itemListElement":[{"@type":"ListItem","position":1,"name":"Ballina","item":"https:\/\/permbledhja.com\/sq\/"},{"@type":"ListItem","position":2,"name":"Kurti n\u00eb serbisht: Kosova s\u2019e ndaloi dinarin \u2013 parat\u00eb s\u2019mund t\u00eb kalojn\u00eb kufirin me thas\u00eb, t\u00ebrhiqen p\u00ebrmes llogarive n\u00eb euro"}]},{"@type":"WebSite","@id":"https:\/\/permbledhja.com\/#website","url":"https:\/\/permbledhja.com\/","name":"Ve\u00e7 artikuj p\u00ebrmbledh\u00ebs","description":"","publisher":{"@id":"https:\/\/permbledhja.com\/#organization"},"potentialAction":[{"@type":"SearchAction","target":{"@type":"EntryPoint","urlTemplate":"https:\/\/permbledhja.com\/?s={search_term_string}"},"query-input":"required name=search_term_string"}],"inLanguage":"sq"},{"@type":"Organization","@id":"https:\/\/permbledhja.com\/#organization","name":"MK Media & Pr","url":"https:\/\/permbledhja.com\/","logo":{"@type":"ImageObject","inLanguage":"sq","@id":"https:\/\/permbledhja.com\/#\/schema\/logo\/image\/","url":"https:\/\/permbledhja.com\/wp-content\/uploads\/2021\/12\/07-Press-Logo.jpg","contentUrl":"https:\/\/permbledhja.com\/wp-content\/uploads\/2021\/12\/07-Press-Logo.jpg","width":512,"height":512,"caption":"MK Media & Pr"},"image":{"@id":"https:\/\/permbledhja.com\/#\/schema\/logo\/image\/"},"sameAs":["https:\/\/www.facebook.com\/press07\/"]},{"@type":"Person","@id":"https:\/\/permbledhja.com\/#\/schema\/person\/d23f13f59b5722643933d6780783acf3","name":"M M","image":{"@type":"ImageObject","inLanguage":"sq","@id":"https:\/\/permbledhja.com\/#\/schema\/person\/image\/","url":"https:\/\/secure.gravatar.com\/avatar\/e2835a76ca7c31a2416b2d51c4ec9a8f?s=96&d=mm&r=g","contentUrl":"https:\/\/secure.gravatar.com\/avatar\/e2835a76ca7c31a2416b2d51c4ec9a8f?s=96&d=mm&r=g","caption":"M M"},"sameAs":["http:\/\/MM"],"url":"https:\/\/permbledhja.com\/sq\/author\/muhamet\/"}]}},"_links":{"self":[{"href":"https:\/\/permbledhja.com\/sq\/wp-json\/wp\/v2\/posts\/47080"}],"collection":[{"href":"https:\/\/permbledhja.com\/sq\/wp-json\/wp\/v2\/posts"}],"about":[{"href":"https:\/\/permbledhja.com\/sq\/wp-json\/wp\/v2\/types\/post"}],"author":[{"embeddable":true,"href":"https:\/\/permbledhja.com\/sq\/wp-json\/wp\/v2\/users\/2"}],"replies":[{"embeddable":true,"href":"https:\/\/permbledhja.com\/sq\/wp-json\/wp\/v2\/comments?post=47080"}],"version-history":[{"count":1,"href":"https:\/\/permbledhja.com\/sq\/wp-json\/wp\/v2\/posts\/47080\/revisions"}],"predecessor-version":[{"id":47083,"href":"https:\/\/permbledhja.com\/sq\/wp-json\/wp\/v2\/posts\/47080\/revisions\/47083"}],"wp:featuredmedia":[{"embeddable":true,"href":"https:\/\/permbledhja.com\/sq\/wp-json\/wp\/v2\/media\/47081"}],"wp:attachment":[{"href":"https:\/\/permbledhja.com\/sq\/wp-json\/wp\/v2\/media?parent=47080"}],"wp:term":[{"taxonomy":"category","embeddable":true,"href":"https:\/\/permbledhja.com\/sq\/wp-json\/wp\/v2\/categories?post=47080"},{"taxonomy":"post_tag","embeddable":true,"href":"https:\/\/permbledhja.com\/sq\/wp-json\/wp\/v2\/tags?post=47080"}],"curies":[{"name":"wp","href":"https:\/\/api.w.org\/{rel}","templated":true}]}}