{"id":47077,"date":"2024-02-11T16:40:25","date_gmt":"2024-02-11T16:40:25","guid":{"rendered":"https:\/\/permbledhja.com\/?p=47077"},"modified":"2024-02-11T16:40:25","modified_gmt":"2024-02-11T16:40:25","slug":"doktor-sherif-krasniqi-kreu-tri-operacione-dhe-ra-ne-kome","status":"publish","type":"post","link":"https:\/\/permbledhja.com\/sq\/doktor-sherif-krasniqi-kreu-tri-operacione-dhe-ra-ne-kome\/","title":{"rendered":"Doktor Sherif Krasniqi kreu tri operacione dhe ra n\u00eb kom\u00eb"},"content":{"rendered":"<h3>Tri operacione\u00a0 i kreu me sukses \u00a0dhe\u00a0 ra n\u00eb kom\u00eb. Gjendja sh\u00ebndet\u00ebsore iu keq\u00ebsua gjat\u00eb koh\u00ebs s\u00eb kujdestaris\u00eb \u00a0n\u00eb Spitalin e P\u00ebrgjithsh\u00ebm \u00a0\u00a0\u201cPrim.Dr.Daut Mustafa\u201dn\u00eb Prizren.<\/h3>\n<p>Dr.Sherif Krasniqi, kirurg i p\u00ebrgjithsh\u00ebm, e humbi betej\u00ebn me s\u00ebmundjen, \u00a0\u00a0p\u00ebrkund\u00ebr p\u00ebrpjekjeve t\u00eb koleg\u00ebve t\u00eb tij, \u00a0p\u00ebr ta shp\u00ebtuar, dy \u00a0jav\u00eb pas trajtimit mjek\u00ebsor. Me vdekjen e tij, sh\u00ebndet\u00ebsia e Prizrenit p\u00ebsoi nj\u00eb humbje t\u00eb madhe.<\/p>\n<p>Drejtoresha e Spitalit t\u00eb \u00a0P\u00ebrgjithsh\u00ebm \u201cPrim.Dr.Daut Mustafa\u201dn\u00eb Prizren, Narqize Ar\u00ebnliu- Hoxhaj, tregon se kirurgut Sherif Krasniqi \u00a0\u00a0iu keq\u00ebsua gjendja sh\u00ebndet\u00ebsore pasi kreu tri operacione, gjat\u00eb koh\u00ebs sa \u00a0ishte kujdestar.<\/p>\n<p>\u201cGjendja sh\u00ebndet\u00ebsore e doktor Sherifit, \u00a0papritmas keq\u00ebsohet n\u00eb or\u00ebt e para t\u00eb dat\u00ebs 19 janar, duke qen\u00eb n\u00eb detyr\u00eb t\u00eb mjekut kujdestar n\u00eb kirurgji dhe duke kryer tri intervenime kirurgjike para se gjendja e tij t\u00eb keq\u00ebsohej\u201d, tregon Ar\u00ebnliu-Hoxhaj.<\/p>\n<p>Sipas saj, kjo d\u00ebshmon se doktor Sherifi me p\u00ebrgjegj\u00ebsi e p\u00ebrkushtim t\u00eb madh kreu t\u00eb gjitha detyrat dhe obligimet q\u00eb kishte para vetes, duke dh\u00ebn\u00eb shembullin e mjekut t\u00eb respektuar nga t\u00eb gjith\u00eb, n\u00eb ve\u00e7anti nga pacient\u00ebt.<\/p>\n<p>\u201cP\u00ebr aq koh\u00eb sa e kam njohur, doktor Sherifi\u00a0 ishte njeri modest, i dashur, i af\u00ebrt, kolegial dhe vizionar me virtyte t\u00eb larta profesionale, komb\u00ebtare dhe njer\u00ebzore. Ai me koh\u00eb e kishte kuptuar se t\u00eb jesh n\u00eb sh\u00ebrbim t\u00eb popullit t\u00ebnd dhe t\u00eb gjith\u00eb atyre q\u00eb kan\u00eb nevoj\u00eb p\u00ebr ndihm\u00eb edhe n\u00eb koh\u00ebt m\u00eb t\u00eb v\u00ebshtira\u00a0 \u00ebsht\u00eb detyr\u00eb profesionale, fisnike e humane. Jemi d\u00ebshmitar se doktor Sherifi ishte shembull i mjekut t\u00eb p\u00ebrkushtuar p\u00ebr pun\u00eb, ofrimin e sh\u00ebrbimeve sh\u00ebndet\u00ebsore dhe sh\u00ebrimin e plag\u00ebve n\u00eb luft\u00eb dhe n\u00eb paqe. Ai deri n\u00eb momentet e fundit t\u00eb pun\u00ebs aktive n\u00eb spital ishte n\u00eb kryerje t\u00eb detyr\u00ebs\u201d, shprehet ajo.<\/p>\n<p><img loading=\"lazy\" decoding=\"async\" class=\"aligncenter wp-image-384132 size-full td-animation-stack-type0-2\" src=\"https:\/\/prizrenpress.com\/wp-content\/uploads\/2024\/02\/Screenshot_20240208-210112_Facebook.jpg\" sizes=\"(max-width: 612px) 100vw, 612px\" srcset=\"https:\/\/prizrenpress.com\/wp-content\/uploads\/2024\/02\/Screenshot_20240208-210112_Facebook.jpg 612w, https:\/\/prizrenpress.com\/wp-content\/uploads\/2024\/02\/Screenshot_20240208-210112_Facebook-300x190.jpg 300w\" alt=\"\" width=\"612\" height=\"388\" \/><\/p>\n<p>Dr. Sherif Krasniqi p\u00ebrfundoi \u00a0Fakultetin e Mjek\u00ebsis\u00eb n\u00eb Universitetin e Kosov\u00ebs. Shkollimin specialistik p\u00ebr Kirurgji t\u00eb P\u00ebrgjithshme e kreu n\u00eb vitin 2004. Ai u sh\u00ebrbeu qytetar\u00ebve p\u00ebr vite me radh\u00eb n\u00eb Spitalin e P\u00ebrgjithsh\u00ebm t\u00eb Prizrenit.<\/p>\n<p>Dr. Eqrem Shala, tha se kolegu i tij, doktor \u00a0Sherif Krasniqi ishte nj\u00ebri nd\u00ebr \u00a0mjek\u00ebt\u00a0 m\u00eb t\u00eb\u00a0 k\u00ebrkuar nga pacient\u00ebt.<\/p>\n<p>\u201cIshte njeri miq\u00ebsor, i ndersh\u00ebm, human dhe profesionist i mir\u00eb. Nga duart e tij u sh\u00ebruan shum\u00eb plag\u00eb si n\u00eb luft\u00eb ashtu edhe n\u00eb paqe. Si kirurg, doktor Sherifi kishte numrin m\u00eb t\u00eb madh t\u00eb operimeve n\u00eb repart, numrin m\u00eb t\u00eb madh t\u00eb sisteimeve dhe nj\u00ebkoh\u00ebsisht numrin m\u00eb t\u00eb madh t\u00eb kujdestarive\u201d, tregon Shala.<\/p>\n<p>Edhe Dr. Hasan Arzoallxhiu,\u00a0 e \u00a0vler\u00ebson \u00a0si shembullin m\u00eb t\u00eb mir\u00eb t\u00eb raportit me pacient\u00eb dhe koleg\u00eb, doktor Sherif Krasniqin.<\/p>\n<p>Sipas tij, doktor Sherifi gjithmon\u00eb prioritet kishte sh\u00ebrbimin ndaj pacient\u00ebve.<\/p>\n<p>\u201cDr.Sherif Krasniqin e kam njohur nga koha e studimeve dhe kam pasur mendim pozitiv p\u00ebr t\u00eb. Por puna n\u00eb spital dhe kontakti si koleg\u00eb m\u00eb ka mund\u00ebsuar q\u00eb ta njoh m\u00eb shum\u00eb dhe m\u00eb mir\u00eb at\u00eb. Ka qen\u00eb nj\u00eb njeri i mir\u00eb n\u00eb kuptimin m\u00eb t\u00eb mir\u00eb t\u00eb fjal\u00ebs. I gatsh\u00ebm gjithmon\u00eb p\u00ebr pacient\u00eb dhe koleg\u00ebt e tij dhe koleg\u00ebt e tij e din\u00eb m\u00eb mir\u00eb se dera e tij ishte e vetmja der\u00eb q\u00eb nuk ka refuzuar k\u00ebrkesat e koleg\u00ebve p\u00ebr t\u2019i z\u00ebvend\u00ebsuar n\u00eb kujdestari. Doktor Sherifi ishte dhe do t\u00eb mbetet i paz\u00ebvend\u00ebsuesh\u00ebm p\u00ebr spitalin ton\u00eb\u201d, shprehet ai.<\/p>\n<p>Figura e doktor Sherif Krasniqit \u00ebsht\u00eb vler\u00ebsuar lart\u00eb edhe nga kolegu i pun\u00ebs, Dr. Shpend Zajmi.<\/p>\n<p>\u201cIshte njeri i ve\u00e7ant\u00eb, i dashur dhe i respektuar, duke dh\u00ebn\u00eb nj\u00eb kontribut t\u00eb madh n\u00eb dimensionin njer\u00ebzor, profesional e komb\u00ebtar\u201d.<\/p>\n<p>Dr. Sherif Krasniqi ishte mjek i U\u00c7K-s\u00eb. Ai \u00a0ishte \u00a0i njohur p\u00ebr kontributin e tij t\u00eb madh n\u00eb sh\u00ebrimin e ushtar\u00ebve dhe civil\u00ebve t\u00eb luft\u00ebs s\u00eb shqiptar\u00ebve n\u00eb Maqedonin\u00eb e Veriut si dhe ka kontribuar n\u00eb sh\u00ebrimin e ushtar\u00ebve nga krismat e para n\u00eb rajonin e Vrrinit t\u00eb Prizrenit.<\/p>\n<p><img loading=\"lazy\" decoding=\"async\" class=\"aligncenter wp-image-384253 size-full td-animation-stack-type0-2\" src=\"https:\/\/prizrenpress.com\/wp-content\/uploads\/2024\/02\/sherifi-uck.jpg\" sizes=\"(max-width: 507px) 100vw, 507px\" srcset=\"https:\/\/prizrenpress.com\/wp-content\/uploads\/2024\/02\/sherifi-uck.jpg 507w, https:\/\/prizrenpress.com\/wp-content\/uploads\/2024\/02\/sherifi-uck-300x276.jpg 300w\" alt=\"\" width=\"507\" height=\"466\" \/><\/p>\n<p>Dr. Halil Cikaj, mjek i U\u00c7K -s\u00eb dhe TMK-s\u00eb tha se, \u00a0doktor Sherifi dha kontribut t\u00eb madh gjat\u00eb luft\u00ebs dhe pas saj.<\/p>\n<p>Ai kujton bashk\u00ebpunimin qw kishte me doktor Sherifin, \u00a0pasluft\u00ebs \u00a0si mjek \u00a0i \u00a0TMK-s\u00eb.<\/p>\n<p>\u201cDoktor Sherifi edhe pse nuk ishte n\u00eb struktur\u00eb t\u00eb TMK-s\u00eb , ai ka qen\u00eb \u00e7do her\u00eb af\u00ebr pjes\u00ebtar\u00ebve t\u00eb TMK-s\u00eb, duke ju ndihmuar n\u00eb forma t\u00eb ndryshme n\u00eb aspektin sh\u00ebndet\u00ebsor\u201d, tregon ai p\u00ebr \u201cPrizrenPress\u201d.<\/p>\n<p>Cikaj tha se me doktor Sherifin\u00a0 ka bashk\u00ebpunuar n\u00eb logjistik\u00ebn e sh\u00ebndet\u00ebsis\u00eb, \u00a0gjat\u00eb luft\u00ebs n\u00eb Maqedonin e Veriut.<\/p>\n<p>\u201cKontributi i tij n\u00eb sh\u00ebrimin e ushtar\u00ebve dhe civil\u00ebve t\u00eb luft\u00ebs s\u00eb shqiptar\u00ebve n\u00eb Maqedonin\u00eb e Veriut ka qen\u00eb i jasht\u00ebzakonsh\u00ebm\u201d, shprehet\u00a0 Cikaj.<\/p>\n<p>Ish-komanda i U\u00c7K-s\u00eb, \u00a0Zafir Berisha tha se doktor Sherifi ka b\u00ebr\u00eb shum\u00eb p\u00ebr Kosov\u00ebn.<\/p>\n<p>\u201cIshte njeri q\u00eb nuk u ndal asnj\u00ebher\u00eb p\u00ebr t\u2019i sh\u00ebrbyer liris\u00eb s\u00eb Kosov\u00eb. Ai sh\u00ebroi plag\u00ebt e luft\u00ebs p\u00ebr t\u00eb jetuar n\u00eb liri\u201d, vler\u00ebson Berisha.<\/p>\n<p>\u201cN\u00eb momentet vendimtare p\u00ebr Kosov\u00ebn, Sherifi si mjek ju bashku radh\u00ebve t\u00eb U\u00c7K-s\u00eb duke dh\u00ebn\u00eb kontribut t\u00eb madh n\u00eb jet\u00ebsimin e Spitalit Ushtarak n\u00eb Mal\u00ebsi t\u00eb V\u00ebrrinit, ku sh\u00ebroi shum\u00eb t\u00eb plagosur nga zona t\u00eb ndryshme t\u00eb Kosov\u00ebs\u201d, \u00a0kujton \u00a0Berisha .<\/p>\n<p>Dr. Sherif Krasniqi u varros n\u00eb varrezat e d\u00ebshmor\u00ebve n\u00eb Landovic\u00eb t\u00eb Prizrenit.\/PrizrenPress.com\/<\/p>\n","protected":false},"excerpt":{"rendered":"<p>Tri operacione\u00a0 i kreu me sukses \u00a0dhe\u00a0 ra n\u00eb kom\u00eb. Gjendja sh\u00ebndet\u00ebsore iu keq\u00ebsua gjat\u00eb koh\u00ebs s\u00eb kujdestaris\u00eb \u00a0n\u00eb Spitalin e P\u00ebrgjithsh\u00ebm \u00a0\u00a0\u201cPrim.Dr.Daut Mustafa\u201dn\u00eb Prizren. Dr.Sherif Krasniqi, kirurg i p\u00ebrgjithsh\u00ebm, e humbi betej\u00ebn me s\u00ebmundjen, \u00a0\u00a0p\u00ebrkund\u00ebr p\u00ebrpjekjeve t\u00eb koleg\u00ebve t\u00eb tij, \u00a0p\u00ebr ta shp\u00ebtuar, dy \u00a0jav\u00eb pas trajtimit mjek\u00ebsor. Me vdekjen e tij, sh\u00ebndet\u00ebsia e [&hellip;]<\/p>\n","protected":false},"author":2,"featured_media":47078,"comment_status":"closed","ping_status":"closed","sticky":false,"template":"","format":"standard","meta":{"_monsterinsights_skip_tracking":false,"_monsterinsights_sitenote_active":false,"_monsterinsights_sitenote_note":"","_monsterinsights_sitenote_category":0,"_uf_show_specific_survey":0,"_uf_disable_surveys":false,"footnotes":""},"categories":[15],"tags":[914],"yoast_head":"<!-- This site is optimized with the Yoast SEO plugin v21.5 - https:\/\/yoast.com\/wordpress\/plugins\/seo\/ -->\n<title>Doktor Sherif Krasniqi kreu tri operacione dhe ra n\u00eb kom\u00eb<\/title>\n<meta name=\"robots\" content=\"index, follow, max-snippet:-1, max-image-preview:large, max-video-preview:-1\" \/>\n<link rel=\"canonical\" href=\"https:\/\/permbledhja.com\/sq\/doktor-sherif-krasniqi-kreu-tri-operacione-dhe-ra-ne-kome\/\" \/>\n<meta property=\"og:locale\" content=\"sq_AL\" \/>\n<meta property=\"og:type\" content=\"article\" \/>\n<meta property=\"og:title\" content=\"Doktor Sherif Krasniqi kreu tri operacione dhe ra n\u00eb kom\u00eb\" \/>\n<meta property=\"og:description\" content=\"Tri operacione\u00a0 i kreu me sukses \u00a0dhe\u00a0 ra n\u00eb kom\u00eb. Gjendja sh\u00ebndet\u00ebsore iu keq\u00ebsua gjat\u00eb koh\u00ebs s\u00eb kujdestaris\u00eb \u00a0n\u00eb Spitalin e P\u00ebrgjithsh\u00ebm \u00a0\u00a0\u201cPrim.Dr.Daut Mustafa\u201dn\u00eb Prizren. Dr.Sherif Krasniqi, kirurg i p\u00ebrgjithsh\u00ebm, e humbi betej\u00ebn me s\u00ebmundjen, \u00a0\u00a0p\u00ebrkund\u00ebr p\u00ebrpjekjeve t\u00eb koleg\u00ebve t\u00eb tij, \u00a0p\u00ebr ta shp\u00ebtuar, dy \u00a0jav\u00eb pas trajtimit mjek\u00ebsor. Me vdekjen e tij, sh\u00ebndet\u00ebsia e [&hellip;]\" \/>\n<meta property=\"og:url\" content=\"https:\/\/permbledhja.com\/sq\/doktor-sherif-krasniqi-kreu-tri-operacione-dhe-ra-ne-kome\/\" \/>\n<meta property=\"og:site_name\" content=\"Ve\u00e7 artikuj p\u00ebrmbledh\u00ebs\" \/>\n<meta property=\"article:publisher\" content=\"https:\/\/www.facebook.com\/press07\/\" \/>\n<meta property=\"article:published_time\" content=\"2024-02-11T16:40:25+00:00\" \/>\n<meta property=\"og:image\" content=\"https:\/\/permbledhja.com\/wp-content\/uploads\/2024\/02\/dr-sherif-krasniqi.jpg\" \/>\n\t<meta property=\"og:image:width\" content=\"600\" \/>\n\t<meta property=\"og:image:height\" content=\"338\" \/>\n\t<meta property=\"og:image:type\" content=\"image\/jpeg\" \/>\n<meta name=\"author\" content=\"M M\" \/>\n<meta name=\"twitter:card\" content=\"summary_large_image\" \/>\n<meta name=\"twitter:label1\" content=\"Written by\" \/>\n\t<meta name=\"twitter:data1\" content=\"M M\" \/>\n\t<meta name=\"twitter:label2\" content=\"Est. reading time\" \/>\n\t<meta name=\"twitter:data2\" content=\"5 minuta\" \/>\n<script type=\"application\/ld+json\" class=\"yoast-schema-graph\">{\"@context\":\"https:\/\/schema.org\",\"@graph\":[{\"@type\":\"Article\",\"@id\":\"https:\/\/permbledhja.com\/doktor-sherif-krasniqi-kreu-tri-operacione-dhe-ra-ne-kome\/#article\",\"isPartOf\":{\"@id\":\"https:\/\/permbledhja.com\/doktor-sherif-krasniqi-kreu-tri-operacione-dhe-ra-ne-kome\/\"},\"author\":{\"name\":\"M M\",\"@id\":\"https:\/\/permbledhja.com\/#\/schema\/person\/d23f13f59b5722643933d6780783acf3\"},\"headline\":\"Doktor Sherif Krasniqi kreu tri operacione dhe ra n\u00eb kom\u00eb\",\"datePublished\":\"2024-02-11T16:40:25+00:00\",\"dateModified\":\"2024-02-11T16:40:25+00:00\",\"mainEntityOfPage\":{\"@id\":\"https:\/\/permbledhja.com\/doktor-sherif-krasniqi-kreu-tri-operacione-dhe-ra-ne-kome\/\"},\"wordCount\":979,\"publisher\":{\"@id\":\"https:\/\/permbledhja.com\/#organization\"},\"keywords\":[\"Doktori\"],\"articleSection\":[\"Lajme\"],\"inLanguage\":\"sq\"},{\"@type\":\"WebPage\",\"@id\":\"https:\/\/permbledhja.com\/doktor-sherif-krasniqi-kreu-tri-operacione-dhe-ra-ne-kome\/\",\"url\":\"https:\/\/permbledhja.com\/doktor-sherif-krasniqi-kreu-tri-operacione-dhe-ra-ne-kome\/\",\"name\":\"Doktor Sherif Krasniqi kreu tri operacione dhe ra n\u00eb kom\u00eb\",\"isPartOf\":{\"@id\":\"https:\/\/permbledhja.com\/#website\"},\"datePublished\":\"2024-02-11T16:40:25+00:00\",\"dateModified\":\"2024-02-11T16:40:25+00:00\",\"breadcrumb\":{\"@id\":\"https:\/\/permbledhja.com\/doktor-sherif-krasniqi-kreu-tri-operacione-dhe-ra-ne-kome\/#breadcrumb\"},\"inLanguage\":\"sq\",\"potentialAction\":[{\"@type\":\"ReadAction\",\"target\":[\"https:\/\/permbledhja.com\/doktor-sherif-krasniqi-kreu-tri-operacione-dhe-ra-ne-kome\/\"]}]},{\"@type\":\"BreadcrumbList\",\"@id\":\"https:\/\/permbledhja.com\/doktor-sherif-krasniqi-kreu-tri-operacione-dhe-ra-ne-kome\/#breadcrumb\",\"itemListElement\":[{\"@type\":\"ListItem\",\"position\":1,\"name\":\"Ballina\",\"item\":\"https:\/\/permbledhja.com\/sq\/\"},{\"@type\":\"ListItem\",\"position\":2,\"name\":\"Doktor Sherif Krasniqi kreu tri operacione dhe ra n\u00eb kom\u00eb\"}]},{\"@type\":\"WebSite\",\"@id\":\"https:\/\/permbledhja.com\/#website\",\"url\":\"https:\/\/permbledhja.com\/\",\"name\":\"Ve\u00e7 artikuj p\u00ebrmbledh\u00ebs\",\"description\":\"\",\"publisher\":{\"@id\":\"https:\/\/permbledhja.com\/#organization\"},\"potentialAction\":[{\"@type\":\"SearchAction\",\"target\":{\"@type\":\"EntryPoint\",\"urlTemplate\":\"https:\/\/permbledhja.com\/?s={search_term_string}\"},\"query-input\":\"required name=search_term_string\"}],\"inLanguage\":\"sq\"},{\"@type\":\"Organization\",\"@id\":\"https:\/\/permbledhja.com\/#organization\",\"name\":\"MK Media & Pr\",\"url\":\"https:\/\/permbledhja.com\/\",\"logo\":{\"@type\":\"ImageObject\",\"inLanguage\":\"sq\",\"@id\":\"https:\/\/permbledhja.com\/#\/schema\/logo\/image\/\",\"url\":\"https:\/\/permbledhja.com\/wp-content\/uploads\/2021\/12\/07-Press-Logo.jpg\",\"contentUrl\":\"https:\/\/permbledhja.com\/wp-content\/uploads\/2021\/12\/07-Press-Logo.jpg\",\"width\":512,\"height\":512,\"caption\":\"MK Media & Pr\"},\"image\":{\"@id\":\"https:\/\/permbledhja.com\/#\/schema\/logo\/image\/\"},\"sameAs\":[\"https:\/\/www.facebook.com\/press07\/\"]},{\"@type\":\"Person\",\"@id\":\"https:\/\/permbledhja.com\/#\/schema\/person\/d23f13f59b5722643933d6780783acf3\",\"name\":\"M M\",\"image\":{\"@type\":\"ImageObject\",\"inLanguage\":\"sq\",\"@id\":\"https:\/\/permbledhja.com\/#\/schema\/person\/image\/\",\"url\":\"https:\/\/secure.gravatar.com\/avatar\/e2835a76ca7c31a2416b2d51c4ec9a8f?s=96&d=mm&r=g\",\"contentUrl\":\"https:\/\/secure.gravatar.com\/avatar\/e2835a76ca7c31a2416b2d51c4ec9a8f?s=96&d=mm&r=g\",\"caption\":\"M M\"},\"sameAs\":[\"http:\/\/MM\"],\"url\":\"https:\/\/permbledhja.com\/sq\/author\/muhamet\/\"}]}<\/script>\n<!-- \/ Yoast SEO plugin. -->","yoast_head_json":{"title":"Doktor Sherif Krasniqi kreu tri operacione dhe ra n\u00eb kom\u00eb","robots":{"index":"index","follow":"follow","max-snippet":"max-snippet:-1","max-image-preview":"max-image-preview:large","max-video-preview":"max-video-preview:-1"},"canonical":"https:\/\/permbledhja.com\/sq\/doktor-sherif-krasniqi-kreu-tri-operacione-dhe-ra-ne-kome\/","og_locale":"sq_AL","og_type":"article","og_title":"Doktor Sherif Krasniqi kreu tri operacione dhe ra n\u00eb kom\u00eb","og_description":"Tri operacione\u00a0 i kreu me sukses \u00a0dhe\u00a0 ra n\u00eb kom\u00eb. Gjendja sh\u00ebndet\u00ebsore iu keq\u00ebsua gjat\u00eb koh\u00ebs s\u00eb kujdestaris\u00eb \u00a0n\u00eb Spitalin e P\u00ebrgjithsh\u00ebm \u00a0\u00a0\u201cPrim.Dr.Daut Mustafa\u201dn\u00eb Prizren. Dr.Sherif Krasniqi, kirurg i p\u00ebrgjithsh\u00ebm, e humbi betej\u00ebn me s\u00ebmundjen, \u00a0\u00a0p\u00ebrkund\u00ebr p\u00ebrpjekjeve t\u00eb koleg\u00ebve t\u00eb tij, \u00a0p\u00ebr ta shp\u00ebtuar, dy \u00a0jav\u00eb pas trajtimit mjek\u00ebsor. Me vdekjen e tij, sh\u00ebndet\u00ebsia e [&hellip;]","og_url":"https:\/\/permbledhja.com\/sq\/doktor-sherif-krasniqi-kreu-tri-operacione-dhe-ra-ne-kome\/","og_site_name":"Ve\u00e7 artikuj p\u00ebrmbledh\u00ebs","article_publisher":"https:\/\/www.facebook.com\/press07\/","article_published_time":"2024-02-11T16:40:25+00:00","og_image":[{"width":600,"height":338,"url":"https:\/\/permbledhja.com\/wp-content\/uploads\/2024\/02\/dr-sherif-krasniqi.jpg","type":"image\/jpeg"}],"author":"M M","twitter_card":"summary_large_image","twitter_misc":{"Written by":"M M","Est. reading time":"5 minuta"},"schema":{"@context":"https:\/\/schema.org","@graph":[{"@type":"Article","@id":"https:\/\/permbledhja.com\/doktor-sherif-krasniqi-kreu-tri-operacione-dhe-ra-ne-kome\/#article","isPartOf":{"@id":"https:\/\/permbledhja.com\/doktor-sherif-krasniqi-kreu-tri-operacione-dhe-ra-ne-kome\/"},"author":{"name":"M M","@id":"https:\/\/permbledhja.com\/#\/schema\/person\/d23f13f59b5722643933d6780783acf3"},"headline":"Doktor Sherif Krasniqi kreu tri operacione dhe ra n\u00eb kom\u00eb","datePublished":"2024-02-11T16:40:25+00:00","dateModified":"2024-02-11T16:40:25+00:00","mainEntityOfPage":{"@id":"https:\/\/permbledhja.com\/doktor-sherif-krasniqi-kreu-tri-operacione-dhe-ra-ne-kome\/"},"wordCount":979,"publisher":{"@id":"https:\/\/permbledhja.com\/#organization"},"keywords":["Doktori"],"articleSection":["Lajme"],"inLanguage":"sq"},{"@type":"WebPage","@id":"https:\/\/permbledhja.com\/doktor-sherif-krasniqi-kreu-tri-operacione-dhe-ra-ne-kome\/","url":"https:\/\/permbledhja.com\/doktor-sherif-krasniqi-kreu-tri-operacione-dhe-ra-ne-kome\/","name":"Doktor Sherif Krasniqi kreu tri operacione dhe ra n\u00eb kom\u00eb","isPartOf":{"@id":"https:\/\/permbledhja.com\/#website"},"datePublished":"2024-02-11T16:40:25+00:00","dateModified":"2024-02-11T16:40:25+00:00","breadcrumb":{"@id":"https:\/\/permbledhja.com\/doktor-sherif-krasniqi-kreu-tri-operacione-dhe-ra-ne-kome\/#breadcrumb"},"inLanguage":"sq","potentialAction":[{"@type":"ReadAction","target":["https:\/\/permbledhja.com\/doktor-sherif-krasniqi-kreu-tri-operacione-dhe-ra-ne-kome\/"]}]},{"@type":"BreadcrumbList","@id":"https:\/\/permbledhja.com\/doktor-sherif-krasniqi-kreu-tri-operacione-dhe-ra-ne-kome\/#breadcrumb","itemListElement":[{"@type":"ListItem","position":1,"name":"Ballina","item":"https:\/\/permbledhja.com\/sq\/"},{"@type":"ListItem","position":2,"name":"Doktor Sherif Krasniqi kreu tri operacione dhe ra n\u00eb kom\u00eb"}]},{"@type":"WebSite","@id":"https:\/\/permbledhja.com\/#website","url":"https:\/\/permbledhja.com\/","name":"Ve\u00e7 artikuj p\u00ebrmbledh\u00ebs","description":"","publisher":{"@id":"https:\/\/permbledhja.com\/#organization"},"potentialAction":[{"@type":"SearchAction","target":{"@type":"EntryPoint","urlTemplate":"https:\/\/permbledhja.com\/?s={search_term_string}"},"query-input":"required name=search_term_string"}],"inLanguage":"sq"},{"@type":"Organization","@id":"https:\/\/permbledhja.com\/#organization","name":"MK Media & Pr","url":"https:\/\/permbledhja.com\/","logo":{"@type":"ImageObject","inLanguage":"sq","@id":"https:\/\/permbledhja.com\/#\/schema\/logo\/image\/","url":"https:\/\/permbledhja.com\/wp-content\/uploads\/2021\/12\/07-Press-Logo.jpg","contentUrl":"https:\/\/permbledhja.com\/wp-content\/uploads\/2021\/12\/07-Press-Logo.jpg","width":512,"height":512,"caption":"MK Media & Pr"},"image":{"@id":"https:\/\/permbledhja.com\/#\/schema\/logo\/image\/"},"sameAs":["https:\/\/www.facebook.com\/press07\/"]},{"@type":"Person","@id":"https:\/\/permbledhja.com\/#\/schema\/person\/d23f13f59b5722643933d6780783acf3","name":"M M","image":{"@type":"ImageObject","inLanguage":"sq","@id":"https:\/\/permbledhja.com\/#\/schema\/person\/image\/","url":"https:\/\/secure.gravatar.com\/avatar\/e2835a76ca7c31a2416b2d51c4ec9a8f?s=96&d=mm&r=g","contentUrl":"https:\/\/secure.gravatar.com\/avatar\/e2835a76ca7c31a2416b2d51c4ec9a8f?s=96&d=mm&r=g","caption":"M M"},"sameAs":["http:\/\/MM"],"url":"https:\/\/permbledhja.com\/sq\/author\/muhamet\/"}]}},"_links":{"self":[{"href":"https:\/\/permbledhja.com\/sq\/wp-json\/wp\/v2\/posts\/47077"}],"collection":[{"href":"https:\/\/permbledhja.com\/sq\/wp-json\/wp\/v2\/posts"}],"about":[{"href":"https:\/\/permbledhja.com\/sq\/wp-json\/wp\/v2\/types\/post"}],"author":[{"embeddable":true,"href":"https:\/\/permbledhja.com\/sq\/wp-json\/wp\/v2\/users\/2"}],"replies":[{"embeddable":true,"href":"https:\/\/permbledhja.com\/sq\/wp-json\/wp\/v2\/comments?post=47077"}],"version-history":[{"count":1,"href":"https:\/\/permbledhja.com\/sq\/wp-json\/wp\/v2\/posts\/47077\/revisions"}],"predecessor-version":[{"id":47079,"href":"https:\/\/permbledhja.com\/sq\/wp-json\/wp\/v2\/posts\/47077\/revisions\/47079"}],"wp:featuredmedia":[{"embeddable":true,"href":"https:\/\/permbledhja.com\/sq\/wp-json\/wp\/v2\/media\/47078"}],"wp:attachment":[{"href":"https:\/\/permbledhja.com\/sq\/wp-json\/wp\/v2\/media?parent=47077"}],"wp:term":[{"taxonomy":"category","embeddable":true,"href":"https:\/\/permbledhja.com\/sq\/wp-json\/wp\/v2\/categories?post=47077"},{"taxonomy":"post_tag","embeddable":true,"href":"https:\/\/permbledhja.com\/sq\/wp-json\/wp\/v2\/tags?post=47077"}],"curies":[{"name":"wp","href":"https:\/\/api.w.org\/{rel}","templated":true}]}}