{"id":47041,"date":"2024-02-11T14:08:23","date_gmt":"2024-02-11T14:08:23","guid":{"rendered":"https:\/\/permbledhja.com\/?p=47041"},"modified":"2024-02-11T14:08:23","modified_gmt":"2024-02-11T14:08:23","slug":"ekipet-emergjente-ne-prishtine-intervenuan-mbreme-sot-ne-gjendje-gatishmerie-ndaj-ererave-te-forta","status":"publish","type":"post","link":"https:\/\/permbledhja.com\/sq\/ekipet-emergjente-ne-prishtine-intervenuan-mbreme-sot-ne-gjendje-gatishmerie-ndaj-ererave-te-forta\/","title":{"rendered":"Ekipet emergjente n\u00eb Prishtin\u00eb intervenuan mbr\u00ebm\u00eb, sot n\u00eb gjendje gatishm\u00ebrie ndaj er\u00ebrave t\u00eb forta"},"content":{"rendered":"<h3>Ekipet p\u00ebr siguri dhe emergjenc\u00ebs por edhe zjarrfik\u00ebsit kan\u00eb intervenuar mbr\u00ebm\u00eb n\u00eb disa raste n\u00eb lagjet e Prishtin\u00ebs, e q\u00eb ishin si pasoj\u00eb e er\u00ebrave t\u00eb forta.<\/h3>\n<p>Kurse, sot kur edhe jan\u00eb paralajm\u00ebruar rreziqe p\u00ebr shkak t\u00eb er\u00ebrave, \u00ebsht\u00eb b\u00ebr\u00eb edhe nj\u00ebher\u00eb izolimi i nd\u00ebrtes\u00ebs s\u00eb komun\u00ebs s\u00eb re n\u00eb \u201cArb\u00ebri\u201d, n\u00eb m\u00ebnyr\u00eb q\u00eb t\u00eb evitohet \u00e7do rrezik si p\u00ebr qytetar\u00ebt, ashtu edhe gj\u00ebrat materiale.<\/p>\n<p>Komuna e Prishtin\u00ebs ka paralajm\u00ebruar qytetar\u00ebt se sot do t\u00eb ket\u00eb er\u00ebra t\u00eb forta nga 20 deri n\u00eb 80 km\/h, prej t\u00eb cilave do t\u00eb ket\u00eb edhe d\u00ebme materiale.<\/p>\n<p>Drejtori i drejtoris\u00eb p\u00ebr siguri dhe emergjenc\u00eb n\u00eb Komun\u00ebn e Prishtin\u00ebs, Lul\u00ebzim Fushtica thot\u00eb p\u00ebr KosovaPress, se t\u00eb gjitha ekipet e drejtoris\u00eb p\u00ebr emergjenca dhe zjarrfik\u00ebsit, jan\u00eb n\u00eb gjendje gatishm\u00ebrie p\u00ebr \u00e7do rast q\u00eb mund t\u00eb ndodh\u00eb n\u00eb qytet p\u00ebr shkak t\u00eb er\u00ebrave t\u00eb forta.<\/p>\n<p>\u201cAshtu si\u00e7 e kemi paralajm\u00ebruar mbr\u00ebm\u00eb edhe n\u00eb postimin q\u00eb e ka b\u00ebr\u00eb kryeqyteti dhe drejtoria p\u00ebr siguri dhe emergjenca dhe sipas Institutit Meteorologjik, sot n\u00eb Kosov\u00eb por edhe n\u00eb Prishtin\u00eb, parashihet q\u00eb t\u00eb godasin era t\u00eb forta lokale dhe p\u00ebr k\u00ebt\u00eb arsye ne i kemi marr\u00eb t\u00eb gjitha masat dhe kemi njoftuar edhe qytetar\u00ebt, kemi mobilizuar t\u00eb gjitha ekipet. Mbr\u00ebm\u00eb deri n\u00eb or\u00ebt e vona t\u00eb mesnat\u00ebs kemi pasur disa intervenime n\u00ebp\u00ebr qytet, sot kemi b\u00ebr\u00eb edhe nj\u00ebher\u00eb izolimin e nd\u00ebrtes\u00ebs s\u00eb komun\u00ebs s\u00eb re n\u00eb \u201cArb\u00ebri\u201d, p\u00ebr arsye se jan\u00eb duke vazhduar punime n\u00eb \u00e7atin\u00eb q\u00eb \u00ebsht\u00eb rr\u00ebzuar n\u00eb muajin e kaluar, n\u00eb m\u00ebnyr\u00eb q\u00eb t\u00eb evitojm\u00eb \u00e7do rrezik si p\u00ebr qytetar\u00ebt dhe p\u00ebr t\u00eb mirat materiale\u202601:05 T\u00eb gjitha ekipet e drejtoris\u00eb p\u00ebr emergjenca, zjarrfik\u00ebs jan\u00eb n\u00eb gjendje gatishm\u00ebrie p\u00ebr \u00e7do rast q\u00eb mund t\u00eb ndodh\u00eb n\u00eb kryeqytet,\u201d\u00a0thot\u00eb Fushtica.<\/p>\n<p>Fushtica shprehet se mbr\u00ebm\u00eb ekipet e emergjenc\u00ebs kan\u00eb qen\u00eb n\u00eb teren, pasi q\u00eb qytetar\u00ebt kan\u00eb lajm\u00ebruar p\u00ebr disa d\u00ebme n\u00eb disa lagje t\u00eb Prishtin\u00ebs.<\/p>\n<p><strong>\u201c<\/strong>Ne i kemi pasur disa raste n\u00eb disa lagje, kemi pasur incidente apo d\u00ebme t\u00eb vogla t\u00eb izoluara por me intervenimin e shpejt\u00eb t\u00eb drejtoris\u00eb dhe zjarrfik\u00ebsve jan\u00eb evituar me koh\u00eb, kemi pasur nj\u00eb rast n\u00eb rrug\u00ebn \u201cBajram Bahtiri\u201d, ku n\u00eb or\u00ebn 1:00 t\u00eb mesnat\u00ebs, qytetar\u00ebt kan\u00eb lajm\u00ebruar se nj\u00eb llamarin\u00eb ka dashur t\u00eb rr\u00ebzohet nga kulmi, kemi dalur me ekipe dhe \u00ebsht\u00eb evituar rreziku,\u201d\u00a0shprehet ai.<\/p>\n<p>P\u00ebrndryshe, m\u00eb 18 janar, nga er\u00ebrat e forta \u00ebsht\u00eb shembur kulmi i nd\u00ebrtes\u00ebs s\u00eb Komun\u00ebs s\u00eb re, ku nj\u00eb 23 vje\u00e7are \u00ebsht\u00eb l\u00ebnduar r\u00ebnd\u00eb si pasoj\u00eb e saj. Ajo \u00ebsht\u00eb trajtuar n\u00eb mjekimin intensiv, e cila ka qen\u00eb n\u00eb gjendje kome, por p\u00ebr fat t\u00eb mir\u00eb, gjendja e saj ka filluar t\u00eb p\u00ebrmir\u00ebsohet.<\/p>\n<p>N\u00eb \u00e7do rast rreziku, raportoni n\u00eb Qendr\u00ebn Emergjente t\u00eb Kryeqytetit n\u00eb numrat: 0800 112 33 ose 0800 112 44.<\/p>\n","protected":false},"excerpt":{"rendered":"<p>Ekipet p\u00ebr siguri dhe emergjenc\u00ebs por edhe zjarrfik\u00ebsit kan\u00eb intervenuar mbr\u00ebm\u00eb n\u00eb disa raste n\u00eb lagjet e Prishtin\u00ebs, e q\u00eb ishin si pasoj\u00eb e er\u00ebrave t\u00eb forta. Kurse, sot kur edhe jan\u00eb paralajm\u00ebruar rreziqe p\u00ebr shkak t\u00eb er\u00ebrave, \u00ebsht\u00eb b\u00ebr\u00eb edhe nj\u00ebher\u00eb izolimi i nd\u00ebrtes\u00ebs s\u00eb komun\u00ebs s\u00eb re n\u00eb \u201cArb\u00ebri\u201d, n\u00eb m\u00ebnyr\u00eb q\u00eb t\u00eb [&hellip;]<\/p>\n","protected":false},"author":5,"featured_media":47042,"comment_status":"closed","ping_status":"closed","sticky":false,"template":"","format":"standard","meta":{"_monsterinsights_skip_tracking":false,"_monsterinsights_sitenote_active":false,"_monsterinsights_sitenote_note":"","_monsterinsights_sitenote_category":0,"_uf_show_specific_survey":0,"_uf_disable_surveys":false,"footnotes":""},"categories":[15],"tags":[],"yoast_head":"<!-- This site is optimized with the Yoast SEO plugin v21.5 - https:\/\/yoast.com\/wordpress\/plugins\/seo\/ -->\n<title>Ekipet emergjente n\u00eb Prishtin\u00eb intervenuan mbr\u00ebm\u00eb, sot n\u00eb gjendje gatishm\u00ebrie ndaj er\u00ebrave t\u00eb forta<\/title>\n<meta name=\"robots\" content=\"index, follow, max-snippet:-1, max-image-preview:large, max-video-preview:-1\" \/>\n<link rel=\"canonical\" href=\"https:\/\/permbledhja.com\/sq\/ekipet-emergjente-ne-prishtine-intervenuan-mbreme-sot-ne-gjendje-gatishmerie-ndaj-ererave-te-forta\/\" \/>\n<meta property=\"og:locale\" content=\"sq_AL\" \/>\n<meta property=\"og:type\" content=\"article\" \/>\n<meta property=\"og:title\" content=\"Ekipet emergjente n\u00eb Prishtin\u00eb intervenuan mbr\u00ebm\u00eb, sot n\u00eb gjendje gatishm\u00ebrie ndaj er\u00ebrave t\u00eb forta\" \/>\n<meta property=\"og:description\" content=\"Ekipet p\u00ebr siguri dhe emergjenc\u00ebs por edhe zjarrfik\u00ebsit kan\u00eb intervenuar mbr\u00ebm\u00eb n\u00eb disa raste n\u00eb lagjet e Prishtin\u00ebs, e q\u00eb ishin si pasoj\u00eb e er\u00ebrave t\u00eb forta. Kurse, sot kur edhe jan\u00eb paralajm\u00ebruar rreziqe p\u00ebr shkak t\u00eb er\u00ebrave, \u00ebsht\u00eb b\u00ebr\u00eb edhe nj\u00ebher\u00eb izolimi i nd\u00ebrtes\u00ebs s\u00eb komun\u00ebs s\u00eb re n\u00eb \u201cArb\u00ebri\u201d, n\u00eb m\u00ebnyr\u00eb q\u00eb t\u00eb [&hellip;]\" \/>\n<meta property=\"og:url\" content=\"https:\/\/permbledhja.com\/sq\/ekipet-emergjente-ne-prishtine-intervenuan-mbreme-sot-ne-gjendje-gatishmerie-ndaj-ererave-te-forta\/\" \/>\n<meta property=\"og:site_name\" content=\"Ve\u00e7 artikuj p\u00ebrmbledh\u00ebs\" \/>\n<meta property=\"article:publisher\" content=\"https:\/\/www.facebook.com\/press07\/\" \/>\n<meta property=\"article:published_time\" content=\"2024-02-11T14:08:23+00:00\" \/>\n<meta property=\"og:image\" content=\"https:\/\/permbledhja.com\/wp-content\/uploads\/2024\/02\/ek.jpg\" \/>\n\t<meta property=\"og:image:width\" content=\"600\" \/>\n\t<meta property=\"og:image:height\" content=\"400\" \/>\n\t<meta property=\"og:image:type\" content=\"image\/jpeg\" \/>\n<meta name=\"author\" content=\"DL\" \/>\n<meta name=\"twitter:card\" content=\"summary_large_image\" \/>\n<meta name=\"twitter:label1\" content=\"Written by\" \/>\n\t<meta name=\"twitter:data1\" content=\"DL\" \/>\n\t<meta name=\"twitter:label2\" content=\"Est. reading time\" \/>\n\t<meta name=\"twitter:data2\" content=\"3 minuta\" \/>\n<script type=\"application\/ld+json\" class=\"yoast-schema-graph\">{\"@context\":\"https:\/\/schema.org\",\"@graph\":[{\"@type\":\"Article\",\"@id\":\"https:\/\/permbledhja.com\/ekipet-emergjente-ne-prishtine-intervenuan-mbreme-sot-ne-gjendje-gatishmerie-ndaj-ererave-te-forta\/#article\",\"isPartOf\":{\"@id\":\"https:\/\/permbledhja.com\/ekipet-emergjente-ne-prishtine-intervenuan-mbreme-sot-ne-gjendje-gatishmerie-ndaj-ererave-te-forta\/\"},\"author\":{\"name\":\"DL\",\"@id\":\"https:\/\/permbledhja.com\/#\/schema\/person\/9c54260cbc4c6f792cb100550491638c\"},\"headline\":\"Ekipet emergjente n\u00eb Prishtin\u00eb intervenuan mbr\u00ebm\u00eb, sot n\u00eb gjendje gatishm\u00ebrie ndaj er\u00ebrave t\u00eb forta\",\"datePublished\":\"2024-02-11T14:08:23+00:00\",\"dateModified\":\"2024-02-11T14:08:23+00:00\",\"mainEntityOfPage\":{\"@id\":\"https:\/\/permbledhja.com\/ekipet-emergjente-ne-prishtine-intervenuan-mbreme-sot-ne-gjendje-gatishmerie-ndaj-ererave-te-forta\/\"},\"wordCount\":541,\"publisher\":{\"@id\":\"https:\/\/permbledhja.com\/#organization\"},\"articleSection\":[\"Lajme\"],\"inLanguage\":\"sq\"},{\"@type\":\"WebPage\",\"@id\":\"https:\/\/permbledhja.com\/ekipet-emergjente-ne-prishtine-intervenuan-mbreme-sot-ne-gjendje-gatishmerie-ndaj-ererave-te-forta\/\",\"url\":\"https:\/\/permbledhja.com\/ekipet-emergjente-ne-prishtine-intervenuan-mbreme-sot-ne-gjendje-gatishmerie-ndaj-ererave-te-forta\/\",\"name\":\"Ekipet emergjente n\u00eb Prishtin\u00eb intervenuan mbr\u00ebm\u00eb, sot n\u00eb gjendje gatishm\u00ebrie ndaj er\u00ebrave t\u00eb forta\",\"isPartOf\":{\"@id\":\"https:\/\/permbledhja.com\/#website\"},\"datePublished\":\"2024-02-11T14:08:23+00:00\",\"dateModified\":\"2024-02-11T14:08:23+00:00\",\"breadcrumb\":{\"@id\":\"https:\/\/permbledhja.com\/ekipet-emergjente-ne-prishtine-intervenuan-mbreme-sot-ne-gjendje-gatishmerie-ndaj-ererave-te-forta\/#breadcrumb\"},\"inLanguage\":\"sq\",\"potentialAction\":[{\"@type\":\"ReadAction\",\"target\":[\"https:\/\/permbledhja.com\/ekipet-emergjente-ne-prishtine-intervenuan-mbreme-sot-ne-gjendje-gatishmerie-ndaj-ererave-te-forta\/\"]}]},{\"@type\":\"BreadcrumbList\",\"@id\":\"https:\/\/permbledhja.com\/ekipet-emergjente-ne-prishtine-intervenuan-mbreme-sot-ne-gjendje-gatishmerie-ndaj-ererave-te-forta\/#breadcrumb\",\"itemListElement\":[{\"@type\":\"ListItem\",\"position\":1,\"name\":\"Ballina\",\"item\":\"https:\/\/permbledhja.com\/sq\/\"},{\"@type\":\"ListItem\",\"position\":2,\"name\":\"Ekipet emergjente n\u00eb Prishtin\u00eb intervenuan mbr\u00ebm\u00eb, sot n\u00eb gjendje gatishm\u00ebrie ndaj er\u00ebrave t\u00eb forta\"}]},{\"@type\":\"WebSite\",\"@id\":\"https:\/\/permbledhja.com\/#website\",\"url\":\"https:\/\/permbledhja.com\/\",\"name\":\"Ve\u00e7 artikuj p\u00ebrmbledh\u00ebs\",\"description\":\"\",\"publisher\":{\"@id\":\"https:\/\/permbledhja.com\/#organization\"},\"potentialAction\":[{\"@type\":\"SearchAction\",\"target\":{\"@type\":\"EntryPoint\",\"urlTemplate\":\"https:\/\/permbledhja.com\/?s={search_term_string}\"},\"query-input\":\"required name=search_term_string\"}],\"inLanguage\":\"sq\"},{\"@type\":\"Organization\",\"@id\":\"https:\/\/permbledhja.com\/#organization\",\"name\":\"MK Media & Pr\",\"url\":\"https:\/\/permbledhja.com\/\",\"logo\":{\"@type\":\"ImageObject\",\"inLanguage\":\"sq\",\"@id\":\"https:\/\/permbledhja.com\/#\/schema\/logo\/image\/\",\"url\":\"https:\/\/permbledhja.com\/wp-content\/uploads\/2021\/12\/07-Press-Logo.jpg\",\"contentUrl\":\"https:\/\/permbledhja.com\/wp-content\/uploads\/2021\/12\/07-Press-Logo.jpg\",\"width\":512,\"height\":512,\"caption\":\"MK Media & Pr\"},\"image\":{\"@id\":\"https:\/\/permbledhja.com\/#\/schema\/logo\/image\/\"},\"sameAs\":[\"https:\/\/www.facebook.com\/press07\/\"]},{\"@type\":\"Person\",\"@id\":\"https:\/\/permbledhja.com\/#\/schema\/person\/9c54260cbc4c6f792cb100550491638c\",\"name\":\"DL\",\"image\":{\"@type\":\"ImageObject\",\"inLanguage\":\"sq\",\"@id\":\"https:\/\/permbledhja.com\/#\/schema\/person\/image\/\",\"url\":\"https:\/\/secure.gravatar.com\/avatar\/94503eb28d4c4b2005a5c8753e35fc80?s=96&d=mm&r=g\",\"contentUrl\":\"https:\/\/secure.gravatar.com\/avatar\/94503eb28d4c4b2005a5c8753e35fc80?s=96&d=mm&r=g\",\"caption\":\"DL\"},\"url\":\"https:\/\/permbledhja.com\/sq\/author\/dl\/\"}]}<\/script>\n<!-- \/ Yoast SEO plugin. -->","yoast_head_json":{"title":"Ekipet emergjente n\u00eb Prishtin\u00eb intervenuan mbr\u00ebm\u00eb, sot n\u00eb gjendje gatishm\u00ebrie ndaj er\u00ebrave t\u00eb forta","robots":{"index":"index","follow":"follow","max-snippet":"max-snippet:-1","max-image-preview":"max-image-preview:large","max-video-preview":"max-video-preview:-1"},"canonical":"https:\/\/permbledhja.com\/sq\/ekipet-emergjente-ne-prishtine-intervenuan-mbreme-sot-ne-gjendje-gatishmerie-ndaj-ererave-te-forta\/","og_locale":"sq_AL","og_type":"article","og_title":"Ekipet emergjente n\u00eb Prishtin\u00eb intervenuan mbr\u00ebm\u00eb, sot n\u00eb gjendje gatishm\u00ebrie ndaj er\u00ebrave t\u00eb forta","og_description":"Ekipet p\u00ebr siguri dhe emergjenc\u00ebs por edhe zjarrfik\u00ebsit kan\u00eb intervenuar mbr\u00ebm\u00eb n\u00eb disa raste n\u00eb lagjet e Prishtin\u00ebs, e q\u00eb ishin si pasoj\u00eb e er\u00ebrave t\u00eb forta. Kurse, sot kur edhe jan\u00eb paralajm\u00ebruar rreziqe p\u00ebr shkak t\u00eb er\u00ebrave, \u00ebsht\u00eb b\u00ebr\u00eb edhe nj\u00ebher\u00eb izolimi i nd\u00ebrtes\u00ebs s\u00eb komun\u00ebs s\u00eb re n\u00eb \u201cArb\u00ebri\u201d, n\u00eb m\u00ebnyr\u00eb q\u00eb t\u00eb [&hellip;]","og_url":"https:\/\/permbledhja.com\/sq\/ekipet-emergjente-ne-prishtine-intervenuan-mbreme-sot-ne-gjendje-gatishmerie-ndaj-ererave-te-forta\/","og_site_name":"Ve\u00e7 artikuj p\u00ebrmbledh\u00ebs","article_publisher":"https:\/\/www.facebook.com\/press07\/","article_published_time":"2024-02-11T14:08:23+00:00","og_image":[{"width":600,"height":400,"url":"https:\/\/permbledhja.com\/wp-content\/uploads\/2024\/02\/ek.jpg","type":"image\/jpeg"}],"author":"DL","twitter_card":"summary_large_image","twitter_misc":{"Written by":"DL","Est. reading time":"3 minuta"},"schema":{"@context":"https:\/\/schema.org","@graph":[{"@type":"Article","@id":"https:\/\/permbledhja.com\/ekipet-emergjente-ne-prishtine-intervenuan-mbreme-sot-ne-gjendje-gatishmerie-ndaj-ererave-te-forta\/#article","isPartOf":{"@id":"https:\/\/permbledhja.com\/ekipet-emergjente-ne-prishtine-intervenuan-mbreme-sot-ne-gjendje-gatishmerie-ndaj-ererave-te-forta\/"},"author":{"name":"DL","@id":"https:\/\/permbledhja.com\/#\/schema\/person\/9c54260cbc4c6f792cb100550491638c"},"headline":"Ekipet emergjente n\u00eb Prishtin\u00eb intervenuan mbr\u00ebm\u00eb, sot n\u00eb gjendje gatishm\u00ebrie ndaj er\u00ebrave t\u00eb forta","datePublished":"2024-02-11T14:08:23+00:00","dateModified":"2024-02-11T14:08:23+00:00","mainEntityOfPage":{"@id":"https:\/\/permbledhja.com\/ekipet-emergjente-ne-prishtine-intervenuan-mbreme-sot-ne-gjendje-gatishmerie-ndaj-ererave-te-forta\/"},"wordCount":541,"publisher":{"@id":"https:\/\/permbledhja.com\/#organization"},"articleSection":["Lajme"],"inLanguage":"sq"},{"@type":"WebPage","@id":"https:\/\/permbledhja.com\/ekipet-emergjente-ne-prishtine-intervenuan-mbreme-sot-ne-gjendje-gatishmerie-ndaj-ererave-te-forta\/","url":"https:\/\/permbledhja.com\/ekipet-emergjente-ne-prishtine-intervenuan-mbreme-sot-ne-gjendje-gatishmerie-ndaj-ererave-te-forta\/","name":"Ekipet emergjente n\u00eb Prishtin\u00eb intervenuan mbr\u00ebm\u00eb, sot n\u00eb gjendje gatishm\u00ebrie ndaj er\u00ebrave t\u00eb forta","isPartOf":{"@id":"https:\/\/permbledhja.com\/#website"},"datePublished":"2024-02-11T14:08:23+00:00","dateModified":"2024-02-11T14:08:23+00:00","breadcrumb":{"@id":"https:\/\/permbledhja.com\/ekipet-emergjente-ne-prishtine-intervenuan-mbreme-sot-ne-gjendje-gatishmerie-ndaj-ererave-te-forta\/#breadcrumb"},"inLanguage":"sq","potentialAction":[{"@type":"ReadAction","target":["https:\/\/permbledhja.com\/ekipet-emergjente-ne-prishtine-intervenuan-mbreme-sot-ne-gjendje-gatishmerie-ndaj-ererave-te-forta\/"]}]},{"@type":"BreadcrumbList","@id":"https:\/\/permbledhja.com\/ekipet-emergjente-ne-prishtine-intervenuan-mbreme-sot-ne-gjendje-gatishmerie-ndaj-ererave-te-forta\/#breadcrumb","itemListElement":[{"@type":"ListItem","position":1,"name":"Ballina","item":"https:\/\/permbledhja.com\/sq\/"},{"@type":"ListItem","position":2,"name":"Ekipet emergjente n\u00eb Prishtin\u00eb intervenuan mbr\u00ebm\u00eb, sot n\u00eb gjendje gatishm\u00ebrie ndaj er\u00ebrave t\u00eb forta"}]},{"@type":"WebSite","@id":"https:\/\/permbledhja.com\/#website","url":"https:\/\/permbledhja.com\/","name":"Ve\u00e7 artikuj p\u00ebrmbledh\u00ebs","description":"","publisher":{"@id":"https:\/\/permbledhja.com\/#organization"},"potentialAction":[{"@type":"SearchAction","target":{"@type":"EntryPoint","urlTemplate":"https:\/\/permbledhja.com\/?s={search_term_string}"},"query-input":"required name=search_term_string"}],"inLanguage":"sq"},{"@type":"Organization","@id":"https:\/\/permbledhja.com\/#organization","name":"MK Media & Pr","url":"https:\/\/permbledhja.com\/","logo":{"@type":"ImageObject","inLanguage":"sq","@id":"https:\/\/permbledhja.com\/#\/schema\/logo\/image\/","url":"https:\/\/permbledhja.com\/wp-content\/uploads\/2021\/12\/07-Press-Logo.jpg","contentUrl":"https:\/\/permbledhja.com\/wp-content\/uploads\/2021\/12\/07-Press-Logo.jpg","width":512,"height":512,"caption":"MK Media & Pr"},"image":{"@id":"https:\/\/permbledhja.com\/#\/schema\/logo\/image\/"},"sameAs":["https:\/\/www.facebook.com\/press07\/"]},{"@type":"Person","@id":"https:\/\/permbledhja.com\/#\/schema\/person\/9c54260cbc4c6f792cb100550491638c","name":"DL","image":{"@type":"ImageObject","inLanguage":"sq","@id":"https:\/\/permbledhja.com\/#\/schema\/person\/image\/","url":"https:\/\/secure.gravatar.com\/avatar\/94503eb28d4c4b2005a5c8753e35fc80?s=96&d=mm&r=g","contentUrl":"https:\/\/secure.gravatar.com\/avatar\/94503eb28d4c4b2005a5c8753e35fc80?s=96&d=mm&r=g","caption":"DL"},"url":"https:\/\/permbledhja.com\/sq\/author\/dl\/"}]}},"_links":{"self":[{"href":"https:\/\/permbledhja.com\/sq\/wp-json\/wp\/v2\/posts\/47041"}],"collection":[{"href":"https:\/\/permbledhja.com\/sq\/wp-json\/wp\/v2\/posts"}],"about":[{"href":"https:\/\/permbledhja.com\/sq\/wp-json\/wp\/v2\/types\/post"}],"author":[{"embeddable":true,"href":"https:\/\/permbledhja.com\/sq\/wp-json\/wp\/v2\/users\/5"}],"replies":[{"embeddable":true,"href":"https:\/\/permbledhja.com\/sq\/wp-json\/wp\/v2\/comments?post=47041"}],"version-history":[{"count":1,"href":"https:\/\/permbledhja.com\/sq\/wp-json\/wp\/v2\/posts\/47041\/revisions"}],"predecessor-version":[{"id":47043,"href":"https:\/\/permbledhja.com\/sq\/wp-json\/wp\/v2\/posts\/47041\/revisions\/47043"}],"wp:featuredmedia":[{"embeddable":true,"href":"https:\/\/permbledhja.com\/sq\/wp-json\/wp\/v2\/media\/47042"}],"wp:attachment":[{"href":"https:\/\/permbledhja.com\/sq\/wp-json\/wp\/v2\/media?parent=47041"}],"wp:term":[{"taxonomy":"category","embeddable":true,"href":"https:\/\/permbledhja.com\/sq\/wp-json\/wp\/v2\/categories?post=47041"},{"taxonomy":"post_tag","embeddable":true,"href":"https:\/\/permbledhja.com\/sq\/wp-json\/wp\/v2\/tags?post=47041"}],"curies":[{"name":"wp","href":"https:\/\/api.w.org\/{rel}","templated":true}]}}