{"id":46805,"date":"2024-02-08T17:16:47","date_gmt":"2024-02-08T17:16:47","guid":{"rendered":"https:\/\/permbledhja.com\/?p=46805"},"modified":"2024-02-08T17:16:47","modified_gmt":"2024-02-08T17:16:47","slug":"lajcak-per-marreveshjet-kosove-serbi-ska-kthim-prapa-jane-te-pranuara-nga-te-dyja-palet","status":"publish","type":"post","link":"https:\/\/permbledhja.com\/sq\/lajcak-per-marreveshjet-kosove-serbi-ska-kthim-prapa-jane-te-pranuara-nga-te-dyja-palet\/","title":{"rendered":"Laj\u00e7ak p\u00ebr marr\u00ebveshjet Kosov\u00eb-Serbi: S\u2019ka kthim prapa, jan\u00eb t\u00eb pranuara nga t\u00eb dyja pal\u00ebt"},"content":{"rendered":"<h3>Me v\u00ebmendjen e Europ\u00ebs t\u00eb p\u00ebrqendruar n\u00eb luft\u00ebn e vazhdueshme midis Rusis\u00eb dhe Ukrain\u00ebs, paqja dhe stabiliteti nuk jan\u00eb aspak t\u00eb garantuara n\u00eb nj\u00eb tjet\u00ebr nga zonat m\u00eb t\u00eb paq\u00ebndrueshme t\u00eb konfliktit t\u00eb rajonit, sipas nj\u00eb diplomati t\u00eb lart\u00eb t\u00eb BE-s\u00eb.<\/h3>\n<p>Marr\u00ebdh\u00ebniet midis Serbis\u00eb dhe Kosov\u00ebs, t\u00eb cilat kan\u00eb qen\u00eb t\u00eb tensionuara q\u00eb nga konflikti brutal i dyshes n\u00eb vitet 1990, mbeten delikate nj\u00eb vit pas nj\u00eb marr\u00ebveshjeje tentative p\u00ebr nj\u00eb rrug\u00eb t\u00eb re drejt normalizimit, shkruan mediumi amerikan \u201cCNBC\u201d, transmeton Gazeta Express.<\/p>\n<p>\u201cStabiliteti \u00ebsht\u00eb i brisht\u00eb. Ne nuk mund ta marrim paqen dhe stabilitetin si t\u00eb mir\u00ebqen\u00eb\u201d, tha n\u00eb nj\u00eb intervist\u00eb p\u00ebr CNBC n\u00eb Davos, Zvic\u00ebr muajin e kaluar Miroslav Laj\u00e7ak, p\u00ebrfaq\u00ebsues i posa\u00e7\u00ebm i BE-s\u00eb p\u00ebr dialogun Beograd-Prishtin\u00eb dhe Ballkanin Per\u00ebndimor.<\/p>\n<p>CNBC, derisa raporton p\u00ebr kontekstin q\u00eb po zhvillohen bisedimet mes Kosov\u00ebs dhe Serbis\u00eb, e thekson q\u00eb \u2018vitet e konfliktit mes dyshes e kan\u00eb l\u00ebn\u00eb Evrop\u00ebn shum\u00eb t\u00eb ndar\u00eb n\u00eb rrug\u00ebn p\u00ebrpara, me disa an\u00ebtar\u00eb t\u00eb BE-s\u00eb \u2013 Spanj\u00ebn, Sllovakin\u00eb, Qipron, Rumanin\u00eb dhe Greqin\u00eb \u2013 dhe fqinj\u00eb t\u00eb tjer\u00eb jo-BE q\u00eb kund\u00ebrshtojn\u00eb pretendimin e Kosov\u00ebs p\u00ebr pavar\u00ebsi\u201d.<\/p>\n<p>Megjithat\u00eb, Laj\u00e7ak tha se marr\u00ebveshja e normalizimit e kishte avancuar situat\u00ebn \u201csi kurr\u00eb m\u00eb par\u00eb\u201d dhe vuri n\u00eb dukje se fokusi ishte tani n\u00eb zbatimin e saj. Masat e normalizimit p\u00ebrfshijn\u00eb zhvillimin e \u201cmarr\u00ebdh\u00ebnieve normale, t\u00eb fqinj\u00ebsis\u00eb s\u00eb mir\u00eb\u201d dhe kufizimin nga \u201ck\u00ebrc\u00ebnimi ose p\u00ebrdorimi i forc\u00ebs\u201d n\u00eb mosmarr\u00ebveshjet e ardhshme.<\/p>\n<p>\u201cNuk ka rrug\u00eb kthimi. Nuk ka rrug\u00eb para k\u00ebtyre marr\u00ebveshjeve sepse k\u00ebto marr\u00ebveshje jan\u00eb t\u00eb pranuara nga t\u00eb dyja pal\u00ebt\u201d.<\/p>\n<p>Si BE ashtu edhe SHBA-ja kan\u00eb investuar shum\u00eb n\u00eb normalizimin e marr\u00ebdh\u00ebnieve nd\u00ebrmjet Serbis\u00eb dhe Kosov\u00ebs, edhe pse p\u00ebrballen me konflikte t\u00eb tjera nd\u00ebrkomb\u00ebtare q\u00eb zhvillohen me shpejt\u00ebsi midis Izraelit dhe Hamasit dhe Rusis\u00eb e Ukrain\u00ebs.<\/p>\n<p>Por ora po troket. Me zgjedhjet q\u00eb priten k\u00ebt\u00eb ver\u00eb n\u00eb Parlamentin Europian dhe m\u00eb von\u00eb gjat\u00eb vitit n\u00eb SHBA, p\u00ebrparimi n\u00eb bisedimet e normalizimit do t\u00eb jet\u00eb kritik p\u00ebrpara se \u00e7\u00ebshtja t\u00eb zhvler\u00ebsohet, shkruan mediumi amerikan.<\/p>\n<p>\u201cAjo q\u00eb do t\u00eb filloj\u00eb p\u00ebrpara se BE dhe SHBA t\u00eb shkojn\u00eb n\u00eb zgjedhje do t\u00eb vazhdoj\u00eb gjat\u00eb gjith\u00eb procesit zgjedhor,\u201d tha Laj\u00e7ak.<\/p>\n<p>\u201cPor ajo q\u00eb nuk do t\u00eb filloj\u00eb para k\u00ebtyre [zgjedhjeve], un\u00eb do t\u00eb kem dyshimet e mia se do t\u00eb filloj\u00eb m\u00eb pas\u201d.<\/p>\n<p>Rezistenca ka m\u00eb shum\u00eb gjasa t\u00eb vij\u00eb nga lider\u00ebt p\u00ebrkat\u00ebs t\u00eb Serbis\u00eb dhe Kosov\u00ebs, presidenti Aleksandar Vu\u00e7iq dhe kryeministri Albin Kurti, t\u00eb cil\u00ebt kan\u00eb baza nacionaliste n\u00eb sht\u00ebpi p\u00ebr t\u00eb qet\u00ebsuar.<\/p>\n<p>Presionet jan\u00eb t\u00eb larta p\u00ebr t\u00eb dyja pal\u00ebt. Me aspiratat drejt an\u00ebtar\u00ebsimit n\u00eb BE t\u00eb Serbis\u00eb dhe Kosov\u00ebs, Laj\u00e7ak tha se kjo mund t\u2019i siguroj\u00eb BE-s\u00eb nj\u00eb karot\u00eb p\u00ebr t\u00eb nxitur paqen midis dy vendeve.<\/p>\n<p>Serbia \u00ebsht\u00eb aktualisht n\u00eb mes t\u00eb bisedimeve t\u00eb pranimit n\u00eb BE, pasi i \u00ebsht\u00eb dh\u00ebn\u00eb statusi i kandidatit n\u00eb 2012, nd\u00ebrsa Kosova ka statusin e kandidatit potencial, megjith\u00ebse t\u00eb dyjave do t\u2019u duhen reforma t\u00eb m\u00ebdha p\u00ebr t\u2019u pranuar n\u00eb bllok.<\/p>\n<p>\u201cSuksesi i procesit t\u00eb normalizimit do t\u00eb varet gjithashtu nga sa drejtp\u00ebrdrejt dhe ngusht\u00eb jan\u00eb t\u00eb lidhura me rrug\u00ebn e Kosov\u00ebs dhe Serbis\u00eb n\u00eb BE\u201d, tha Laj\u00e7ak.<\/p>\n<p>\u201cKjo \u00ebsht\u00eb leva m\u00eb e fort\u00eb q\u00eb kemi\u201d.<\/p>\n","protected":false},"excerpt":{"rendered":"<p>Me v\u00ebmendjen e Europ\u00ebs t\u00eb p\u00ebrqendruar n\u00eb luft\u00ebn e vazhdueshme midis Rusis\u00eb dhe Ukrain\u00ebs, paqja dhe stabiliteti nuk jan\u00eb aspak t\u00eb garantuara n\u00eb nj\u00eb tjet\u00ebr nga zonat m\u00eb t\u00eb paq\u00ebndrueshme t\u00eb konfliktit t\u00eb rajonit, sipas nj\u00eb diplomati t\u00eb lart\u00eb t\u00eb BE-s\u00eb. Marr\u00ebdh\u00ebniet midis Serbis\u00eb dhe Kosov\u00ebs, t\u00eb cilat kan\u00eb qen\u00eb t\u00eb tensionuara q\u00eb nga konflikti [&hellip;]<\/p>\n","protected":false},"author":5,"featured_media":46806,"comment_status":"closed","ping_status":"closed","sticky":false,"template":"","format":"standard","meta":{"_monsterinsights_skip_tracking":false,"_monsterinsights_sitenote_active":false,"_monsterinsights_sitenote_note":"","_monsterinsights_sitenote_category":0,"_uf_show_specific_survey":0,"_uf_disable_surveys":false,"footnotes":""},"categories":[1146],"tags":[],"yoast_head":"<!-- This site is optimized with the Yoast SEO plugin v21.5 - https:\/\/yoast.com\/wordpress\/plugins\/seo\/ -->\n<title>Laj\u00e7ak p\u00ebr marr\u00ebveshjet Kosov\u00eb-Serbi: S\u2019ka kthim prapa, jan\u00eb t\u00eb pranuara nga t\u00eb dyja pal\u00ebt<\/title>\n<meta name=\"robots\" content=\"index, follow, max-snippet:-1, max-image-preview:large, max-video-preview:-1\" \/>\n<link rel=\"canonical\" href=\"https:\/\/permbledhja.com\/sq\/lajcak-per-marreveshjet-kosove-serbi-ska-kthim-prapa-jane-te-pranuara-nga-te-dyja-palet\/\" \/>\n<meta property=\"og:locale\" content=\"sq_AL\" \/>\n<meta property=\"og:type\" content=\"article\" \/>\n<meta property=\"og:title\" content=\"Laj\u00e7ak p\u00ebr marr\u00ebveshjet Kosov\u00eb-Serbi: S\u2019ka kthim prapa, jan\u00eb t\u00eb pranuara nga t\u00eb dyja pal\u00ebt\" \/>\n<meta property=\"og:description\" content=\"Me v\u00ebmendjen e Europ\u00ebs t\u00eb p\u00ebrqendruar n\u00eb luft\u00ebn e vazhdueshme midis Rusis\u00eb dhe Ukrain\u00ebs, paqja dhe stabiliteti nuk jan\u00eb aspak t\u00eb garantuara n\u00eb nj\u00eb tjet\u00ebr nga zonat m\u00eb t\u00eb paq\u00ebndrueshme t\u00eb konfliktit t\u00eb rajonit, sipas nj\u00eb diplomati t\u00eb lart\u00eb t\u00eb BE-s\u00eb. Marr\u00ebdh\u00ebniet midis Serbis\u00eb dhe Kosov\u00ebs, t\u00eb cilat kan\u00eb qen\u00eb t\u00eb tensionuara q\u00eb nga konflikti [&hellip;]\" \/>\n<meta property=\"og:url\" content=\"https:\/\/permbledhja.com\/sq\/lajcak-per-marreveshjet-kosove-serbi-ska-kthim-prapa-jane-te-pranuara-nga-te-dyja-palet\/\" \/>\n<meta property=\"og:site_name\" content=\"Ve\u00e7 artikuj p\u00ebrmbledh\u00ebs\" \/>\n<meta property=\"article:publisher\" content=\"https:\/\/www.facebook.com\/press07\/\" \/>\n<meta property=\"article:published_time\" content=\"2024-02-08T17:16:47+00:00\" \/>\n<meta property=\"og:image\" content=\"https:\/\/permbledhja.com\/wp-content\/uploads\/2024\/02\/laj.jpg\" \/>\n\t<meta property=\"og:image:width\" content=\"600\" \/>\n\t<meta property=\"og:image:height\" content=\"360\" \/>\n\t<meta property=\"og:image:type\" content=\"image\/jpeg\" \/>\n<meta name=\"author\" content=\"DL\" \/>\n<meta name=\"twitter:card\" content=\"summary_large_image\" \/>\n<meta name=\"twitter:label1\" content=\"Written by\" \/>\n\t<meta name=\"twitter:data1\" content=\"DL\" \/>\n\t<meta name=\"twitter:label2\" content=\"Est. reading time\" \/>\n\t<meta name=\"twitter:data2\" content=\"3 minuta\" \/>\n<script type=\"application\/ld+json\" class=\"yoast-schema-graph\">{\"@context\":\"https:\/\/schema.org\",\"@graph\":[{\"@type\":\"Article\",\"@id\":\"https:\/\/permbledhja.com\/lajcak-per-marreveshjet-kosove-serbi-ska-kthim-prapa-jane-te-pranuara-nga-te-dyja-palet\/#article\",\"isPartOf\":{\"@id\":\"https:\/\/permbledhja.com\/lajcak-per-marreveshjet-kosove-serbi-ska-kthim-prapa-jane-te-pranuara-nga-te-dyja-palet\/\"},\"author\":{\"name\":\"DL\",\"@id\":\"https:\/\/permbledhja.com\/#\/schema\/person\/9c54260cbc4c6f792cb100550491638c\"},\"headline\":\"Laj\u00e7ak p\u00ebr marr\u00ebveshjet Kosov\u00eb-Serbi: S\u2019ka kthim prapa, jan\u00eb t\u00eb pranuara nga t\u00eb dyja pal\u00ebt\",\"datePublished\":\"2024-02-08T17:16:47+00:00\",\"dateModified\":\"2024-02-08T17:16:47+00:00\",\"mainEntityOfPage\":{\"@id\":\"https:\/\/permbledhja.com\/lajcak-per-marreveshjet-kosove-serbi-ska-kthim-prapa-jane-te-pranuara-nga-te-dyja-palet\/\"},\"wordCount\":621,\"publisher\":{\"@id\":\"https:\/\/permbledhja.com\/#organization\"},\"articleSection\":[\"Kryesoret\"],\"inLanguage\":\"sq\"},{\"@type\":\"WebPage\",\"@id\":\"https:\/\/permbledhja.com\/lajcak-per-marreveshjet-kosove-serbi-ska-kthim-prapa-jane-te-pranuara-nga-te-dyja-palet\/\",\"url\":\"https:\/\/permbledhja.com\/lajcak-per-marreveshjet-kosove-serbi-ska-kthim-prapa-jane-te-pranuara-nga-te-dyja-palet\/\",\"name\":\"Laj\u00e7ak p\u00ebr marr\u00ebveshjet Kosov\u00eb-Serbi: S\u2019ka kthim prapa, jan\u00eb t\u00eb pranuara nga t\u00eb dyja pal\u00ebt\",\"isPartOf\":{\"@id\":\"https:\/\/permbledhja.com\/#website\"},\"datePublished\":\"2024-02-08T17:16:47+00:00\",\"dateModified\":\"2024-02-08T17:16:47+00:00\",\"breadcrumb\":{\"@id\":\"https:\/\/permbledhja.com\/lajcak-per-marreveshjet-kosove-serbi-ska-kthim-prapa-jane-te-pranuara-nga-te-dyja-palet\/#breadcrumb\"},\"inLanguage\":\"sq\",\"potentialAction\":[{\"@type\":\"ReadAction\",\"target\":[\"https:\/\/permbledhja.com\/lajcak-per-marreveshjet-kosove-serbi-ska-kthim-prapa-jane-te-pranuara-nga-te-dyja-palet\/\"]}]},{\"@type\":\"BreadcrumbList\",\"@id\":\"https:\/\/permbledhja.com\/lajcak-per-marreveshjet-kosove-serbi-ska-kthim-prapa-jane-te-pranuara-nga-te-dyja-palet\/#breadcrumb\",\"itemListElement\":[{\"@type\":\"ListItem\",\"position\":1,\"name\":\"Ballina\",\"item\":\"https:\/\/permbledhja.com\/sq\/\"},{\"@type\":\"ListItem\",\"position\":2,\"name\":\"Laj\u00e7ak p\u00ebr marr\u00ebveshjet Kosov\u00eb-Serbi: S\u2019ka kthim prapa, jan\u00eb t\u00eb pranuara nga t\u00eb dyja pal\u00ebt\"}]},{\"@type\":\"WebSite\",\"@id\":\"https:\/\/permbledhja.com\/#website\",\"url\":\"https:\/\/permbledhja.com\/\",\"name\":\"Ve\u00e7 artikuj p\u00ebrmbledh\u00ebs\",\"description\":\"\",\"publisher\":{\"@id\":\"https:\/\/permbledhja.com\/#organization\"},\"potentialAction\":[{\"@type\":\"SearchAction\",\"target\":{\"@type\":\"EntryPoint\",\"urlTemplate\":\"https:\/\/permbledhja.com\/?s={search_term_string}\"},\"query-input\":\"required name=search_term_string\"}],\"inLanguage\":\"sq\"},{\"@type\":\"Organization\",\"@id\":\"https:\/\/permbledhja.com\/#organization\",\"name\":\"MK Media & Pr\",\"url\":\"https:\/\/permbledhja.com\/\",\"logo\":{\"@type\":\"ImageObject\",\"inLanguage\":\"sq\",\"@id\":\"https:\/\/permbledhja.com\/#\/schema\/logo\/image\/\",\"url\":\"https:\/\/permbledhja.com\/wp-content\/uploads\/2021\/12\/07-Press-Logo.jpg\",\"contentUrl\":\"https:\/\/permbledhja.com\/wp-content\/uploads\/2021\/12\/07-Press-Logo.jpg\",\"width\":512,\"height\":512,\"caption\":\"MK Media & Pr\"},\"image\":{\"@id\":\"https:\/\/permbledhja.com\/#\/schema\/logo\/image\/\"},\"sameAs\":[\"https:\/\/www.facebook.com\/press07\/\"]},{\"@type\":\"Person\",\"@id\":\"https:\/\/permbledhja.com\/#\/schema\/person\/9c54260cbc4c6f792cb100550491638c\",\"name\":\"DL\",\"image\":{\"@type\":\"ImageObject\",\"inLanguage\":\"sq\",\"@id\":\"https:\/\/permbledhja.com\/#\/schema\/person\/image\/\",\"url\":\"https:\/\/secure.gravatar.com\/avatar\/94503eb28d4c4b2005a5c8753e35fc80?s=96&d=mm&r=g\",\"contentUrl\":\"https:\/\/secure.gravatar.com\/avatar\/94503eb28d4c4b2005a5c8753e35fc80?s=96&d=mm&r=g\",\"caption\":\"DL\"},\"url\":\"https:\/\/permbledhja.com\/sq\/author\/dl\/\"}]}<\/script>\n<!-- \/ Yoast SEO plugin. -->","yoast_head_json":{"title":"Laj\u00e7ak p\u00ebr marr\u00ebveshjet Kosov\u00eb-Serbi: S\u2019ka kthim prapa, jan\u00eb t\u00eb pranuara nga t\u00eb dyja pal\u00ebt","robots":{"index":"index","follow":"follow","max-snippet":"max-snippet:-1","max-image-preview":"max-image-preview:large","max-video-preview":"max-video-preview:-1"},"canonical":"https:\/\/permbledhja.com\/sq\/lajcak-per-marreveshjet-kosove-serbi-ska-kthim-prapa-jane-te-pranuara-nga-te-dyja-palet\/","og_locale":"sq_AL","og_type":"article","og_title":"Laj\u00e7ak p\u00ebr marr\u00ebveshjet Kosov\u00eb-Serbi: S\u2019ka kthim prapa, jan\u00eb t\u00eb pranuara nga t\u00eb dyja pal\u00ebt","og_description":"Me v\u00ebmendjen e Europ\u00ebs t\u00eb p\u00ebrqendruar n\u00eb luft\u00ebn e vazhdueshme midis Rusis\u00eb dhe Ukrain\u00ebs, paqja dhe stabiliteti nuk jan\u00eb aspak t\u00eb garantuara n\u00eb nj\u00eb tjet\u00ebr nga zonat m\u00eb t\u00eb paq\u00ebndrueshme t\u00eb konfliktit t\u00eb rajonit, sipas nj\u00eb diplomati t\u00eb lart\u00eb t\u00eb BE-s\u00eb. Marr\u00ebdh\u00ebniet midis Serbis\u00eb dhe Kosov\u00ebs, t\u00eb cilat kan\u00eb qen\u00eb t\u00eb tensionuara q\u00eb nga konflikti [&hellip;]","og_url":"https:\/\/permbledhja.com\/sq\/lajcak-per-marreveshjet-kosove-serbi-ska-kthim-prapa-jane-te-pranuara-nga-te-dyja-palet\/","og_site_name":"Ve\u00e7 artikuj p\u00ebrmbledh\u00ebs","article_publisher":"https:\/\/www.facebook.com\/press07\/","article_published_time":"2024-02-08T17:16:47+00:00","og_image":[{"width":600,"height":360,"url":"https:\/\/permbledhja.com\/wp-content\/uploads\/2024\/02\/laj.jpg","type":"image\/jpeg"}],"author":"DL","twitter_card":"summary_large_image","twitter_misc":{"Written by":"DL","Est. reading time":"3 minuta"},"schema":{"@context":"https:\/\/schema.org","@graph":[{"@type":"Article","@id":"https:\/\/permbledhja.com\/lajcak-per-marreveshjet-kosove-serbi-ska-kthim-prapa-jane-te-pranuara-nga-te-dyja-palet\/#article","isPartOf":{"@id":"https:\/\/permbledhja.com\/lajcak-per-marreveshjet-kosove-serbi-ska-kthim-prapa-jane-te-pranuara-nga-te-dyja-palet\/"},"author":{"name":"DL","@id":"https:\/\/permbledhja.com\/#\/schema\/person\/9c54260cbc4c6f792cb100550491638c"},"headline":"Laj\u00e7ak p\u00ebr marr\u00ebveshjet Kosov\u00eb-Serbi: S\u2019ka kthim prapa, jan\u00eb t\u00eb pranuara nga t\u00eb dyja pal\u00ebt","datePublished":"2024-02-08T17:16:47+00:00","dateModified":"2024-02-08T17:16:47+00:00","mainEntityOfPage":{"@id":"https:\/\/permbledhja.com\/lajcak-per-marreveshjet-kosove-serbi-ska-kthim-prapa-jane-te-pranuara-nga-te-dyja-palet\/"},"wordCount":621,"publisher":{"@id":"https:\/\/permbledhja.com\/#organization"},"articleSection":["Kryesoret"],"inLanguage":"sq"},{"@type":"WebPage","@id":"https:\/\/permbledhja.com\/lajcak-per-marreveshjet-kosove-serbi-ska-kthim-prapa-jane-te-pranuara-nga-te-dyja-palet\/","url":"https:\/\/permbledhja.com\/lajcak-per-marreveshjet-kosove-serbi-ska-kthim-prapa-jane-te-pranuara-nga-te-dyja-palet\/","name":"Laj\u00e7ak p\u00ebr marr\u00ebveshjet Kosov\u00eb-Serbi: S\u2019ka kthim prapa, jan\u00eb t\u00eb pranuara nga t\u00eb dyja pal\u00ebt","isPartOf":{"@id":"https:\/\/permbledhja.com\/#website"},"datePublished":"2024-02-08T17:16:47+00:00","dateModified":"2024-02-08T17:16:47+00:00","breadcrumb":{"@id":"https:\/\/permbledhja.com\/lajcak-per-marreveshjet-kosove-serbi-ska-kthim-prapa-jane-te-pranuara-nga-te-dyja-palet\/#breadcrumb"},"inLanguage":"sq","potentialAction":[{"@type":"ReadAction","target":["https:\/\/permbledhja.com\/lajcak-per-marreveshjet-kosove-serbi-ska-kthim-prapa-jane-te-pranuara-nga-te-dyja-palet\/"]}]},{"@type":"BreadcrumbList","@id":"https:\/\/permbledhja.com\/lajcak-per-marreveshjet-kosove-serbi-ska-kthim-prapa-jane-te-pranuara-nga-te-dyja-palet\/#breadcrumb","itemListElement":[{"@type":"ListItem","position":1,"name":"Ballina","item":"https:\/\/permbledhja.com\/sq\/"},{"@type":"ListItem","position":2,"name":"Laj\u00e7ak p\u00ebr marr\u00ebveshjet Kosov\u00eb-Serbi: S\u2019ka kthim prapa, jan\u00eb t\u00eb pranuara nga t\u00eb dyja pal\u00ebt"}]},{"@type":"WebSite","@id":"https:\/\/permbledhja.com\/#website","url":"https:\/\/permbledhja.com\/","name":"Ve\u00e7 artikuj p\u00ebrmbledh\u00ebs","description":"","publisher":{"@id":"https:\/\/permbledhja.com\/#organization"},"potentialAction":[{"@type":"SearchAction","target":{"@type":"EntryPoint","urlTemplate":"https:\/\/permbledhja.com\/?s={search_term_string}"},"query-input":"required name=search_term_string"}],"inLanguage":"sq"},{"@type":"Organization","@id":"https:\/\/permbledhja.com\/#organization","name":"MK Media & Pr","url":"https:\/\/permbledhja.com\/","logo":{"@type":"ImageObject","inLanguage":"sq","@id":"https:\/\/permbledhja.com\/#\/schema\/logo\/image\/","url":"https:\/\/permbledhja.com\/wp-content\/uploads\/2021\/12\/07-Press-Logo.jpg","contentUrl":"https:\/\/permbledhja.com\/wp-content\/uploads\/2021\/12\/07-Press-Logo.jpg","width":512,"height":512,"caption":"MK Media & Pr"},"image":{"@id":"https:\/\/permbledhja.com\/#\/schema\/logo\/image\/"},"sameAs":["https:\/\/www.facebook.com\/press07\/"]},{"@type":"Person","@id":"https:\/\/permbledhja.com\/#\/schema\/person\/9c54260cbc4c6f792cb100550491638c","name":"DL","image":{"@type":"ImageObject","inLanguage":"sq","@id":"https:\/\/permbledhja.com\/#\/schema\/person\/image\/","url":"https:\/\/secure.gravatar.com\/avatar\/94503eb28d4c4b2005a5c8753e35fc80?s=96&d=mm&r=g","contentUrl":"https:\/\/secure.gravatar.com\/avatar\/94503eb28d4c4b2005a5c8753e35fc80?s=96&d=mm&r=g","caption":"DL"},"url":"https:\/\/permbledhja.com\/sq\/author\/dl\/"}]}},"_links":{"self":[{"href":"https:\/\/permbledhja.com\/sq\/wp-json\/wp\/v2\/posts\/46805"}],"collection":[{"href":"https:\/\/permbledhja.com\/sq\/wp-json\/wp\/v2\/posts"}],"about":[{"href":"https:\/\/permbledhja.com\/sq\/wp-json\/wp\/v2\/types\/post"}],"author":[{"embeddable":true,"href":"https:\/\/permbledhja.com\/sq\/wp-json\/wp\/v2\/users\/5"}],"replies":[{"embeddable":true,"href":"https:\/\/permbledhja.com\/sq\/wp-json\/wp\/v2\/comments?post=46805"}],"version-history":[{"count":1,"href":"https:\/\/permbledhja.com\/sq\/wp-json\/wp\/v2\/posts\/46805\/revisions"}],"predecessor-version":[{"id":46807,"href":"https:\/\/permbledhja.com\/sq\/wp-json\/wp\/v2\/posts\/46805\/revisions\/46807"}],"wp:featuredmedia":[{"embeddable":true,"href":"https:\/\/permbledhja.com\/sq\/wp-json\/wp\/v2\/media\/46806"}],"wp:attachment":[{"href":"https:\/\/permbledhja.com\/sq\/wp-json\/wp\/v2\/media?parent=46805"}],"wp:term":[{"taxonomy":"category","embeddable":true,"href":"https:\/\/permbledhja.com\/sq\/wp-json\/wp\/v2\/categories?post=46805"},{"taxonomy":"post_tag","embeddable":true,"href":"https:\/\/permbledhja.com\/sq\/wp-json\/wp\/v2\/tags?post=46805"}],"curies":[{"name":"wp","href":"https:\/\/api.w.org\/{rel}","templated":true}]}}