{"id":4680,"date":"2022-08-27T13:14:47","date_gmt":"2022-08-27T13:14:47","guid":{"rendered":"https:\/\/permbledhja.com\/?p=4680"},"modified":"2022-08-27T13:14:47","modified_gmt":"2022-08-27T13:14:47","slug":"abdixhiku-shpalos-planin-10-pikesh-te-ldk-se-per-tejkalimin-e-krizes-energjetike","status":"publish","type":"post","link":"https:\/\/permbledhja.com\/sq\/abdixhiku-shpalos-planin-10-pikesh-te-ldk-se-per-tejkalimin-e-krizes-energjetike\/","title":{"rendered":"Abdixhiku shpalos planin 10 pik\u00ebsh t\u00eb LDK-s\u00eb p\u00ebr tejkalimin e kriz\u00ebs energjetike"},"content":{"rendered":"<p><strong>Kryetari i LDK-s\u00eb, Lumir Abdixhiku p\u00ebrmes nj\u00eb video n\u00eb profilin e tij n\u00eb Facebook , ka shpjeguar se cilat masa duhet t\u00eb nd\u00ebrmerren p\u00ebr situat\u00ebn me kriz\u00ebn energjetike.<\/strong><\/p>\n<p>Sipas tij reduktimet e energjis\u00eb q\u00eb po ndodhin tani gjat\u00eb ver\u00ebs jan\u00eb shenj\u00eb q\u00eb dimri do t\u00eb jet\u00eb edhe m\u00eb i v\u00ebshtir\u00eb.<\/p>\n<p>Abdixhiku ka th\u00ebn\u00eb se Qeveria e Kosov\u00ebs \u00ebsht\u00eb d\u00ebshmuar e pavullnetshme dhe e paaft\u00eb p\u00ebr t\u00eb vepruar.Ai ka treguar planin 10 pik\u00ebsh t\u00eb LDK-s\u00eb, p\u00ebr tejkalimin e kriz\u00ebs energjetike.<\/p>\n<p>Ai tha se plani i tij parasheh paket\u00eb subvencionimi p\u00ebr \u00e7do familje kosovare, ekzekutim t\u00eb plot\u00eb t\u00eb mjeteve t\u00eb zotuara nga viti paraprak, rishikim t\u00eb tarifave diskrimuese, kontrata afatgjate furnizimi dhe heqje t\u00eb TVSH-s\u00eb n\u00eb t\u00eb gjitha faturat enertgjetike.<\/p>\n<p>https:\/\/permbledhja.com\/perfundon-afati-i-dyte-i-provimit-te-matures-shteterore\/<\/p>\n<p><em>\u201cPlani b\u00ebn fjal\u00eb p\u00ebr paket\u00eb t\u00eb re subvencionimi p\u00ebr \u00e7do familje kosovare, ekzekutim t\u00eb mjeteve t\u00eb zotuara nga viti paraprak, rishikim t\u00eb tarifave diskriminuese t\u00eb tanishme, kontrata afatgjate furnizimi, heqje t\u00eb TVSH-s\u00eb n\u00eb t\u00eb gjitha faturat e energjis\u00eb. Ne i k\u00ebrkojm\u00eb Qeveris\u00eb t\u00eb asistoj\u00eb familjet kosovare n\u00eb sigurimin e p\u00ebrballuesh\u00ebm t\u00eb resurseve alternative t\u00eb ngrohjes \u00e7mimi i t\u00eb cilave pothuajse \u00ebsht\u00eb trefishuar tashm\u00eb. Mbi t\u00eb gjitha, riparimi i Bllokut A5 n\u00eb KEK nuk duhet t\u00eb pres\u00eb as edhe nj\u00eb dit\u00eb\u201d<\/em>, theksoi ai n\u00eb 10 pikat.<\/p>\n<p>Abdixhiku p\u00ebrs\u00ebriti se Kosova ka nevoj\u00eb urgjente p\u00ebr plan si t\u00eb kursehet energjia.\u201cDerisa vendet e BE-s\u00eb kan\u00eb plane kursimi, Qeveria e Kosov\u00ebs \u00ebsht\u00eb ende n\u00eb pushim. Na duhet urgjentisht plan i detajuar p\u00ebr kursimin e energjis\u00eb\u201d.<\/p>\n<p><iframe loading=\"lazy\" src=\"https:\/\/www.facebook.com\/plugins\/video.php?href=https%3A%2F%2Fwww.facebook.com%2Fabdixhiku%2Fvideos%2F812416046454311%2F&#038;show_text=0&#038;width=380\" width=\"380\" height=\"476\" style=\"border:none;overflow:hidden\" scrolling=\"no\" frameborder=\"0\" allowfullscreen=\"true\" allow=\"autoplay; clipboard-write; encrypted-media; picture-in-picture; web-share\" allowFullScreen=\"true\"><\/iframe><\/p>\n","protected":false},"excerpt":{"rendered":"<p>Kryetari i LDK-s\u00eb, Lumir Abdixhiku p\u00ebrmes nj\u00eb video n\u00eb profilin e tij n\u00eb Facebook , ka shpjeguar se cilat masa duhet t\u00eb nd\u00ebrmerren p\u00ebr situat\u00ebn me kriz\u00ebn energjetike. Sipas tij reduktimet e energjis\u00eb q\u00eb po ndodhin tani gjat\u00eb ver\u00ebs jan\u00eb shenj\u00eb q\u00eb dimri do t\u00eb jet\u00eb edhe m\u00eb i v\u00ebshtir\u00eb. Abdixhiku ka th\u00ebn\u00eb se Qeveria [&hellip;]<\/p>\n","protected":false},"author":1,"featured_media":4681,"comment_status":"closed","ping_status":"closed","sticky":false,"template":"","format":"standard","meta":{"_monsterinsights_skip_tracking":false,"_monsterinsights_sitenote_active":false,"_monsterinsights_sitenote_note":"","_monsterinsights_sitenote_category":0,"_uf_show_specific_survey":0,"_uf_disable_surveys":false,"footnotes":""},"categories":[22],"tags":[605],"yoast_head":"<!-- This site is optimized with the Yoast SEO plugin v21.5 - https:\/\/yoast.com\/wordpress\/plugins\/seo\/ -->\n<title>Abdixhiku shpalos planin 10 pik\u00ebsh t\u00eb LDK-s\u00eb p\u00ebr tejkalimin e kriz\u00ebs energjetike<\/title>\n<meta name=\"robots\" content=\"index, follow, max-snippet:-1, max-image-preview:large, max-video-preview:-1\" \/>\n<link rel=\"canonical\" href=\"https:\/\/permbledhja.com\/sq\/abdixhiku-shpalos-planin-10-pikesh-te-ldk-se-per-tejkalimin-e-krizes-energjetike\/\" \/>\n<meta property=\"og:locale\" content=\"sq_AL\" \/>\n<meta property=\"og:type\" content=\"article\" \/>\n<meta property=\"og:title\" content=\"Abdixhiku shpalos planin 10 pik\u00ebsh t\u00eb LDK-s\u00eb p\u00ebr tejkalimin e kriz\u00ebs energjetike\" \/>\n<meta property=\"og:description\" content=\"Kryetari i LDK-s\u00eb, Lumir Abdixhiku p\u00ebrmes nj\u00eb video n\u00eb profilin e tij n\u00eb Facebook , ka shpjeguar se cilat masa duhet t\u00eb nd\u00ebrmerren p\u00ebr situat\u00ebn me kriz\u00ebn energjetike. Sipas tij reduktimet e energjis\u00eb q\u00eb po ndodhin tani gjat\u00eb ver\u00ebs jan\u00eb shenj\u00eb q\u00eb dimri do t\u00eb jet\u00eb edhe m\u00eb i v\u00ebshtir\u00eb. Abdixhiku ka th\u00ebn\u00eb se Qeveria [&hellip;]\" \/>\n<meta property=\"og:url\" content=\"https:\/\/permbledhja.com\/sq\/abdixhiku-shpalos-planin-10-pikesh-te-ldk-se-per-tejkalimin-e-krizes-energjetike\/\" \/>\n<meta property=\"og:site_name\" content=\"Ve\u00e7 artikuj p\u00ebrmbledh\u00ebs\" \/>\n<meta property=\"article:publisher\" content=\"https:\/\/www.facebook.com\/press07\/\" \/>\n<meta property=\"article:author\" content=\"https:\/\/www.facebook.com\/kafexhiu.muharrem\/\" \/>\n<meta property=\"article:published_time\" content=\"2022-08-27T13:14:47+00:00\" \/>\n<meta property=\"og:image\" content=\"https:\/\/permbledhja.com\/wp-content\/uploads\/2022\/08\/lajme.mk-lumir-3.png\" \/>\n\t<meta property=\"og:image:width\" content=\"740\" \/>\n\t<meta property=\"og:image:height\" content=\"444\" \/>\n\t<meta property=\"og:image:type\" content=\"image\/png\" \/>\n<meta name=\"author\" content=\"P\u00ebrmbledhja\" \/>\n<meta name=\"twitter:card\" content=\"summary_large_image\" \/>\n<meta name=\"twitter:label1\" content=\"Written by\" \/>\n\t<meta name=\"twitter:data1\" content=\"P\u00ebrmbledhja\" \/>\n\t<meta name=\"twitter:label2\" content=\"Est. reading time\" \/>\n\t<meta name=\"twitter:data2\" content=\"1 minut\u00eb\" \/>\n<script type=\"application\/ld+json\" class=\"yoast-schema-graph\">{\"@context\":\"https:\/\/schema.org\",\"@graph\":[{\"@type\":\"Article\",\"@id\":\"https:\/\/permbledhja.com\/abdixhiku-shpalos-planin-10-pikesh-te-ldk-se-per-tejkalimin-e-krizes-energjetike\/#article\",\"isPartOf\":{\"@id\":\"https:\/\/permbledhja.com\/abdixhiku-shpalos-planin-10-pikesh-te-ldk-se-per-tejkalimin-e-krizes-energjetike\/\"},\"author\":{\"name\":\"P\u00ebrmbledhja\",\"@id\":\"https:\/\/permbledhja.com\/#\/schema\/person\/0d064377258d3221e50693947b9eb4fe\"},\"headline\":\"Abdixhiku shpalos planin 10 pik\u00ebsh t\u00eb LDK-s\u00eb p\u00ebr tejkalimin e kriz\u00ebs energjetike\",\"datePublished\":\"2022-08-27T13:14:47+00:00\",\"dateModified\":\"2022-08-27T13:14:47+00:00\",\"mainEntityOfPage\":{\"@id\":\"https:\/\/permbledhja.com\/abdixhiku-shpalos-planin-10-pikesh-te-ldk-se-per-tejkalimin-e-krizes-energjetike\/\"},\"wordCount\":282,\"publisher\":{\"@id\":\"https:\/\/permbledhja.com\/#organization\"},\"keywords\":[\"Kriza energjetike\"],\"articleSection\":[\"Ballina\"],\"inLanguage\":\"sq\"},{\"@type\":\"WebPage\",\"@id\":\"https:\/\/permbledhja.com\/abdixhiku-shpalos-planin-10-pikesh-te-ldk-se-per-tejkalimin-e-krizes-energjetike\/\",\"url\":\"https:\/\/permbledhja.com\/abdixhiku-shpalos-planin-10-pikesh-te-ldk-se-per-tejkalimin-e-krizes-energjetike\/\",\"name\":\"Abdixhiku shpalos planin 10 pik\u00ebsh t\u00eb LDK-s\u00eb p\u00ebr tejkalimin e kriz\u00ebs energjetike\",\"isPartOf\":{\"@id\":\"https:\/\/permbledhja.com\/#website\"},\"datePublished\":\"2022-08-27T13:14:47+00:00\",\"dateModified\":\"2022-08-27T13:14:47+00:00\",\"breadcrumb\":{\"@id\":\"https:\/\/permbledhja.com\/abdixhiku-shpalos-planin-10-pikesh-te-ldk-se-per-tejkalimin-e-krizes-energjetike\/#breadcrumb\"},\"inLanguage\":\"sq\",\"potentialAction\":[{\"@type\":\"ReadAction\",\"target\":[\"https:\/\/permbledhja.com\/abdixhiku-shpalos-planin-10-pikesh-te-ldk-se-per-tejkalimin-e-krizes-energjetike\/\"]}]},{\"@type\":\"BreadcrumbList\",\"@id\":\"https:\/\/permbledhja.com\/abdixhiku-shpalos-planin-10-pikesh-te-ldk-se-per-tejkalimin-e-krizes-energjetike\/#breadcrumb\",\"itemListElement\":[{\"@type\":\"ListItem\",\"position\":1,\"name\":\"Ballina\",\"item\":\"https:\/\/permbledhja.com\/sq\/\"},{\"@type\":\"ListItem\",\"position\":2,\"name\":\"Abdixhiku shpalos planin 10 pik\u00ebsh t\u00eb LDK-s\u00eb p\u00ebr tejkalimin e kriz\u00ebs energjetike\"}]},{\"@type\":\"WebSite\",\"@id\":\"https:\/\/permbledhja.com\/#website\",\"url\":\"https:\/\/permbledhja.com\/\",\"name\":\"Ve\u00e7 artikuj p\u00ebrmbledh\u00ebs\",\"description\":\"\",\"publisher\":{\"@id\":\"https:\/\/permbledhja.com\/#organization\"},\"potentialAction\":[{\"@type\":\"SearchAction\",\"target\":{\"@type\":\"EntryPoint\",\"urlTemplate\":\"https:\/\/permbledhja.com\/?s={search_term_string}\"},\"query-input\":\"required name=search_term_string\"}],\"inLanguage\":\"sq\"},{\"@type\":\"Organization\",\"@id\":\"https:\/\/permbledhja.com\/#organization\",\"name\":\"MK Media & Pr\",\"url\":\"https:\/\/permbledhja.com\/\",\"logo\":{\"@type\":\"ImageObject\",\"inLanguage\":\"sq\",\"@id\":\"https:\/\/permbledhja.com\/#\/schema\/logo\/image\/\",\"url\":\"https:\/\/permbledhja.com\/wp-content\/uploads\/2021\/12\/07-Press-Logo.jpg\",\"contentUrl\":\"https:\/\/permbledhja.com\/wp-content\/uploads\/2021\/12\/07-Press-Logo.jpg\",\"width\":512,\"height\":512,\"caption\":\"MK Media & Pr\"},\"image\":{\"@id\":\"https:\/\/permbledhja.com\/#\/schema\/logo\/image\/\"},\"sameAs\":[\"https:\/\/www.facebook.com\/press07\/\"]},{\"@type\":\"Person\",\"@id\":\"https:\/\/permbledhja.com\/#\/schema\/person\/0d064377258d3221e50693947b9eb4fe\",\"name\":\"P\u00ebrmbledhja\",\"image\":{\"@type\":\"ImageObject\",\"inLanguage\":\"sq\",\"@id\":\"https:\/\/permbledhja.com\/#\/schema\/person\/image\/\",\"url\":\"https:\/\/permbledhja.com\/wp-content\/uploads\/2026\/01\/452004717_1040944174702970_8932037511805513407_n-96x96.jpg\",\"contentUrl\":\"https:\/\/permbledhja.com\/wp-content\/uploads\/2026\/01\/452004717_1040944174702970_8932037511805513407_n-96x96.jpg\",\"caption\":\"P\u00ebrmbledhja\"},\"sameAs\":[\"https:\/\/www.facebook.com\/kafexhiu.muharrem\/\",\"https:\/\/www.instagram.com\/muharrem_kafexhiu\/\"],\"url\":\"https:\/\/permbledhja.com\/sq\/author\/admin\/\"}]}<\/script>\n<!-- \/ Yoast SEO plugin. -->","yoast_head_json":{"title":"Abdixhiku shpalos planin 10 pik\u00ebsh t\u00eb LDK-s\u00eb p\u00ebr tejkalimin e kriz\u00ebs energjetike","robots":{"index":"index","follow":"follow","max-snippet":"max-snippet:-1","max-image-preview":"max-image-preview:large","max-video-preview":"max-video-preview:-1"},"canonical":"https:\/\/permbledhja.com\/sq\/abdixhiku-shpalos-planin-10-pikesh-te-ldk-se-per-tejkalimin-e-krizes-energjetike\/","og_locale":"sq_AL","og_type":"article","og_title":"Abdixhiku shpalos planin 10 pik\u00ebsh t\u00eb LDK-s\u00eb p\u00ebr tejkalimin e kriz\u00ebs energjetike","og_description":"Kryetari i LDK-s\u00eb, Lumir Abdixhiku p\u00ebrmes nj\u00eb video n\u00eb profilin e tij n\u00eb Facebook , ka shpjeguar se cilat masa duhet t\u00eb nd\u00ebrmerren p\u00ebr situat\u00ebn me kriz\u00ebn energjetike. Sipas tij reduktimet e energjis\u00eb q\u00eb po ndodhin tani gjat\u00eb ver\u00ebs jan\u00eb shenj\u00eb q\u00eb dimri do t\u00eb jet\u00eb edhe m\u00eb i v\u00ebshtir\u00eb. Abdixhiku ka th\u00ebn\u00eb se Qeveria [&hellip;]","og_url":"https:\/\/permbledhja.com\/sq\/abdixhiku-shpalos-planin-10-pikesh-te-ldk-se-per-tejkalimin-e-krizes-energjetike\/","og_site_name":"Ve\u00e7 artikuj p\u00ebrmbledh\u00ebs","article_publisher":"https:\/\/www.facebook.com\/press07\/","article_author":"https:\/\/www.facebook.com\/kafexhiu.muharrem\/","article_published_time":"2022-08-27T13:14:47+00:00","og_image":[{"width":740,"height":444,"url":"https:\/\/permbledhja.com\/wp-content\/uploads\/2022\/08\/lajme.mk-lumir-3.png","type":"image\/png"}],"author":"P\u00ebrmbledhja","twitter_card":"summary_large_image","twitter_misc":{"Written by":"P\u00ebrmbledhja","Est. reading time":"1 minut\u00eb"},"schema":{"@context":"https:\/\/schema.org","@graph":[{"@type":"Article","@id":"https:\/\/permbledhja.com\/abdixhiku-shpalos-planin-10-pikesh-te-ldk-se-per-tejkalimin-e-krizes-energjetike\/#article","isPartOf":{"@id":"https:\/\/permbledhja.com\/abdixhiku-shpalos-planin-10-pikesh-te-ldk-se-per-tejkalimin-e-krizes-energjetike\/"},"author":{"name":"P\u00ebrmbledhja","@id":"https:\/\/permbledhja.com\/#\/schema\/person\/0d064377258d3221e50693947b9eb4fe"},"headline":"Abdixhiku shpalos planin 10 pik\u00ebsh t\u00eb LDK-s\u00eb p\u00ebr tejkalimin e kriz\u00ebs energjetike","datePublished":"2022-08-27T13:14:47+00:00","dateModified":"2022-08-27T13:14:47+00:00","mainEntityOfPage":{"@id":"https:\/\/permbledhja.com\/abdixhiku-shpalos-planin-10-pikesh-te-ldk-se-per-tejkalimin-e-krizes-energjetike\/"},"wordCount":282,"publisher":{"@id":"https:\/\/permbledhja.com\/#organization"},"keywords":["Kriza energjetike"],"articleSection":["Ballina"],"inLanguage":"sq"},{"@type":"WebPage","@id":"https:\/\/permbledhja.com\/abdixhiku-shpalos-planin-10-pikesh-te-ldk-se-per-tejkalimin-e-krizes-energjetike\/","url":"https:\/\/permbledhja.com\/abdixhiku-shpalos-planin-10-pikesh-te-ldk-se-per-tejkalimin-e-krizes-energjetike\/","name":"Abdixhiku shpalos planin 10 pik\u00ebsh t\u00eb LDK-s\u00eb p\u00ebr tejkalimin e kriz\u00ebs energjetike","isPartOf":{"@id":"https:\/\/permbledhja.com\/#website"},"datePublished":"2022-08-27T13:14:47+00:00","dateModified":"2022-08-27T13:14:47+00:00","breadcrumb":{"@id":"https:\/\/permbledhja.com\/abdixhiku-shpalos-planin-10-pikesh-te-ldk-se-per-tejkalimin-e-krizes-energjetike\/#breadcrumb"},"inLanguage":"sq","potentialAction":[{"@type":"ReadAction","target":["https:\/\/permbledhja.com\/abdixhiku-shpalos-planin-10-pikesh-te-ldk-se-per-tejkalimin-e-krizes-energjetike\/"]}]},{"@type":"BreadcrumbList","@id":"https:\/\/permbledhja.com\/abdixhiku-shpalos-planin-10-pikesh-te-ldk-se-per-tejkalimin-e-krizes-energjetike\/#breadcrumb","itemListElement":[{"@type":"ListItem","position":1,"name":"Ballina","item":"https:\/\/permbledhja.com\/sq\/"},{"@type":"ListItem","position":2,"name":"Abdixhiku shpalos planin 10 pik\u00ebsh t\u00eb LDK-s\u00eb p\u00ebr tejkalimin e kriz\u00ebs energjetike"}]},{"@type":"WebSite","@id":"https:\/\/permbledhja.com\/#website","url":"https:\/\/permbledhja.com\/","name":"Ve\u00e7 artikuj p\u00ebrmbledh\u00ebs","description":"","publisher":{"@id":"https:\/\/permbledhja.com\/#organization"},"potentialAction":[{"@type":"SearchAction","target":{"@type":"EntryPoint","urlTemplate":"https:\/\/permbledhja.com\/?s={search_term_string}"},"query-input":"required name=search_term_string"}],"inLanguage":"sq"},{"@type":"Organization","@id":"https:\/\/permbledhja.com\/#organization","name":"MK Media & Pr","url":"https:\/\/permbledhja.com\/","logo":{"@type":"ImageObject","inLanguage":"sq","@id":"https:\/\/permbledhja.com\/#\/schema\/logo\/image\/","url":"https:\/\/permbledhja.com\/wp-content\/uploads\/2021\/12\/07-Press-Logo.jpg","contentUrl":"https:\/\/permbledhja.com\/wp-content\/uploads\/2021\/12\/07-Press-Logo.jpg","width":512,"height":512,"caption":"MK Media & Pr"},"image":{"@id":"https:\/\/permbledhja.com\/#\/schema\/logo\/image\/"},"sameAs":["https:\/\/www.facebook.com\/press07\/"]},{"@type":"Person","@id":"https:\/\/permbledhja.com\/#\/schema\/person\/0d064377258d3221e50693947b9eb4fe","name":"P\u00ebrmbledhja","image":{"@type":"ImageObject","inLanguage":"sq","@id":"https:\/\/permbledhja.com\/#\/schema\/person\/image\/","url":"https:\/\/permbledhja.com\/wp-content\/uploads\/2026\/01\/452004717_1040944174702970_8932037511805513407_n-96x96.jpg","contentUrl":"https:\/\/permbledhja.com\/wp-content\/uploads\/2026\/01\/452004717_1040944174702970_8932037511805513407_n-96x96.jpg","caption":"P\u00ebrmbledhja"},"sameAs":["https:\/\/www.facebook.com\/kafexhiu.muharrem\/","https:\/\/www.instagram.com\/muharrem_kafexhiu\/"],"url":"https:\/\/permbledhja.com\/sq\/author\/admin\/"}]}},"_links":{"self":[{"href":"https:\/\/permbledhja.com\/sq\/wp-json\/wp\/v2\/posts\/4680"}],"collection":[{"href":"https:\/\/permbledhja.com\/sq\/wp-json\/wp\/v2\/posts"}],"about":[{"href":"https:\/\/permbledhja.com\/sq\/wp-json\/wp\/v2\/types\/post"}],"author":[{"embeddable":true,"href":"https:\/\/permbledhja.com\/sq\/wp-json\/wp\/v2\/users\/1"}],"replies":[{"embeddable":true,"href":"https:\/\/permbledhja.com\/sq\/wp-json\/wp\/v2\/comments?post=4680"}],"version-history":[{"count":1,"href":"https:\/\/permbledhja.com\/sq\/wp-json\/wp\/v2\/posts\/4680\/revisions"}],"predecessor-version":[{"id":4682,"href":"https:\/\/permbledhja.com\/sq\/wp-json\/wp\/v2\/posts\/4680\/revisions\/4682"}],"wp:featuredmedia":[{"embeddable":true,"href":"https:\/\/permbledhja.com\/sq\/wp-json\/wp\/v2\/media\/4681"}],"wp:attachment":[{"href":"https:\/\/permbledhja.com\/sq\/wp-json\/wp\/v2\/media?parent=4680"}],"wp:term":[{"taxonomy":"category","embeddable":true,"href":"https:\/\/permbledhja.com\/sq\/wp-json\/wp\/v2\/categories?post=4680"},{"taxonomy":"post_tag","embeddable":true,"href":"https:\/\/permbledhja.com\/sq\/wp-json\/wp\/v2\/tags?post=4680"}],"curies":[{"name":"wp","href":"https:\/\/api.w.org\/{rel}","templated":true}]}}