{"id":46771,"date":"2024-02-08T14:40:03","date_gmt":"2024-02-08T14:40:03","guid":{"rendered":"https:\/\/permbledhja.com\/?p=46771"},"modified":"2024-02-08T14:40:03","modified_gmt":"2024-02-08T14:40:03","slug":"merr-fund-koalicioni-ldk-pdk-ne-prishtine","status":"publish","type":"post","link":"https:\/\/permbledhja.com\/sq\/merr-fund-koalicioni-ldk-pdk-ne-prishtine\/","title":{"rendered":"Merr fund koalicioni LDK-PDK n\u00eb Prishtin\u00eb"},"content":{"rendered":"<h3>Kryetari i Deg\u00ebs s\u00eb Partis\u00eb Demokratike t\u00eb Kosov\u00ebs n\u00eb Prishtin\u00eb, Uran Ismaili, ka njoftuar se kan\u00eb shk\u00ebputur koalicionin qeveris\u00ebs me Lidhjen Demokratike t\u00eb Kosov\u00ebs n\u00eb kryeqytet.<\/h3>\n<p>N\u00ebp\u00ebrmjet nj\u00eb postimi n\u00eb rrjetin social Facebook, Ismaili njofton se ka d\u00ebrguar shkres\u00ebn zyrtare te kryetari i Komun\u00ebs, P\u00ebrparim Rama, p\u00ebr t\u00eb komunikuar vendimin p\u00ebr shk\u00ebputjen e koalicionit qeveris\u00ebs, teksa ka th\u00ebn\u00eb se drejtor\u00ebt e Drejtorive Komunale dhe aksioner\u00ebt e PDK-s\u00eb n\u00eb nd\u00ebrmarrje publike, kan\u00eb dh\u00ebn\u00eb dor\u00ebheqjet e tyre.<\/p>\n<p>\u201c<em>Pasi shfuqizuam vendimin p\u00ebr Badoc, shk\u00ebpusim koalicionin qeveris\u00ebs n\u00eb Prishtin\u00eb<\/em><\/p>\n<p><em>N\u00eb mbledhjen e jasht\u00ebzakonshme t\u00eb Kuvendit Komunal t\u00eb Prishtin\u00ebs sot, PDK mund\u00ebsoi kuorumin dhe votoi pro shfuqizimit t\u00eb vendimit p\u00ebr k\u00ebmbimin e d\u00ebmsh\u00ebm t\u00eb pronave n\u00eb Badoc.<\/em><\/p>\n<p><em>Sapo d\u00ebrgova shkres\u00ebn zyrtare tek P\u00ebrparim Rama p\u00ebr t\u00eb komunikuar vendimin p\u00ebr shk\u00ebputjen e koalicionit qeveris\u00ebs n\u00eb Prishtin\u00eb. Drejtor\u00ebt e drejtorive komunale dhe aksioner\u00ebt e PDK-s\u00eb n\u00eb nd\u00ebrmarrje publike kan\u00eb dh\u00ebn\u00eb dor\u00ebheqjet e tyre<\/em>\u201c, shkroi ai.<\/p>\n<p>Kryetari i PDK-s\u00eb n\u00eb Prishtin\u00eb tha se nuk do t\u00eb jen\u00eb pjes\u00eb e nj\u00eb qeverisjeje q\u00eb d\u00ebmton interesin publik dhe sipas tyre, jan\u00eb t\u00ebrhequr nga t\u00eb gjitha pozitat p\u00ebr t\u2019i hapur rrug\u00eb krijimit t\u00eb nj\u00eb shumice t\u00eb re n\u00eb kryeqytet.<\/p>\n<p>\u201c<em>Ne nuk do t\u00eb jemi pjes\u00eb e nj\u00eb qeverisjeje q\u00eb d\u00ebmton interesin publik, ku mungon komunikimi, ku puna e mir\u00eb nuk vler\u00ebsohet dhe meritokracia p\u00ebrbuzet. Duke mos dashur asnj\u00ebher\u00eb q\u00eb Prishtina t\u00eb bllokohet, jemi t\u00ebrhequr nga t\u00eb gjitha pozitiat p\u00ebr t\u00eb hapur rrug\u00eb p\u00ebr krijimin e nj\u00eb shumice t\u00eb re n\u00eb Kryeqytet<\/em>\u201c, tha Ismaili.<\/p>\n<div id=\"651cf2a2-77e0-4ce2-9bdc-c94352a2fc88\" class=\"embedpress-gutenberg-wrapper aligncenter   ep-content-protection-disabled inline\">\n<div class=\"wp-block-embed__wrapper   \">\n<div id=\"ep-gutenberg-content-0a1e5f134e84fc9eb5f186547d025cfc\" class=\"ep-gutenberg-content\">\n<div><\/div>\n<\/div>\n<\/div>\n<\/div>\n","protected":false},"excerpt":{"rendered":"<p>Kryetari i Deg\u00ebs s\u00eb Partis\u00eb Demokratike t\u00eb Kosov\u00ebs n\u00eb Prishtin\u00eb, Uran Ismaili, ka njoftuar se kan\u00eb shk\u00ebputur koalicionin qeveris\u00ebs me Lidhjen Demokratike t\u00eb Kosov\u00ebs n\u00eb kryeqytet. N\u00ebp\u00ebrmjet nj\u00eb postimi n\u00eb rrjetin social Facebook, Ismaili njofton se ka d\u00ebrguar shkres\u00ebn zyrtare te kryetari i Komun\u00ebs, P\u00ebrparim Rama, p\u00ebr t\u00eb komunikuar vendimin p\u00ebr shk\u00ebputjen e koalicionit qeveris\u00ebs, [&hellip;]<\/p>\n","protected":false},"author":2,"featured_media":46772,"comment_status":"closed","ping_status":"closed","sticky":false,"template":"","format":"standard","meta":{"_monsterinsights_skip_tracking":false,"_monsterinsights_sitenote_active":false,"_monsterinsights_sitenote_note":"","_monsterinsights_sitenote_category":0,"_uf_show_specific_survey":0,"_uf_disable_surveys":false,"footnotes":""},"categories":[2645],"tags":[2981],"yoast_head":"<!-- This site is optimized with the Yoast SEO plugin v21.5 - https:\/\/yoast.com\/wordpress\/plugins\/seo\/ -->\n<title>Merr fund koalicioni LDK-PDK n\u00eb Prishtin\u00eb<\/title>\n<meta name=\"robots\" content=\"index, follow, max-snippet:-1, max-image-preview:large, max-video-preview:-1\" \/>\n<link rel=\"canonical\" href=\"https:\/\/permbledhja.com\/sq\/merr-fund-koalicioni-ldk-pdk-ne-prishtine\/\" \/>\n<meta property=\"og:locale\" content=\"sq_AL\" \/>\n<meta property=\"og:type\" content=\"article\" \/>\n<meta property=\"og:title\" content=\"Merr fund koalicioni LDK-PDK n\u00eb Prishtin\u00eb\" \/>\n<meta property=\"og:description\" content=\"Kryetari i Deg\u00ebs s\u00eb Partis\u00eb Demokratike t\u00eb Kosov\u00ebs n\u00eb Prishtin\u00eb, Uran Ismaili, ka njoftuar se kan\u00eb shk\u00ebputur koalicionin qeveris\u00ebs me Lidhjen Demokratike t\u00eb Kosov\u00ebs n\u00eb kryeqytet. N\u00ebp\u00ebrmjet nj\u00eb postimi n\u00eb rrjetin social Facebook, Ismaili njofton se ka d\u00ebrguar shkres\u00ebn zyrtare te kryetari i Komun\u00ebs, P\u00ebrparim Rama, p\u00ebr t\u00eb komunikuar vendimin p\u00ebr shk\u00ebputjen e koalicionit qeveris\u00ebs, [&hellip;]\" \/>\n<meta property=\"og:url\" content=\"https:\/\/permbledhja.com\/sq\/merr-fund-koalicioni-ldk-pdk-ne-prishtine\/\" \/>\n<meta property=\"og:site_name\" content=\"Ve\u00e7 artikuj p\u00ebrmbledh\u00ebs\" \/>\n<meta property=\"article:publisher\" content=\"https:\/\/www.facebook.com\/press07\/\" \/>\n<meta property=\"article:published_time\" content=\"2024-02-08T14:40:03+00:00\" \/>\n<meta property=\"og:image\" content=\"https:\/\/permbledhja.com\/wp-content\/uploads\/2024\/02\/311599214_427963672833483_1493110130085258382_n-1.jpg\" \/>\n\t<meta property=\"og:image:width\" content=\"1000\" \/>\n\t<meta property=\"og:image:height\" content=\"594\" \/>\n\t<meta property=\"og:image:type\" content=\"image\/jpeg\" \/>\n<meta name=\"author\" content=\"M M\" \/>\n<meta name=\"twitter:card\" content=\"summary_large_image\" \/>\n<meta name=\"twitter:label1\" content=\"Written by\" \/>\n\t<meta name=\"twitter:data1\" content=\"M M\" \/>\n\t<meta name=\"twitter:label2\" content=\"Est. reading time\" \/>\n\t<meta name=\"twitter:data2\" content=\"2 minuta\" \/>\n<script type=\"application\/ld+json\" class=\"yoast-schema-graph\">{\"@context\":\"https:\/\/schema.org\",\"@graph\":[{\"@type\":\"Article\",\"@id\":\"https:\/\/permbledhja.com\/merr-fund-koalicioni-ldk-pdk-ne-prishtine\/#article\",\"isPartOf\":{\"@id\":\"https:\/\/permbledhja.com\/merr-fund-koalicioni-ldk-pdk-ne-prishtine\/\"},\"author\":{\"name\":\"M M\",\"@id\":\"https:\/\/permbledhja.com\/#\/schema\/person\/d23f13f59b5722643933d6780783acf3\"},\"headline\":\"Merr fund koalicioni LDK-PDK n\u00eb Prishtin\u00eb\",\"datePublished\":\"2024-02-08T14:40:03+00:00\",\"dateModified\":\"2024-02-08T14:40:03+00:00\",\"mainEntityOfPage\":{\"@id\":\"https:\/\/permbledhja.com\/merr-fund-koalicioni-ldk-pdk-ne-prishtine\/\"},\"wordCount\":302,\"publisher\":{\"@id\":\"https:\/\/permbledhja.com\/#organization\"},\"keywords\":[\"Koalicioni\"],\"articleSection\":[\"T\u00eb r\u00ebnd\u00ebsishme\"],\"inLanguage\":\"sq\"},{\"@type\":\"WebPage\",\"@id\":\"https:\/\/permbledhja.com\/merr-fund-koalicioni-ldk-pdk-ne-prishtine\/\",\"url\":\"https:\/\/permbledhja.com\/merr-fund-koalicioni-ldk-pdk-ne-prishtine\/\",\"name\":\"Merr fund koalicioni LDK-PDK n\u00eb Prishtin\u00eb\",\"isPartOf\":{\"@id\":\"https:\/\/permbledhja.com\/#website\"},\"datePublished\":\"2024-02-08T14:40:03+00:00\",\"dateModified\":\"2024-02-08T14:40:03+00:00\",\"breadcrumb\":{\"@id\":\"https:\/\/permbledhja.com\/merr-fund-koalicioni-ldk-pdk-ne-prishtine\/#breadcrumb\"},\"inLanguage\":\"sq\",\"potentialAction\":[{\"@type\":\"ReadAction\",\"target\":[\"https:\/\/permbledhja.com\/merr-fund-koalicioni-ldk-pdk-ne-prishtine\/\"]}]},{\"@type\":\"BreadcrumbList\",\"@id\":\"https:\/\/permbledhja.com\/merr-fund-koalicioni-ldk-pdk-ne-prishtine\/#breadcrumb\",\"itemListElement\":[{\"@type\":\"ListItem\",\"position\":1,\"name\":\"Ballina\",\"item\":\"https:\/\/permbledhja.com\/sq\/\"},{\"@type\":\"ListItem\",\"position\":2,\"name\":\"Merr fund koalicioni LDK-PDK n\u00eb Prishtin\u00eb\"}]},{\"@type\":\"WebSite\",\"@id\":\"https:\/\/permbledhja.com\/#website\",\"url\":\"https:\/\/permbledhja.com\/\",\"name\":\"Ve\u00e7 artikuj p\u00ebrmbledh\u00ebs\",\"description\":\"\",\"publisher\":{\"@id\":\"https:\/\/permbledhja.com\/#organization\"},\"potentialAction\":[{\"@type\":\"SearchAction\",\"target\":{\"@type\":\"EntryPoint\",\"urlTemplate\":\"https:\/\/permbledhja.com\/?s={search_term_string}\"},\"query-input\":\"required name=search_term_string\"}],\"inLanguage\":\"sq\"},{\"@type\":\"Organization\",\"@id\":\"https:\/\/permbledhja.com\/#organization\",\"name\":\"MK Media & Pr\",\"url\":\"https:\/\/permbledhja.com\/\",\"logo\":{\"@type\":\"ImageObject\",\"inLanguage\":\"sq\",\"@id\":\"https:\/\/permbledhja.com\/#\/schema\/logo\/image\/\",\"url\":\"https:\/\/permbledhja.com\/wp-content\/uploads\/2021\/12\/07-Press-Logo.jpg\",\"contentUrl\":\"https:\/\/permbledhja.com\/wp-content\/uploads\/2021\/12\/07-Press-Logo.jpg\",\"width\":512,\"height\":512,\"caption\":\"MK Media & Pr\"},\"image\":{\"@id\":\"https:\/\/permbledhja.com\/#\/schema\/logo\/image\/\"},\"sameAs\":[\"https:\/\/www.facebook.com\/press07\/\"]},{\"@type\":\"Person\",\"@id\":\"https:\/\/permbledhja.com\/#\/schema\/person\/d23f13f59b5722643933d6780783acf3\",\"name\":\"M M\",\"image\":{\"@type\":\"ImageObject\",\"inLanguage\":\"sq\",\"@id\":\"https:\/\/permbledhja.com\/#\/schema\/person\/image\/\",\"url\":\"https:\/\/secure.gravatar.com\/avatar\/e2835a76ca7c31a2416b2d51c4ec9a8f?s=96&d=mm&r=g\",\"contentUrl\":\"https:\/\/secure.gravatar.com\/avatar\/e2835a76ca7c31a2416b2d51c4ec9a8f?s=96&d=mm&r=g\",\"caption\":\"M M\"},\"sameAs\":[\"http:\/\/MM\"],\"url\":\"https:\/\/permbledhja.com\/sq\/author\/muhamet\/\"}]}<\/script>\n<!-- \/ Yoast SEO plugin. -->","yoast_head_json":{"title":"Merr fund koalicioni LDK-PDK n\u00eb Prishtin\u00eb","robots":{"index":"index","follow":"follow","max-snippet":"max-snippet:-1","max-image-preview":"max-image-preview:large","max-video-preview":"max-video-preview:-1"},"canonical":"https:\/\/permbledhja.com\/sq\/merr-fund-koalicioni-ldk-pdk-ne-prishtine\/","og_locale":"sq_AL","og_type":"article","og_title":"Merr fund koalicioni LDK-PDK n\u00eb Prishtin\u00eb","og_description":"Kryetari i Deg\u00ebs s\u00eb Partis\u00eb Demokratike t\u00eb Kosov\u00ebs n\u00eb Prishtin\u00eb, Uran Ismaili, ka njoftuar se kan\u00eb shk\u00ebputur koalicionin qeveris\u00ebs me Lidhjen Demokratike t\u00eb Kosov\u00ebs n\u00eb kryeqytet. N\u00ebp\u00ebrmjet nj\u00eb postimi n\u00eb rrjetin social Facebook, Ismaili njofton se ka d\u00ebrguar shkres\u00ebn zyrtare te kryetari i Komun\u00ebs, P\u00ebrparim Rama, p\u00ebr t\u00eb komunikuar vendimin p\u00ebr shk\u00ebputjen e koalicionit qeveris\u00ebs, [&hellip;]","og_url":"https:\/\/permbledhja.com\/sq\/merr-fund-koalicioni-ldk-pdk-ne-prishtine\/","og_site_name":"Ve\u00e7 artikuj p\u00ebrmbledh\u00ebs","article_publisher":"https:\/\/www.facebook.com\/press07\/","article_published_time":"2024-02-08T14:40:03+00:00","og_image":[{"width":1000,"height":594,"url":"https:\/\/permbledhja.com\/wp-content\/uploads\/2024\/02\/311599214_427963672833483_1493110130085258382_n-1.jpg","type":"image\/jpeg"}],"author":"M M","twitter_card":"summary_large_image","twitter_misc":{"Written by":"M M","Est. reading time":"2 minuta"},"schema":{"@context":"https:\/\/schema.org","@graph":[{"@type":"Article","@id":"https:\/\/permbledhja.com\/merr-fund-koalicioni-ldk-pdk-ne-prishtine\/#article","isPartOf":{"@id":"https:\/\/permbledhja.com\/merr-fund-koalicioni-ldk-pdk-ne-prishtine\/"},"author":{"name":"M M","@id":"https:\/\/permbledhja.com\/#\/schema\/person\/d23f13f59b5722643933d6780783acf3"},"headline":"Merr fund koalicioni LDK-PDK n\u00eb Prishtin\u00eb","datePublished":"2024-02-08T14:40:03+00:00","dateModified":"2024-02-08T14:40:03+00:00","mainEntityOfPage":{"@id":"https:\/\/permbledhja.com\/merr-fund-koalicioni-ldk-pdk-ne-prishtine\/"},"wordCount":302,"publisher":{"@id":"https:\/\/permbledhja.com\/#organization"},"keywords":["Koalicioni"],"articleSection":["T\u00eb r\u00ebnd\u00ebsishme"],"inLanguage":"sq"},{"@type":"WebPage","@id":"https:\/\/permbledhja.com\/merr-fund-koalicioni-ldk-pdk-ne-prishtine\/","url":"https:\/\/permbledhja.com\/merr-fund-koalicioni-ldk-pdk-ne-prishtine\/","name":"Merr fund koalicioni LDK-PDK n\u00eb Prishtin\u00eb","isPartOf":{"@id":"https:\/\/permbledhja.com\/#website"},"datePublished":"2024-02-08T14:40:03+00:00","dateModified":"2024-02-08T14:40:03+00:00","breadcrumb":{"@id":"https:\/\/permbledhja.com\/merr-fund-koalicioni-ldk-pdk-ne-prishtine\/#breadcrumb"},"inLanguage":"sq","potentialAction":[{"@type":"ReadAction","target":["https:\/\/permbledhja.com\/merr-fund-koalicioni-ldk-pdk-ne-prishtine\/"]}]},{"@type":"BreadcrumbList","@id":"https:\/\/permbledhja.com\/merr-fund-koalicioni-ldk-pdk-ne-prishtine\/#breadcrumb","itemListElement":[{"@type":"ListItem","position":1,"name":"Ballina","item":"https:\/\/permbledhja.com\/sq\/"},{"@type":"ListItem","position":2,"name":"Merr fund koalicioni LDK-PDK n\u00eb Prishtin\u00eb"}]},{"@type":"WebSite","@id":"https:\/\/permbledhja.com\/#website","url":"https:\/\/permbledhja.com\/","name":"Ve\u00e7 artikuj p\u00ebrmbledh\u00ebs","description":"","publisher":{"@id":"https:\/\/permbledhja.com\/#organization"},"potentialAction":[{"@type":"SearchAction","target":{"@type":"EntryPoint","urlTemplate":"https:\/\/permbledhja.com\/?s={search_term_string}"},"query-input":"required name=search_term_string"}],"inLanguage":"sq"},{"@type":"Organization","@id":"https:\/\/permbledhja.com\/#organization","name":"MK Media & Pr","url":"https:\/\/permbledhja.com\/","logo":{"@type":"ImageObject","inLanguage":"sq","@id":"https:\/\/permbledhja.com\/#\/schema\/logo\/image\/","url":"https:\/\/permbledhja.com\/wp-content\/uploads\/2021\/12\/07-Press-Logo.jpg","contentUrl":"https:\/\/permbledhja.com\/wp-content\/uploads\/2021\/12\/07-Press-Logo.jpg","width":512,"height":512,"caption":"MK Media & Pr"},"image":{"@id":"https:\/\/permbledhja.com\/#\/schema\/logo\/image\/"},"sameAs":["https:\/\/www.facebook.com\/press07\/"]},{"@type":"Person","@id":"https:\/\/permbledhja.com\/#\/schema\/person\/d23f13f59b5722643933d6780783acf3","name":"M M","image":{"@type":"ImageObject","inLanguage":"sq","@id":"https:\/\/permbledhja.com\/#\/schema\/person\/image\/","url":"https:\/\/secure.gravatar.com\/avatar\/e2835a76ca7c31a2416b2d51c4ec9a8f?s=96&d=mm&r=g","contentUrl":"https:\/\/secure.gravatar.com\/avatar\/e2835a76ca7c31a2416b2d51c4ec9a8f?s=96&d=mm&r=g","caption":"M M"},"sameAs":["http:\/\/MM"],"url":"https:\/\/permbledhja.com\/sq\/author\/muhamet\/"}]}},"_links":{"self":[{"href":"https:\/\/permbledhja.com\/sq\/wp-json\/wp\/v2\/posts\/46771"}],"collection":[{"href":"https:\/\/permbledhja.com\/sq\/wp-json\/wp\/v2\/posts"}],"about":[{"href":"https:\/\/permbledhja.com\/sq\/wp-json\/wp\/v2\/types\/post"}],"author":[{"embeddable":true,"href":"https:\/\/permbledhja.com\/sq\/wp-json\/wp\/v2\/users\/2"}],"replies":[{"embeddable":true,"href":"https:\/\/permbledhja.com\/sq\/wp-json\/wp\/v2\/comments?post=46771"}],"version-history":[{"count":1,"href":"https:\/\/permbledhja.com\/sq\/wp-json\/wp\/v2\/posts\/46771\/revisions"}],"predecessor-version":[{"id":46773,"href":"https:\/\/permbledhja.com\/sq\/wp-json\/wp\/v2\/posts\/46771\/revisions\/46773"}],"wp:featuredmedia":[{"embeddable":true,"href":"https:\/\/permbledhja.com\/sq\/wp-json\/wp\/v2\/media\/46772"}],"wp:attachment":[{"href":"https:\/\/permbledhja.com\/sq\/wp-json\/wp\/v2\/media?parent=46771"}],"wp:term":[{"taxonomy":"category","embeddable":true,"href":"https:\/\/permbledhja.com\/sq\/wp-json\/wp\/v2\/categories?post=46771"},{"taxonomy":"post_tag","embeddable":true,"href":"https:\/\/permbledhja.com\/sq\/wp-json\/wp\/v2\/tags?post=46771"}],"curies":[{"name":"wp","href":"https:\/\/api.w.org\/{rel}","templated":true}]}}