{"id":46539,"date":"2024-02-07T20:36:10","date_gmt":"2024-02-07T20:36:10","guid":{"rendered":"https:\/\/permbledhja.com\/?p=46539"},"modified":"2024-02-07T20:36:10","modified_gmt":"2024-02-07T20:36:10","slug":"stano-i-prere-dialogu-vazhdon-nuk-kemi-frike-per-ndonje-status-quo-te-re","status":"publish","type":"post","link":"https:\/\/permbledhja.com\/sq\/stano-i-prere-dialogu-vazhdon-nuk-kemi-frike-per-ndonje-status-quo-te-re\/","title":{"rendered":"Stano i prer\u00eb: Dialogu vazhdon, nuk kemi frik\u00eb p\u00ebr ndonj\u00eb \u2018status-quo\u2019 t\u00eb re"},"content":{"rendered":"<h3>Z\u00ebdh\u00ebn\u00ebsi i Bashkimit Evropian p\u00ebr \u00e7\u00ebshtje t\u00eb politik\u00ebs s\u00eb jashtme dhe siguris\u00eb, Peter Stano tha se dialogu vazhdon pavar\u00ebsisht \u00e7\u00ebshtjeve teknike.<\/h3>\n<p>Madje ai thot\u00eb se dialogu do t\u00eb vazhdoj\u00eb pavar\u00ebsisht situat\u00ebs s\u00eb fundit me vendimin e Bank\u00ebs Qendrore t\u00eb Kosov\u00ebs p\u00ebr ndalimin e dinarit.<\/p>\n<p>I pyetur se a \u201cfrik\u00ebsohen\u201d se do t\u00eb ket\u00eb nj\u00eb status quo t\u00eb re n\u00eb dialogun Kosov\u00eb-Serbi, Stano e ka mohuar kategorikisht nj\u00eb gj\u00eb t\u00eb till\u00eb.<\/p>\n<p><em>\u201c<\/em>Dialogu vazhdon. Ne jemi duke punuar, dhe vazhdojm\u00eb t\u00eb punojm\u00eb q\u00eb ky proces t\u00eb ec\u00eb p\u00ebrpara,\u00a0 tu ndihmojm\u00eb pal\u00ebve q\u00eb m\u00eb n\u00eb fund t\u00eb fillojn\u00eb t\u00eb sillen n\u00eb m\u00ebnyr\u00eb konstruktive, q\u00eb t\u00eb mund t\u00eb ecin p\u00ebrpara.\u00a0Nuk kemi frik\u00eb se do t\u00eb ket\u00eb nj\u00eb status quo t\u00eb re, ose nj\u00eb ng\u00ebr\u00e7<em><strong>\u201d,<\/strong><\/em>tha ai.<\/p>\n<p><em>\u201c<\/em>N\u00eb fakt nuk frik\u00ebsohemi nga asgj\u00eb, por vet\u00ebm p\u00ebr at\u00eb se populli i Kosov\u00ebs dhe Serbis\u00eb, do t\u00eb mbeten jasht\u00eb nga ajo q\u00eb parashihet p\u00ebr ta n\u00eb nga Procesi i An\u00ebtar\u00ebsimit, nga fakti se ne po i shohim t\u00eb gjitha ato q\u00eb ju po i p\u00ebrmendni n\u00eb pyetjen tuaj, e p\u00ebr t\u00eb cilat ne kemi reaguar gjat\u00eb jav\u00ebve t\u00eb fundit. N\u00eb ve\u00e7anti n\u00eb an\u00ebn e Kosov\u00ebs, me vendimet e nj\u00ebanshme, dhe gj\u00ebra q\u00eb kan\u00eb ngritur shqet\u00ebsime, bashk\u00eb me m\u00ebnyr\u00ebn se si komunikohet nga ana e autoriteteve t\u00eb Prishtin\u00ebs. K\u00ebto krijojn\u00eb frik\u00eb tek ne, se Kosova mund t\u00eb mbetet jasht\u00eb dhe t\u00eb mbetet prapa<em>\u201d,<\/em>\u00a0u shpreh ai.<\/p>\n<p>Stano gjithashtu thekson se emisari i BE-s\u00eb p\u00ebr dialogun Kosov\u00eb-Serbi, Miroslav Laj\u00e7ak bashk\u00eb me p\u00ebrfaq\u00ebsuesin e lart\u00eb, Josep Borrell, do t\u00eb vazhdojn\u00eb t\u00eb punojn\u00eb n\u00eb m\u00ebnyr\u00eb q\u00eb pal\u00ebve t\u2019iu mund\u00ebsohet t\u00eb b\u00ebjn\u00eb hapa n\u00eb \u00e7\u00ebshtjet ku nuk ka pasur progres.<\/p>\n<p><em>\u201c<\/em>Por ne vazhdojm\u00eb pun\u00ebn ton\u00eb, emisari yn\u00eb, bashk\u00eb me P\u00ebrfaq\u00ebsuesin e Lart\u00eb,\u00a0vazhdojn\u00eb t\u00eb punojn\u00eb me partner\u00ebt n\u00eb rajon dhe nd\u00ebrkomb\u00ebtar\u00ebt brenda BE-s\u00eb dhe jasht\u00eb, p\u00ebr tu mund\u00ebsuar dy pal\u00ebve q\u00eb t\u00eb b\u00ebjn\u00eb hapa q\u00eb t\u2019i lejoj\u00eb ata t\u00eb vazhdojn\u00eb me dialogun e leht\u00ebsuar nga BE, p\u00ebr t\u00eb gjitha \u00e7\u00ebshtjet ku nuk ka pasur progres deri tani, aty ku duhet t\u00eb arrihet progres dhe n\u00eb ve\u00e7anti, n\u00eb implementimin e asaj p\u00ebr t\u00eb cil\u00ebn ishin pajtuar n\u00eb pranver\u00ebn e kaluar n\u00eb Bruksel e n\u00eb Oh\u00ebr\u201d<em>,<\/em>\u00a0shtoi ai.<\/p>\n<p>Sipas BE-s\u00eb, Kosova dhe Serbia arrit\u00ebn Marr\u00ebveshjen p\u00ebr normalizimin e marr\u00ebdh\u00ebnieve dhe Aneksit p\u00ebr zbatimin e saj n\u00eb fillim t\u00eb vitit 2023. Por, ato nuk jan\u00eb duke u zbatuar, pavar\u00ebsisht trysnis\u00eb nd\u00ebrkomb\u00ebtare.<\/p>\n","protected":false},"excerpt":{"rendered":"<p>Z\u00ebdh\u00ebn\u00ebsi i Bashkimit Evropian p\u00ebr \u00e7\u00ebshtje t\u00eb politik\u00ebs s\u00eb jashtme dhe siguris\u00eb, Peter Stano tha se dialogu vazhdon pavar\u00ebsisht \u00e7\u00ebshtjeve teknike. Madje ai thot\u00eb se dialogu do t\u00eb vazhdoj\u00eb pavar\u00ebsisht situat\u00ebs s\u00eb fundit me vendimin e Bank\u00ebs Qendrore t\u00eb Kosov\u00ebs p\u00ebr ndalimin e dinarit. I pyetur se a \u201cfrik\u00ebsohen\u201d se do t\u00eb ket\u00eb nj\u00eb status [&hellip;]<\/p>\n","protected":false},"author":5,"featured_media":46540,"comment_status":"closed","ping_status":"closed","sticky":false,"template":"","format":"standard","meta":{"_monsterinsights_skip_tracking":false,"_monsterinsights_sitenote_active":false,"_monsterinsights_sitenote_note":"","_monsterinsights_sitenote_category":0,"_uf_show_specific_survey":0,"_uf_disable_surveys":false,"footnotes":""},"categories":[1146],"tags":[],"yoast_head":"<!-- This site is optimized with the Yoast SEO plugin v21.5 - https:\/\/yoast.com\/wordpress\/plugins\/seo\/ -->\n<title>Stano i prer\u00eb: Dialogu vazhdon, nuk kemi frik\u00eb p\u00ebr ndonj\u00eb \u2018status-quo\u2019 t\u00eb re<\/title>\n<meta name=\"robots\" content=\"index, follow, max-snippet:-1, max-image-preview:large, max-video-preview:-1\" \/>\n<link rel=\"canonical\" href=\"https:\/\/permbledhja.com\/sq\/stano-i-prere-dialogu-vazhdon-nuk-kemi-frike-per-ndonje-status-quo-te-re\/\" \/>\n<meta property=\"og:locale\" content=\"sq_AL\" \/>\n<meta property=\"og:type\" content=\"article\" \/>\n<meta property=\"og:title\" content=\"Stano i prer\u00eb: Dialogu vazhdon, nuk kemi frik\u00eb p\u00ebr ndonj\u00eb \u2018status-quo\u2019 t\u00eb re\" \/>\n<meta property=\"og:description\" content=\"Z\u00ebdh\u00ebn\u00ebsi i Bashkimit Evropian p\u00ebr \u00e7\u00ebshtje t\u00eb politik\u00ebs s\u00eb jashtme dhe siguris\u00eb, Peter Stano tha se dialogu vazhdon pavar\u00ebsisht \u00e7\u00ebshtjeve teknike. Madje ai thot\u00eb se dialogu do t\u00eb vazhdoj\u00eb pavar\u00ebsisht situat\u00ebs s\u00eb fundit me vendimin e Bank\u00ebs Qendrore t\u00eb Kosov\u00ebs p\u00ebr ndalimin e dinarit. I pyetur se a \u201cfrik\u00ebsohen\u201d se do t\u00eb ket\u00eb nj\u00eb status [&hellip;]\" \/>\n<meta property=\"og:url\" content=\"https:\/\/permbledhja.com\/sq\/stano-i-prere-dialogu-vazhdon-nuk-kemi-frike-per-ndonje-status-quo-te-re\/\" \/>\n<meta property=\"og:site_name\" content=\"Ve\u00e7 artikuj p\u00ebrmbledh\u00ebs\" \/>\n<meta property=\"article:publisher\" content=\"https:\/\/www.facebook.com\/press07\/\" \/>\n<meta property=\"article:published_time\" content=\"2024-02-07T20:36:10+00:00\" \/>\n<meta property=\"og:image\" content=\"https:\/\/permbledhja.com\/wp-content\/uploads\/2024\/02\/sta.jpg\" \/>\n\t<meta property=\"og:image:width\" content=\"891\" \/>\n\t<meta property=\"og:image:height\" content=\"557\" \/>\n\t<meta property=\"og:image:type\" content=\"image\/jpeg\" \/>\n<meta name=\"author\" content=\"DL\" \/>\n<meta name=\"twitter:card\" content=\"summary_large_image\" \/>\n<meta name=\"twitter:label1\" content=\"Written by\" \/>\n\t<meta name=\"twitter:data1\" content=\"DL\" \/>\n\t<meta name=\"twitter:label2\" content=\"Est. reading time\" \/>\n\t<meta name=\"twitter:data2\" content=\"3 minuta\" \/>\n<script type=\"application\/ld+json\" class=\"yoast-schema-graph\">{\"@context\":\"https:\/\/schema.org\",\"@graph\":[{\"@type\":\"Article\",\"@id\":\"https:\/\/permbledhja.com\/stano-i-prere-dialogu-vazhdon-nuk-kemi-frike-per-ndonje-status-quo-te-re\/#article\",\"isPartOf\":{\"@id\":\"https:\/\/permbledhja.com\/stano-i-prere-dialogu-vazhdon-nuk-kemi-frike-per-ndonje-status-quo-te-re\/\"},\"author\":{\"name\":\"DL\",\"@id\":\"https:\/\/permbledhja.com\/#\/schema\/person\/9c54260cbc4c6f792cb100550491638c\"},\"headline\":\"Stano i prer\u00eb: Dialogu vazhdon, nuk kemi frik\u00eb p\u00ebr ndonj\u00eb \u2018status-quo\u2019 t\u00eb re\",\"datePublished\":\"2024-02-07T20:36:10+00:00\",\"dateModified\":\"2024-02-07T20:36:10+00:00\",\"mainEntityOfPage\":{\"@id\":\"https:\/\/permbledhja.com\/stano-i-prere-dialogu-vazhdon-nuk-kemi-frike-per-ndonje-status-quo-te-re\/\"},\"wordCount\":476,\"publisher\":{\"@id\":\"https:\/\/permbledhja.com\/#organization\"},\"articleSection\":[\"Kryesoret\"],\"inLanguage\":\"sq\"},{\"@type\":\"WebPage\",\"@id\":\"https:\/\/permbledhja.com\/stano-i-prere-dialogu-vazhdon-nuk-kemi-frike-per-ndonje-status-quo-te-re\/\",\"url\":\"https:\/\/permbledhja.com\/stano-i-prere-dialogu-vazhdon-nuk-kemi-frike-per-ndonje-status-quo-te-re\/\",\"name\":\"Stano i prer\u00eb: Dialogu vazhdon, nuk kemi frik\u00eb p\u00ebr ndonj\u00eb \u2018status-quo\u2019 t\u00eb re\",\"isPartOf\":{\"@id\":\"https:\/\/permbledhja.com\/#website\"},\"datePublished\":\"2024-02-07T20:36:10+00:00\",\"dateModified\":\"2024-02-07T20:36:10+00:00\",\"breadcrumb\":{\"@id\":\"https:\/\/permbledhja.com\/stano-i-prere-dialogu-vazhdon-nuk-kemi-frike-per-ndonje-status-quo-te-re\/#breadcrumb\"},\"inLanguage\":\"sq\",\"potentialAction\":[{\"@type\":\"ReadAction\",\"target\":[\"https:\/\/permbledhja.com\/stano-i-prere-dialogu-vazhdon-nuk-kemi-frike-per-ndonje-status-quo-te-re\/\"]}]},{\"@type\":\"BreadcrumbList\",\"@id\":\"https:\/\/permbledhja.com\/stano-i-prere-dialogu-vazhdon-nuk-kemi-frike-per-ndonje-status-quo-te-re\/#breadcrumb\",\"itemListElement\":[{\"@type\":\"ListItem\",\"position\":1,\"name\":\"Ballina\",\"item\":\"https:\/\/permbledhja.com\/sq\/\"},{\"@type\":\"ListItem\",\"position\":2,\"name\":\"Stano i prer\u00eb: Dialogu vazhdon, nuk kemi frik\u00eb p\u00ebr ndonj\u00eb \u2018status-quo\u2019 t\u00eb re\"}]},{\"@type\":\"WebSite\",\"@id\":\"https:\/\/permbledhja.com\/#website\",\"url\":\"https:\/\/permbledhja.com\/\",\"name\":\"Ve\u00e7 artikuj p\u00ebrmbledh\u00ebs\",\"description\":\"\",\"publisher\":{\"@id\":\"https:\/\/permbledhja.com\/#organization\"},\"potentialAction\":[{\"@type\":\"SearchAction\",\"target\":{\"@type\":\"EntryPoint\",\"urlTemplate\":\"https:\/\/permbledhja.com\/?s={search_term_string}\"},\"query-input\":\"required name=search_term_string\"}],\"inLanguage\":\"sq\"},{\"@type\":\"Organization\",\"@id\":\"https:\/\/permbledhja.com\/#organization\",\"name\":\"MK Media & Pr\",\"url\":\"https:\/\/permbledhja.com\/\",\"logo\":{\"@type\":\"ImageObject\",\"inLanguage\":\"sq\",\"@id\":\"https:\/\/permbledhja.com\/#\/schema\/logo\/image\/\",\"url\":\"https:\/\/permbledhja.com\/wp-content\/uploads\/2021\/12\/07-Press-Logo.jpg\",\"contentUrl\":\"https:\/\/permbledhja.com\/wp-content\/uploads\/2021\/12\/07-Press-Logo.jpg\",\"width\":512,\"height\":512,\"caption\":\"MK Media & Pr\"},\"image\":{\"@id\":\"https:\/\/permbledhja.com\/#\/schema\/logo\/image\/\"},\"sameAs\":[\"https:\/\/www.facebook.com\/press07\/\"]},{\"@type\":\"Person\",\"@id\":\"https:\/\/permbledhja.com\/#\/schema\/person\/9c54260cbc4c6f792cb100550491638c\",\"name\":\"DL\",\"image\":{\"@type\":\"ImageObject\",\"inLanguage\":\"sq\",\"@id\":\"https:\/\/permbledhja.com\/#\/schema\/person\/image\/\",\"url\":\"https:\/\/secure.gravatar.com\/avatar\/94503eb28d4c4b2005a5c8753e35fc80?s=96&d=mm&r=g\",\"contentUrl\":\"https:\/\/secure.gravatar.com\/avatar\/94503eb28d4c4b2005a5c8753e35fc80?s=96&d=mm&r=g\",\"caption\":\"DL\"},\"url\":\"https:\/\/permbledhja.com\/sq\/author\/dl\/\"}]}<\/script>\n<!-- \/ Yoast SEO plugin. -->","yoast_head_json":{"title":"Stano i prer\u00eb: Dialogu vazhdon, nuk kemi frik\u00eb p\u00ebr ndonj\u00eb \u2018status-quo\u2019 t\u00eb re","robots":{"index":"index","follow":"follow","max-snippet":"max-snippet:-1","max-image-preview":"max-image-preview:large","max-video-preview":"max-video-preview:-1"},"canonical":"https:\/\/permbledhja.com\/sq\/stano-i-prere-dialogu-vazhdon-nuk-kemi-frike-per-ndonje-status-quo-te-re\/","og_locale":"sq_AL","og_type":"article","og_title":"Stano i prer\u00eb: Dialogu vazhdon, nuk kemi frik\u00eb p\u00ebr ndonj\u00eb \u2018status-quo\u2019 t\u00eb re","og_description":"Z\u00ebdh\u00ebn\u00ebsi i Bashkimit Evropian p\u00ebr \u00e7\u00ebshtje t\u00eb politik\u00ebs s\u00eb jashtme dhe siguris\u00eb, Peter Stano tha se dialogu vazhdon pavar\u00ebsisht \u00e7\u00ebshtjeve teknike. Madje ai thot\u00eb se dialogu do t\u00eb vazhdoj\u00eb pavar\u00ebsisht situat\u00ebs s\u00eb fundit me vendimin e Bank\u00ebs Qendrore t\u00eb Kosov\u00ebs p\u00ebr ndalimin e dinarit. I pyetur se a \u201cfrik\u00ebsohen\u201d se do t\u00eb ket\u00eb nj\u00eb status [&hellip;]","og_url":"https:\/\/permbledhja.com\/sq\/stano-i-prere-dialogu-vazhdon-nuk-kemi-frike-per-ndonje-status-quo-te-re\/","og_site_name":"Ve\u00e7 artikuj p\u00ebrmbledh\u00ebs","article_publisher":"https:\/\/www.facebook.com\/press07\/","article_published_time":"2024-02-07T20:36:10+00:00","og_image":[{"width":891,"height":557,"url":"https:\/\/permbledhja.com\/wp-content\/uploads\/2024\/02\/sta.jpg","type":"image\/jpeg"}],"author":"DL","twitter_card":"summary_large_image","twitter_misc":{"Written by":"DL","Est. reading time":"3 minuta"},"schema":{"@context":"https:\/\/schema.org","@graph":[{"@type":"Article","@id":"https:\/\/permbledhja.com\/stano-i-prere-dialogu-vazhdon-nuk-kemi-frike-per-ndonje-status-quo-te-re\/#article","isPartOf":{"@id":"https:\/\/permbledhja.com\/stano-i-prere-dialogu-vazhdon-nuk-kemi-frike-per-ndonje-status-quo-te-re\/"},"author":{"name":"DL","@id":"https:\/\/permbledhja.com\/#\/schema\/person\/9c54260cbc4c6f792cb100550491638c"},"headline":"Stano i prer\u00eb: Dialogu vazhdon, nuk kemi frik\u00eb p\u00ebr ndonj\u00eb \u2018status-quo\u2019 t\u00eb re","datePublished":"2024-02-07T20:36:10+00:00","dateModified":"2024-02-07T20:36:10+00:00","mainEntityOfPage":{"@id":"https:\/\/permbledhja.com\/stano-i-prere-dialogu-vazhdon-nuk-kemi-frike-per-ndonje-status-quo-te-re\/"},"wordCount":476,"publisher":{"@id":"https:\/\/permbledhja.com\/#organization"},"articleSection":["Kryesoret"],"inLanguage":"sq"},{"@type":"WebPage","@id":"https:\/\/permbledhja.com\/stano-i-prere-dialogu-vazhdon-nuk-kemi-frike-per-ndonje-status-quo-te-re\/","url":"https:\/\/permbledhja.com\/stano-i-prere-dialogu-vazhdon-nuk-kemi-frike-per-ndonje-status-quo-te-re\/","name":"Stano i prer\u00eb: Dialogu vazhdon, nuk kemi frik\u00eb p\u00ebr ndonj\u00eb \u2018status-quo\u2019 t\u00eb re","isPartOf":{"@id":"https:\/\/permbledhja.com\/#website"},"datePublished":"2024-02-07T20:36:10+00:00","dateModified":"2024-02-07T20:36:10+00:00","breadcrumb":{"@id":"https:\/\/permbledhja.com\/stano-i-prere-dialogu-vazhdon-nuk-kemi-frike-per-ndonje-status-quo-te-re\/#breadcrumb"},"inLanguage":"sq","potentialAction":[{"@type":"ReadAction","target":["https:\/\/permbledhja.com\/stano-i-prere-dialogu-vazhdon-nuk-kemi-frike-per-ndonje-status-quo-te-re\/"]}]},{"@type":"BreadcrumbList","@id":"https:\/\/permbledhja.com\/stano-i-prere-dialogu-vazhdon-nuk-kemi-frike-per-ndonje-status-quo-te-re\/#breadcrumb","itemListElement":[{"@type":"ListItem","position":1,"name":"Ballina","item":"https:\/\/permbledhja.com\/sq\/"},{"@type":"ListItem","position":2,"name":"Stano i prer\u00eb: Dialogu vazhdon, nuk kemi frik\u00eb p\u00ebr ndonj\u00eb \u2018status-quo\u2019 t\u00eb re"}]},{"@type":"WebSite","@id":"https:\/\/permbledhja.com\/#website","url":"https:\/\/permbledhja.com\/","name":"Ve\u00e7 artikuj p\u00ebrmbledh\u00ebs","description":"","publisher":{"@id":"https:\/\/permbledhja.com\/#organization"},"potentialAction":[{"@type":"SearchAction","target":{"@type":"EntryPoint","urlTemplate":"https:\/\/permbledhja.com\/?s={search_term_string}"},"query-input":"required name=search_term_string"}],"inLanguage":"sq"},{"@type":"Organization","@id":"https:\/\/permbledhja.com\/#organization","name":"MK Media & Pr","url":"https:\/\/permbledhja.com\/","logo":{"@type":"ImageObject","inLanguage":"sq","@id":"https:\/\/permbledhja.com\/#\/schema\/logo\/image\/","url":"https:\/\/permbledhja.com\/wp-content\/uploads\/2021\/12\/07-Press-Logo.jpg","contentUrl":"https:\/\/permbledhja.com\/wp-content\/uploads\/2021\/12\/07-Press-Logo.jpg","width":512,"height":512,"caption":"MK Media & Pr"},"image":{"@id":"https:\/\/permbledhja.com\/#\/schema\/logo\/image\/"},"sameAs":["https:\/\/www.facebook.com\/press07\/"]},{"@type":"Person","@id":"https:\/\/permbledhja.com\/#\/schema\/person\/9c54260cbc4c6f792cb100550491638c","name":"DL","image":{"@type":"ImageObject","inLanguage":"sq","@id":"https:\/\/permbledhja.com\/#\/schema\/person\/image\/","url":"https:\/\/secure.gravatar.com\/avatar\/94503eb28d4c4b2005a5c8753e35fc80?s=96&d=mm&r=g","contentUrl":"https:\/\/secure.gravatar.com\/avatar\/94503eb28d4c4b2005a5c8753e35fc80?s=96&d=mm&r=g","caption":"DL"},"url":"https:\/\/permbledhja.com\/sq\/author\/dl\/"}]}},"_links":{"self":[{"href":"https:\/\/permbledhja.com\/sq\/wp-json\/wp\/v2\/posts\/46539"}],"collection":[{"href":"https:\/\/permbledhja.com\/sq\/wp-json\/wp\/v2\/posts"}],"about":[{"href":"https:\/\/permbledhja.com\/sq\/wp-json\/wp\/v2\/types\/post"}],"author":[{"embeddable":true,"href":"https:\/\/permbledhja.com\/sq\/wp-json\/wp\/v2\/users\/5"}],"replies":[{"embeddable":true,"href":"https:\/\/permbledhja.com\/sq\/wp-json\/wp\/v2\/comments?post=46539"}],"version-history":[{"count":2,"href":"https:\/\/permbledhja.com\/sq\/wp-json\/wp\/v2\/posts\/46539\/revisions"}],"predecessor-version":[{"id":46542,"href":"https:\/\/permbledhja.com\/sq\/wp-json\/wp\/v2\/posts\/46539\/revisions\/46542"}],"wp:featuredmedia":[{"embeddable":true,"href":"https:\/\/permbledhja.com\/sq\/wp-json\/wp\/v2\/media\/46540"}],"wp:attachment":[{"href":"https:\/\/permbledhja.com\/sq\/wp-json\/wp\/v2\/media?parent=46539"}],"wp:term":[{"taxonomy":"category","embeddable":true,"href":"https:\/\/permbledhja.com\/sq\/wp-json\/wp\/v2\/categories?post=46539"},{"taxonomy":"post_tag","embeddable":true,"href":"https:\/\/permbledhja.com\/sq\/wp-json\/wp\/v2\/tags?post=46539"}],"curies":[{"name":"wp","href":"https:\/\/api.w.org\/{rel}","templated":true}]}}