{"id":46478,"date":"2024-02-07T15:46:19","date_gmt":"2024-02-07T15:46:19","guid":{"rendered":"https:\/\/permbledhja.com\/?p=46478"},"modified":"2024-02-07T15:50:00","modified_gmt":"2024-02-07T15:50:00","slug":"bislimi-akuza-serbise-se-e-dergoi-nje-kamion-me-dinare-nje-dite-para-mbledhjes-se-keshillit-te-sigurimit","status":"publish","type":"post","link":"https:\/\/permbledhja.com\/sq\/bislimi-akuza-serbise-se-e-dergoi-nje-kamion-me-dinare-nje-dite-para-mbledhjes-se-keshillit-te-sigurimit\/","title":{"rendered":"Bislimi akuza Serbis\u00eb se e d\u00ebrgoi nj\u00eb kamion me dinar\u00eb nj\u00eb dit\u00eb para mbledhjes s\u00eb K\u00ebshillit t\u00eb Sigurimit"},"content":{"rendered":"<h3>Z\u00ebvend\u00ebskryeminsitri Besnik Bislimi ka dal\u00eb me nj\u00eb deklarat\u00eb rreth raportimeve q\u00eb nj\u00eb automjet me dinar\u00eb \u00ebsht\u00eb ndaluar nga autoritetet kosovare n\u00eb Jarinj\u00eb.<\/h3>\n<p>Ai thot\u00eb se Banka e Serbis\u00eb ka d\u00ebrguar nj\u00eb kamion me para n\u0451 p\u0451rcjellje t\u0451 individ\u0451ve q\u0451 prezantohen me kredenciale t\u0451 nj\u0451 kompanie inekzistente nj\u00eb dit\u00eb para mbledhjes s\u0451 thirrur t\u0451 K\u0451shillit t\u0451 Sigurimit.<\/p>\n<p>\u201cSot Banka ekuivalente e Serbis\u0451 (nj\u0451 dit\u0451 para mbledhjes s\u0451 thirrur t\u0451 K\u0451shillit t\u0451 Sigurimit), ka d\u0451rguar nj\u0451 kamion me para (plot 117.000.000 dinar\u0451) n\u0451 kufi, n\u0451 p\u0451rcjellje t\u0451 individ\u0451ve q\u0451 prezantohen me kredenciale t\u0451 nj\u0451 kompanie inekzistente, me pretendimin q\u0451 parat\u0451 duan t\u2019i d\u0451rgojn\u0451 tek nj\u0451 entitet po ashtu inekzistent n\u0451 Kosov\u0451 dhe p\u0451r interes t\u0451 p\u0451rfituesve, emrat e t\u0451 cil\u0451ve as i dijn\u0451 e as nuk i kan\u0451. Paramendojeni nj\u0451 paralele ku para inspektorit doganor, shfaqet nj\u0451 kamion me mallra t\u0451 konsumit t\u0451 p\u0451rditsh\u0451m, nga individ\u0451 q\u0451 prezantohen n\u0451 em\u00ebr t\u0451 kompanive inekzistuese, dhe pretendojn\u0451 q\u0451 mallin jan\u0451 duke e d\u0451rguar tek nj\u0451 kompani, e cila po ashtu nuk figuron askund n\u0451 regjistrat zyrtar\u0451 t\u0451 shtetit\u201d.<\/p>\n<p>Nd\u00ebrkaq, z\u00ebdh\u00ebn\u00ebsi i Dogan\u00ebs s\u00eb Kosov\u00ebs, Adriatik Stavileci, tha se k\u00ebrkes\u00ebs s\u00eb kompanis\u00eb serbe q\u00eb pyeti n\u00ebse mund t\u00eb fusin dinar\u00ebt n\u00eb Kosov\u00eb i jan\u00eb p\u00ebrgjigjur me vendimin e BQK-s\u00eb.<\/p>\n<p>\u201cSot kan\u00eb ardhur p\u00ebrfaq\u00ebsuesit e nj\u00eb kompanie, pal\u00ebs serbe, kan\u00eb pyetur n\u00eb Jarinje se a lejohet, ne ia kemi kumtuar q\u00eb sipas vendimit t\u00eb BQK-s\u00eb, qarkullimi i mjeteve monetare duhet me u b\u00eb prej kompanive t\u00eb autorizuara nga BQK-ja. Kan\u00eb k\u00ebrkuar vet\u00ebm informacione. Ne i kemi treguar q\u00eb kompania duhet me qen\u00eb e licencuar dhe e autorizuar nga BQK\u201d, ka th\u00ebn\u00eb Stavileci m\u00eb her\u00ebt p\u00ebr Express.<\/p>\n","protected":false},"excerpt":{"rendered":"<p>Z\u00ebvend\u00ebskryeminsitri Besnik Bislimi ka dal\u00eb me nj\u00eb deklarat\u00eb rreth raportimeve q\u00eb nj\u00eb automjet me dinar\u00eb \u00ebsht\u00eb ndaluar nga autoritetet kosovare n\u00eb Jarinj\u00eb. Ai thot\u00eb se Banka e Serbis\u00eb ka d\u00ebrguar nj\u00eb kamion me para n\u0451 p\u0451rcjellje t\u0451 individ\u0451ve q\u0451 prezantohen me kredenciale t\u0451 nj\u0451 kompanie inekzistente nj\u00eb dit\u00eb para mbledhjes s\u0451 thirrur t\u0451 K\u0451shillit t\u0451 [&hellip;]<\/p>\n","protected":false},"author":5,"featured_media":46479,"comment_status":"closed","ping_status":"closed","sticky":false,"template":"","format":"standard","meta":{"_monsterinsights_skip_tracking":false,"_monsterinsights_sitenote_active":false,"_monsterinsights_sitenote_note":"","_monsterinsights_sitenote_category":0,"_uf_show_specific_survey":0,"_uf_disable_surveys":false,"footnotes":""},"categories":[1146],"tags":[],"yoast_head":"<!-- This site is optimized with the Yoast SEO plugin v21.5 - https:\/\/yoast.com\/wordpress\/plugins\/seo\/ -->\n<title>Bislimi akuza Serbis\u00eb se e d\u00ebrgoi nj\u00eb kamion me dinar\u00eb nj\u00eb dit\u00eb para mbledhjes s\u00eb K\u00ebshillit t\u00eb Sigurimit<\/title>\n<meta name=\"robots\" content=\"index, follow, max-snippet:-1, max-image-preview:large, max-video-preview:-1\" \/>\n<link rel=\"canonical\" href=\"https:\/\/permbledhja.com\/sq\/bislimi-akuza-serbise-se-e-dergoi-nje-kamion-me-dinare-nje-dite-para-mbledhjes-se-keshillit-te-sigurimit\/\" \/>\n<meta property=\"og:locale\" content=\"sq_AL\" \/>\n<meta property=\"og:type\" content=\"article\" \/>\n<meta property=\"og:title\" content=\"Bislimi akuza Serbis\u00eb se e d\u00ebrgoi nj\u00eb kamion me dinar\u00eb nj\u00eb dit\u00eb para mbledhjes s\u00eb K\u00ebshillit t\u00eb Sigurimit\" \/>\n<meta property=\"og:description\" content=\"Z\u00ebvend\u00ebskryeminsitri Besnik Bislimi ka dal\u00eb me nj\u00eb deklarat\u00eb rreth raportimeve q\u00eb nj\u00eb automjet me dinar\u00eb \u00ebsht\u00eb ndaluar nga autoritetet kosovare n\u00eb Jarinj\u00eb. Ai thot\u00eb se Banka e Serbis\u00eb ka d\u00ebrguar nj\u00eb kamion me para n\u0451 p\u0451rcjellje t\u0451 individ\u0451ve q\u0451 prezantohen me kredenciale t\u0451 nj\u0451 kompanie inekzistente nj\u00eb dit\u00eb para mbledhjes s\u0451 thirrur t\u0451 K\u0451shillit t\u0451 [&hellip;]\" \/>\n<meta property=\"og:url\" content=\"https:\/\/permbledhja.com\/sq\/bislimi-akuza-serbise-se-e-dergoi-nje-kamion-me-dinare-nje-dite-para-mbledhjes-se-keshillit-te-sigurimit\/\" \/>\n<meta property=\"og:site_name\" content=\"Ve\u00e7 artikuj p\u00ebrmbledh\u00ebs\" \/>\n<meta property=\"article:publisher\" content=\"https:\/\/www.facebook.com\/press07\/\" \/>\n<meta property=\"article:published_time\" content=\"2024-02-07T15:46:19+00:00\" \/>\n<meta property=\"article:modified_time\" content=\"2024-02-07T15:50:00+00:00\" \/>\n<meta property=\"og:image\" content=\"https:\/\/permbledhja.com\/wp-content\/uploads\/2024\/02\/bislo.jpg\" \/>\n\t<meta property=\"og:image:width\" content=\"600\" \/>\n\t<meta property=\"og:image:height\" content=\"360\" \/>\n\t<meta property=\"og:image:type\" content=\"image\/jpeg\" \/>\n<meta name=\"author\" content=\"DL\" \/>\n<meta name=\"twitter:card\" content=\"summary_large_image\" \/>\n<meta name=\"twitter:label1\" content=\"Written by\" \/>\n\t<meta name=\"twitter:data1\" content=\"DL\" \/>\n\t<meta name=\"twitter:label2\" content=\"Est. reading time\" \/>\n\t<meta name=\"twitter:data2\" content=\"2 minuta\" \/>\n<script type=\"application\/ld+json\" class=\"yoast-schema-graph\">{\"@context\":\"https:\/\/schema.org\",\"@graph\":[{\"@type\":\"Article\",\"@id\":\"https:\/\/permbledhja.com\/bislimi-akuza-serbise-se-e-dergoi-nje-kamion-me-dinare-nje-dite-para-mbledhjes-se-keshillit-te-sigurimit\/#article\",\"isPartOf\":{\"@id\":\"https:\/\/permbledhja.com\/bislimi-akuza-serbise-se-e-dergoi-nje-kamion-me-dinare-nje-dite-para-mbledhjes-se-keshillit-te-sigurimit\/\"},\"author\":{\"name\":\"DL\",\"@id\":\"https:\/\/permbledhja.com\/#\/schema\/person\/9c54260cbc4c6f792cb100550491638c\"},\"headline\":\"Bislimi akuza Serbis\u00eb se e d\u00ebrgoi nj\u00eb kamion me dinar\u00eb nj\u00eb dit\u00eb para mbledhjes s\u00eb K\u00ebshillit t\u00eb Sigurimit\",\"datePublished\":\"2024-02-07T15:46:19+00:00\",\"dateModified\":\"2024-02-07T15:50:00+00:00\",\"mainEntityOfPage\":{\"@id\":\"https:\/\/permbledhja.com\/bislimi-akuza-serbise-se-e-dergoi-nje-kamion-me-dinare-nje-dite-para-mbledhjes-se-keshillit-te-sigurimit\/\"},\"wordCount\":327,\"publisher\":{\"@id\":\"https:\/\/permbledhja.com\/#organization\"},\"articleSection\":[\"Kryesoret\"],\"inLanguage\":\"sq\"},{\"@type\":\"WebPage\",\"@id\":\"https:\/\/permbledhja.com\/bislimi-akuza-serbise-se-e-dergoi-nje-kamion-me-dinare-nje-dite-para-mbledhjes-se-keshillit-te-sigurimit\/\",\"url\":\"https:\/\/permbledhja.com\/bislimi-akuza-serbise-se-e-dergoi-nje-kamion-me-dinare-nje-dite-para-mbledhjes-se-keshillit-te-sigurimit\/\",\"name\":\"Bislimi akuza Serbis\u00eb se e d\u00ebrgoi nj\u00eb kamion me dinar\u00eb nj\u00eb dit\u00eb para mbledhjes s\u00eb K\u00ebshillit t\u00eb Sigurimit\",\"isPartOf\":{\"@id\":\"https:\/\/permbledhja.com\/#website\"},\"datePublished\":\"2024-02-07T15:46:19+00:00\",\"dateModified\":\"2024-02-07T15:50:00+00:00\",\"breadcrumb\":{\"@id\":\"https:\/\/permbledhja.com\/bislimi-akuza-serbise-se-e-dergoi-nje-kamion-me-dinare-nje-dite-para-mbledhjes-se-keshillit-te-sigurimit\/#breadcrumb\"},\"inLanguage\":\"sq\",\"potentialAction\":[{\"@type\":\"ReadAction\",\"target\":[\"https:\/\/permbledhja.com\/bislimi-akuza-serbise-se-e-dergoi-nje-kamion-me-dinare-nje-dite-para-mbledhjes-se-keshillit-te-sigurimit\/\"]}]},{\"@type\":\"BreadcrumbList\",\"@id\":\"https:\/\/permbledhja.com\/bislimi-akuza-serbise-se-e-dergoi-nje-kamion-me-dinare-nje-dite-para-mbledhjes-se-keshillit-te-sigurimit\/#breadcrumb\",\"itemListElement\":[{\"@type\":\"ListItem\",\"position\":1,\"name\":\"Ballina\",\"item\":\"https:\/\/permbledhja.com\/sq\/\"},{\"@type\":\"ListItem\",\"position\":2,\"name\":\"Bislimi akuza Serbis\u00eb se e d\u00ebrgoi nj\u00eb kamion me dinar\u00eb nj\u00eb dit\u00eb para mbledhjes s\u00eb K\u00ebshillit t\u00eb Sigurimit\"}]},{\"@type\":\"WebSite\",\"@id\":\"https:\/\/permbledhja.com\/#website\",\"url\":\"https:\/\/permbledhja.com\/\",\"name\":\"Ve\u00e7 artikuj p\u00ebrmbledh\u00ebs\",\"description\":\"\",\"publisher\":{\"@id\":\"https:\/\/permbledhja.com\/#organization\"},\"potentialAction\":[{\"@type\":\"SearchAction\",\"target\":{\"@type\":\"EntryPoint\",\"urlTemplate\":\"https:\/\/permbledhja.com\/?s={search_term_string}\"},\"query-input\":\"required name=search_term_string\"}],\"inLanguage\":\"sq\"},{\"@type\":\"Organization\",\"@id\":\"https:\/\/permbledhja.com\/#organization\",\"name\":\"MK Media & Pr\",\"url\":\"https:\/\/permbledhja.com\/\",\"logo\":{\"@type\":\"ImageObject\",\"inLanguage\":\"sq\",\"@id\":\"https:\/\/permbledhja.com\/#\/schema\/logo\/image\/\",\"url\":\"https:\/\/permbledhja.com\/wp-content\/uploads\/2021\/12\/07-Press-Logo.jpg\",\"contentUrl\":\"https:\/\/permbledhja.com\/wp-content\/uploads\/2021\/12\/07-Press-Logo.jpg\",\"width\":512,\"height\":512,\"caption\":\"MK Media & Pr\"},\"image\":{\"@id\":\"https:\/\/permbledhja.com\/#\/schema\/logo\/image\/\"},\"sameAs\":[\"https:\/\/www.facebook.com\/press07\/\"]},{\"@type\":\"Person\",\"@id\":\"https:\/\/permbledhja.com\/#\/schema\/person\/9c54260cbc4c6f792cb100550491638c\",\"name\":\"DL\",\"image\":{\"@type\":\"ImageObject\",\"inLanguage\":\"sq\",\"@id\":\"https:\/\/permbledhja.com\/#\/schema\/person\/image\/\",\"url\":\"https:\/\/secure.gravatar.com\/avatar\/94503eb28d4c4b2005a5c8753e35fc80?s=96&d=mm&r=g\",\"contentUrl\":\"https:\/\/secure.gravatar.com\/avatar\/94503eb28d4c4b2005a5c8753e35fc80?s=96&d=mm&r=g\",\"caption\":\"DL\"},\"url\":\"https:\/\/permbledhja.com\/sq\/author\/dl\/\"}]}<\/script>\n<!-- \/ Yoast SEO plugin. -->","yoast_head_json":{"title":"Bislimi akuza Serbis\u00eb se e d\u00ebrgoi nj\u00eb kamion me dinar\u00eb nj\u00eb dit\u00eb para mbledhjes s\u00eb K\u00ebshillit t\u00eb Sigurimit","robots":{"index":"index","follow":"follow","max-snippet":"max-snippet:-1","max-image-preview":"max-image-preview:large","max-video-preview":"max-video-preview:-1"},"canonical":"https:\/\/permbledhja.com\/sq\/bislimi-akuza-serbise-se-e-dergoi-nje-kamion-me-dinare-nje-dite-para-mbledhjes-se-keshillit-te-sigurimit\/","og_locale":"sq_AL","og_type":"article","og_title":"Bislimi akuza Serbis\u00eb se e d\u00ebrgoi nj\u00eb kamion me dinar\u00eb nj\u00eb dit\u00eb para mbledhjes s\u00eb K\u00ebshillit t\u00eb Sigurimit","og_description":"Z\u00ebvend\u00ebskryeminsitri Besnik Bislimi ka dal\u00eb me nj\u00eb deklarat\u00eb rreth raportimeve q\u00eb nj\u00eb automjet me dinar\u00eb \u00ebsht\u00eb ndaluar nga autoritetet kosovare n\u00eb Jarinj\u00eb. Ai thot\u00eb se Banka e Serbis\u00eb ka d\u00ebrguar nj\u00eb kamion me para n\u0451 p\u0451rcjellje t\u0451 individ\u0451ve q\u0451 prezantohen me kredenciale t\u0451 nj\u0451 kompanie inekzistente nj\u00eb dit\u00eb para mbledhjes s\u0451 thirrur t\u0451 K\u0451shillit t\u0451 [&hellip;]","og_url":"https:\/\/permbledhja.com\/sq\/bislimi-akuza-serbise-se-e-dergoi-nje-kamion-me-dinare-nje-dite-para-mbledhjes-se-keshillit-te-sigurimit\/","og_site_name":"Ve\u00e7 artikuj p\u00ebrmbledh\u00ebs","article_publisher":"https:\/\/www.facebook.com\/press07\/","article_published_time":"2024-02-07T15:46:19+00:00","article_modified_time":"2024-02-07T15:50:00+00:00","og_image":[{"width":600,"height":360,"url":"https:\/\/permbledhja.com\/wp-content\/uploads\/2024\/02\/bislo.jpg","type":"image\/jpeg"}],"author":"DL","twitter_card":"summary_large_image","twitter_misc":{"Written by":"DL","Est. reading time":"2 minuta"},"schema":{"@context":"https:\/\/schema.org","@graph":[{"@type":"Article","@id":"https:\/\/permbledhja.com\/bislimi-akuza-serbise-se-e-dergoi-nje-kamion-me-dinare-nje-dite-para-mbledhjes-se-keshillit-te-sigurimit\/#article","isPartOf":{"@id":"https:\/\/permbledhja.com\/bislimi-akuza-serbise-se-e-dergoi-nje-kamion-me-dinare-nje-dite-para-mbledhjes-se-keshillit-te-sigurimit\/"},"author":{"name":"DL","@id":"https:\/\/permbledhja.com\/#\/schema\/person\/9c54260cbc4c6f792cb100550491638c"},"headline":"Bislimi akuza Serbis\u00eb se e d\u00ebrgoi nj\u00eb kamion me dinar\u00eb nj\u00eb dit\u00eb para mbledhjes s\u00eb K\u00ebshillit t\u00eb Sigurimit","datePublished":"2024-02-07T15:46:19+00:00","dateModified":"2024-02-07T15:50:00+00:00","mainEntityOfPage":{"@id":"https:\/\/permbledhja.com\/bislimi-akuza-serbise-se-e-dergoi-nje-kamion-me-dinare-nje-dite-para-mbledhjes-se-keshillit-te-sigurimit\/"},"wordCount":327,"publisher":{"@id":"https:\/\/permbledhja.com\/#organization"},"articleSection":["Kryesoret"],"inLanguage":"sq"},{"@type":"WebPage","@id":"https:\/\/permbledhja.com\/bislimi-akuza-serbise-se-e-dergoi-nje-kamion-me-dinare-nje-dite-para-mbledhjes-se-keshillit-te-sigurimit\/","url":"https:\/\/permbledhja.com\/bislimi-akuza-serbise-se-e-dergoi-nje-kamion-me-dinare-nje-dite-para-mbledhjes-se-keshillit-te-sigurimit\/","name":"Bislimi akuza Serbis\u00eb se e d\u00ebrgoi nj\u00eb kamion me dinar\u00eb nj\u00eb dit\u00eb para mbledhjes s\u00eb K\u00ebshillit t\u00eb Sigurimit","isPartOf":{"@id":"https:\/\/permbledhja.com\/#website"},"datePublished":"2024-02-07T15:46:19+00:00","dateModified":"2024-02-07T15:50:00+00:00","breadcrumb":{"@id":"https:\/\/permbledhja.com\/bislimi-akuza-serbise-se-e-dergoi-nje-kamion-me-dinare-nje-dite-para-mbledhjes-se-keshillit-te-sigurimit\/#breadcrumb"},"inLanguage":"sq","potentialAction":[{"@type":"ReadAction","target":["https:\/\/permbledhja.com\/bislimi-akuza-serbise-se-e-dergoi-nje-kamion-me-dinare-nje-dite-para-mbledhjes-se-keshillit-te-sigurimit\/"]}]},{"@type":"BreadcrumbList","@id":"https:\/\/permbledhja.com\/bislimi-akuza-serbise-se-e-dergoi-nje-kamion-me-dinare-nje-dite-para-mbledhjes-se-keshillit-te-sigurimit\/#breadcrumb","itemListElement":[{"@type":"ListItem","position":1,"name":"Ballina","item":"https:\/\/permbledhja.com\/sq\/"},{"@type":"ListItem","position":2,"name":"Bislimi akuza Serbis\u00eb se e d\u00ebrgoi nj\u00eb kamion me dinar\u00eb nj\u00eb dit\u00eb para mbledhjes s\u00eb K\u00ebshillit t\u00eb Sigurimit"}]},{"@type":"WebSite","@id":"https:\/\/permbledhja.com\/#website","url":"https:\/\/permbledhja.com\/","name":"Ve\u00e7 artikuj p\u00ebrmbledh\u00ebs","description":"","publisher":{"@id":"https:\/\/permbledhja.com\/#organization"},"potentialAction":[{"@type":"SearchAction","target":{"@type":"EntryPoint","urlTemplate":"https:\/\/permbledhja.com\/?s={search_term_string}"},"query-input":"required name=search_term_string"}],"inLanguage":"sq"},{"@type":"Organization","@id":"https:\/\/permbledhja.com\/#organization","name":"MK Media & Pr","url":"https:\/\/permbledhja.com\/","logo":{"@type":"ImageObject","inLanguage":"sq","@id":"https:\/\/permbledhja.com\/#\/schema\/logo\/image\/","url":"https:\/\/permbledhja.com\/wp-content\/uploads\/2021\/12\/07-Press-Logo.jpg","contentUrl":"https:\/\/permbledhja.com\/wp-content\/uploads\/2021\/12\/07-Press-Logo.jpg","width":512,"height":512,"caption":"MK Media & Pr"},"image":{"@id":"https:\/\/permbledhja.com\/#\/schema\/logo\/image\/"},"sameAs":["https:\/\/www.facebook.com\/press07\/"]},{"@type":"Person","@id":"https:\/\/permbledhja.com\/#\/schema\/person\/9c54260cbc4c6f792cb100550491638c","name":"DL","image":{"@type":"ImageObject","inLanguage":"sq","@id":"https:\/\/permbledhja.com\/#\/schema\/person\/image\/","url":"https:\/\/secure.gravatar.com\/avatar\/94503eb28d4c4b2005a5c8753e35fc80?s=96&d=mm&r=g","contentUrl":"https:\/\/secure.gravatar.com\/avatar\/94503eb28d4c4b2005a5c8753e35fc80?s=96&d=mm&r=g","caption":"DL"},"url":"https:\/\/permbledhja.com\/sq\/author\/dl\/"}]}},"_links":{"self":[{"href":"https:\/\/permbledhja.com\/sq\/wp-json\/wp\/v2\/posts\/46478"}],"collection":[{"href":"https:\/\/permbledhja.com\/sq\/wp-json\/wp\/v2\/posts"}],"about":[{"href":"https:\/\/permbledhja.com\/sq\/wp-json\/wp\/v2\/types\/post"}],"author":[{"embeddable":true,"href":"https:\/\/permbledhja.com\/sq\/wp-json\/wp\/v2\/users\/5"}],"replies":[{"embeddable":true,"href":"https:\/\/permbledhja.com\/sq\/wp-json\/wp\/v2\/comments?post=46478"}],"version-history":[{"count":1,"href":"https:\/\/permbledhja.com\/sq\/wp-json\/wp\/v2\/posts\/46478\/revisions"}],"predecessor-version":[{"id":46480,"href":"https:\/\/permbledhja.com\/sq\/wp-json\/wp\/v2\/posts\/46478\/revisions\/46480"}],"wp:featuredmedia":[{"embeddable":true,"href":"https:\/\/permbledhja.com\/sq\/wp-json\/wp\/v2\/media\/46479"}],"wp:attachment":[{"href":"https:\/\/permbledhja.com\/sq\/wp-json\/wp\/v2\/media?parent=46478"}],"wp:term":[{"taxonomy":"category","embeddable":true,"href":"https:\/\/permbledhja.com\/sq\/wp-json\/wp\/v2\/categories?post=46478"},{"taxonomy":"post_tag","embeddable":true,"href":"https:\/\/permbledhja.com\/sq\/wp-json\/wp\/v2\/tags?post=46478"}],"curies":[{"name":"wp","href":"https:\/\/api.w.org\/{rel}","templated":true}]}}