{"id":46356,"date":"2024-02-06T22:37:46","date_gmt":"2024-02-06T22:37:46","guid":{"rendered":"https:\/\/permbledhja.com\/?p=46356"},"modified":"2024-02-06T22:37:46","modified_gmt":"2024-02-06T22:37:46","slug":"rama-per-shkarkimin-e-nenkryetares-sahatcija-refuzoi-ta-shtyje-perpara-dixhitalizimin","status":"publish","type":"post","link":"https:\/\/permbledhja.com\/sq\/rama-per-shkarkimin-e-nenkryetares-sahatcija-refuzoi-ta-shtyje-perpara-dixhitalizimin\/","title":{"rendered":"Rama p\u00ebr shkarkimin e N\u00ebnkryetares Sahat\u00e7ija: Refuzoi ta shtyj\u00eb p\u00ebrpara dixhitalizimin"},"content":{"rendered":"<h3>Kryetari i Prishtin\u00ebs, P\u00ebrparim Rama, ka th\u00ebn\u00eb se shkarkimi i n\u00ebnkryetares s\u00eb Komun\u00ebs s\u00eb Prishtin\u00ebs, Donjeta Sahat\u00e7iu, ka ndodhur p\u00ebr shkak se ajo nuk e ka shtyr\u00eb procesin e dixhitalizimit t\u00eb kryeqytetit.<\/h3>\n<p>Kryetari Rama tha se, n\u00ebnkryetarja, jo vet\u00ebm q\u00eb nuk e ka shtyr\u00eb procesin p\u00ebrpara, por nj\u00eb gj\u00eb t\u00eb till\u00eb edhe ka refuzuar ta b\u00ebj\u00eb.<\/p>\n<p>\u201cUn\u00eb k\u00ebrkoj n\u00eb munges\u00eb t\u00eb drejtores s\u00eb Arsimit, e cila ka skuar n\u00eb pushim t\u00eb lindjes, e ka marr\u00eb pozit\u00ebn si ushtruese e detyr\u00ebs n\u00ebnkryetarja edhe un\u00eb b\u00ebj k\u00ebrkes\u00eb q\u00eb ta shtyej\u00eb k\u00ebt\u00eb proces p\u00ebrpara, n\u00ebnkryetarja refuzon me e shty procesin p\u00ebrpara, edhe e tregon k\u00ebt\u00eb publikisht q\u00eb k\u00ebt\u00eb proces e ka nd\u00ebrprer\u00eb\u201d, tha Rama.<\/p>\n<p>Ai tha se tani sa jan\u00eb b\u00ebr\u00eb dy vjet t\u00eb qeverisjes, kryeqyteti ka ngecje t\u00eb madhe t\u00eb dixhitalizimit.<\/p>\n<p>\u201cMe n\u00ebnkryetaren duke e njohur q\u00eb \u00ebsht\u00eb ardh\u00eb si profesioniste n\u00eb aspektin e dixhitalizimit, k\u00ebt\u00eb e ka pasur edhe si detyr\u00eb kryesore p\u00ebr transformimin e kryeqytetit. Pra t\u00eb gjitha proceset e dixhitalizimit, i ka pasur si pjes\u00eb e proceseve transformuese p\u00ebr kryeqytet edhe pika e par\u00eb ka qen\u00eb, k\u00ebto jan\u00eb mund\u00ebsit\u00eb p\u00ebr transformim, p\u00ebr dixhitalizim, jan\u00eb mund\u00ebsit\u00eb e shumta, t\u00eb lut\u00ebm shtyje p\u00ebrpara. Tash, prap\u00eb po them, po bazohem n\u00eb rezultate. Jemi dy vjet n\u00eb qeverisje edhe kemi ngecje t\u00eb madhe t\u00eb dixhitalizimit edhe p\u00ebrve\u00e7 k\u00ebsaj, kur them se n\u00eb shtatorin e vitit t\u00eb kaluar q\u00eb e pat\u00ebm problemin edhe me nivelin qendror n\u00eb aspektin e librave, un\u00eb kam pasur takim me drejtoren e Arsimit edhe me n\u00ebnkryetaren, i kam th\u00ebn\u00eb \u201ctash duhet me e shty p\u00ebrpara procesin e dixhitalizimit. E kemi mund\u00ebsin\u00eb p\u00ebr me i pas\u00eb tremat e referenc\u00ebs, me e ba k\u00ebrkes\u00ebn p\u00ebr operator\u00eb ekonomik\u00eb q\u00eb t\u00eb na mund\u00ebsojn\u00eb ofert\u00ebn p\u00ebr kurrikulum dixhital\u201d, tha Rama n\u00eb n\u00eb emisionin CONTEXT n\u00eb ATV<\/p>\n","protected":false},"excerpt":{"rendered":"<p>Kryetari i Prishtin\u00ebs, P\u00ebrparim Rama, ka th\u00ebn\u00eb se shkarkimi i n\u00ebnkryetares s\u00eb Komun\u00ebs s\u00eb Prishtin\u00ebs, Donjeta Sahat\u00e7iu, ka ndodhur p\u00ebr shkak se ajo nuk e ka shtyr\u00eb procesin e dixhitalizimit t\u00eb kryeqytetit. Kryetari Rama tha se, n\u00ebnkryetarja, jo vet\u00ebm q\u00eb nuk e ka shtyr\u00eb procesin p\u00ebrpara, por nj\u00eb gj\u00eb t\u00eb till\u00eb edhe ka refuzuar ta [&hellip;]<\/p>\n","protected":false},"author":5,"featured_media":18170,"comment_status":"closed","ping_status":"closed","sticky":false,"template":"","format":"standard","meta":{"_monsterinsights_skip_tracking":false,"_monsterinsights_sitenote_active":false,"_monsterinsights_sitenote_note":"","_monsterinsights_sitenote_category":0,"_uf_show_specific_survey":0,"_uf_disable_surveys":false,"footnotes":""},"categories":[15],"tags":[],"yoast_head":"<!-- This site is optimized with the Yoast SEO plugin v21.5 - https:\/\/yoast.com\/wordpress\/plugins\/seo\/ -->\n<title>Rama p\u00ebr shkarkimin e N\u00ebnkryetares Sahat\u00e7ija: Refuzoi ta shtyj\u00eb p\u00ebrpara dixhitalizimin<\/title>\n<meta name=\"robots\" content=\"index, follow, max-snippet:-1, max-image-preview:large, max-video-preview:-1\" \/>\n<link rel=\"canonical\" href=\"https:\/\/permbledhja.com\/sq\/rama-per-shkarkimin-e-nenkryetares-sahatcija-refuzoi-ta-shtyje-perpara-dixhitalizimin\/\" \/>\n<meta property=\"og:locale\" content=\"sq_AL\" \/>\n<meta property=\"og:type\" content=\"article\" \/>\n<meta property=\"og:title\" content=\"Rama p\u00ebr shkarkimin e N\u00ebnkryetares Sahat\u00e7ija: Refuzoi ta shtyj\u00eb p\u00ebrpara dixhitalizimin\" \/>\n<meta property=\"og:description\" content=\"Kryetari i Prishtin\u00ebs, P\u00ebrparim Rama, ka th\u00ebn\u00eb se shkarkimi i n\u00ebnkryetares s\u00eb Komun\u00ebs s\u00eb Prishtin\u00ebs, Donjeta Sahat\u00e7iu, ka ndodhur p\u00ebr shkak se ajo nuk e ka shtyr\u00eb procesin e dixhitalizimit t\u00eb kryeqytetit. Kryetari Rama tha se, n\u00ebnkryetarja, jo vet\u00ebm q\u00eb nuk e ka shtyr\u00eb procesin p\u00ebrpara, por nj\u00eb gj\u00eb t\u00eb till\u00eb edhe ka refuzuar ta [&hellip;]\" \/>\n<meta property=\"og:url\" content=\"https:\/\/permbledhja.com\/sq\/rama-per-shkarkimin-e-nenkryetares-sahatcija-refuzoi-ta-shtyje-perpara-dixhitalizimin\/\" \/>\n<meta property=\"og:site_name\" content=\"Ve\u00e7 artikuj p\u00ebrmbledh\u00ebs\" \/>\n<meta property=\"article:publisher\" content=\"https:\/\/www.facebook.com\/press07\/\" \/>\n<meta property=\"article:published_time\" content=\"2024-02-06T22:37:46+00:00\" \/>\n<meta property=\"og:image\" content=\"https:\/\/permbledhja.com\/wp-content\/uploads\/2023\/07\/Rama-4.jpg\" \/>\n\t<meta property=\"og:image:width\" content=\"2048\" \/>\n\t<meta property=\"og:image:height\" content=\"1364\" \/>\n\t<meta property=\"og:image:type\" content=\"image\/jpeg\" \/>\n<meta name=\"author\" content=\"DL\" \/>\n<meta name=\"twitter:card\" content=\"summary_large_image\" \/>\n<meta name=\"twitter:label1\" content=\"Written by\" \/>\n\t<meta name=\"twitter:data1\" content=\"DL\" \/>\n\t<meta name=\"twitter:label2\" content=\"Est. reading time\" \/>\n\t<meta name=\"twitter:data2\" content=\"2 minuta\" \/>\n<script type=\"application\/ld+json\" class=\"yoast-schema-graph\">{\"@context\":\"https:\/\/schema.org\",\"@graph\":[{\"@type\":\"Article\",\"@id\":\"https:\/\/permbledhja.com\/rama-per-shkarkimin-e-nenkryetares-sahatcija-refuzoi-ta-shtyje-perpara-dixhitalizimin\/#article\",\"isPartOf\":{\"@id\":\"https:\/\/permbledhja.com\/rama-per-shkarkimin-e-nenkryetares-sahatcija-refuzoi-ta-shtyje-perpara-dixhitalizimin\/\"},\"author\":{\"name\":\"DL\",\"@id\":\"https:\/\/permbledhja.com\/#\/schema\/person\/9c54260cbc4c6f792cb100550491638c\"},\"headline\":\"Rama p\u00ebr shkarkimin e N\u00ebnkryetares Sahat\u00e7ija: Refuzoi ta shtyj\u00eb p\u00ebrpara dixhitalizimin\",\"datePublished\":\"2024-02-06T22:37:46+00:00\",\"dateModified\":\"2024-02-06T22:37:46+00:00\",\"mainEntityOfPage\":{\"@id\":\"https:\/\/permbledhja.com\/rama-per-shkarkimin-e-nenkryetares-sahatcija-refuzoi-ta-shtyje-perpara-dixhitalizimin\/\"},\"wordCount\":359,\"publisher\":{\"@id\":\"https:\/\/permbledhja.com\/#organization\"},\"articleSection\":[\"Lajme\"],\"inLanguage\":\"sq\"},{\"@type\":\"WebPage\",\"@id\":\"https:\/\/permbledhja.com\/rama-per-shkarkimin-e-nenkryetares-sahatcija-refuzoi-ta-shtyje-perpara-dixhitalizimin\/\",\"url\":\"https:\/\/permbledhja.com\/rama-per-shkarkimin-e-nenkryetares-sahatcija-refuzoi-ta-shtyje-perpara-dixhitalizimin\/\",\"name\":\"Rama p\u00ebr shkarkimin e N\u00ebnkryetares Sahat\u00e7ija: Refuzoi ta shtyj\u00eb p\u00ebrpara dixhitalizimin\",\"isPartOf\":{\"@id\":\"https:\/\/permbledhja.com\/#website\"},\"datePublished\":\"2024-02-06T22:37:46+00:00\",\"dateModified\":\"2024-02-06T22:37:46+00:00\",\"breadcrumb\":{\"@id\":\"https:\/\/permbledhja.com\/rama-per-shkarkimin-e-nenkryetares-sahatcija-refuzoi-ta-shtyje-perpara-dixhitalizimin\/#breadcrumb\"},\"inLanguage\":\"sq\",\"potentialAction\":[{\"@type\":\"ReadAction\",\"target\":[\"https:\/\/permbledhja.com\/rama-per-shkarkimin-e-nenkryetares-sahatcija-refuzoi-ta-shtyje-perpara-dixhitalizimin\/\"]}]},{\"@type\":\"BreadcrumbList\",\"@id\":\"https:\/\/permbledhja.com\/rama-per-shkarkimin-e-nenkryetares-sahatcija-refuzoi-ta-shtyje-perpara-dixhitalizimin\/#breadcrumb\",\"itemListElement\":[{\"@type\":\"ListItem\",\"position\":1,\"name\":\"Ballina\",\"item\":\"https:\/\/permbledhja.com\/sq\/\"},{\"@type\":\"ListItem\",\"position\":2,\"name\":\"Rama p\u00ebr shkarkimin e N\u00ebnkryetares Sahat\u00e7ija: Refuzoi ta shtyj\u00eb p\u00ebrpara dixhitalizimin\"}]},{\"@type\":\"WebSite\",\"@id\":\"https:\/\/permbledhja.com\/#website\",\"url\":\"https:\/\/permbledhja.com\/\",\"name\":\"Ve\u00e7 artikuj p\u00ebrmbledh\u00ebs\",\"description\":\"\",\"publisher\":{\"@id\":\"https:\/\/permbledhja.com\/#organization\"},\"potentialAction\":[{\"@type\":\"SearchAction\",\"target\":{\"@type\":\"EntryPoint\",\"urlTemplate\":\"https:\/\/permbledhja.com\/?s={search_term_string}\"},\"query-input\":\"required name=search_term_string\"}],\"inLanguage\":\"sq\"},{\"@type\":\"Organization\",\"@id\":\"https:\/\/permbledhja.com\/#organization\",\"name\":\"MK Media & Pr\",\"url\":\"https:\/\/permbledhja.com\/\",\"logo\":{\"@type\":\"ImageObject\",\"inLanguage\":\"sq\",\"@id\":\"https:\/\/permbledhja.com\/#\/schema\/logo\/image\/\",\"url\":\"https:\/\/permbledhja.com\/wp-content\/uploads\/2021\/12\/07-Press-Logo.jpg\",\"contentUrl\":\"https:\/\/permbledhja.com\/wp-content\/uploads\/2021\/12\/07-Press-Logo.jpg\",\"width\":512,\"height\":512,\"caption\":\"MK Media & Pr\"},\"image\":{\"@id\":\"https:\/\/permbledhja.com\/#\/schema\/logo\/image\/\"},\"sameAs\":[\"https:\/\/www.facebook.com\/press07\/\"]},{\"@type\":\"Person\",\"@id\":\"https:\/\/permbledhja.com\/#\/schema\/person\/9c54260cbc4c6f792cb100550491638c\",\"name\":\"DL\",\"image\":{\"@type\":\"ImageObject\",\"inLanguage\":\"sq\",\"@id\":\"https:\/\/permbledhja.com\/#\/schema\/person\/image\/\",\"url\":\"https:\/\/secure.gravatar.com\/avatar\/94503eb28d4c4b2005a5c8753e35fc80?s=96&d=mm&r=g\",\"contentUrl\":\"https:\/\/secure.gravatar.com\/avatar\/94503eb28d4c4b2005a5c8753e35fc80?s=96&d=mm&r=g\",\"caption\":\"DL\"},\"url\":\"https:\/\/permbledhja.com\/sq\/author\/dl\/\"}]}<\/script>\n<!-- \/ Yoast SEO plugin. -->","yoast_head_json":{"title":"Rama p\u00ebr shkarkimin e N\u00ebnkryetares Sahat\u00e7ija: Refuzoi ta shtyj\u00eb p\u00ebrpara dixhitalizimin","robots":{"index":"index","follow":"follow","max-snippet":"max-snippet:-1","max-image-preview":"max-image-preview:large","max-video-preview":"max-video-preview:-1"},"canonical":"https:\/\/permbledhja.com\/sq\/rama-per-shkarkimin-e-nenkryetares-sahatcija-refuzoi-ta-shtyje-perpara-dixhitalizimin\/","og_locale":"sq_AL","og_type":"article","og_title":"Rama p\u00ebr shkarkimin e N\u00ebnkryetares Sahat\u00e7ija: Refuzoi ta shtyj\u00eb p\u00ebrpara dixhitalizimin","og_description":"Kryetari i Prishtin\u00ebs, P\u00ebrparim Rama, ka th\u00ebn\u00eb se shkarkimi i n\u00ebnkryetares s\u00eb Komun\u00ebs s\u00eb Prishtin\u00ebs, Donjeta Sahat\u00e7iu, ka ndodhur p\u00ebr shkak se ajo nuk e ka shtyr\u00eb procesin e dixhitalizimit t\u00eb kryeqytetit. Kryetari Rama tha se, n\u00ebnkryetarja, jo vet\u00ebm q\u00eb nuk e ka shtyr\u00eb procesin p\u00ebrpara, por nj\u00eb gj\u00eb t\u00eb till\u00eb edhe ka refuzuar ta [&hellip;]","og_url":"https:\/\/permbledhja.com\/sq\/rama-per-shkarkimin-e-nenkryetares-sahatcija-refuzoi-ta-shtyje-perpara-dixhitalizimin\/","og_site_name":"Ve\u00e7 artikuj p\u00ebrmbledh\u00ebs","article_publisher":"https:\/\/www.facebook.com\/press07\/","article_published_time":"2024-02-06T22:37:46+00:00","og_image":[{"width":2048,"height":1364,"url":"https:\/\/permbledhja.com\/wp-content\/uploads\/2023\/07\/Rama-4.jpg","type":"image\/jpeg"}],"author":"DL","twitter_card":"summary_large_image","twitter_misc":{"Written by":"DL","Est. reading time":"2 minuta"},"schema":{"@context":"https:\/\/schema.org","@graph":[{"@type":"Article","@id":"https:\/\/permbledhja.com\/rama-per-shkarkimin-e-nenkryetares-sahatcija-refuzoi-ta-shtyje-perpara-dixhitalizimin\/#article","isPartOf":{"@id":"https:\/\/permbledhja.com\/rama-per-shkarkimin-e-nenkryetares-sahatcija-refuzoi-ta-shtyje-perpara-dixhitalizimin\/"},"author":{"name":"DL","@id":"https:\/\/permbledhja.com\/#\/schema\/person\/9c54260cbc4c6f792cb100550491638c"},"headline":"Rama p\u00ebr shkarkimin e N\u00ebnkryetares Sahat\u00e7ija: Refuzoi ta shtyj\u00eb p\u00ebrpara dixhitalizimin","datePublished":"2024-02-06T22:37:46+00:00","dateModified":"2024-02-06T22:37:46+00:00","mainEntityOfPage":{"@id":"https:\/\/permbledhja.com\/rama-per-shkarkimin-e-nenkryetares-sahatcija-refuzoi-ta-shtyje-perpara-dixhitalizimin\/"},"wordCount":359,"publisher":{"@id":"https:\/\/permbledhja.com\/#organization"},"articleSection":["Lajme"],"inLanguage":"sq"},{"@type":"WebPage","@id":"https:\/\/permbledhja.com\/rama-per-shkarkimin-e-nenkryetares-sahatcija-refuzoi-ta-shtyje-perpara-dixhitalizimin\/","url":"https:\/\/permbledhja.com\/rama-per-shkarkimin-e-nenkryetares-sahatcija-refuzoi-ta-shtyje-perpara-dixhitalizimin\/","name":"Rama p\u00ebr shkarkimin e N\u00ebnkryetares Sahat\u00e7ija: Refuzoi ta shtyj\u00eb p\u00ebrpara dixhitalizimin","isPartOf":{"@id":"https:\/\/permbledhja.com\/#website"},"datePublished":"2024-02-06T22:37:46+00:00","dateModified":"2024-02-06T22:37:46+00:00","breadcrumb":{"@id":"https:\/\/permbledhja.com\/rama-per-shkarkimin-e-nenkryetares-sahatcija-refuzoi-ta-shtyje-perpara-dixhitalizimin\/#breadcrumb"},"inLanguage":"sq","potentialAction":[{"@type":"ReadAction","target":["https:\/\/permbledhja.com\/rama-per-shkarkimin-e-nenkryetares-sahatcija-refuzoi-ta-shtyje-perpara-dixhitalizimin\/"]}]},{"@type":"BreadcrumbList","@id":"https:\/\/permbledhja.com\/rama-per-shkarkimin-e-nenkryetares-sahatcija-refuzoi-ta-shtyje-perpara-dixhitalizimin\/#breadcrumb","itemListElement":[{"@type":"ListItem","position":1,"name":"Ballina","item":"https:\/\/permbledhja.com\/sq\/"},{"@type":"ListItem","position":2,"name":"Rama p\u00ebr shkarkimin e N\u00ebnkryetares Sahat\u00e7ija: Refuzoi ta shtyj\u00eb p\u00ebrpara dixhitalizimin"}]},{"@type":"WebSite","@id":"https:\/\/permbledhja.com\/#website","url":"https:\/\/permbledhja.com\/","name":"Ve\u00e7 artikuj p\u00ebrmbledh\u00ebs","description":"","publisher":{"@id":"https:\/\/permbledhja.com\/#organization"},"potentialAction":[{"@type":"SearchAction","target":{"@type":"EntryPoint","urlTemplate":"https:\/\/permbledhja.com\/?s={search_term_string}"},"query-input":"required name=search_term_string"}],"inLanguage":"sq"},{"@type":"Organization","@id":"https:\/\/permbledhja.com\/#organization","name":"MK Media & Pr","url":"https:\/\/permbledhja.com\/","logo":{"@type":"ImageObject","inLanguage":"sq","@id":"https:\/\/permbledhja.com\/#\/schema\/logo\/image\/","url":"https:\/\/permbledhja.com\/wp-content\/uploads\/2021\/12\/07-Press-Logo.jpg","contentUrl":"https:\/\/permbledhja.com\/wp-content\/uploads\/2021\/12\/07-Press-Logo.jpg","width":512,"height":512,"caption":"MK Media & Pr"},"image":{"@id":"https:\/\/permbledhja.com\/#\/schema\/logo\/image\/"},"sameAs":["https:\/\/www.facebook.com\/press07\/"]},{"@type":"Person","@id":"https:\/\/permbledhja.com\/#\/schema\/person\/9c54260cbc4c6f792cb100550491638c","name":"DL","image":{"@type":"ImageObject","inLanguage":"sq","@id":"https:\/\/permbledhja.com\/#\/schema\/person\/image\/","url":"https:\/\/secure.gravatar.com\/avatar\/94503eb28d4c4b2005a5c8753e35fc80?s=96&d=mm&r=g","contentUrl":"https:\/\/secure.gravatar.com\/avatar\/94503eb28d4c4b2005a5c8753e35fc80?s=96&d=mm&r=g","caption":"DL"},"url":"https:\/\/permbledhja.com\/sq\/author\/dl\/"}]}},"_links":{"self":[{"href":"https:\/\/permbledhja.com\/sq\/wp-json\/wp\/v2\/posts\/46356"}],"collection":[{"href":"https:\/\/permbledhja.com\/sq\/wp-json\/wp\/v2\/posts"}],"about":[{"href":"https:\/\/permbledhja.com\/sq\/wp-json\/wp\/v2\/types\/post"}],"author":[{"embeddable":true,"href":"https:\/\/permbledhja.com\/sq\/wp-json\/wp\/v2\/users\/5"}],"replies":[{"embeddable":true,"href":"https:\/\/permbledhja.com\/sq\/wp-json\/wp\/v2\/comments?post=46356"}],"version-history":[{"count":1,"href":"https:\/\/permbledhja.com\/sq\/wp-json\/wp\/v2\/posts\/46356\/revisions"}],"predecessor-version":[{"id":46357,"href":"https:\/\/permbledhja.com\/sq\/wp-json\/wp\/v2\/posts\/46356\/revisions\/46357"}],"wp:featuredmedia":[{"embeddable":true,"href":"https:\/\/permbledhja.com\/sq\/wp-json\/wp\/v2\/media\/18170"}],"wp:attachment":[{"href":"https:\/\/permbledhja.com\/sq\/wp-json\/wp\/v2\/media?parent=46356"}],"wp:term":[{"taxonomy":"category","embeddable":true,"href":"https:\/\/permbledhja.com\/sq\/wp-json\/wp\/v2\/categories?post=46356"},{"taxonomy":"post_tag","embeddable":true,"href":"https:\/\/permbledhja.com\/sq\/wp-json\/wp\/v2\/tags?post=46356"}],"curies":[{"name":"wp","href":"https:\/\/api.w.org\/{rel}","templated":true}]}}