{"id":46345,"date":"2024-02-06T21:36:20","date_gmt":"2024-02-06T21:36:20","guid":{"rendered":"https:\/\/permbledhja.com\/?p=46345"},"modified":"2024-02-06T21:36:20","modified_gmt":"2024-02-06T21:36:20","slug":"rohde-spo-e-kritikojme-rregulloren-e-bqk-se-por-menyren-e-implementimit","status":"publish","type":"post","link":"https:\/\/permbledhja.com\/sq\/rohde-spo-e-kritikojme-rregulloren-e-bqk-se-por-menyren-e-implementimit\/","title":{"rendered":"Rohde: S\u2019po e kritikojm\u00eb Rregulloren e BQK-s\u00eb por m\u00ebnyr\u00ebn e implementimit"},"content":{"rendered":"<h3>Rregullorja e re e Bank\u00ebs Qendrore t\u00eb Kosov\u00ebs e cila ka t\u00eb b\u00ebj\u00eb me ndalimin e dinarit, nuk \u00ebsht\u00eb kritikuar nga vendet e QUINT-it, por m\u00ebnyra se si \u00ebsht\u00eb implementuar, thot\u00eb ambasadori i Gjermanis\u00eb n\u00eb Kosov\u00eb, Jorn Rohde.<\/h3>\n<p>Rregullorja e re e Bank\u00ebs Qendrore t\u00eb Kosov\u00ebs e cila ka t\u00eb b\u00ebj\u00eb me ndalimin e dinarit, nuk \u00ebsht\u00eb kritikuar nga vendet e QUINT-it, por m\u00ebnyra se si \u00ebsht\u00eb implementuar.<\/p>\n<p>Ambasadori i Gjermanis\u00eb n\u00eb Kosov\u00eb, Jorn Rohde, n\u00eb nj\u00eb intervist\u00eb n\u00eb RTV Dukagjini ka th\u00ebn\u00eb se nuk duhej t\u00eb b\u00ebhej n\u00eb at\u00eb m\u00ebnyr\u00eb se si \u00ebsht\u00eb b\u00ebr\u00eb.<\/p>\n<p>Sipas tij, nevojiten bisedime dhe k\u00ebrkesa shtes\u00eb.<\/p>\n<p>Ai thekson se nuk duhet t\u00eb ket\u00eb eskalim t\u00eb situat\u00ebs ngase sipas tij nuk \u00ebsht\u00eb m\u00ebnyra e cila duhet p\u00ebrcjell\u00eb.<\/p>\n<p>\u201cKjo \u00ebsht\u00eb b\u00ebr\u00eb n\u00eb nj\u00eb m\u00ebnyr\u00eb q\u00eb nuk do t\u00eb duhej t\u00eb b\u00ebhej. Njer\u00ebzit duhet t\u00eb jen\u00eb t\u00eb informuar para s\u00eb gjithash dhe nuk e kritikojm\u00eb rregulloren por ne shtetet e QUINT-it por me m\u00ebnyr\u00ebn se si \u00ebsht\u00eb implementuar dhe njer\u00ebzit nuk jan\u00eb informuar dhe jan\u00eb frik\u00ebsuar sidomos n\u00eb nj\u00eb ambient t\u00eb ndjesh\u00ebm t\u00eb cilin e kemi. Kemi dialogun, kemi bisedimet andaj nuk nevojiten k\u00ebrkesa shtes\u00eb dhe nuk duhet t\u00eb eskalojn\u00eb tensione shtes\u00eb dhe nuk \u00ebsht\u00eb m\u00ebnyra t\u00eb cil\u00ebn duhet ta p\u00ebrcjellim\u201d, tha ai.<\/p>\n<p>P\u00ebr Rohden, nj\u00eb nga m\u00ebnyrat e zgjidhjes s\u00eb k\u00ebsaj \u00e7\u00ebshtjeje \u00ebsht\u00eb diskutimi midis dy bankave qendrore.<\/p>\n<p>\u201cNe gjithmon\u00eb flasim p\u00ebr standardet evropiane dhe qeverisja e mir\u00eb \u00ebsht\u00eb nj\u00eb standard evropian dhe kjo do t\u00eb thot\u00eb q\u00eb t\u2019i marrim njer\u00ebzit af\u00ebr dhe ka qen\u00eb dinari \u00e7\u00ebshtje problem q\u00eb nj\u00eb koh\u00eb dhe Serbia gjithashtu duhet t\u00eb angazhohet n\u00eb \u00e7\u00ebshtjet e Kosov\u00ebs dhe transferet e euros dhe duhet t\u00eb b\u00ebhet nj\u00eb m\u00ebnyr\u00eb q\u00eb kjo t\u00eb zgjidhet, ndoshta dy bankat qendrore duhet t\u00eb flasim mes vete dhe n\u00eb korniz\u00eb t\u00eb dialogut dhe kjo \u00ebsht\u00eb platforma, ju gjithmon\u00eb keni m\u00ebnyrat bilaterale p\u00ebr t\u00eb zgjedhur problemet si\u00e7 kemi zgjidhur tabelat e veturave, \u00e7\u00ebshtjen e rrym\u00ebs e t\u00eb tjera\u201d, shtoi ambasadori Rohde.<\/p>\n<p>Rohde \u00ebsht\u00eb shprehur optimist se kompromisi dhe racionaliteti do t\u00eb mbizot\u00ebroj\u00eb.<\/p>\n<p>Por, gjithashtu thekson se nuk \u00ebsht\u00eb koha p\u00ebr eskalim. Ai thekson nevoj\u00ebn e dialogut.<\/p>\n<p>\u201cJam optimist dhe shpresoj q\u00eb kompromisi dhe racionaliteti do t\u00eb mbizot\u00ebroj\u00eb dhe qeveria ka th\u00ebn\u00eb se do t\u00eb ket\u00eb nj\u00eb period\u00eb kur asgj\u00eb nuk ndodh\u00eb por p\u00ebr neve ende nuk \u00ebsht\u00eb e qart\u00eb se sa do t\u00eb zgjas\u00eb kjo. Ne jemi t\u00eb bindur se kjo \u00ebsht\u00eb nj\u00eb \u00e7\u00ebshtje teknike dhe do ta trajtojm\u00eb ashtu, \u00ebsht\u00eb mir\u00eb t\u00eb kemi udh\u00ebzime t\u00eb qarta, afate t\u00eb qarta, \u00e7far\u00eb do t\u00eb ndodh\u00eb dhe kur e pastaj publiku do t\u00eb jet\u00eb m\u00eb mir\u00eb i informuar. Kur kam lexuar gazetat q\u00eb do t\u00eb mbahen demonstratat nga ana e serb\u00ebve, do t\u2019i bllokojn\u00eb rrug\u00ebt, a \u00ebsht\u00eb ky tension apo jo, ky \u00ebsht\u00eb nj\u00eb tension dhe neve nuk na nevojitet koha p\u00ebr eskalim por na duhet dialogu\u201d, shtoi ai.<\/p>\n<p>Ndryshe, kryeministri i Kosov\u00ebs, Albin Kurti, tha se Qeveria q\u00eb ai udh\u00ebheq dhe institucionet e tjera kan\u00eb gatishm\u00ebri q\u00eb t\u00eb adresojn\u00eb \u201cn\u00eb m\u00ebnyr\u00eb t\u00eb shpejt\u00eb \u00e7do shqet\u00ebsim\u201d t\u00eb ngritur lidhur me \u00e7\u00ebshtjen e rregullores s\u00eb Bank\u00ebs Qendrore t\u00eb Kosov\u00ebs, q\u00eb ndalon p\u00ebrdorimin e dinarit serb p\u00ebr pagesa n\u00eb Kosov\u00eb.<\/p>\n<p>Gjat\u00eb takimit me ambasador\u00ebt e akredituar n\u00eb Kosov\u00ebs m\u00eb 5 shkurt, Kurti tha se gjat\u00eb periudh\u00ebs tranzitore t\u00eb zbatimit t\u00eb rregullores s\u00eb BQK-s\u00eb, p\u00ebrqendrimi do t\u00eb jet\u00eb \u201cinformimi i bizneseve t\u00eb cilat operojn\u00eb me dinar\u00eb dhe n\u00eb m\u00ebnyr\u00eb t\u00eb paformalizuar\u201d, u tha n\u00eb nj\u00eb njoftim p\u00ebr media.<\/p>\n<p>Rregullorja p\u00ebr operacione me para t\u00eb gatshme e BQK-s\u00eb ka hyr\u00eb n\u00eb fuqi m\u00eb 1 shkurt, mes kritikave dhe k\u00ebrkesave t\u00eb faktorit nd\u00ebrkomb\u00ebtar p\u00ebr Qeverin\u00eb e Kosov\u00ebs q\u00eb t\u00eb shtyj\u00eb zbatimin e k\u00ebsaj rregulloreje. Shtetet e Bashkuara dhe Bashkimi Evropian kan\u00eb shprehur shqet\u00ebsime lidhur me ndikimin e k\u00ebsaj rregulloreje te komuniteti serb n\u00eb Kosov\u00eb.<\/p>\n","protected":false},"excerpt":{"rendered":"<p>Rregullorja e re e Bank\u00ebs Qendrore t\u00eb Kosov\u00ebs e cila ka t\u00eb b\u00ebj\u00eb me ndalimin e dinarit, nuk \u00ebsht\u00eb kritikuar nga vendet e QUINT-it, por m\u00ebnyra se si \u00ebsht\u00eb implementuar, thot\u00eb ambasadori i Gjermanis\u00eb n\u00eb Kosov\u00eb, Jorn Rohde. Rregullorja e re e Bank\u00ebs Qendrore t\u00eb Kosov\u00ebs e cila ka t\u00eb b\u00ebj\u00eb me ndalimin e dinarit, [&hellip;]<\/p>\n","protected":false},"author":5,"featured_media":46346,"comment_status":"closed","ping_status":"closed","sticky":false,"template":"","format":"standard","meta":{"_monsterinsights_skip_tracking":false,"_monsterinsights_sitenote_active":false,"_monsterinsights_sitenote_note":"","_monsterinsights_sitenote_category":0,"_uf_show_specific_survey":0,"_uf_disable_surveys":false,"footnotes":""},"categories":[15],"tags":[],"yoast_head":"<!-- This site is optimized with the Yoast SEO plugin v21.5 - https:\/\/yoast.com\/wordpress\/plugins\/seo\/ -->\n<title>Rohde: S\u2019po e kritikojm\u00eb Rregulloren e BQK-s\u00eb por m\u00ebnyr\u00ebn e implementimit<\/title>\n<meta name=\"robots\" content=\"index, follow, max-snippet:-1, max-image-preview:large, max-video-preview:-1\" \/>\n<link rel=\"canonical\" href=\"https:\/\/permbledhja.com\/sq\/rohde-spo-e-kritikojme-rregulloren-e-bqk-se-por-menyren-e-implementimit\/\" \/>\n<meta property=\"og:locale\" content=\"sq_AL\" \/>\n<meta property=\"og:type\" content=\"article\" \/>\n<meta property=\"og:title\" content=\"Rohde: S\u2019po e kritikojm\u00eb Rregulloren e BQK-s\u00eb por m\u00ebnyr\u00ebn e implementimit\" \/>\n<meta property=\"og:description\" content=\"Rregullorja e re e Bank\u00ebs Qendrore t\u00eb Kosov\u00ebs e cila ka t\u00eb b\u00ebj\u00eb me ndalimin e dinarit, nuk \u00ebsht\u00eb kritikuar nga vendet e QUINT-it, por m\u00ebnyra se si \u00ebsht\u00eb implementuar, thot\u00eb ambasadori i Gjermanis\u00eb n\u00eb Kosov\u00eb, Jorn Rohde. Rregullorja e re e Bank\u00ebs Qendrore t\u00eb Kosov\u00ebs e cila ka t\u00eb b\u00ebj\u00eb me ndalimin e dinarit, [&hellip;]\" \/>\n<meta property=\"og:url\" content=\"https:\/\/permbledhja.com\/sq\/rohde-spo-e-kritikojme-rregulloren-e-bqk-se-por-menyren-e-implementimit\/\" \/>\n<meta property=\"og:site_name\" content=\"Ve\u00e7 artikuj p\u00ebrmbledh\u00ebs\" \/>\n<meta property=\"article:publisher\" content=\"https:\/\/www.facebook.com\/press07\/\" \/>\n<meta property=\"article:published_time\" content=\"2024-02-06T21:36:20+00:00\" \/>\n<meta property=\"og:image\" content=\"https:\/\/permbledhja.com\/wp-content\/uploads\/2024\/02\/rohde.jpg\" \/>\n\t<meta property=\"og:image:width\" content=\"1130\" \/>\n\t<meta property=\"og:image:height\" content=\"635\" \/>\n\t<meta property=\"og:image:type\" content=\"image\/jpeg\" \/>\n<meta name=\"author\" content=\"DL\" \/>\n<meta name=\"twitter:card\" content=\"summary_large_image\" \/>\n<meta name=\"twitter:label1\" content=\"Written by\" \/>\n\t<meta name=\"twitter:data1\" content=\"DL\" \/>\n\t<meta name=\"twitter:label2\" content=\"Est. reading time\" \/>\n\t<meta name=\"twitter:data2\" content=\"4 minuta\" \/>\n<script type=\"application\/ld+json\" class=\"yoast-schema-graph\">{\"@context\":\"https:\/\/schema.org\",\"@graph\":[{\"@type\":\"Article\",\"@id\":\"https:\/\/permbledhja.com\/rohde-spo-e-kritikojme-rregulloren-e-bqk-se-por-menyren-e-implementimit\/#article\",\"isPartOf\":{\"@id\":\"https:\/\/permbledhja.com\/rohde-spo-e-kritikojme-rregulloren-e-bqk-se-por-menyren-e-implementimit\/\"},\"author\":{\"name\":\"DL\",\"@id\":\"https:\/\/permbledhja.com\/#\/schema\/person\/9c54260cbc4c6f792cb100550491638c\"},\"headline\":\"Rohde: S\u2019po e kritikojm\u00eb Rregulloren e BQK-s\u00eb por m\u00ebnyr\u00ebn e implementimit\",\"datePublished\":\"2024-02-06T21:36:20+00:00\",\"dateModified\":\"2024-02-06T21:36:20+00:00\",\"mainEntityOfPage\":{\"@id\":\"https:\/\/permbledhja.com\/rohde-spo-e-kritikojme-rregulloren-e-bqk-se-por-menyren-e-implementimit\/\"},\"wordCount\":706,\"publisher\":{\"@id\":\"https:\/\/permbledhja.com\/#organization\"},\"articleSection\":[\"Lajme\"],\"inLanguage\":\"sq\"},{\"@type\":\"WebPage\",\"@id\":\"https:\/\/permbledhja.com\/rohde-spo-e-kritikojme-rregulloren-e-bqk-se-por-menyren-e-implementimit\/\",\"url\":\"https:\/\/permbledhja.com\/rohde-spo-e-kritikojme-rregulloren-e-bqk-se-por-menyren-e-implementimit\/\",\"name\":\"Rohde: S\u2019po e kritikojm\u00eb Rregulloren e BQK-s\u00eb por m\u00ebnyr\u00ebn e implementimit\",\"isPartOf\":{\"@id\":\"https:\/\/permbledhja.com\/#website\"},\"datePublished\":\"2024-02-06T21:36:20+00:00\",\"dateModified\":\"2024-02-06T21:36:20+00:00\",\"breadcrumb\":{\"@id\":\"https:\/\/permbledhja.com\/rohde-spo-e-kritikojme-rregulloren-e-bqk-se-por-menyren-e-implementimit\/#breadcrumb\"},\"inLanguage\":\"sq\",\"potentialAction\":[{\"@type\":\"ReadAction\",\"target\":[\"https:\/\/permbledhja.com\/rohde-spo-e-kritikojme-rregulloren-e-bqk-se-por-menyren-e-implementimit\/\"]}]},{\"@type\":\"BreadcrumbList\",\"@id\":\"https:\/\/permbledhja.com\/rohde-spo-e-kritikojme-rregulloren-e-bqk-se-por-menyren-e-implementimit\/#breadcrumb\",\"itemListElement\":[{\"@type\":\"ListItem\",\"position\":1,\"name\":\"Ballina\",\"item\":\"https:\/\/permbledhja.com\/sq\/\"},{\"@type\":\"ListItem\",\"position\":2,\"name\":\"Rohde: S\u2019po e kritikojm\u00eb Rregulloren e BQK-s\u00eb por m\u00ebnyr\u00ebn e implementimit\"}]},{\"@type\":\"WebSite\",\"@id\":\"https:\/\/permbledhja.com\/#website\",\"url\":\"https:\/\/permbledhja.com\/\",\"name\":\"Ve\u00e7 artikuj p\u00ebrmbledh\u00ebs\",\"description\":\"\",\"publisher\":{\"@id\":\"https:\/\/permbledhja.com\/#organization\"},\"potentialAction\":[{\"@type\":\"SearchAction\",\"target\":{\"@type\":\"EntryPoint\",\"urlTemplate\":\"https:\/\/permbledhja.com\/?s={search_term_string}\"},\"query-input\":\"required name=search_term_string\"}],\"inLanguage\":\"sq\"},{\"@type\":\"Organization\",\"@id\":\"https:\/\/permbledhja.com\/#organization\",\"name\":\"MK Media & Pr\",\"url\":\"https:\/\/permbledhja.com\/\",\"logo\":{\"@type\":\"ImageObject\",\"inLanguage\":\"sq\",\"@id\":\"https:\/\/permbledhja.com\/#\/schema\/logo\/image\/\",\"url\":\"https:\/\/permbledhja.com\/wp-content\/uploads\/2021\/12\/07-Press-Logo.jpg\",\"contentUrl\":\"https:\/\/permbledhja.com\/wp-content\/uploads\/2021\/12\/07-Press-Logo.jpg\",\"width\":512,\"height\":512,\"caption\":\"MK Media & Pr\"},\"image\":{\"@id\":\"https:\/\/permbledhja.com\/#\/schema\/logo\/image\/\"},\"sameAs\":[\"https:\/\/www.facebook.com\/press07\/\"]},{\"@type\":\"Person\",\"@id\":\"https:\/\/permbledhja.com\/#\/schema\/person\/9c54260cbc4c6f792cb100550491638c\",\"name\":\"DL\",\"image\":{\"@type\":\"ImageObject\",\"inLanguage\":\"sq\",\"@id\":\"https:\/\/permbledhja.com\/#\/schema\/person\/image\/\",\"url\":\"https:\/\/secure.gravatar.com\/avatar\/94503eb28d4c4b2005a5c8753e35fc80?s=96&d=mm&r=g\",\"contentUrl\":\"https:\/\/secure.gravatar.com\/avatar\/94503eb28d4c4b2005a5c8753e35fc80?s=96&d=mm&r=g\",\"caption\":\"DL\"},\"url\":\"https:\/\/permbledhja.com\/sq\/author\/dl\/\"}]}<\/script>\n<!-- \/ Yoast SEO plugin. -->","yoast_head_json":{"title":"Rohde: S\u2019po e kritikojm\u00eb Rregulloren e BQK-s\u00eb por m\u00ebnyr\u00ebn e implementimit","robots":{"index":"index","follow":"follow","max-snippet":"max-snippet:-1","max-image-preview":"max-image-preview:large","max-video-preview":"max-video-preview:-1"},"canonical":"https:\/\/permbledhja.com\/sq\/rohde-spo-e-kritikojme-rregulloren-e-bqk-se-por-menyren-e-implementimit\/","og_locale":"sq_AL","og_type":"article","og_title":"Rohde: S\u2019po e kritikojm\u00eb Rregulloren e BQK-s\u00eb por m\u00ebnyr\u00ebn e implementimit","og_description":"Rregullorja e re e Bank\u00ebs Qendrore t\u00eb Kosov\u00ebs e cila ka t\u00eb b\u00ebj\u00eb me ndalimin e dinarit, nuk \u00ebsht\u00eb kritikuar nga vendet e QUINT-it, por m\u00ebnyra se si \u00ebsht\u00eb implementuar, thot\u00eb ambasadori i Gjermanis\u00eb n\u00eb Kosov\u00eb, Jorn Rohde. Rregullorja e re e Bank\u00ebs Qendrore t\u00eb Kosov\u00ebs e cila ka t\u00eb b\u00ebj\u00eb me ndalimin e dinarit, [&hellip;]","og_url":"https:\/\/permbledhja.com\/sq\/rohde-spo-e-kritikojme-rregulloren-e-bqk-se-por-menyren-e-implementimit\/","og_site_name":"Ve\u00e7 artikuj p\u00ebrmbledh\u00ebs","article_publisher":"https:\/\/www.facebook.com\/press07\/","article_published_time":"2024-02-06T21:36:20+00:00","og_image":[{"width":1130,"height":635,"url":"https:\/\/permbledhja.com\/wp-content\/uploads\/2024\/02\/rohde.jpg","type":"image\/jpeg"}],"author":"DL","twitter_card":"summary_large_image","twitter_misc":{"Written by":"DL","Est. reading time":"4 minuta"},"schema":{"@context":"https:\/\/schema.org","@graph":[{"@type":"Article","@id":"https:\/\/permbledhja.com\/rohde-spo-e-kritikojme-rregulloren-e-bqk-se-por-menyren-e-implementimit\/#article","isPartOf":{"@id":"https:\/\/permbledhja.com\/rohde-spo-e-kritikojme-rregulloren-e-bqk-se-por-menyren-e-implementimit\/"},"author":{"name":"DL","@id":"https:\/\/permbledhja.com\/#\/schema\/person\/9c54260cbc4c6f792cb100550491638c"},"headline":"Rohde: S\u2019po e kritikojm\u00eb Rregulloren e BQK-s\u00eb por m\u00ebnyr\u00ebn e implementimit","datePublished":"2024-02-06T21:36:20+00:00","dateModified":"2024-02-06T21:36:20+00:00","mainEntityOfPage":{"@id":"https:\/\/permbledhja.com\/rohde-spo-e-kritikojme-rregulloren-e-bqk-se-por-menyren-e-implementimit\/"},"wordCount":706,"publisher":{"@id":"https:\/\/permbledhja.com\/#organization"},"articleSection":["Lajme"],"inLanguage":"sq"},{"@type":"WebPage","@id":"https:\/\/permbledhja.com\/rohde-spo-e-kritikojme-rregulloren-e-bqk-se-por-menyren-e-implementimit\/","url":"https:\/\/permbledhja.com\/rohde-spo-e-kritikojme-rregulloren-e-bqk-se-por-menyren-e-implementimit\/","name":"Rohde: S\u2019po e kritikojm\u00eb Rregulloren e BQK-s\u00eb por m\u00ebnyr\u00ebn e implementimit","isPartOf":{"@id":"https:\/\/permbledhja.com\/#website"},"datePublished":"2024-02-06T21:36:20+00:00","dateModified":"2024-02-06T21:36:20+00:00","breadcrumb":{"@id":"https:\/\/permbledhja.com\/rohde-spo-e-kritikojme-rregulloren-e-bqk-se-por-menyren-e-implementimit\/#breadcrumb"},"inLanguage":"sq","potentialAction":[{"@type":"ReadAction","target":["https:\/\/permbledhja.com\/rohde-spo-e-kritikojme-rregulloren-e-bqk-se-por-menyren-e-implementimit\/"]}]},{"@type":"BreadcrumbList","@id":"https:\/\/permbledhja.com\/rohde-spo-e-kritikojme-rregulloren-e-bqk-se-por-menyren-e-implementimit\/#breadcrumb","itemListElement":[{"@type":"ListItem","position":1,"name":"Ballina","item":"https:\/\/permbledhja.com\/sq\/"},{"@type":"ListItem","position":2,"name":"Rohde: S\u2019po e kritikojm\u00eb Rregulloren e BQK-s\u00eb por m\u00ebnyr\u00ebn e implementimit"}]},{"@type":"WebSite","@id":"https:\/\/permbledhja.com\/#website","url":"https:\/\/permbledhja.com\/","name":"Ve\u00e7 artikuj p\u00ebrmbledh\u00ebs","description":"","publisher":{"@id":"https:\/\/permbledhja.com\/#organization"},"potentialAction":[{"@type":"SearchAction","target":{"@type":"EntryPoint","urlTemplate":"https:\/\/permbledhja.com\/?s={search_term_string}"},"query-input":"required name=search_term_string"}],"inLanguage":"sq"},{"@type":"Organization","@id":"https:\/\/permbledhja.com\/#organization","name":"MK Media & Pr","url":"https:\/\/permbledhja.com\/","logo":{"@type":"ImageObject","inLanguage":"sq","@id":"https:\/\/permbledhja.com\/#\/schema\/logo\/image\/","url":"https:\/\/permbledhja.com\/wp-content\/uploads\/2021\/12\/07-Press-Logo.jpg","contentUrl":"https:\/\/permbledhja.com\/wp-content\/uploads\/2021\/12\/07-Press-Logo.jpg","width":512,"height":512,"caption":"MK Media & Pr"},"image":{"@id":"https:\/\/permbledhja.com\/#\/schema\/logo\/image\/"},"sameAs":["https:\/\/www.facebook.com\/press07\/"]},{"@type":"Person","@id":"https:\/\/permbledhja.com\/#\/schema\/person\/9c54260cbc4c6f792cb100550491638c","name":"DL","image":{"@type":"ImageObject","inLanguage":"sq","@id":"https:\/\/permbledhja.com\/#\/schema\/person\/image\/","url":"https:\/\/secure.gravatar.com\/avatar\/94503eb28d4c4b2005a5c8753e35fc80?s=96&d=mm&r=g","contentUrl":"https:\/\/secure.gravatar.com\/avatar\/94503eb28d4c4b2005a5c8753e35fc80?s=96&d=mm&r=g","caption":"DL"},"url":"https:\/\/permbledhja.com\/sq\/author\/dl\/"}]}},"_links":{"self":[{"href":"https:\/\/permbledhja.com\/sq\/wp-json\/wp\/v2\/posts\/46345"}],"collection":[{"href":"https:\/\/permbledhja.com\/sq\/wp-json\/wp\/v2\/posts"}],"about":[{"href":"https:\/\/permbledhja.com\/sq\/wp-json\/wp\/v2\/types\/post"}],"author":[{"embeddable":true,"href":"https:\/\/permbledhja.com\/sq\/wp-json\/wp\/v2\/users\/5"}],"replies":[{"embeddable":true,"href":"https:\/\/permbledhja.com\/sq\/wp-json\/wp\/v2\/comments?post=46345"}],"version-history":[{"count":1,"href":"https:\/\/permbledhja.com\/sq\/wp-json\/wp\/v2\/posts\/46345\/revisions"}],"predecessor-version":[{"id":46347,"href":"https:\/\/permbledhja.com\/sq\/wp-json\/wp\/v2\/posts\/46345\/revisions\/46347"}],"wp:featuredmedia":[{"embeddable":true,"href":"https:\/\/permbledhja.com\/sq\/wp-json\/wp\/v2\/media\/46346"}],"wp:attachment":[{"href":"https:\/\/permbledhja.com\/sq\/wp-json\/wp\/v2\/media?parent=46345"}],"wp:term":[{"taxonomy":"category","embeddable":true,"href":"https:\/\/permbledhja.com\/sq\/wp-json\/wp\/v2\/categories?post=46345"},{"taxonomy":"post_tag","embeddable":true,"href":"https:\/\/permbledhja.com\/sq\/wp-json\/wp\/v2\/tags?post=46345"}],"curies":[{"name":"wp","href":"https:\/\/api.w.org\/{rel}","templated":true}]}}