{"id":46337,"date":"2024-02-06T20:48:00","date_gmt":"2024-02-06T20:48:00","guid":{"rendered":"https:\/\/permbledhja.com\/?p=46337"},"modified":"2024-02-06T20:48:00","modified_gmt":"2024-02-06T20:48:00","slug":"eliza-hoxha-eshte-e-tmerrshme-perparim-rama-shkarkoi-njerez-ne-facebook","status":"publish","type":"post","link":"https:\/\/permbledhja.com\/sq\/eliza-hoxha-eshte-e-tmerrshme-perparim-rama-shkarkoi-njerez-ne-facebook\/","title":{"rendered":"Eliza Hoxha: \u00cbsht\u00eb e tmerrshme, P\u00ebrparim Rama shkarkoi njer\u00ebz n\u00eb Facebook"},"content":{"rendered":"<h3>Deputetja e PDK-s\u00eb, Eliza Hoxha, tha se kryetari i Prishtin\u00ebs, P\u00ebrparim Rama e ka shkarkuar drejtorin Ilirik Musliu me njoftim n\u00eb Facebook, ajo tha se i nj\u00ebjti s\u2019ka pasur mund\u00ebsi t\u2019i marr\u00eb as gj\u00ebrat e tij nga zyra.<\/h3>\n<p>\u201cP\u00ebr t\u2019u b\u00ebr\u00eb ai koalicion ka pasur marr\u00ebveshje mes dy pal\u00ebve, nuk jan\u00eb takuar njer\u00ebzit asnj\u00ebher\u00eb. P\u00ebrparim Rama ka shkarkuar njer\u00ebz n\u00eb Facebook. Z.Ilirik Musliu paradite ka pi kafe me t\u00eb kan\u00eb komunikuar, pasdite s\u2019ka pas mund\u00ebsi me pas qasje n\u00eb zyr\u00ebn e tij\u201d, tha Hoxha n\u00eb Pressing, transmeton Express.<\/p>\n<p>\u201cAs me i marr\u00eb senet e tij, e ka kuptuar n\u00eb Facebook, mendoj q\u00eb kjo qasje \u00ebsht\u00eb e tmerrshme\u201d, u shpreh ajo.<\/p>\n<p>\u201cN\u00ebse p\u00ebr ta b\u00ebr\u00eb k\u00ebt\u00eb koalicion kan\u00eb shkuar nj\u00eb muaj e gjysm\u00eb diskutime, ku edhe PDK ta ket\u00eb programin, si ka mund\u00ebsi q\u00eb pa asnj\u00eb komunikim n\u00eb Facebook t\u00eb kuptohet q\u00eb ti shkarkon nj\u00eb drejtor\u201d, tha deputetja.<\/p>\n","protected":false},"excerpt":{"rendered":"<p>Deputetja e PDK-s\u00eb, Eliza Hoxha, tha se kryetari i Prishtin\u00ebs, P\u00ebrparim Rama e ka shkarkuar drejtorin Ilirik Musliu me njoftim n\u00eb Facebook, ajo tha se i nj\u00ebjti s\u2019ka pasur mund\u00ebsi t\u2019i marr\u00eb as gj\u00ebrat e tij nga zyra. \u201cP\u00ebr t\u2019u b\u00ebr\u00eb ai koalicion ka pasur marr\u00ebveshje mes dy pal\u00ebve, nuk jan\u00eb takuar njer\u00ebzit asnj\u00ebher\u00eb. P\u00ebrparim [&hellip;]<\/p>\n","protected":false},"author":5,"featured_media":46153,"comment_status":"closed","ping_status":"closed","sticky":false,"template":"","format":"standard","meta":{"_monsterinsights_skip_tracking":false,"_monsterinsights_sitenote_active":false,"_monsterinsights_sitenote_note":"","_monsterinsights_sitenote_category":0,"_uf_show_specific_survey":0,"_uf_disable_surveys":false,"footnotes":""},"categories":[15],"tags":[],"yoast_head":"<!-- This site is optimized with the Yoast SEO plugin v21.5 - https:\/\/yoast.com\/wordpress\/plugins\/seo\/ -->\n<title>Eliza Hoxha: \u00cbsht\u00eb e tmerrshme, P\u00ebrparim Rama shkarkoi njer\u00ebz n\u00eb Facebook<\/title>\n<meta name=\"robots\" content=\"index, follow, max-snippet:-1, max-image-preview:large, max-video-preview:-1\" \/>\n<link rel=\"canonical\" href=\"https:\/\/permbledhja.com\/sq\/eliza-hoxha-eshte-e-tmerrshme-perparim-rama-shkarkoi-njerez-ne-facebook\/\" \/>\n<meta property=\"og:locale\" content=\"sq_AL\" \/>\n<meta property=\"og:type\" content=\"article\" \/>\n<meta property=\"og:title\" content=\"Eliza Hoxha: \u00cbsht\u00eb e tmerrshme, P\u00ebrparim Rama shkarkoi njer\u00ebz n\u00eb Facebook\" \/>\n<meta property=\"og:description\" content=\"Deputetja e PDK-s\u00eb, Eliza Hoxha, tha se kryetari i Prishtin\u00ebs, P\u00ebrparim Rama e ka shkarkuar drejtorin Ilirik Musliu me njoftim n\u00eb Facebook, ajo tha se i nj\u00ebjti s\u2019ka pasur mund\u00ebsi t\u2019i marr\u00eb as gj\u00ebrat e tij nga zyra. \u201cP\u00ebr t\u2019u b\u00ebr\u00eb ai koalicion ka pasur marr\u00ebveshje mes dy pal\u00ebve, nuk jan\u00eb takuar njer\u00ebzit asnj\u00ebher\u00eb. P\u00ebrparim [&hellip;]\" \/>\n<meta property=\"og:url\" content=\"https:\/\/permbledhja.com\/sq\/eliza-hoxha-eshte-e-tmerrshme-perparim-rama-shkarkoi-njerez-ne-facebook\/\" \/>\n<meta property=\"og:site_name\" content=\"Ve\u00e7 artikuj p\u00ebrmbledh\u00ebs\" \/>\n<meta property=\"article:publisher\" content=\"https:\/\/www.facebook.com\/press07\/\" \/>\n<meta property=\"article:published_time\" content=\"2024-02-06T20:48:00+00:00\" \/>\n<meta property=\"og:image\" content=\"https:\/\/permbledhja.com\/wp-content\/uploads\/2024\/02\/eliza.jpg\" \/>\n\t<meta property=\"og:image:width\" content=\"600\" \/>\n\t<meta property=\"og:image:height\" content=\"360\" \/>\n\t<meta property=\"og:image:type\" content=\"image\/jpeg\" \/>\n<meta name=\"author\" content=\"DL\" \/>\n<meta name=\"twitter:card\" content=\"summary_large_image\" \/>\n<meta name=\"twitter:label1\" content=\"Written by\" \/>\n\t<meta name=\"twitter:data1\" content=\"DL\" \/>\n\t<meta name=\"twitter:label2\" content=\"Est. reading time\" \/>\n\t<meta name=\"twitter:data2\" content=\"1 minut\u00eb\" \/>\n<script type=\"application\/ld+json\" class=\"yoast-schema-graph\">{\"@context\":\"https:\/\/schema.org\",\"@graph\":[{\"@type\":\"Article\",\"@id\":\"https:\/\/permbledhja.com\/eliza-hoxha-eshte-e-tmerrshme-perparim-rama-shkarkoi-njerez-ne-facebook\/#article\",\"isPartOf\":{\"@id\":\"https:\/\/permbledhja.com\/eliza-hoxha-eshte-e-tmerrshme-perparim-rama-shkarkoi-njerez-ne-facebook\/\"},\"author\":{\"name\":\"DL\",\"@id\":\"https:\/\/permbledhja.com\/#\/schema\/person\/9c54260cbc4c6f792cb100550491638c\"},\"headline\":\"Eliza Hoxha: \u00cbsht\u00eb e tmerrshme, P\u00ebrparim Rama shkarkoi njer\u00ebz n\u00eb Facebook\",\"datePublished\":\"2024-02-06T20:48:00+00:00\",\"dateModified\":\"2024-02-06T20:48:00+00:00\",\"mainEntityOfPage\":{\"@id\":\"https:\/\/permbledhja.com\/eliza-hoxha-eshte-e-tmerrshme-perparim-rama-shkarkoi-njerez-ne-facebook\/\"},\"wordCount\":185,\"publisher\":{\"@id\":\"https:\/\/permbledhja.com\/#organization\"},\"articleSection\":[\"Lajme\"],\"inLanguage\":\"sq\"},{\"@type\":\"WebPage\",\"@id\":\"https:\/\/permbledhja.com\/eliza-hoxha-eshte-e-tmerrshme-perparim-rama-shkarkoi-njerez-ne-facebook\/\",\"url\":\"https:\/\/permbledhja.com\/eliza-hoxha-eshte-e-tmerrshme-perparim-rama-shkarkoi-njerez-ne-facebook\/\",\"name\":\"Eliza Hoxha: \u00cbsht\u00eb e tmerrshme, P\u00ebrparim Rama shkarkoi njer\u00ebz n\u00eb Facebook\",\"isPartOf\":{\"@id\":\"https:\/\/permbledhja.com\/#website\"},\"datePublished\":\"2024-02-06T20:48:00+00:00\",\"dateModified\":\"2024-02-06T20:48:00+00:00\",\"breadcrumb\":{\"@id\":\"https:\/\/permbledhja.com\/eliza-hoxha-eshte-e-tmerrshme-perparim-rama-shkarkoi-njerez-ne-facebook\/#breadcrumb\"},\"inLanguage\":\"sq\",\"potentialAction\":[{\"@type\":\"ReadAction\",\"target\":[\"https:\/\/permbledhja.com\/eliza-hoxha-eshte-e-tmerrshme-perparim-rama-shkarkoi-njerez-ne-facebook\/\"]}]},{\"@type\":\"BreadcrumbList\",\"@id\":\"https:\/\/permbledhja.com\/eliza-hoxha-eshte-e-tmerrshme-perparim-rama-shkarkoi-njerez-ne-facebook\/#breadcrumb\",\"itemListElement\":[{\"@type\":\"ListItem\",\"position\":1,\"name\":\"Ballina\",\"item\":\"https:\/\/permbledhja.com\/sq\/\"},{\"@type\":\"ListItem\",\"position\":2,\"name\":\"Eliza Hoxha: \u00cbsht\u00eb e tmerrshme, P\u00ebrparim Rama shkarkoi njer\u00ebz n\u00eb Facebook\"}]},{\"@type\":\"WebSite\",\"@id\":\"https:\/\/permbledhja.com\/#website\",\"url\":\"https:\/\/permbledhja.com\/\",\"name\":\"Ve\u00e7 artikuj p\u00ebrmbledh\u00ebs\",\"description\":\"\",\"publisher\":{\"@id\":\"https:\/\/permbledhja.com\/#organization\"},\"potentialAction\":[{\"@type\":\"SearchAction\",\"target\":{\"@type\":\"EntryPoint\",\"urlTemplate\":\"https:\/\/permbledhja.com\/?s={search_term_string}\"},\"query-input\":\"required name=search_term_string\"}],\"inLanguage\":\"sq\"},{\"@type\":\"Organization\",\"@id\":\"https:\/\/permbledhja.com\/#organization\",\"name\":\"MK Media & Pr\",\"url\":\"https:\/\/permbledhja.com\/\",\"logo\":{\"@type\":\"ImageObject\",\"inLanguage\":\"sq\",\"@id\":\"https:\/\/permbledhja.com\/#\/schema\/logo\/image\/\",\"url\":\"https:\/\/permbledhja.com\/wp-content\/uploads\/2021\/12\/07-Press-Logo.jpg\",\"contentUrl\":\"https:\/\/permbledhja.com\/wp-content\/uploads\/2021\/12\/07-Press-Logo.jpg\",\"width\":512,\"height\":512,\"caption\":\"MK Media & Pr\"},\"image\":{\"@id\":\"https:\/\/permbledhja.com\/#\/schema\/logo\/image\/\"},\"sameAs\":[\"https:\/\/www.facebook.com\/press07\/\"]},{\"@type\":\"Person\",\"@id\":\"https:\/\/permbledhja.com\/#\/schema\/person\/9c54260cbc4c6f792cb100550491638c\",\"name\":\"DL\",\"image\":{\"@type\":\"ImageObject\",\"inLanguage\":\"sq\",\"@id\":\"https:\/\/permbledhja.com\/#\/schema\/person\/image\/\",\"url\":\"https:\/\/secure.gravatar.com\/avatar\/94503eb28d4c4b2005a5c8753e35fc80?s=96&d=mm&r=g\",\"contentUrl\":\"https:\/\/secure.gravatar.com\/avatar\/94503eb28d4c4b2005a5c8753e35fc80?s=96&d=mm&r=g\",\"caption\":\"DL\"},\"url\":\"https:\/\/permbledhja.com\/sq\/author\/dl\/\"}]}<\/script>\n<!-- \/ Yoast SEO plugin. -->","yoast_head_json":{"title":"Eliza Hoxha: \u00cbsht\u00eb e tmerrshme, P\u00ebrparim Rama shkarkoi njer\u00ebz n\u00eb Facebook","robots":{"index":"index","follow":"follow","max-snippet":"max-snippet:-1","max-image-preview":"max-image-preview:large","max-video-preview":"max-video-preview:-1"},"canonical":"https:\/\/permbledhja.com\/sq\/eliza-hoxha-eshte-e-tmerrshme-perparim-rama-shkarkoi-njerez-ne-facebook\/","og_locale":"sq_AL","og_type":"article","og_title":"Eliza Hoxha: \u00cbsht\u00eb e tmerrshme, P\u00ebrparim Rama shkarkoi njer\u00ebz n\u00eb Facebook","og_description":"Deputetja e PDK-s\u00eb, Eliza Hoxha, tha se kryetari i Prishtin\u00ebs, P\u00ebrparim Rama e ka shkarkuar drejtorin Ilirik Musliu me njoftim n\u00eb Facebook, ajo tha se i nj\u00ebjti s\u2019ka pasur mund\u00ebsi t\u2019i marr\u00eb as gj\u00ebrat e tij nga zyra. \u201cP\u00ebr t\u2019u b\u00ebr\u00eb ai koalicion ka pasur marr\u00ebveshje mes dy pal\u00ebve, nuk jan\u00eb takuar njer\u00ebzit asnj\u00ebher\u00eb. P\u00ebrparim [&hellip;]","og_url":"https:\/\/permbledhja.com\/sq\/eliza-hoxha-eshte-e-tmerrshme-perparim-rama-shkarkoi-njerez-ne-facebook\/","og_site_name":"Ve\u00e7 artikuj p\u00ebrmbledh\u00ebs","article_publisher":"https:\/\/www.facebook.com\/press07\/","article_published_time":"2024-02-06T20:48:00+00:00","og_image":[{"width":600,"height":360,"url":"https:\/\/permbledhja.com\/wp-content\/uploads\/2024\/02\/eliza.jpg","type":"image\/jpeg"}],"author":"DL","twitter_card":"summary_large_image","twitter_misc":{"Written by":"DL","Est. reading time":"1 minut\u00eb"},"schema":{"@context":"https:\/\/schema.org","@graph":[{"@type":"Article","@id":"https:\/\/permbledhja.com\/eliza-hoxha-eshte-e-tmerrshme-perparim-rama-shkarkoi-njerez-ne-facebook\/#article","isPartOf":{"@id":"https:\/\/permbledhja.com\/eliza-hoxha-eshte-e-tmerrshme-perparim-rama-shkarkoi-njerez-ne-facebook\/"},"author":{"name":"DL","@id":"https:\/\/permbledhja.com\/#\/schema\/person\/9c54260cbc4c6f792cb100550491638c"},"headline":"Eliza Hoxha: \u00cbsht\u00eb e tmerrshme, P\u00ebrparim Rama shkarkoi njer\u00ebz n\u00eb Facebook","datePublished":"2024-02-06T20:48:00+00:00","dateModified":"2024-02-06T20:48:00+00:00","mainEntityOfPage":{"@id":"https:\/\/permbledhja.com\/eliza-hoxha-eshte-e-tmerrshme-perparim-rama-shkarkoi-njerez-ne-facebook\/"},"wordCount":185,"publisher":{"@id":"https:\/\/permbledhja.com\/#organization"},"articleSection":["Lajme"],"inLanguage":"sq"},{"@type":"WebPage","@id":"https:\/\/permbledhja.com\/eliza-hoxha-eshte-e-tmerrshme-perparim-rama-shkarkoi-njerez-ne-facebook\/","url":"https:\/\/permbledhja.com\/eliza-hoxha-eshte-e-tmerrshme-perparim-rama-shkarkoi-njerez-ne-facebook\/","name":"Eliza Hoxha: \u00cbsht\u00eb e tmerrshme, P\u00ebrparim Rama shkarkoi njer\u00ebz n\u00eb Facebook","isPartOf":{"@id":"https:\/\/permbledhja.com\/#website"},"datePublished":"2024-02-06T20:48:00+00:00","dateModified":"2024-02-06T20:48:00+00:00","breadcrumb":{"@id":"https:\/\/permbledhja.com\/eliza-hoxha-eshte-e-tmerrshme-perparim-rama-shkarkoi-njerez-ne-facebook\/#breadcrumb"},"inLanguage":"sq","potentialAction":[{"@type":"ReadAction","target":["https:\/\/permbledhja.com\/eliza-hoxha-eshte-e-tmerrshme-perparim-rama-shkarkoi-njerez-ne-facebook\/"]}]},{"@type":"BreadcrumbList","@id":"https:\/\/permbledhja.com\/eliza-hoxha-eshte-e-tmerrshme-perparim-rama-shkarkoi-njerez-ne-facebook\/#breadcrumb","itemListElement":[{"@type":"ListItem","position":1,"name":"Ballina","item":"https:\/\/permbledhja.com\/sq\/"},{"@type":"ListItem","position":2,"name":"Eliza Hoxha: \u00cbsht\u00eb e tmerrshme, P\u00ebrparim Rama shkarkoi njer\u00ebz n\u00eb Facebook"}]},{"@type":"WebSite","@id":"https:\/\/permbledhja.com\/#website","url":"https:\/\/permbledhja.com\/","name":"Ve\u00e7 artikuj p\u00ebrmbledh\u00ebs","description":"","publisher":{"@id":"https:\/\/permbledhja.com\/#organization"},"potentialAction":[{"@type":"SearchAction","target":{"@type":"EntryPoint","urlTemplate":"https:\/\/permbledhja.com\/?s={search_term_string}"},"query-input":"required name=search_term_string"}],"inLanguage":"sq"},{"@type":"Organization","@id":"https:\/\/permbledhja.com\/#organization","name":"MK Media & Pr","url":"https:\/\/permbledhja.com\/","logo":{"@type":"ImageObject","inLanguage":"sq","@id":"https:\/\/permbledhja.com\/#\/schema\/logo\/image\/","url":"https:\/\/permbledhja.com\/wp-content\/uploads\/2021\/12\/07-Press-Logo.jpg","contentUrl":"https:\/\/permbledhja.com\/wp-content\/uploads\/2021\/12\/07-Press-Logo.jpg","width":512,"height":512,"caption":"MK Media & Pr"},"image":{"@id":"https:\/\/permbledhja.com\/#\/schema\/logo\/image\/"},"sameAs":["https:\/\/www.facebook.com\/press07\/"]},{"@type":"Person","@id":"https:\/\/permbledhja.com\/#\/schema\/person\/9c54260cbc4c6f792cb100550491638c","name":"DL","image":{"@type":"ImageObject","inLanguage":"sq","@id":"https:\/\/permbledhja.com\/#\/schema\/person\/image\/","url":"https:\/\/secure.gravatar.com\/avatar\/94503eb28d4c4b2005a5c8753e35fc80?s=96&d=mm&r=g","contentUrl":"https:\/\/secure.gravatar.com\/avatar\/94503eb28d4c4b2005a5c8753e35fc80?s=96&d=mm&r=g","caption":"DL"},"url":"https:\/\/permbledhja.com\/sq\/author\/dl\/"}]}},"_links":{"self":[{"href":"https:\/\/permbledhja.com\/sq\/wp-json\/wp\/v2\/posts\/46337"}],"collection":[{"href":"https:\/\/permbledhja.com\/sq\/wp-json\/wp\/v2\/posts"}],"about":[{"href":"https:\/\/permbledhja.com\/sq\/wp-json\/wp\/v2\/types\/post"}],"author":[{"embeddable":true,"href":"https:\/\/permbledhja.com\/sq\/wp-json\/wp\/v2\/users\/5"}],"replies":[{"embeddable":true,"href":"https:\/\/permbledhja.com\/sq\/wp-json\/wp\/v2\/comments?post=46337"}],"version-history":[{"count":1,"href":"https:\/\/permbledhja.com\/sq\/wp-json\/wp\/v2\/posts\/46337\/revisions"}],"predecessor-version":[{"id":46338,"href":"https:\/\/permbledhja.com\/sq\/wp-json\/wp\/v2\/posts\/46337\/revisions\/46338"}],"wp:featuredmedia":[{"embeddable":true,"href":"https:\/\/permbledhja.com\/sq\/wp-json\/wp\/v2\/media\/46153"}],"wp:attachment":[{"href":"https:\/\/permbledhja.com\/sq\/wp-json\/wp\/v2\/media?parent=46337"}],"wp:term":[{"taxonomy":"category","embeddable":true,"href":"https:\/\/permbledhja.com\/sq\/wp-json\/wp\/v2\/categories?post=46337"},{"taxonomy":"post_tag","embeddable":true,"href":"https:\/\/permbledhja.com\/sq\/wp-json\/wp\/v2\/tags?post=46337"}],"curies":[{"name":"wp","href":"https:\/\/api.w.org\/{rel}","templated":true}]}}