{"id":46330,"date":"2024-02-06T20:17:27","date_gmt":"2024-02-06T20:17:27","guid":{"rendered":"https:\/\/permbledhja.com\/?p=46330"},"modified":"2024-02-06T20:17:27","modified_gmt":"2024-02-06T20:17:27","slug":"kurti-me-njoftim-tjeter-per-dinarin-ceshtja-ka-mundur-te-komunikohet-me-mire-duhet-tranzicion-gjate-ketij-muaji-i-japim-informatat","status":"publish","type":"post","link":"https:\/\/permbledhja.com\/sq\/kurti-me-njoftim-tjeter-per-dinarin-ceshtja-ka-mundur-te-komunikohet-me-mire-duhet-tranzicion-gjate-ketij-muaji-i-japim-informatat\/","title":{"rendered":"Kurti me njoftim tjet\u00ebr p\u00ebr dinarin: \u00c7\u00ebshtja ka mundur t\u00eb komunikohet m\u00eb mir\u00eb, duhet tranzicion -gjat\u00eb ketij muaji i japim informatat"},"content":{"rendered":"<h3>Kryeministri i Kosov\u00ebs, Albin Kurti, ka dal\u00eb me nj\u00eb njoftim t\u00eb mart\u00ebn p\u00ebr \u00e7\u00ebshtjen e dinarit serb n\u00eb Kosov\u00eb, tem\u00eb q\u00eb ka ngjallur reagimin edhe t\u00eb bashk\u00ebsis\u00eb nd\u00ebrkomb\u00ebtare.<\/h3>\n<p>P\u00ebrmes nj\u00eb deklarate, Kurti ka th\u00ebn\u00eb se duhet nj\u00eb periudh\u00eb tranzicioni p\u00ebr \u00e7\u00ebshtjen e dinarit serb.<\/p>\n<p>Ai ka deklaruar se gjat\u00eb k\u00ebtij muaji do t\u2019i ofrojn\u00eb t\u00eb gjitha informacionet e nevojshme p\u00ebr k\u00ebt\u00eb \u00e7\u00ebshtje.<\/p>\n<p>Kreu i ekzekutivit kosovar ka p\u00ebrg\u00ebzuar Bank\u00ebs Qendrore t\u00eb Kosov\u00ebs (BQK) p\u00ebr profesionalizmin, duke i dh\u00ebn\u00eb mb\u00ebshtetje rregullores s\u00eb re.<\/p>\n<p>\u201cUn\u00eb e shkruaj k\u00ebt\u00eb deklarat\u00eb duke theksuar se Zyra e Kryeministrit mb\u00ebshtet plot\u00ebsisht pavar\u00ebsin\u00eb e Bank\u00ebs Qendrore t\u00eb Kosov\u00ebs (BQK) dhe profesionalizmin me t\u00eb cilin ajo kryen detyrat e veta. N\u00eb k\u00ebt\u00eb cil\u00ebsi, ndihem i obliguar q\u00eb t\u00eb mbroj profesionalizmin e trupave publike. N\u00eb fund t\u00eb vitit t\u00eb kaluar, Banka Qendrore nxori rregulloren e saj mbi pagesat me parat\u00eb e gatshme. Rregullimi i m\u00ebnyr\u00ebs se si monedhat e huaja operojn\u00eb n\u00eb nj\u00eb vend \u00ebsht\u00eb, natyrisht, nj\u00eb kompetenc\u00eb thelb\u00ebsore e Bank\u00ebs Qendrore. Kjo rregullore nuk e targeton Dinarin e Serbis\u00eb. Banka Qendrore ka k\u00ebrkuar, me t\u00eb drejt\u00eb, q\u00eb transaksionet joformale q\u00eb kryhen n\u00eb Dinar\u00eb t\u00eb Serbis\u00eb t\u00eb formalizohen; prandaj, ekzistenca dhe vazhdimi i tyre kishin qen\u00eb t\u00eb kund\u00ebrligjshme. Monedha zyrtare e Kosov\u00ebs \u00ebsht\u00eb Euro dhe rregullorja vjen thuajse 16 vjet pas deklarimit ton\u00eb t\u00eb pavar\u00ebsis\u00eb\u201d, thuhet n\u00eb komunikat\u00eb.<\/p>\n<p>M\u00eb tutje, Kurti ka th\u00ebn\u00eb se m\u00ebnyra mungesa e k\u00ebsaj rregullore mund t\u00eb rezultoj\u00eb n\u00eb shp\u00ebrlarjen e paras\u00eb, financimin e terrorizmit dhe aktivitete t\u00eb tjera t\u00eb kund\u00ebrligjshme.<\/p>\n<p>\u201cKy vendim \u00ebsht\u00eb p\u00ebrgjegj\u00ebsi themelore e Bankave Qendrore, duke synuar rregullimin e hyrjes s\u00eb monedhave t\u00eb huaja brenda territorit. Mungesa e nj\u00eb rregulloreje t\u00eb till\u00eb mund t\u00eb rezultoj\u00eb n\u00eb shp\u00ebrlarjen e paras\u00eb, financimin e terrorizmit dhe aktivitete t\u00eb tjera t\u00eb kund\u00ebrligjshme. N\u00eb k\u00ebndv\u00ebshtrimin praktik, ky vendim n\u00ebnkupton se pagesat e marra nga serb\u00ebt e Kosov\u00ebs jan\u00eb ende t\u00eb lejueshme, por do t\u00eb deponohen n\u00eb llogarit\u00eb e tyre me Euro. Natyrisht, posedimi privat i monedhave t\u00eb huaja mbetet i lejuesh\u00ebm\u201d, ka th\u00ebn\u00eb Kurti.<\/p>\n<p>Ai ka deklaruar se pothuajse 35% e komunitetit serb n\u00eb Kosov\u00eb marrin pensione nga Qeveria e Kosov\u00ebs me valut\u00ebn euro.<\/p>\n<p>\u201cMeqen\u00ebse Qeveria jon\u00eb shp\u00ebrndan para publike n\u00eb form\u00eb t\u00eb subvencioneve dhe mjeteve t\u00eb tjera p\u00ebr mbrojtje sociale, t\u00eb cilat jan\u00eb marr\u00eb nj\u00ebkoh\u00ebsisht nga komuniteti serb n\u00eb lllogarit\u00eb e tyre bankare n\u00eb Euro, ka d\u00ebshmi t\u00eb forta se k\u00ebto llogari bankare kan\u00eb p\u00ebrdorim t\u00eb gjer\u00eb. Pothuajse 35% e komunitetit serb n\u00eb Kosov\u00eb marrin pensione nga Qeveria jon\u00eb n\u00eb llogarit\u00eb e veta n\u00eb Euro. Pensionet q\u00eb marrin nga Serbia mund t\u00eb transferohen n\u00eb t\u00eb nj\u00ebjtat llogari, si plot\u00ebsim dhe jo si z\u00ebvend\u00ebsim t\u00eb skemave ekzistuese t\u00eb p\u00ebrfitimeve. P\u00ebrve\u00e7 deg\u00ebve bankare zyrtare, ka 15 institucione t\u00eb tjera financiare ku pensionet nga Serbia mund t\u00eb ndahen, n\u00eb munges\u00eb t\u00eb llogarive bankare\u201d.<\/p>\n<p>\u201cP\u00ebr m\u00eb tep\u00ebr, hapja dhe mir\u00ebmbajtja e llogarive t\u00eb reja bankare n\u00eb Euro do t\u00eb jen\u00eb pa pages\u00eb. P\u00ebrpjekjet tona t\u00eb vazhdueshme synojn\u00eb ta thjesht\u00ebsojn\u00eb k\u00ebt\u00eb proces. Periudha e tranzicionit ka filluar tashm\u00eb dhe p\u00ebrpjekjet e p\u00ebrbashk\u00ebta do t\u00eb sigurojn\u00eb shpejt\u00ebsin\u00eb dhe leht\u00ebsin\u00eb e saj. Ndryshimi gjithmon\u00eb sjell v\u00ebshtir\u00ebsi, edhe n\u00ebse ndryshimet forcojn\u00eb demokracin\u00eb. Por nj\u00eb periudh\u00eb tranzicioni kurr\u00eb nuk duhet t\u00eb keqinterpretohet si sulm apo ndarje e thelluar. Dhe pasiguria e shkurt\u00ebr q\u00eb haset gjat\u00eb k\u00ebsaj periudhe nuk duhet t\u00eb shfryt\u00ebzohet p\u00ebr p\u00ebrfitimin politik. Kjo periudh\u00eb ndryshimi b\u00ebhet m\u00eb e v\u00ebshtir\u00eb jo p\u00ebrmes z\u00ebrave t\u00eb komunitetit serb k\u00ebtu, por p\u00ebrmes nxitjes s\u00eb frik\u00ebsimit, kur ne, n\u00eb fakt, do t\u00eb duhej t\u00eb ushtronim maturi dhe qet\u00ebsi\u201d.<\/p>\n<p>\u201cNe e kuptojm\u00eb se m\u00ebnyra se si kjo \u00e7\u00ebshtje \u00ebsht\u00eb komunikuar mund t\u00eb ishte m\u00eb e qart\u00eb, p\u00ebr t\u00eb shmangur konfuzion. Megjith\u00ebse rregullorja hyri n\u00eb fuqi m\u00eb 1 shkurt, e kuptojm\u00eb se nj\u00eb periudh\u00eb tranzicioni \u00ebsht\u00eb e nevojshme. Gjat\u00eb k\u00ebtij muaji, do t\u00eb sigurohemi q\u00eb t\u00eb japim t\u00eb gjitha informacionet dhe t\u00eb gjith\u00eb ndihm\u00ebn e nevojshme q\u00eb ky tranzicion t\u00eb jet\u00eb sa m\u00eb i leht\u00eb q\u00eb t\u00eb jet\u00eb e mundur. Tash e tutje, zotohemi po ashtu q\u00eb t\u00eb promovojm\u00eb fushata t\u00eb komunikimit q\u00eb adresojn\u00eb k\u00ebto \u00e7\u00ebshtje me ndjeshm\u00ebrin\u00eb q\u00eb e meritojn\u00eb\u201d.<\/p>\n<p>\u201c\u00cbsht\u00eb mendimi i t\u00eb gjith\u00ebve q\u00eb e duan Kosov\u00ebn, q\u00eb jemi n\u00eb progres dhe ka progres p\u00ebr t\u2019u realizuar. N\u00eb k\u00ebt\u00eb rrug\u00ebtim, veprimet tona gjykohen mbi dy baza: (1) q\u00ebllimet dhe (2) shkronja e ligjit. Nj\u00eb veprim q\u00eb synon t\u00eb forcoj\u00eb demokracin\u00eb duke zbatuar ligjin, duhet t\u00eb interpretohet p\u00ebr at\u00eb \u00e7ka \u00ebsht\u00eb. Nd\u00ebrsa vendi yn\u00eb \u00ebsht\u00eb duke u rritur n\u00eb fuqin\u00eb e vet demokratike, atij me gjas\u00eb do t\u2019i duhen ca p\u00ebrshtatje. P\u00ebr pal\u00ebt e shumta q\u00eb jan\u00eb fuqish\u00ebm t\u00eb investuara n\u00eb prosperitetin e vendit ton\u00eb, t\u00eb nj\u00ebjt\u00ebn e inkurajoj: p\u00ebrshtatjet le t\u00eb ndodhin, q\u00eb t\u00eb arrijm\u00eb hapin tjet\u00ebr, drejt t\u00eb cilit t\u00eb gjith\u00eb punojm\u00eb me zell\u201d, thuhet n\u00eb dekalrat\u00ebn e Kurtit. \/Gazeta Express<\/p>\n","protected":false},"excerpt":{"rendered":"<p>Kryeministri i Kosov\u00ebs, Albin Kurti, ka dal\u00eb me nj\u00eb njoftim t\u00eb mart\u00ebn p\u00ebr \u00e7\u00ebshtjen e dinarit serb n\u00eb Kosov\u00eb, tem\u00eb q\u00eb ka ngjallur reagimin edhe t\u00eb bashk\u00ebsis\u00eb nd\u00ebrkomb\u00ebtare. P\u00ebrmes nj\u00eb deklarate, Kurti ka th\u00ebn\u00eb se duhet nj\u00eb periudh\u00eb tranzicioni p\u00ebr \u00e7\u00ebshtjen e dinarit serb. Ai ka deklaruar se gjat\u00eb k\u00ebtij muaji do t\u2019i ofrojn\u00eb t\u00eb [&hellip;]<\/p>\n","protected":false},"author":5,"featured_media":46331,"comment_status":"closed","ping_status":"closed","sticky":false,"template":"","format":"standard","meta":{"_monsterinsights_skip_tracking":false,"_monsterinsights_sitenote_active":false,"_monsterinsights_sitenote_note":"","_monsterinsights_sitenote_category":0,"_uf_show_specific_survey":0,"_uf_disable_surveys":false,"footnotes":""},"categories":[1146],"tags":[],"yoast_head":"<!-- This site is optimized with the Yoast SEO plugin v21.5 - https:\/\/yoast.com\/wordpress\/plugins\/seo\/ -->\n<title>Kurti me njoftim tjet\u00ebr p\u00ebr dinarin: \u00c7\u00ebshtja ka mundur t\u00eb komunikohet m\u00eb mir\u00eb, duhet tranzicion -gjat\u00eb ketij muaji i japim informatat<\/title>\n<meta name=\"robots\" content=\"index, follow, max-snippet:-1, max-image-preview:large, max-video-preview:-1\" \/>\n<link rel=\"canonical\" href=\"https:\/\/permbledhja.com\/sq\/kurti-me-njoftim-tjeter-per-dinarin-ceshtja-ka-mundur-te-komunikohet-me-mire-duhet-tranzicion-gjate-ketij-muaji-i-japim-informatat\/\" \/>\n<meta property=\"og:locale\" content=\"sq_AL\" \/>\n<meta property=\"og:type\" content=\"article\" \/>\n<meta property=\"og:title\" content=\"Kurti me njoftim tjet\u00ebr p\u00ebr dinarin: \u00c7\u00ebshtja ka mundur t\u00eb komunikohet m\u00eb mir\u00eb, duhet tranzicion -gjat\u00eb ketij muaji i japim informatat\" \/>\n<meta property=\"og:description\" content=\"Kryeministri i Kosov\u00ebs, Albin Kurti, ka dal\u00eb me nj\u00eb njoftim t\u00eb mart\u00ebn p\u00ebr \u00e7\u00ebshtjen e dinarit serb n\u00eb Kosov\u00eb, tem\u00eb q\u00eb ka ngjallur reagimin edhe t\u00eb bashk\u00ebsis\u00eb nd\u00ebrkomb\u00ebtare. P\u00ebrmes nj\u00eb deklarate, Kurti ka th\u00ebn\u00eb se duhet nj\u00eb periudh\u00eb tranzicioni p\u00ebr \u00e7\u00ebshtjen e dinarit serb. Ai ka deklaruar se gjat\u00eb k\u00ebtij muaji do t\u2019i ofrojn\u00eb t\u00eb [&hellip;]\" \/>\n<meta property=\"og:url\" content=\"https:\/\/permbledhja.com\/sq\/kurti-me-njoftim-tjeter-per-dinarin-ceshtja-ka-mundur-te-komunikohet-me-mire-duhet-tranzicion-gjate-ketij-muaji-i-japim-informatat\/\" \/>\n<meta property=\"og:site_name\" content=\"Ve\u00e7 artikuj p\u00ebrmbledh\u00ebs\" \/>\n<meta property=\"article:publisher\" content=\"https:\/\/www.facebook.com\/press07\/\" \/>\n<meta property=\"article:published_time\" content=\"2024-02-06T20:17:27+00:00\" \/>\n<meta property=\"og:image\" content=\"https:\/\/permbledhja.com\/wp-content\/uploads\/2024\/02\/z.jpg\" \/>\n\t<meta property=\"og:image:width\" content=\"600\" \/>\n\t<meta property=\"og:image:height\" content=\"360\" \/>\n\t<meta property=\"og:image:type\" content=\"image\/jpeg\" \/>\n<meta name=\"author\" content=\"DL\" \/>\n<meta name=\"twitter:card\" content=\"summary_large_image\" \/>\n<meta name=\"twitter:label1\" content=\"Written by\" \/>\n\t<meta name=\"twitter:data1\" content=\"DL\" \/>\n\t<meta name=\"twitter:label2\" content=\"Est. reading time\" \/>\n\t<meta name=\"twitter:data2\" content=\"5 minuta\" \/>\n<script type=\"application\/ld+json\" class=\"yoast-schema-graph\">{\"@context\":\"https:\/\/schema.org\",\"@graph\":[{\"@type\":\"Article\",\"@id\":\"https:\/\/permbledhja.com\/kurti-me-njoftim-tjeter-per-dinarin-ceshtja-ka-mundur-te-komunikohet-me-mire-duhet-tranzicion-gjate-ketij-muaji-i-japim-informatat\/#article\",\"isPartOf\":{\"@id\":\"https:\/\/permbledhja.com\/kurti-me-njoftim-tjeter-per-dinarin-ceshtja-ka-mundur-te-komunikohet-me-mire-duhet-tranzicion-gjate-ketij-muaji-i-japim-informatat\/\"},\"author\":{\"name\":\"DL\",\"@id\":\"https:\/\/permbledhja.com\/#\/schema\/person\/9c54260cbc4c6f792cb100550491638c\"},\"headline\":\"Kurti me njoftim tjet\u00ebr p\u00ebr dinarin: \u00c7\u00ebshtja ka mundur t\u00eb komunikohet m\u00eb mir\u00eb, duhet tranzicion -gjat\u00eb ketij muaji i japim informatat\",\"datePublished\":\"2024-02-06T20:17:27+00:00\",\"dateModified\":\"2024-02-06T20:17:27+00:00\",\"mainEntityOfPage\":{\"@id\":\"https:\/\/permbledhja.com\/kurti-me-njoftim-tjeter-per-dinarin-ceshtja-ka-mundur-te-komunikohet-me-mire-duhet-tranzicion-gjate-ketij-muaji-i-japim-informatat\/\"},\"wordCount\":914,\"publisher\":{\"@id\":\"https:\/\/permbledhja.com\/#organization\"},\"articleSection\":[\"Kryesoret\"],\"inLanguage\":\"sq\"},{\"@type\":\"WebPage\",\"@id\":\"https:\/\/permbledhja.com\/kurti-me-njoftim-tjeter-per-dinarin-ceshtja-ka-mundur-te-komunikohet-me-mire-duhet-tranzicion-gjate-ketij-muaji-i-japim-informatat\/\",\"url\":\"https:\/\/permbledhja.com\/kurti-me-njoftim-tjeter-per-dinarin-ceshtja-ka-mundur-te-komunikohet-me-mire-duhet-tranzicion-gjate-ketij-muaji-i-japim-informatat\/\",\"name\":\"Kurti me njoftim tjet\u00ebr p\u00ebr dinarin: \u00c7\u00ebshtja ka mundur t\u00eb komunikohet m\u00eb mir\u00eb, duhet tranzicion -gjat\u00eb ketij muaji i japim informatat\",\"isPartOf\":{\"@id\":\"https:\/\/permbledhja.com\/#website\"},\"datePublished\":\"2024-02-06T20:17:27+00:00\",\"dateModified\":\"2024-02-06T20:17:27+00:00\",\"breadcrumb\":{\"@id\":\"https:\/\/permbledhja.com\/kurti-me-njoftim-tjeter-per-dinarin-ceshtja-ka-mundur-te-komunikohet-me-mire-duhet-tranzicion-gjate-ketij-muaji-i-japim-informatat\/#breadcrumb\"},\"inLanguage\":\"sq\",\"potentialAction\":[{\"@type\":\"ReadAction\",\"target\":[\"https:\/\/permbledhja.com\/kurti-me-njoftim-tjeter-per-dinarin-ceshtja-ka-mundur-te-komunikohet-me-mire-duhet-tranzicion-gjate-ketij-muaji-i-japim-informatat\/\"]}]},{\"@type\":\"BreadcrumbList\",\"@id\":\"https:\/\/permbledhja.com\/kurti-me-njoftim-tjeter-per-dinarin-ceshtja-ka-mundur-te-komunikohet-me-mire-duhet-tranzicion-gjate-ketij-muaji-i-japim-informatat\/#breadcrumb\",\"itemListElement\":[{\"@type\":\"ListItem\",\"position\":1,\"name\":\"Ballina\",\"item\":\"https:\/\/permbledhja.com\/sq\/\"},{\"@type\":\"ListItem\",\"position\":2,\"name\":\"Kurti me njoftim tjet\u00ebr p\u00ebr dinarin: \u00c7\u00ebshtja ka mundur t\u00eb komunikohet m\u00eb mir\u00eb, duhet tranzicion -gjat\u00eb ketij muaji i japim informatat\"}]},{\"@type\":\"WebSite\",\"@id\":\"https:\/\/permbledhja.com\/#website\",\"url\":\"https:\/\/permbledhja.com\/\",\"name\":\"Ve\u00e7 artikuj p\u00ebrmbledh\u00ebs\",\"description\":\"\",\"publisher\":{\"@id\":\"https:\/\/permbledhja.com\/#organization\"},\"potentialAction\":[{\"@type\":\"SearchAction\",\"target\":{\"@type\":\"EntryPoint\",\"urlTemplate\":\"https:\/\/permbledhja.com\/?s={search_term_string}\"},\"query-input\":\"required name=search_term_string\"}],\"inLanguage\":\"sq\"},{\"@type\":\"Organization\",\"@id\":\"https:\/\/permbledhja.com\/#organization\",\"name\":\"MK Media & Pr\",\"url\":\"https:\/\/permbledhja.com\/\",\"logo\":{\"@type\":\"ImageObject\",\"inLanguage\":\"sq\",\"@id\":\"https:\/\/permbledhja.com\/#\/schema\/logo\/image\/\",\"url\":\"https:\/\/permbledhja.com\/wp-content\/uploads\/2021\/12\/07-Press-Logo.jpg\",\"contentUrl\":\"https:\/\/permbledhja.com\/wp-content\/uploads\/2021\/12\/07-Press-Logo.jpg\",\"width\":512,\"height\":512,\"caption\":\"MK Media & Pr\"},\"image\":{\"@id\":\"https:\/\/permbledhja.com\/#\/schema\/logo\/image\/\"},\"sameAs\":[\"https:\/\/www.facebook.com\/press07\/\"]},{\"@type\":\"Person\",\"@id\":\"https:\/\/permbledhja.com\/#\/schema\/person\/9c54260cbc4c6f792cb100550491638c\",\"name\":\"DL\",\"image\":{\"@type\":\"ImageObject\",\"inLanguage\":\"sq\",\"@id\":\"https:\/\/permbledhja.com\/#\/schema\/person\/image\/\",\"url\":\"https:\/\/secure.gravatar.com\/avatar\/94503eb28d4c4b2005a5c8753e35fc80?s=96&d=mm&r=g\",\"contentUrl\":\"https:\/\/secure.gravatar.com\/avatar\/94503eb28d4c4b2005a5c8753e35fc80?s=96&d=mm&r=g\",\"caption\":\"DL\"},\"url\":\"https:\/\/permbledhja.com\/sq\/author\/dl\/\"}]}<\/script>\n<!-- \/ Yoast SEO plugin. -->","yoast_head_json":{"title":"Kurti me njoftim tjet\u00ebr p\u00ebr dinarin: \u00c7\u00ebshtja ka mundur t\u00eb komunikohet m\u00eb mir\u00eb, duhet tranzicion -gjat\u00eb ketij muaji i japim informatat","robots":{"index":"index","follow":"follow","max-snippet":"max-snippet:-1","max-image-preview":"max-image-preview:large","max-video-preview":"max-video-preview:-1"},"canonical":"https:\/\/permbledhja.com\/sq\/kurti-me-njoftim-tjeter-per-dinarin-ceshtja-ka-mundur-te-komunikohet-me-mire-duhet-tranzicion-gjate-ketij-muaji-i-japim-informatat\/","og_locale":"sq_AL","og_type":"article","og_title":"Kurti me njoftim tjet\u00ebr p\u00ebr dinarin: \u00c7\u00ebshtja ka mundur t\u00eb komunikohet m\u00eb mir\u00eb, duhet tranzicion -gjat\u00eb ketij muaji i japim informatat","og_description":"Kryeministri i Kosov\u00ebs, Albin Kurti, ka dal\u00eb me nj\u00eb njoftim t\u00eb mart\u00ebn p\u00ebr \u00e7\u00ebshtjen e dinarit serb n\u00eb Kosov\u00eb, tem\u00eb q\u00eb ka ngjallur reagimin edhe t\u00eb bashk\u00ebsis\u00eb nd\u00ebrkomb\u00ebtare. P\u00ebrmes nj\u00eb deklarate, Kurti ka th\u00ebn\u00eb se duhet nj\u00eb periudh\u00eb tranzicioni p\u00ebr \u00e7\u00ebshtjen e dinarit serb. Ai ka deklaruar se gjat\u00eb k\u00ebtij muaji do t\u2019i ofrojn\u00eb t\u00eb [&hellip;]","og_url":"https:\/\/permbledhja.com\/sq\/kurti-me-njoftim-tjeter-per-dinarin-ceshtja-ka-mundur-te-komunikohet-me-mire-duhet-tranzicion-gjate-ketij-muaji-i-japim-informatat\/","og_site_name":"Ve\u00e7 artikuj p\u00ebrmbledh\u00ebs","article_publisher":"https:\/\/www.facebook.com\/press07\/","article_published_time":"2024-02-06T20:17:27+00:00","og_image":[{"width":600,"height":360,"url":"https:\/\/permbledhja.com\/wp-content\/uploads\/2024\/02\/z.jpg","type":"image\/jpeg"}],"author":"DL","twitter_card":"summary_large_image","twitter_misc":{"Written by":"DL","Est. reading time":"5 minuta"},"schema":{"@context":"https:\/\/schema.org","@graph":[{"@type":"Article","@id":"https:\/\/permbledhja.com\/kurti-me-njoftim-tjeter-per-dinarin-ceshtja-ka-mundur-te-komunikohet-me-mire-duhet-tranzicion-gjate-ketij-muaji-i-japim-informatat\/#article","isPartOf":{"@id":"https:\/\/permbledhja.com\/kurti-me-njoftim-tjeter-per-dinarin-ceshtja-ka-mundur-te-komunikohet-me-mire-duhet-tranzicion-gjate-ketij-muaji-i-japim-informatat\/"},"author":{"name":"DL","@id":"https:\/\/permbledhja.com\/#\/schema\/person\/9c54260cbc4c6f792cb100550491638c"},"headline":"Kurti me njoftim tjet\u00ebr p\u00ebr dinarin: \u00c7\u00ebshtja ka mundur t\u00eb komunikohet m\u00eb mir\u00eb, duhet tranzicion -gjat\u00eb ketij muaji i japim informatat","datePublished":"2024-02-06T20:17:27+00:00","dateModified":"2024-02-06T20:17:27+00:00","mainEntityOfPage":{"@id":"https:\/\/permbledhja.com\/kurti-me-njoftim-tjeter-per-dinarin-ceshtja-ka-mundur-te-komunikohet-me-mire-duhet-tranzicion-gjate-ketij-muaji-i-japim-informatat\/"},"wordCount":914,"publisher":{"@id":"https:\/\/permbledhja.com\/#organization"},"articleSection":["Kryesoret"],"inLanguage":"sq"},{"@type":"WebPage","@id":"https:\/\/permbledhja.com\/kurti-me-njoftim-tjeter-per-dinarin-ceshtja-ka-mundur-te-komunikohet-me-mire-duhet-tranzicion-gjate-ketij-muaji-i-japim-informatat\/","url":"https:\/\/permbledhja.com\/kurti-me-njoftim-tjeter-per-dinarin-ceshtja-ka-mundur-te-komunikohet-me-mire-duhet-tranzicion-gjate-ketij-muaji-i-japim-informatat\/","name":"Kurti me njoftim tjet\u00ebr p\u00ebr dinarin: \u00c7\u00ebshtja ka mundur t\u00eb komunikohet m\u00eb mir\u00eb, duhet tranzicion -gjat\u00eb ketij muaji i japim informatat","isPartOf":{"@id":"https:\/\/permbledhja.com\/#website"},"datePublished":"2024-02-06T20:17:27+00:00","dateModified":"2024-02-06T20:17:27+00:00","breadcrumb":{"@id":"https:\/\/permbledhja.com\/kurti-me-njoftim-tjeter-per-dinarin-ceshtja-ka-mundur-te-komunikohet-me-mire-duhet-tranzicion-gjate-ketij-muaji-i-japim-informatat\/#breadcrumb"},"inLanguage":"sq","potentialAction":[{"@type":"ReadAction","target":["https:\/\/permbledhja.com\/kurti-me-njoftim-tjeter-per-dinarin-ceshtja-ka-mundur-te-komunikohet-me-mire-duhet-tranzicion-gjate-ketij-muaji-i-japim-informatat\/"]}]},{"@type":"BreadcrumbList","@id":"https:\/\/permbledhja.com\/kurti-me-njoftim-tjeter-per-dinarin-ceshtja-ka-mundur-te-komunikohet-me-mire-duhet-tranzicion-gjate-ketij-muaji-i-japim-informatat\/#breadcrumb","itemListElement":[{"@type":"ListItem","position":1,"name":"Ballina","item":"https:\/\/permbledhja.com\/sq\/"},{"@type":"ListItem","position":2,"name":"Kurti me njoftim tjet\u00ebr p\u00ebr dinarin: \u00c7\u00ebshtja ka mundur t\u00eb komunikohet m\u00eb mir\u00eb, duhet tranzicion -gjat\u00eb ketij muaji i japim informatat"}]},{"@type":"WebSite","@id":"https:\/\/permbledhja.com\/#website","url":"https:\/\/permbledhja.com\/","name":"Ve\u00e7 artikuj p\u00ebrmbledh\u00ebs","description":"","publisher":{"@id":"https:\/\/permbledhja.com\/#organization"},"potentialAction":[{"@type":"SearchAction","target":{"@type":"EntryPoint","urlTemplate":"https:\/\/permbledhja.com\/?s={search_term_string}"},"query-input":"required name=search_term_string"}],"inLanguage":"sq"},{"@type":"Organization","@id":"https:\/\/permbledhja.com\/#organization","name":"MK Media & Pr","url":"https:\/\/permbledhja.com\/","logo":{"@type":"ImageObject","inLanguage":"sq","@id":"https:\/\/permbledhja.com\/#\/schema\/logo\/image\/","url":"https:\/\/permbledhja.com\/wp-content\/uploads\/2021\/12\/07-Press-Logo.jpg","contentUrl":"https:\/\/permbledhja.com\/wp-content\/uploads\/2021\/12\/07-Press-Logo.jpg","width":512,"height":512,"caption":"MK Media & Pr"},"image":{"@id":"https:\/\/permbledhja.com\/#\/schema\/logo\/image\/"},"sameAs":["https:\/\/www.facebook.com\/press07\/"]},{"@type":"Person","@id":"https:\/\/permbledhja.com\/#\/schema\/person\/9c54260cbc4c6f792cb100550491638c","name":"DL","image":{"@type":"ImageObject","inLanguage":"sq","@id":"https:\/\/permbledhja.com\/#\/schema\/person\/image\/","url":"https:\/\/secure.gravatar.com\/avatar\/94503eb28d4c4b2005a5c8753e35fc80?s=96&d=mm&r=g","contentUrl":"https:\/\/secure.gravatar.com\/avatar\/94503eb28d4c4b2005a5c8753e35fc80?s=96&d=mm&r=g","caption":"DL"},"url":"https:\/\/permbledhja.com\/sq\/author\/dl\/"}]}},"_links":{"self":[{"href":"https:\/\/permbledhja.com\/sq\/wp-json\/wp\/v2\/posts\/46330"}],"collection":[{"href":"https:\/\/permbledhja.com\/sq\/wp-json\/wp\/v2\/posts"}],"about":[{"href":"https:\/\/permbledhja.com\/sq\/wp-json\/wp\/v2\/types\/post"}],"author":[{"embeddable":true,"href":"https:\/\/permbledhja.com\/sq\/wp-json\/wp\/v2\/users\/5"}],"replies":[{"embeddable":true,"href":"https:\/\/permbledhja.com\/sq\/wp-json\/wp\/v2\/comments?post=46330"}],"version-history":[{"count":2,"href":"https:\/\/permbledhja.com\/sq\/wp-json\/wp\/v2\/posts\/46330\/revisions"}],"predecessor-version":[{"id":46333,"href":"https:\/\/permbledhja.com\/sq\/wp-json\/wp\/v2\/posts\/46330\/revisions\/46333"}],"wp:featuredmedia":[{"embeddable":true,"href":"https:\/\/permbledhja.com\/sq\/wp-json\/wp\/v2\/media\/46331"}],"wp:attachment":[{"href":"https:\/\/permbledhja.com\/sq\/wp-json\/wp\/v2\/media?parent=46330"}],"wp:term":[{"taxonomy":"category","embeddable":true,"href":"https:\/\/permbledhja.com\/sq\/wp-json\/wp\/v2\/categories?post=46330"},{"taxonomy":"post_tag","embeddable":true,"href":"https:\/\/permbledhja.com\/sq\/wp-json\/wp\/v2\/tags?post=46330"}],"curies":[{"name":"wp","href":"https:\/\/api.w.org\/{rel}","templated":true}]}}