{"id":46327,"date":"2024-02-06T19:12:36","date_gmt":"2024-02-06T19:12:36","guid":{"rendered":"https:\/\/permbledhja.com\/?p=46327"},"modified":"2024-02-06T19:12:36","modified_gmt":"2024-02-06T19:12:36","slug":"ambasadori-francez-te-suspendohet-vendimi-i-bqk-per-dinarin-te-dialogohet-me-serbine-sikurse-per-rrymen","status":"publish","type":"post","link":"https:\/\/permbledhja.com\/sq\/ambasadori-francez-te-suspendohet-vendimi-i-bqk-per-dinarin-te-dialogohet-me-serbine-sikurse-per-rrymen\/","title":{"rendered":"Ambasadori francez: T\u00eb suspendohet vendimi i BQK, p\u00ebr dinarin t\u00eb dialogohet me Serbin\u00eb sikurse p\u00ebr rrym\u00ebn"},"content":{"rendered":"<h3>Ambasadori i Franc\u00ebs n\u00eb Kosov\u00eb, Olivier Guerot, n\u00eb nj\u00eb intervist\u00eb p\u00ebr RTV Dukagjini ka th\u00ebn\u00eb se t\u00eb pretendosh se vendimi i BQK-s\u00eb s\u2019ka t\u00eb b\u00ebj\u00eb asgj\u00eb me Serbin\u00eb do t\u00eb ishte di\u00e7ka e \u00e7uditshme.<\/h3>\n<p>Ai ka th\u00ebn\u00eb se duhet t\u00eb ket\u00eb dialog n\u00eb m\u00ebnyr\u00eb q\u00eb t\u00eb organizohen trasnferet e duhura dhe sipas ambasadorit Guerot p\u00ebr k\u00ebt\u00eb \u00e7\u00ebshtje duhet t\u00eb bisedohet me Serbin\u00eb sikurse p\u00ebr t\u00eb gjitha \u00e7\u00ebshtjet e tjera teknike.<\/p>\n<p>\u201cB\u00ebhet fjal\u00eb p\u00ebr monedh\u00ebn serbe. T\u00eb pretendosh se s\u2019ka t\u00eb b\u00ebj\u00eb asgj\u00eb me Serbin\u00eb \u00ebsht\u00eb e \u00e7uditshme. Duhe t\u00eb b\u00ebhet nj\u00eb bised\u00eb q\u00eb t\u00eb organizohen trasnferet e duhura dhe duhet t\u00eb bisedohet me Serbin\u00eb sikur p\u00ebr t\u00eb gjitha c\u00ebshtjet tjera teknike, sikurse c\u00ebshtja e rrym\u00ebs\u201d, ka th\u00ebn\u00eb Guerot.<\/p>\n<p>Ai ka th\u00ebn\u00eb se Franca k\u00ebrkon suspendimin e vendimit p\u00ebr hir t\u00eb gjetjes s\u00eb nj\u00eb zgjidhjeje.<\/p>\n<p>\u201cK\u00ebrkojm\u00eb suspendimin e k\u00ebsaj p\u00ebr hir\u00eb t\u00eb informimit t\u00eb duhur t\u00eb popullat\u00ebs dhe p\u00ebr hir\u00eb t\u00eb gjetjes s\u00eb nj\u00eb zgjidhje\u201d, ka th\u00ebn\u00eb Guerot.<\/p>\n","protected":false},"excerpt":{"rendered":"<p>Ambasadori i Franc\u00ebs n\u00eb Kosov\u00eb, Olivier Guerot, n\u00eb nj\u00eb intervist\u00eb p\u00ebr RTV Dukagjini ka th\u00ebn\u00eb se t\u00eb pretendosh se vendimi i BQK-s\u00eb s\u2019ka t\u00eb b\u00ebj\u00eb asgj\u00eb me Serbin\u00eb do t\u00eb ishte di\u00e7ka e \u00e7uditshme. Ai ka th\u00ebn\u00eb se duhet t\u00eb ket\u00eb dialog n\u00eb m\u00ebnyr\u00eb q\u00eb t\u00eb organizohen trasnferet e duhura dhe sipas ambasadorit Guerot p\u00ebr [&hellip;]<\/p>\n","protected":false},"author":5,"featured_media":46328,"comment_status":"closed","ping_status":"closed","sticky":false,"template":"","format":"standard","meta":{"_monsterinsights_skip_tracking":false,"_monsterinsights_sitenote_active":false,"_monsterinsights_sitenote_note":"","_monsterinsights_sitenote_category":0,"_uf_show_specific_survey":0,"_uf_disable_surveys":false,"footnotes":""},"categories":[2645],"tags":[],"yoast_head":"<!-- This site is optimized with the Yoast SEO plugin v21.5 - https:\/\/yoast.com\/wordpress\/plugins\/seo\/ -->\n<title>Ambasadori francez: T\u00eb suspendohet vendimi i BQK, p\u00ebr dinarin t\u00eb dialogohet me Serbin\u00eb sikurse p\u00ebr rrym\u00ebn<\/title>\n<meta name=\"robots\" content=\"index, follow, max-snippet:-1, max-image-preview:large, max-video-preview:-1\" \/>\n<link rel=\"canonical\" href=\"https:\/\/permbledhja.com\/sq\/ambasadori-francez-te-suspendohet-vendimi-i-bqk-per-dinarin-te-dialogohet-me-serbine-sikurse-per-rrymen\/\" \/>\n<meta property=\"og:locale\" content=\"sq_AL\" \/>\n<meta property=\"og:type\" content=\"article\" \/>\n<meta property=\"og:title\" content=\"Ambasadori francez: T\u00eb suspendohet vendimi i BQK, p\u00ebr dinarin t\u00eb dialogohet me Serbin\u00eb sikurse p\u00ebr rrym\u00ebn\" \/>\n<meta property=\"og:description\" content=\"Ambasadori i Franc\u00ebs n\u00eb Kosov\u00eb, Olivier Guerot, n\u00eb nj\u00eb intervist\u00eb p\u00ebr RTV Dukagjini ka th\u00ebn\u00eb se t\u00eb pretendosh se vendimi i BQK-s\u00eb s\u2019ka t\u00eb b\u00ebj\u00eb asgj\u00eb me Serbin\u00eb do t\u00eb ishte di\u00e7ka e \u00e7uditshme. Ai ka th\u00ebn\u00eb se duhet t\u00eb ket\u00eb dialog n\u00eb m\u00ebnyr\u00eb q\u00eb t\u00eb organizohen trasnferet e duhura dhe sipas ambasadorit Guerot p\u00ebr [&hellip;]\" \/>\n<meta property=\"og:url\" content=\"https:\/\/permbledhja.com\/sq\/ambasadori-francez-te-suspendohet-vendimi-i-bqk-per-dinarin-te-dialogohet-me-serbine-sikurse-per-rrymen\/\" \/>\n<meta property=\"og:site_name\" content=\"Ve\u00e7 artikuj p\u00ebrmbledh\u00ebs\" \/>\n<meta property=\"article:publisher\" content=\"https:\/\/www.facebook.com\/press07\/\" \/>\n<meta property=\"article:published_time\" content=\"2024-02-06T19:12:36+00:00\" \/>\n<meta property=\"og:image\" content=\"https:\/\/permbledhja.com\/wp-content\/uploads\/2024\/02\/ambs.png\" \/>\n\t<meta property=\"og:image:width\" content=\"600\" \/>\n\t<meta property=\"og:image:height\" content=\"360\" \/>\n\t<meta property=\"og:image:type\" content=\"image\/png\" \/>\n<meta name=\"author\" content=\"DL\" \/>\n<meta name=\"twitter:card\" content=\"summary_large_image\" \/>\n<meta name=\"twitter:label1\" content=\"Written by\" \/>\n\t<meta name=\"twitter:data1\" content=\"DL\" \/>\n\t<meta name=\"twitter:label2\" content=\"Est. reading time\" \/>\n\t<meta name=\"twitter:data2\" content=\"1 minut\u00eb\" \/>\n<script type=\"application\/ld+json\" class=\"yoast-schema-graph\">{\"@context\":\"https:\/\/schema.org\",\"@graph\":[{\"@type\":\"Article\",\"@id\":\"https:\/\/permbledhja.com\/ambasadori-francez-te-suspendohet-vendimi-i-bqk-per-dinarin-te-dialogohet-me-serbine-sikurse-per-rrymen\/#article\",\"isPartOf\":{\"@id\":\"https:\/\/permbledhja.com\/ambasadori-francez-te-suspendohet-vendimi-i-bqk-per-dinarin-te-dialogohet-me-serbine-sikurse-per-rrymen\/\"},\"author\":{\"name\":\"DL\",\"@id\":\"https:\/\/permbledhja.com\/#\/schema\/person\/9c54260cbc4c6f792cb100550491638c\"},\"headline\":\"Ambasadori francez: T\u00eb suspendohet vendimi i BQK, p\u00ebr dinarin t\u00eb dialogohet me Serbin\u00eb sikurse p\u00ebr rrym\u00ebn\",\"datePublished\":\"2024-02-06T19:12:36+00:00\",\"dateModified\":\"2024-02-06T19:12:36+00:00\",\"mainEntityOfPage\":{\"@id\":\"https:\/\/permbledhja.com\/ambasadori-francez-te-suspendohet-vendimi-i-bqk-per-dinarin-te-dialogohet-me-serbine-sikurse-per-rrymen\/\"},\"wordCount\":207,\"publisher\":{\"@id\":\"https:\/\/permbledhja.com\/#organization\"},\"articleSection\":[\"T\u00eb r\u00ebnd\u00ebsishme\"],\"inLanguage\":\"sq\"},{\"@type\":\"WebPage\",\"@id\":\"https:\/\/permbledhja.com\/ambasadori-francez-te-suspendohet-vendimi-i-bqk-per-dinarin-te-dialogohet-me-serbine-sikurse-per-rrymen\/\",\"url\":\"https:\/\/permbledhja.com\/ambasadori-francez-te-suspendohet-vendimi-i-bqk-per-dinarin-te-dialogohet-me-serbine-sikurse-per-rrymen\/\",\"name\":\"Ambasadori francez: T\u00eb suspendohet vendimi i BQK, p\u00ebr dinarin t\u00eb dialogohet me Serbin\u00eb sikurse p\u00ebr rrym\u00ebn\",\"isPartOf\":{\"@id\":\"https:\/\/permbledhja.com\/#website\"},\"datePublished\":\"2024-02-06T19:12:36+00:00\",\"dateModified\":\"2024-02-06T19:12:36+00:00\",\"breadcrumb\":{\"@id\":\"https:\/\/permbledhja.com\/ambasadori-francez-te-suspendohet-vendimi-i-bqk-per-dinarin-te-dialogohet-me-serbine-sikurse-per-rrymen\/#breadcrumb\"},\"inLanguage\":\"sq\",\"potentialAction\":[{\"@type\":\"ReadAction\",\"target\":[\"https:\/\/permbledhja.com\/ambasadori-francez-te-suspendohet-vendimi-i-bqk-per-dinarin-te-dialogohet-me-serbine-sikurse-per-rrymen\/\"]}]},{\"@type\":\"BreadcrumbList\",\"@id\":\"https:\/\/permbledhja.com\/ambasadori-francez-te-suspendohet-vendimi-i-bqk-per-dinarin-te-dialogohet-me-serbine-sikurse-per-rrymen\/#breadcrumb\",\"itemListElement\":[{\"@type\":\"ListItem\",\"position\":1,\"name\":\"Ballina\",\"item\":\"https:\/\/permbledhja.com\/sq\/\"},{\"@type\":\"ListItem\",\"position\":2,\"name\":\"Ambasadori francez: T\u00eb suspendohet vendimi i BQK, p\u00ebr dinarin t\u00eb dialogohet me Serbin\u00eb sikurse p\u00ebr rrym\u00ebn\"}]},{\"@type\":\"WebSite\",\"@id\":\"https:\/\/permbledhja.com\/#website\",\"url\":\"https:\/\/permbledhja.com\/\",\"name\":\"Ve\u00e7 artikuj p\u00ebrmbledh\u00ebs\",\"description\":\"\",\"publisher\":{\"@id\":\"https:\/\/permbledhja.com\/#organization\"},\"potentialAction\":[{\"@type\":\"SearchAction\",\"target\":{\"@type\":\"EntryPoint\",\"urlTemplate\":\"https:\/\/permbledhja.com\/?s={search_term_string}\"},\"query-input\":\"required name=search_term_string\"}],\"inLanguage\":\"sq\"},{\"@type\":\"Organization\",\"@id\":\"https:\/\/permbledhja.com\/#organization\",\"name\":\"MK Media & Pr\",\"url\":\"https:\/\/permbledhja.com\/\",\"logo\":{\"@type\":\"ImageObject\",\"inLanguage\":\"sq\",\"@id\":\"https:\/\/permbledhja.com\/#\/schema\/logo\/image\/\",\"url\":\"https:\/\/permbledhja.com\/wp-content\/uploads\/2021\/12\/07-Press-Logo.jpg\",\"contentUrl\":\"https:\/\/permbledhja.com\/wp-content\/uploads\/2021\/12\/07-Press-Logo.jpg\",\"width\":512,\"height\":512,\"caption\":\"MK Media & Pr\"},\"image\":{\"@id\":\"https:\/\/permbledhja.com\/#\/schema\/logo\/image\/\"},\"sameAs\":[\"https:\/\/www.facebook.com\/press07\/\"]},{\"@type\":\"Person\",\"@id\":\"https:\/\/permbledhja.com\/#\/schema\/person\/9c54260cbc4c6f792cb100550491638c\",\"name\":\"DL\",\"image\":{\"@type\":\"ImageObject\",\"inLanguage\":\"sq\",\"@id\":\"https:\/\/permbledhja.com\/#\/schema\/person\/image\/\",\"url\":\"https:\/\/secure.gravatar.com\/avatar\/94503eb28d4c4b2005a5c8753e35fc80?s=96&d=mm&r=g\",\"contentUrl\":\"https:\/\/secure.gravatar.com\/avatar\/94503eb28d4c4b2005a5c8753e35fc80?s=96&d=mm&r=g\",\"caption\":\"DL\"},\"url\":\"https:\/\/permbledhja.com\/sq\/author\/dl\/\"}]}<\/script>\n<!-- \/ Yoast SEO plugin. -->","yoast_head_json":{"title":"Ambasadori francez: T\u00eb suspendohet vendimi i BQK, p\u00ebr dinarin t\u00eb dialogohet me Serbin\u00eb sikurse p\u00ebr rrym\u00ebn","robots":{"index":"index","follow":"follow","max-snippet":"max-snippet:-1","max-image-preview":"max-image-preview:large","max-video-preview":"max-video-preview:-1"},"canonical":"https:\/\/permbledhja.com\/sq\/ambasadori-francez-te-suspendohet-vendimi-i-bqk-per-dinarin-te-dialogohet-me-serbine-sikurse-per-rrymen\/","og_locale":"sq_AL","og_type":"article","og_title":"Ambasadori francez: T\u00eb suspendohet vendimi i BQK, p\u00ebr dinarin t\u00eb dialogohet me Serbin\u00eb sikurse p\u00ebr rrym\u00ebn","og_description":"Ambasadori i Franc\u00ebs n\u00eb Kosov\u00eb, Olivier Guerot, n\u00eb nj\u00eb intervist\u00eb p\u00ebr RTV Dukagjini ka th\u00ebn\u00eb se t\u00eb pretendosh se vendimi i BQK-s\u00eb s\u2019ka t\u00eb b\u00ebj\u00eb asgj\u00eb me Serbin\u00eb do t\u00eb ishte di\u00e7ka e \u00e7uditshme. Ai ka th\u00ebn\u00eb se duhet t\u00eb ket\u00eb dialog n\u00eb m\u00ebnyr\u00eb q\u00eb t\u00eb organizohen trasnferet e duhura dhe sipas ambasadorit Guerot p\u00ebr [&hellip;]","og_url":"https:\/\/permbledhja.com\/sq\/ambasadori-francez-te-suspendohet-vendimi-i-bqk-per-dinarin-te-dialogohet-me-serbine-sikurse-per-rrymen\/","og_site_name":"Ve\u00e7 artikuj p\u00ebrmbledh\u00ebs","article_publisher":"https:\/\/www.facebook.com\/press07\/","article_published_time":"2024-02-06T19:12:36+00:00","og_image":[{"width":600,"height":360,"url":"https:\/\/permbledhja.com\/wp-content\/uploads\/2024\/02\/ambs.png","type":"image\/png"}],"author":"DL","twitter_card":"summary_large_image","twitter_misc":{"Written by":"DL","Est. reading time":"1 minut\u00eb"},"schema":{"@context":"https:\/\/schema.org","@graph":[{"@type":"Article","@id":"https:\/\/permbledhja.com\/ambasadori-francez-te-suspendohet-vendimi-i-bqk-per-dinarin-te-dialogohet-me-serbine-sikurse-per-rrymen\/#article","isPartOf":{"@id":"https:\/\/permbledhja.com\/ambasadori-francez-te-suspendohet-vendimi-i-bqk-per-dinarin-te-dialogohet-me-serbine-sikurse-per-rrymen\/"},"author":{"name":"DL","@id":"https:\/\/permbledhja.com\/#\/schema\/person\/9c54260cbc4c6f792cb100550491638c"},"headline":"Ambasadori francez: T\u00eb suspendohet vendimi i BQK, p\u00ebr dinarin t\u00eb dialogohet me Serbin\u00eb sikurse p\u00ebr rrym\u00ebn","datePublished":"2024-02-06T19:12:36+00:00","dateModified":"2024-02-06T19:12:36+00:00","mainEntityOfPage":{"@id":"https:\/\/permbledhja.com\/ambasadori-francez-te-suspendohet-vendimi-i-bqk-per-dinarin-te-dialogohet-me-serbine-sikurse-per-rrymen\/"},"wordCount":207,"publisher":{"@id":"https:\/\/permbledhja.com\/#organization"},"articleSection":["T\u00eb r\u00ebnd\u00ebsishme"],"inLanguage":"sq"},{"@type":"WebPage","@id":"https:\/\/permbledhja.com\/ambasadori-francez-te-suspendohet-vendimi-i-bqk-per-dinarin-te-dialogohet-me-serbine-sikurse-per-rrymen\/","url":"https:\/\/permbledhja.com\/ambasadori-francez-te-suspendohet-vendimi-i-bqk-per-dinarin-te-dialogohet-me-serbine-sikurse-per-rrymen\/","name":"Ambasadori francez: T\u00eb suspendohet vendimi i BQK, p\u00ebr dinarin t\u00eb dialogohet me Serbin\u00eb sikurse p\u00ebr rrym\u00ebn","isPartOf":{"@id":"https:\/\/permbledhja.com\/#website"},"datePublished":"2024-02-06T19:12:36+00:00","dateModified":"2024-02-06T19:12:36+00:00","breadcrumb":{"@id":"https:\/\/permbledhja.com\/ambasadori-francez-te-suspendohet-vendimi-i-bqk-per-dinarin-te-dialogohet-me-serbine-sikurse-per-rrymen\/#breadcrumb"},"inLanguage":"sq","potentialAction":[{"@type":"ReadAction","target":["https:\/\/permbledhja.com\/ambasadori-francez-te-suspendohet-vendimi-i-bqk-per-dinarin-te-dialogohet-me-serbine-sikurse-per-rrymen\/"]}]},{"@type":"BreadcrumbList","@id":"https:\/\/permbledhja.com\/ambasadori-francez-te-suspendohet-vendimi-i-bqk-per-dinarin-te-dialogohet-me-serbine-sikurse-per-rrymen\/#breadcrumb","itemListElement":[{"@type":"ListItem","position":1,"name":"Ballina","item":"https:\/\/permbledhja.com\/sq\/"},{"@type":"ListItem","position":2,"name":"Ambasadori francez: T\u00eb suspendohet vendimi i BQK, p\u00ebr dinarin t\u00eb dialogohet me Serbin\u00eb sikurse p\u00ebr rrym\u00ebn"}]},{"@type":"WebSite","@id":"https:\/\/permbledhja.com\/#website","url":"https:\/\/permbledhja.com\/","name":"Ve\u00e7 artikuj p\u00ebrmbledh\u00ebs","description":"","publisher":{"@id":"https:\/\/permbledhja.com\/#organization"},"potentialAction":[{"@type":"SearchAction","target":{"@type":"EntryPoint","urlTemplate":"https:\/\/permbledhja.com\/?s={search_term_string}"},"query-input":"required name=search_term_string"}],"inLanguage":"sq"},{"@type":"Organization","@id":"https:\/\/permbledhja.com\/#organization","name":"MK Media & Pr","url":"https:\/\/permbledhja.com\/","logo":{"@type":"ImageObject","inLanguage":"sq","@id":"https:\/\/permbledhja.com\/#\/schema\/logo\/image\/","url":"https:\/\/permbledhja.com\/wp-content\/uploads\/2021\/12\/07-Press-Logo.jpg","contentUrl":"https:\/\/permbledhja.com\/wp-content\/uploads\/2021\/12\/07-Press-Logo.jpg","width":512,"height":512,"caption":"MK Media & Pr"},"image":{"@id":"https:\/\/permbledhja.com\/#\/schema\/logo\/image\/"},"sameAs":["https:\/\/www.facebook.com\/press07\/"]},{"@type":"Person","@id":"https:\/\/permbledhja.com\/#\/schema\/person\/9c54260cbc4c6f792cb100550491638c","name":"DL","image":{"@type":"ImageObject","inLanguage":"sq","@id":"https:\/\/permbledhja.com\/#\/schema\/person\/image\/","url":"https:\/\/secure.gravatar.com\/avatar\/94503eb28d4c4b2005a5c8753e35fc80?s=96&d=mm&r=g","contentUrl":"https:\/\/secure.gravatar.com\/avatar\/94503eb28d4c4b2005a5c8753e35fc80?s=96&d=mm&r=g","caption":"DL"},"url":"https:\/\/permbledhja.com\/sq\/author\/dl\/"}]}},"_links":{"self":[{"href":"https:\/\/permbledhja.com\/sq\/wp-json\/wp\/v2\/posts\/46327"}],"collection":[{"href":"https:\/\/permbledhja.com\/sq\/wp-json\/wp\/v2\/posts"}],"about":[{"href":"https:\/\/permbledhja.com\/sq\/wp-json\/wp\/v2\/types\/post"}],"author":[{"embeddable":true,"href":"https:\/\/permbledhja.com\/sq\/wp-json\/wp\/v2\/users\/5"}],"replies":[{"embeddable":true,"href":"https:\/\/permbledhja.com\/sq\/wp-json\/wp\/v2\/comments?post=46327"}],"version-history":[{"count":1,"href":"https:\/\/permbledhja.com\/sq\/wp-json\/wp\/v2\/posts\/46327\/revisions"}],"predecessor-version":[{"id":46329,"href":"https:\/\/permbledhja.com\/sq\/wp-json\/wp\/v2\/posts\/46327\/revisions\/46329"}],"wp:featuredmedia":[{"embeddable":true,"href":"https:\/\/permbledhja.com\/sq\/wp-json\/wp\/v2\/media\/46328"}],"wp:attachment":[{"href":"https:\/\/permbledhja.com\/sq\/wp-json\/wp\/v2\/media?parent=46327"}],"wp:term":[{"taxonomy":"category","embeddable":true,"href":"https:\/\/permbledhja.com\/sq\/wp-json\/wp\/v2\/categories?post=46327"},{"taxonomy":"post_tag","embeddable":true,"href":"https:\/\/permbledhja.com\/sq\/wp-json\/wp\/v2\/tags?post=46327"}],"curies":[{"name":"wp","href":"https:\/\/api.w.org\/{rel}","templated":true}]}}