{"id":46283,"date":"2024-02-06T15:44:02","date_gmt":"2024-02-06T15:44:02","guid":{"rendered":"https:\/\/permbledhja.com\/?p=46283"},"modified":"2024-02-06T15:50:48","modified_gmt":"2024-02-06T15:50:48","slug":"denohet-me-1-vit-burgim-33-vjecari-qe-ia-theu-hunden-zyrtarit-policor-ne-prizren","status":"publish","type":"post","link":"https:\/\/permbledhja.com\/sq\/denohet-me-1-vit-burgim-33-vjecari-qe-ia-theu-hunden-zyrtarit-policor-ne-prizren\/","title":{"rendered":"D\u00ebnohet me 1 vit burgim 33-vje\u00e7ari q\u00eb ia theu hund\u00ebn zyrtarit policor n\u00eb Prizren"},"content":{"rendered":"<h3>Gjykata Themelore n\u00eb Prizren ka shpallur aktgjykim d\u00ebnues ndaj Dibran Kastratit, i cili akuzohej p\u00ebr sulm ndaj personit zyrtar.<\/h3>\n<p>N\u00eb seanc\u00ebn e mbajtur m\u00eb 5 shkurt, trupi gjykues ka shpallur fajtor Kastratin dhe t\u00eb nj\u00ebjtit i ka shqiptuar d\u00ebnimin me burgim efektiv n\u00eb koh\u00ebzgjatje prej 1 viti, duke llogaritur edhe koh\u00ebn e kaluar n\u00eb paraburgim nga 23 dhjetori i vitit t\u00eb kaluar, deri sivjet m\u00eb 5 shkurt, kur me aktvendim t\u00eb ve\u00e7ant\u00eb i \u00ebsht\u00eb nd\u00ebrprer\u00eb masa e paraburgimit.<\/p>\n<p>\u201cGjykata, n\u00eb kuptim t\u00eb Kodit Penal dhe Kodit t\u00eb Procedur\u00ebs Penale, t\u00eb akuzuarin D.K., e GJYKON:<\/p>\n<p>\u2013\u00a0DENIM ME BRGIM, n\u00eb koh\u00ebzgjatje prej nj\u00eb (1) viti, duke llogaritur dhe koh\u00ebn e kaluar n\u00eb paraburgim nga data 23.12.2023 deri me dat\u00eb 05.02.2024 (kur edhe me aktvendim t\u00eb ve\u00e7ant\u00eb i \u00ebsht\u00eb nd\u00ebrprer\u00eb masa e paraburgimit, sepse n\u00eb rastin konkret hetimet n\u00eb k\u00ebt\u00eb \u00e7\u00ebshtje penale kan\u00eb p\u00ebrfunduar, i pandehuri ka pranuar faj\u00ebsin\u00eb, \u00ebsht\u00eb shpallur vendimi, andaj Gjykata ka ardhur n\u00eb p\u00ebrfundim kan\u00eb pushuar kushtet ligjore p\u00ebr mbajtjen e m\u00ebtutjeshme e mas\u00ebs s\u00eb paraburgimit)\u201d, thuhet n\u00eb p\u00ebrgjigjen e Gjykat\u00ebs p\u00ebr Sinjalin.<\/p>\n<p>Si\u00e7 njofton Gjykata, Kastrati ka pranuar faj\u00ebsin\u00eb p\u00ebr vepr\u00ebn penale q\u00eb r\u00ebndon mbi t\u00eb sipas aktakuz\u00ebs.<\/p>\n<div class=\"adds__image mt-3 mb-3\"><\/div>\n","protected":false},"excerpt":{"rendered":"<p>Gjykata Themelore n\u00eb Prizren ka shpallur aktgjykim d\u00ebnues ndaj Dibran Kastratit, i cili akuzohej p\u00ebr sulm ndaj personit zyrtar. N\u00eb seanc\u00ebn e mbajtur m\u00eb 5 shkurt, trupi gjykues ka shpallur fajtor Kastratin dhe t\u00eb nj\u00ebjtit i ka shqiptuar d\u00ebnimin me burgim efektiv n\u00eb koh\u00ebzgjatje prej 1 viti, duke llogaritur edhe koh\u00ebn e kaluar n\u00eb paraburgim [&hellip;]<\/p>\n","protected":false},"author":5,"featured_media":46289,"comment_status":"closed","ping_status":"closed","sticky":false,"template":"","format":"standard","meta":{"_monsterinsights_skip_tracking":false,"_monsterinsights_sitenote_active":false,"_monsterinsights_sitenote_note":"","_monsterinsights_sitenote_category":0,"_uf_show_specific_survey":0,"_uf_disable_surveys":false,"footnotes":""},"categories":[15],"tags":[],"yoast_head":"<!-- This site is optimized with the Yoast SEO plugin v21.5 - https:\/\/yoast.com\/wordpress\/plugins\/seo\/ -->\n<title>D\u00ebnohet me 1 vit burgim 33-vje\u00e7ari q\u00eb ia theu hund\u00ebn zyrtarit policor n\u00eb Prizren<\/title>\n<meta name=\"robots\" content=\"index, follow, max-snippet:-1, max-image-preview:large, max-video-preview:-1\" \/>\n<link rel=\"canonical\" href=\"https:\/\/permbledhja.com\/sq\/denohet-me-1-vit-burgim-33-vjecari-qe-ia-theu-hunden-zyrtarit-policor-ne-prizren\/\" \/>\n<meta property=\"og:locale\" content=\"sq_AL\" \/>\n<meta property=\"og:type\" content=\"article\" \/>\n<meta property=\"og:title\" content=\"D\u00ebnohet me 1 vit burgim 33-vje\u00e7ari q\u00eb ia theu hund\u00ebn zyrtarit policor n\u00eb Prizren\" \/>\n<meta property=\"og:description\" content=\"Gjykata Themelore n\u00eb Prizren ka shpallur aktgjykim d\u00ebnues ndaj Dibran Kastratit, i cili akuzohej p\u00ebr sulm ndaj personit zyrtar. N\u00eb seanc\u00ebn e mbajtur m\u00eb 5 shkurt, trupi gjykues ka shpallur fajtor Kastratin dhe t\u00eb nj\u00ebjtit i ka shqiptuar d\u00ebnimin me burgim efektiv n\u00eb koh\u00ebzgjatje prej 1 viti, duke llogaritur edhe koh\u00ebn e kaluar n\u00eb paraburgim [&hellip;]\" \/>\n<meta property=\"og:url\" content=\"https:\/\/permbledhja.com\/sq\/denohet-me-1-vit-burgim-33-vjecari-qe-ia-theu-hunden-zyrtarit-policor-ne-prizren\/\" \/>\n<meta property=\"og:site_name\" content=\"Ve\u00e7 artikuj p\u00ebrmbledh\u00ebs\" \/>\n<meta property=\"article:publisher\" content=\"https:\/\/www.facebook.com\/press07\/\" \/>\n<meta property=\"article:published_time\" content=\"2024-02-06T15:44:02+00:00\" \/>\n<meta property=\"article:modified_time\" content=\"2024-02-06T15:50:48+00:00\" \/>\n<meta property=\"og:image\" content=\"https:\/\/permbledhja.com\/wp-content\/uploads\/2024\/02\/gja.jpg\" \/>\n\t<meta property=\"og:image:width\" content=\"864\" \/>\n\t<meta property=\"og:image:height\" content=\"648\" \/>\n\t<meta property=\"og:image:type\" content=\"image\/jpeg\" \/>\n<meta name=\"author\" content=\"DL\" \/>\n<meta name=\"twitter:card\" content=\"summary_large_image\" \/>\n<meta name=\"twitter:label1\" content=\"Written by\" \/>\n\t<meta name=\"twitter:data1\" content=\"DL\" \/>\n\t<meta name=\"twitter:label2\" content=\"Est. reading time\" \/>\n\t<meta name=\"twitter:data2\" content=\"2 minuta\" \/>\n<script type=\"application\/ld+json\" class=\"yoast-schema-graph\">{\"@context\":\"https:\/\/schema.org\",\"@graph\":[{\"@type\":\"Article\",\"@id\":\"https:\/\/permbledhja.com\/sq\/denohet-me-1-vit-burgim-33-vjecari-qe-ia-theu-hunden-zyrtarit-policor-ne-prizren\/#article\",\"isPartOf\":{\"@id\":\"https:\/\/permbledhja.com\/sq\/denohet-me-1-vit-burgim-33-vjecari-qe-ia-theu-hunden-zyrtarit-policor-ne-prizren\/\"},\"author\":{\"name\":\"DL\",\"@id\":\"https:\/\/permbledhja.com\/#\/schema\/person\/9c54260cbc4c6f792cb100550491638c\"},\"headline\":\"D\u00ebnohet me 1 vit burgim 33-vje\u00e7ari q\u00eb ia theu hund\u00ebn zyrtarit policor n\u00eb Prizren\",\"datePublished\":\"2024-02-06T15:44:02+00:00\",\"dateModified\":\"2024-02-06T15:50:48+00:00\",\"mainEntityOfPage\":{\"@id\":\"https:\/\/permbledhja.com\/sq\/denohet-me-1-vit-burgim-33-vjecari-qe-ia-theu-hunden-zyrtarit-policor-ne-prizren\/\"},\"wordCount\":229,\"publisher\":{\"@id\":\"https:\/\/permbledhja.com\/#organization\"},\"articleSection\":[\"Lajme\"],\"inLanguage\":\"sq\"},{\"@type\":\"WebPage\",\"@id\":\"https:\/\/permbledhja.com\/sq\/denohet-me-1-vit-burgim-33-vjecari-qe-ia-theu-hunden-zyrtarit-policor-ne-prizren\/\",\"url\":\"https:\/\/permbledhja.com\/sq\/denohet-me-1-vit-burgim-33-vjecari-qe-ia-theu-hunden-zyrtarit-policor-ne-prizren\/\",\"name\":\"D\u00ebnohet me 1 vit burgim 33-vje\u00e7ari q\u00eb ia theu hund\u00ebn zyrtarit policor n\u00eb Prizren\",\"isPartOf\":{\"@id\":\"https:\/\/permbledhja.com\/#website\"},\"datePublished\":\"2024-02-06T15:44:02+00:00\",\"dateModified\":\"2024-02-06T15:50:48+00:00\",\"breadcrumb\":{\"@id\":\"https:\/\/permbledhja.com\/sq\/denohet-me-1-vit-burgim-33-vjecari-qe-ia-theu-hunden-zyrtarit-policor-ne-prizren\/#breadcrumb\"},\"inLanguage\":\"sq\",\"potentialAction\":[{\"@type\":\"ReadAction\",\"target\":[\"https:\/\/permbledhja.com\/sq\/denohet-me-1-vit-burgim-33-vjecari-qe-ia-theu-hunden-zyrtarit-policor-ne-prizren\/\"]}]},{\"@type\":\"BreadcrumbList\",\"@id\":\"https:\/\/permbledhja.com\/sq\/denohet-me-1-vit-burgim-33-vjecari-qe-ia-theu-hunden-zyrtarit-policor-ne-prizren\/#breadcrumb\",\"itemListElement\":[{\"@type\":\"ListItem\",\"position\":1,\"name\":\"Ballina\",\"item\":\"https:\/\/permbledhja.com\/sq\/\"},{\"@type\":\"ListItem\",\"position\":2,\"name\":\"D\u00ebnohet me 1 vit burgim 33-vje\u00e7ari q\u00eb ia theu hund\u00ebn zyrtarit policor n\u00eb Prizren\"}]},{\"@type\":\"WebSite\",\"@id\":\"https:\/\/permbledhja.com\/#website\",\"url\":\"https:\/\/permbledhja.com\/\",\"name\":\"Ve\u00e7 artikuj p\u00ebrmbledh\u00ebs\",\"description\":\"\",\"publisher\":{\"@id\":\"https:\/\/permbledhja.com\/#organization\"},\"potentialAction\":[{\"@type\":\"SearchAction\",\"target\":{\"@type\":\"EntryPoint\",\"urlTemplate\":\"https:\/\/permbledhja.com\/?s={search_term_string}\"},\"query-input\":\"required name=search_term_string\"}],\"inLanguage\":\"sq\"},{\"@type\":\"Organization\",\"@id\":\"https:\/\/permbledhja.com\/#organization\",\"name\":\"MK Media & Pr\",\"url\":\"https:\/\/permbledhja.com\/\",\"logo\":{\"@type\":\"ImageObject\",\"inLanguage\":\"sq\",\"@id\":\"https:\/\/permbledhja.com\/#\/schema\/logo\/image\/\",\"url\":\"https:\/\/permbledhja.com\/wp-content\/uploads\/2021\/12\/07-Press-Logo.jpg\",\"contentUrl\":\"https:\/\/permbledhja.com\/wp-content\/uploads\/2021\/12\/07-Press-Logo.jpg\",\"width\":512,\"height\":512,\"caption\":\"MK Media & Pr\"},\"image\":{\"@id\":\"https:\/\/permbledhja.com\/#\/schema\/logo\/image\/\"},\"sameAs\":[\"https:\/\/www.facebook.com\/press07\/\"]},{\"@type\":\"Person\",\"@id\":\"https:\/\/permbledhja.com\/#\/schema\/person\/9c54260cbc4c6f792cb100550491638c\",\"name\":\"DL\",\"image\":{\"@type\":\"ImageObject\",\"inLanguage\":\"sq\",\"@id\":\"https:\/\/permbledhja.com\/#\/schema\/person\/image\/\",\"url\":\"https:\/\/secure.gravatar.com\/avatar\/94503eb28d4c4b2005a5c8753e35fc80?s=96&d=mm&r=g\",\"contentUrl\":\"https:\/\/secure.gravatar.com\/avatar\/94503eb28d4c4b2005a5c8753e35fc80?s=96&d=mm&r=g\",\"caption\":\"DL\"},\"url\":\"https:\/\/permbledhja.com\/sq\/author\/dl\/\"}]}<\/script>\n<!-- \/ Yoast SEO plugin. -->","yoast_head_json":{"title":"D\u00ebnohet me 1 vit burgim 33-vje\u00e7ari q\u00eb ia theu hund\u00ebn zyrtarit policor n\u00eb Prizren","robots":{"index":"index","follow":"follow","max-snippet":"max-snippet:-1","max-image-preview":"max-image-preview:large","max-video-preview":"max-video-preview:-1"},"canonical":"https:\/\/permbledhja.com\/sq\/denohet-me-1-vit-burgim-33-vjecari-qe-ia-theu-hunden-zyrtarit-policor-ne-prizren\/","og_locale":"sq_AL","og_type":"article","og_title":"D\u00ebnohet me 1 vit burgim 33-vje\u00e7ari q\u00eb ia theu hund\u00ebn zyrtarit policor n\u00eb Prizren","og_description":"Gjykata Themelore n\u00eb Prizren ka shpallur aktgjykim d\u00ebnues ndaj Dibran Kastratit, i cili akuzohej p\u00ebr sulm ndaj personit zyrtar. N\u00eb seanc\u00ebn e mbajtur m\u00eb 5 shkurt, trupi gjykues ka shpallur fajtor Kastratin dhe t\u00eb nj\u00ebjtit i ka shqiptuar d\u00ebnimin me burgim efektiv n\u00eb koh\u00ebzgjatje prej 1 viti, duke llogaritur edhe koh\u00ebn e kaluar n\u00eb paraburgim [&hellip;]","og_url":"https:\/\/permbledhja.com\/sq\/denohet-me-1-vit-burgim-33-vjecari-qe-ia-theu-hunden-zyrtarit-policor-ne-prizren\/","og_site_name":"Ve\u00e7 artikuj p\u00ebrmbledh\u00ebs","article_publisher":"https:\/\/www.facebook.com\/press07\/","article_published_time":"2024-02-06T15:44:02+00:00","article_modified_time":"2024-02-06T15:50:48+00:00","og_image":[{"width":864,"height":648,"url":"https:\/\/permbledhja.com\/wp-content\/uploads\/2024\/02\/gja.jpg","type":"image\/jpeg"}],"author":"DL","twitter_card":"summary_large_image","twitter_misc":{"Written by":"DL","Est. reading time":"2 minuta"},"schema":{"@context":"https:\/\/schema.org","@graph":[{"@type":"Article","@id":"https:\/\/permbledhja.com\/sq\/denohet-me-1-vit-burgim-33-vjecari-qe-ia-theu-hunden-zyrtarit-policor-ne-prizren\/#article","isPartOf":{"@id":"https:\/\/permbledhja.com\/sq\/denohet-me-1-vit-burgim-33-vjecari-qe-ia-theu-hunden-zyrtarit-policor-ne-prizren\/"},"author":{"name":"DL","@id":"https:\/\/permbledhja.com\/#\/schema\/person\/9c54260cbc4c6f792cb100550491638c"},"headline":"D\u00ebnohet me 1 vit burgim 33-vje\u00e7ari q\u00eb ia theu hund\u00ebn zyrtarit policor n\u00eb Prizren","datePublished":"2024-02-06T15:44:02+00:00","dateModified":"2024-02-06T15:50:48+00:00","mainEntityOfPage":{"@id":"https:\/\/permbledhja.com\/sq\/denohet-me-1-vit-burgim-33-vjecari-qe-ia-theu-hunden-zyrtarit-policor-ne-prizren\/"},"wordCount":229,"publisher":{"@id":"https:\/\/permbledhja.com\/#organization"},"articleSection":["Lajme"],"inLanguage":"sq"},{"@type":"WebPage","@id":"https:\/\/permbledhja.com\/sq\/denohet-me-1-vit-burgim-33-vjecari-qe-ia-theu-hunden-zyrtarit-policor-ne-prizren\/","url":"https:\/\/permbledhja.com\/sq\/denohet-me-1-vit-burgim-33-vjecari-qe-ia-theu-hunden-zyrtarit-policor-ne-prizren\/","name":"D\u00ebnohet me 1 vit burgim 33-vje\u00e7ari q\u00eb ia theu hund\u00ebn zyrtarit policor n\u00eb Prizren","isPartOf":{"@id":"https:\/\/permbledhja.com\/#website"},"datePublished":"2024-02-06T15:44:02+00:00","dateModified":"2024-02-06T15:50:48+00:00","breadcrumb":{"@id":"https:\/\/permbledhja.com\/sq\/denohet-me-1-vit-burgim-33-vjecari-qe-ia-theu-hunden-zyrtarit-policor-ne-prizren\/#breadcrumb"},"inLanguage":"sq","potentialAction":[{"@type":"ReadAction","target":["https:\/\/permbledhja.com\/sq\/denohet-me-1-vit-burgim-33-vjecari-qe-ia-theu-hunden-zyrtarit-policor-ne-prizren\/"]}]},{"@type":"BreadcrumbList","@id":"https:\/\/permbledhja.com\/sq\/denohet-me-1-vit-burgim-33-vjecari-qe-ia-theu-hunden-zyrtarit-policor-ne-prizren\/#breadcrumb","itemListElement":[{"@type":"ListItem","position":1,"name":"Ballina","item":"https:\/\/permbledhja.com\/sq\/"},{"@type":"ListItem","position":2,"name":"D\u00ebnohet me 1 vit burgim 33-vje\u00e7ari q\u00eb ia theu hund\u00ebn zyrtarit policor n\u00eb Prizren"}]},{"@type":"WebSite","@id":"https:\/\/permbledhja.com\/#website","url":"https:\/\/permbledhja.com\/","name":"Ve\u00e7 artikuj p\u00ebrmbledh\u00ebs","description":"","publisher":{"@id":"https:\/\/permbledhja.com\/#organization"},"potentialAction":[{"@type":"SearchAction","target":{"@type":"EntryPoint","urlTemplate":"https:\/\/permbledhja.com\/?s={search_term_string}"},"query-input":"required name=search_term_string"}],"inLanguage":"sq"},{"@type":"Organization","@id":"https:\/\/permbledhja.com\/#organization","name":"MK Media & Pr","url":"https:\/\/permbledhja.com\/","logo":{"@type":"ImageObject","inLanguage":"sq","@id":"https:\/\/permbledhja.com\/#\/schema\/logo\/image\/","url":"https:\/\/permbledhja.com\/wp-content\/uploads\/2021\/12\/07-Press-Logo.jpg","contentUrl":"https:\/\/permbledhja.com\/wp-content\/uploads\/2021\/12\/07-Press-Logo.jpg","width":512,"height":512,"caption":"MK Media & Pr"},"image":{"@id":"https:\/\/permbledhja.com\/#\/schema\/logo\/image\/"},"sameAs":["https:\/\/www.facebook.com\/press07\/"]},{"@type":"Person","@id":"https:\/\/permbledhja.com\/#\/schema\/person\/9c54260cbc4c6f792cb100550491638c","name":"DL","image":{"@type":"ImageObject","inLanguage":"sq","@id":"https:\/\/permbledhja.com\/#\/schema\/person\/image\/","url":"https:\/\/secure.gravatar.com\/avatar\/94503eb28d4c4b2005a5c8753e35fc80?s=96&d=mm&r=g","contentUrl":"https:\/\/secure.gravatar.com\/avatar\/94503eb28d4c4b2005a5c8753e35fc80?s=96&d=mm&r=g","caption":"DL"},"url":"https:\/\/permbledhja.com\/sq\/author\/dl\/"}]}},"_links":{"self":[{"href":"https:\/\/permbledhja.com\/sq\/wp-json\/wp\/v2\/posts\/46283"}],"collection":[{"href":"https:\/\/permbledhja.com\/sq\/wp-json\/wp\/v2\/posts"}],"about":[{"href":"https:\/\/permbledhja.com\/sq\/wp-json\/wp\/v2\/types\/post"}],"author":[{"embeddable":true,"href":"https:\/\/permbledhja.com\/sq\/wp-json\/wp\/v2\/users\/5"}],"replies":[{"embeddable":true,"href":"https:\/\/permbledhja.com\/sq\/wp-json\/wp\/v2\/comments?post=46283"}],"version-history":[{"count":1,"href":"https:\/\/permbledhja.com\/sq\/wp-json\/wp\/v2\/posts\/46283\/revisions"}],"predecessor-version":[{"id":46285,"href":"https:\/\/permbledhja.com\/sq\/wp-json\/wp\/v2\/posts\/46283\/revisions\/46285"}],"wp:featuredmedia":[{"embeddable":true,"href":"https:\/\/permbledhja.com\/sq\/wp-json\/wp\/v2\/media\/46289"}],"wp:attachment":[{"href":"https:\/\/permbledhja.com\/sq\/wp-json\/wp\/v2\/media?parent=46283"}],"wp:term":[{"taxonomy":"category","embeddable":true,"href":"https:\/\/permbledhja.com\/sq\/wp-json\/wp\/v2\/categories?post=46283"},{"taxonomy":"post_tag","embeddable":true,"href":"https:\/\/permbledhja.com\/sq\/wp-json\/wp\/v2\/tags?post=46283"}],"curies":[{"name":"wp","href":"https:\/\/api.w.org\/{rel}","templated":true}]}}