{"id":46268,"date":"2024-02-06T14:18:00","date_gmt":"2024-02-06T14:18:00","guid":{"rendered":"https:\/\/permbledhja.com\/?p=46268"},"modified":"2024-02-06T14:18:00","modified_gmt":"2024-02-06T14:18:00","slug":"rreth-10-pjesetare-dhane-doreheqje-gjate-janarit-nga-policia","status":"publish","type":"post","link":"https:\/\/permbledhja.com\/sq\/rreth-10-pjesetare-dhane-doreheqje-gjate-janarit-nga-policia\/","title":{"rendered":"Rreth 10 pjes\u00ebtar\u00eb dhan\u00eb dor\u00ebheqje gjat\u00eb janarit nga policia"},"content":{"rendered":"<h3>Af\u00ebr 10 pjes\u00ebtar\u00eb e kan\u00eb l\u00ebn\u00eb pun\u00ebn n\u00eb Policin\u00eb e Kosov\u00ebs gjat\u00eb janarit.<\/h3>\n<p>K\u00ebt\u00eb e ka konfirmuar Kryetari i Sindikat\u00ebs s\u00eb Policis\u00eb s\u00eb Kosov\u00ebs, Imer Zeqiri, n\u00eb Komisionin Parlamentar p\u00ebr t\u00eb Drejtat e Njeriut.<\/p>\n<p>Ai ka th\u00ebn\u00eb se ata jan\u00eb dor\u00ebhequr p\u00ebr shkak t\u00eb mosplot\u00ebsimit t\u00eb k\u00ebrkesave t\u00eb tyre p\u00ebr kushte m\u00eb t\u00eb mira.<\/p>\n<p>Zeqiri ka lexuar para deputet\u00ebve arsyetimin e nj\u00ebrit nga polic\u00ebt e dor\u00ebhequr, q\u00eb thot\u00eb: \u201cUn\u00eb zyrtari policor [emri-mbiemri] p\u00ebrmes k\u00ebtij raporti paraqes k\u00ebrkes\u00eb p\u00ebr dor\u00ebheqje nga ekipi reagues i policis\u00eb p\u00ebr arsye t\u00eb mosplot\u00ebsimit t\u00eb k\u00ebrkes\u00ebs p\u00ebr shtesat e rrezikshm\u00ebris\u00eb, sigurimit sh\u00ebndet\u00ebsor, transportit, mospajisjes m\u00eb uniform\u00eb dhe procesit t\u00eb avancimit\u201d.<\/p>\n<p>Sipas kryetarit t\u00eb sindikat\u00ebs, n\u00ebse nuk p\u00ebrmir\u00ebsohen kushtet dhe nuk plot\u00ebsohen k\u00ebrkesat, at\u00ebher\u00eb mund t\u00eb ket\u00eb dor\u00ebheqje t\u00eb tjera dhe p\u00ebr k\u00ebt\u00eb ai shton se nuk \u00ebsht\u00eb arsye vet\u00ebm migrimi.<\/p>\n<p>\u201cPrej atyre q\u00eb japin dor\u00ebheqje ka q\u00eb gjejn\u00eb pun\u00eb edhe brenda vendit, aty ku iu sigurohet sigurimi sh\u00ebndet\u00ebsor, paga m\u00eb e lart\u00eb\u2026 Nuk jan\u00eb t\u00eb gjith\u00eb q\u00eb largohen jasht\u00eb vendit\u201d.<\/p>\n","protected":false},"excerpt":{"rendered":"<p>Af\u00ebr 10 pjes\u00ebtar\u00eb e kan\u00eb l\u00ebn\u00eb pun\u00ebn n\u00eb Policin\u00eb e Kosov\u00ebs gjat\u00eb janarit. K\u00ebt\u00eb e ka konfirmuar Kryetari i Sindikat\u00ebs s\u00eb Policis\u00eb s\u00eb Kosov\u00ebs, Imer Zeqiri, n\u00eb Komisionin Parlamentar p\u00ebr t\u00eb Drejtat e Njeriut. Ai ka th\u00ebn\u00eb se ata jan\u00eb dor\u00ebhequr p\u00ebr shkak t\u00eb mosplot\u00ebsimit t\u00eb k\u00ebrkesave t\u00eb tyre p\u00ebr kushte m\u00eb t\u00eb mira. Zeqiri [&hellip;]<\/p>\n","protected":false},"author":2,"featured_media":41009,"comment_status":"closed","ping_status":"closed","sticky":false,"template":"","format":"standard","meta":{"_monsterinsights_skip_tracking":false,"_monsterinsights_sitenote_active":false,"_monsterinsights_sitenote_note":"","_monsterinsights_sitenote_category":0,"_uf_show_specific_survey":0,"_uf_disable_surveys":false,"footnotes":""},"categories":[2645],"tags":[102],"yoast_head":"<!-- This site is optimized with the Yoast SEO plugin v21.5 - https:\/\/yoast.com\/wordpress\/plugins\/seo\/ -->\n<title>Rreth 10 pjes\u00ebtar\u00eb dhan\u00eb dor\u00ebheqje gjat\u00eb janarit nga policia<\/title>\n<meta name=\"robots\" content=\"index, follow, max-snippet:-1, max-image-preview:large, max-video-preview:-1\" \/>\n<link rel=\"canonical\" href=\"https:\/\/permbledhja.com\/sq\/rreth-10-pjesetare-dhane-doreheqje-gjate-janarit-nga-policia\/\" \/>\n<meta property=\"og:locale\" content=\"sq_AL\" \/>\n<meta property=\"og:type\" content=\"article\" \/>\n<meta property=\"og:title\" content=\"Rreth 10 pjes\u00ebtar\u00eb dhan\u00eb dor\u00ebheqje gjat\u00eb janarit nga policia\" \/>\n<meta property=\"og:description\" content=\"Af\u00ebr 10 pjes\u00ebtar\u00eb e kan\u00eb l\u00ebn\u00eb pun\u00ebn n\u00eb Policin\u00eb e Kosov\u00ebs gjat\u00eb janarit. K\u00ebt\u00eb e ka konfirmuar Kryetari i Sindikat\u00ebs s\u00eb Policis\u00eb s\u00eb Kosov\u00ebs, Imer Zeqiri, n\u00eb Komisionin Parlamentar p\u00ebr t\u00eb Drejtat e Njeriut. Ai ka th\u00ebn\u00eb se ata jan\u00eb dor\u00ebhequr p\u00ebr shkak t\u00eb mosplot\u00ebsimit t\u00eb k\u00ebrkesave t\u00eb tyre p\u00ebr kushte m\u00eb t\u00eb mira. Zeqiri [&hellip;]\" \/>\n<meta property=\"og:url\" content=\"https:\/\/permbledhja.com\/sq\/rreth-10-pjesetare-dhane-doreheqje-gjate-janarit-nga-policia\/\" \/>\n<meta property=\"og:site_name\" content=\"Ve\u00e7 artikuj p\u00ebrmbledh\u00ebs\" \/>\n<meta property=\"article:publisher\" content=\"https:\/\/www.facebook.com\/press07\/\" \/>\n<meta property=\"article:published_time\" content=\"2024-02-06T14:18:00+00:00\" \/>\n<meta property=\"og:image\" content=\"https:\/\/permbledhja.com\/wp-content\/uploads\/2024\/01\/policia-e-kosoves-1.jpg\" \/>\n\t<meta property=\"og:image:width\" content=\"587\" \/>\n\t<meta property=\"og:image:height\" content=\"302\" \/>\n\t<meta property=\"og:image:type\" content=\"image\/jpeg\" \/>\n<meta name=\"author\" content=\"M M\" \/>\n<meta name=\"twitter:card\" content=\"summary_large_image\" \/>\n<meta name=\"twitter:label1\" content=\"Written by\" \/>\n\t<meta name=\"twitter:data1\" content=\"M M\" \/>\n\t<meta name=\"twitter:label2\" content=\"Est. reading time\" \/>\n\t<meta name=\"twitter:data2\" content=\"1 minut\u00eb\" \/>\n<script type=\"application\/ld+json\" class=\"yoast-schema-graph\">{\"@context\":\"https:\/\/schema.org\",\"@graph\":[{\"@type\":\"Article\",\"@id\":\"https:\/\/permbledhja.com\/sq\/rreth-10-pjesetare-dhane-doreheqje-gjate-janarit-nga-policia\/#article\",\"isPartOf\":{\"@id\":\"https:\/\/permbledhja.com\/sq\/rreth-10-pjesetare-dhane-doreheqje-gjate-janarit-nga-policia\/\"},\"author\":{\"name\":\"M M\",\"@id\":\"https:\/\/permbledhja.com\/#\/schema\/person\/d23f13f59b5722643933d6780783acf3\"},\"headline\":\"Rreth 10 pjes\u00ebtar\u00eb dhan\u00eb dor\u00ebheqje gjat\u00eb janarit nga policia\",\"datePublished\":\"2024-02-06T14:18:00+00:00\",\"dateModified\":\"2024-02-06T14:18:00+00:00\",\"mainEntityOfPage\":{\"@id\":\"https:\/\/permbledhja.com\/sq\/rreth-10-pjesetare-dhane-doreheqje-gjate-janarit-nga-policia\/\"},\"wordCount\":219,\"publisher\":{\"@id\":\"https:\/\/permbledhja.com\/#organization\"},\"keywords\":[\"Policia e Kosov\u00ebs\"],\"articleSection\":[\"T\u00eb r\u00ebnd\u00ebsishme\"],\"inLanguage\":\"sq\"},{\"@type\":\"WebPage\",\"@id\":\"https:\/\/permbledhja.com\/sq\/rreth-10-pjesetare-dhane-doreheqje-gjate-janarit-nga-policia\/\",\"url\":\"https:\/\/permbledhja.com\/sq\/rreth-10-pjesetare-dhane-doreheqje-gjate-janarit-nga-policia\/\",\"name\":\"Rreth 10 pjes\u00ebtar\u00eb dhan\u00eb dor\u00ebheqje gjat\u00eb janarit nga policia\",\"isPartOf\":{\"@id\":\"https:\/\/permbledhja.com\/#website\"},\"datePublished\":\"2024-02-06T14:18:00+00:00\",\"dateModified\":\"2024-02-06T14:18:00+00:00\",\"breadcrumb\":{\"@id\":\"https:\/\/permbledhja.com\/sq\/rreth-10-pjesetare-dhane-doreheqje-gjate-janarit-nga-policia\/#breadcrumb\"},\"inLanguage\":\"sq\",\"potentialAction\":[{\"@type\":\"ReadAction\",\"target\":[\"https:\/\/permbledhja.com\/sq\/rreth-10-pjesetare-dhane-doreheqje-gjate-janarit-nga-policia\/\"]}]},{\"@type\":\"BreadcrumbList\",\"@id\":\"https:\/\/permbledhja.com\/sq\/rreth-10-pjesetare-dhane-doreheqje-gjate-janarit-nga-policia\/#breadcrumb\",\"itemListElement\":[{\"@type\":\"ListItem\",\"position\":1,\"name\":\"Ballina\",\"item\":\"https:\/\/permbledhja.com\/sq\/\"},{\"@type\":\"ListItem\",\"position\":2,\"name\":\"Rreth 10 pjes\u00ebtar\u00eb dhan\u00eb dor\u00ebheqje gjat\u00eb janarit nga policia\"}]},{\"@type\":\"WebSite\",\"@id\":\"https:\/\/permbledhja.com\/#website\",\"url\":\"https:\/\/permbledhja.com\/\",\"name\":\"Ve\u00e7 artikuj p\u00ebrmbledh\u00ebs\",\"description\":\"\",\"publisher\":{\"@id\":\"https:\/\/permbledhja.com\/#organization\"},\"potentialAction\":[{\"@type\":\"SearchAction\",\"target\":{\"@type\":\"EntryPoint\",\"urlTemplate\":\"https:\/\/permbledhja.com\/?s={search_term_string}\"},\"query-input\":\"required name=search_term_string\"}],\"inLanguage\":\"sq\"},{\"@type\":\"Organization\",\"@id\":\"https:\/\/permbledhja.com\/#organization\",\"name\":\"MK Media & Pr\",\"url\":\"https:\/\/permbledhja.com\/\",\"logo\":{\"@type\":\"ImageObject\",\"inLanguage\":\"sq\",\"@id\":\"https:\/\/permbledhja.com\/#\/schema\/logo\/image\/\",\"url\":\"https:\/\/permbledhja.com\/wp-content\/uploads\/2021\/12\/07-Press-Logo.jpg\",\"contentUrl\":\"https:\/\/permbledhja.com\/wp-content\/uploads\/2021\/12\/07-Press-Logo.jpg\",\"width\":512,\"height\":512,\"caption\":\"MK Media & Pr\"},\"image\":{\"@id\":\"https:\/\/permbledhja.com\/#\/schema\/logo\/image\/\"},\"sameAs\":[\"https:\/\/www.facebook.com\/press07\/\"]},{\"@type\":\"Person\",\"@id\":\"https:\/\/permbledhja.com\/#\/schema\/person\/d23f13f59b5722643933d6780783acf3\",\"name\":\"M M\",\"image\":{\"@type\":\"ImageObject\",\"inLanguage\":\"sq\",\"@id\":\"https:\/\/permbledhja.com\/#\/schema\/person\/image\/\",\"url\":\"https:\/\/secure.gravatar.com\/avatar\/e2835a76ca7c31a2416b2d51c4ec9a8f?s=96&d=mm&r=g\",\"contentUrl\":\"https:\/\/secure.gravatar.com\/avatar\/e2835a76ca7c31a2416b2d51c4ec9a8f?s=96&d=mm&r=g\",\"caption\":\"M M\"},\"sameAs\":[\"http:\/\/MM\"],\"url\":\"https:\/\/permbledhja.com\/sq\/author\/muhamet\/\"}]}<\/script>\n<!-- \/ Yoast SEO plugin. -->","yoast_head_json":{"title":"Rreth 10 pjes\u00ebtar\u00eb dhan\u00eb dor\u00ebheqje gjat\u00eb janarit nga policia","robots":{"index":"index","follow":"follow","max-snippet":"max-snippet:-1","max-image-preview":"max-image-preview:large","max-video-preview":"max-video-preview:-1"},"canonical":"https:\/\/permbledhja.com\/sq\/rreth-10-pjesetare-dhane-doreheqje-gjate-janarit-nga-policia\/","og_locale":"sq_AL","og_type":"article","og_title":"Rreth 10 pjes\u00ebtar\u00eb dhan\u00eb dor\u00ebheqje gjat\u00eb janarit nga policia","og_description":"Af\u00ebr 10 pjes\u00ebtar\u00eb e kan\u00eb l\u00ebn\u00eb pun\u00ebn n\u00eb Policin\u00eb e Kosov\u00ebs gjat\u00eb janarit. K\u00ebt\u00eb e ka konfirmuar Kryetari i Sindikat\u00ebs s\u00eb Policis\u00eb s\u00eb Kosov\u00ebs, Imer Zeqiri, n\u00eb Komisionin Parlamentar p\u00ebr t\u00eb Drejtat e Njeriut. Ai ka th\u00ebn\u00eb se ata jan\u00eb dor\u00ebhequr p\u00ebr shkak t\u00eb mosplot\u00ebsimit t\u00eb k\u00ebrkesave t\u00eb tyre p\u00ebr kushte m\u00eb t\u00eb mira. Zeqiri [&hellip;]","og_url":"https:\/\/permbledhja.com\/sq\/rreth-10-pjesetare-dhane-doreheqje-gjate-janarit-nga-policia\/","og_site_name":"Ve\u00e7 artikuj p\u00ebrmbledh\u00ebs","article_publisher":"https:\/\/www.facebook.com\/press07\/","article_published_time":"2024-02-06T14:18:00+00:00","og_image":[{"width":587,"height":302,"url":"https:\/\/permbledhja.com\/wp-content\/uploads\/2024\/01\/policia-e-kosoves-1.jpg","type":"image\/jpeg"}],"author":"M M","twitter_card":"summary_large_image","twitter_misc":{"Written by":"M M","Est. reading time":"1 minut\u00eb"},"schema":{"@context":"https:\/\/schema.org","@graph":[{"@type":"Article","@id":"https:\/\/permbledhja.com\/sq\/rreth-10-pjesetare-dhane-doreheqje-gjate-janarit-nga-policia\/#article","isPartOf":{"@id":"https:\/\/permbledhja.com\/sq\/rreth-10-pjesetare-dhane-doreheqje-gjate-janarit-nga-policia\/"},"author":{"name":"M M","@id":"https:\/\/permbledhja.com\/#\/schema\/person\/d23f13f59b5722643933d6780783acf3"},"headline":"Rreth 10 pjes\u00ebtar\u00eb dhan\u00eb dor\u00ebheqje gjat\u00eb janarit nga policia","datePublished":"2024-02-06T14:18:00+00:00","dateModified":"2024-02-06T14:18:00+00:00","mainEntityOfPage":{"@id":"https:\/\/permbledhja.com\/sq\/rreth-10-pjesetare-dhane-doreheqje-gjate-janarit-nga-policia\/"},"wordCount":219,"publisher":{"@id":"https:\/\/permbledhja.com\/#organization"},"keywords":["Policia e Kosov\u00ebs"],"articleSection":["T\u00eb r\u00ebnd\u00ebsishme"],"inLanguage":"sq"},{"@type":"WebPage","@id":"https:\/\/permbledhja.com\/sq\/rreth-10-pjesetare-dhane-doreheqje-gjate-janarit-nga-policia\/","url":"https:\/\/permbledhja.com\/sq\/rreth-10-pjesetare-dhane-doreheqje-gjate-janarit-nga-policia\/","name":"Rreth 10 pjes\u00ebtar\u00eb dhan\u00eb dor\u00ebheqje gjat\u00eb janarit nga policia","isPartOf":{"@id":"https:\/\/permbledhja.com\/#website"},"datePublished":"2024-02-06T14:18:00+00:00","dateModified":"2024-02-06T14:18:00+00:00","breadcrumb":{"@id":"https:\/\/permbledhja.com\/sq\/rreth-10-pjesetare-dhane-doreheqje-gjate-janarit-nga-policia\/#breadcrumb"},"inLanguage":"sq","potentialAction":[{"@type":"ReadAction","target":["https:\/\/permbledhja.com\/sq\/rreth-10-pjesetare-dhane-doreheqje-gjate-janarit-nga-policia\/"]}]},{"@type":"BreadcrumbList","@id":"https:\/\/permbledhja.com\/sq\/rreth-10-pjesetare-dhane-doreheqje-gjate-janarit-nga-policia\/#breadcrumb","itemListElement":[{"@type":"ListItem","position":1,"name":"Ballina","item":"https:\/\/permbledhja.com\/sq\/"},{"@type":"ListItem","position":2,"name":"Rreth 10 pjes\u00ebtar\u00eb dhan\u00eb dor\u00ebheqje gjat\u00eb janarit nga policia"}]},{"@type":"WebSite","@id":"https:\/\/permbledhja.com\/#website","url":"https:\/\/permbledhja.com\/","name":"Ve\u00e7 artikuj p\u00ebrmbledh\u00ebs","description":"","publisher":{"@id":"https:\/\/permbledhja.com\/#organization"},"potentialAction":[{"@type":"SearchAction","target":{"@type":"EntryPoint","urlTemplate":"https:\/\/permbledhja.com\/?s={search_term_string}"},"query-input":"required name=search_term_string"}],"inLanguage":"sq"},{"@type":"Organization","@id":"https:\/\/permbledhja.com\/#organization","name":"MK Media & Pr","url":"https:\/\/permbledhja.com\/","logo":{"@type":"ImageObject","inLanguage":"sq","@id":"https:\/\/permbledhja.com\/#\/schema\/logo\/image\/","url":"https:\/\/permbledhja.com\/wp-content\/uploads\/2021\/12\/07-Press-Logo.jpg","contentUrl":"https:\/\/permbledhja.com\/wp-content\/uploads\/2021\/12\/07-Press-Logo.jpg","width":512,"height":512,"caption":"MK Media & Pr"},"image":{"@id":"https:\/\/permbledhja.com\/#\/schema\/logo\/image\/"},"sameAs":["https:\/\/www.facebook.com\/press07\/"]},{"@type":"Person","@id":"https:\/\/permbledhja.com\/#\/schema\/person\/d23f13f59b5722643933d6780783acf3","name":"M M","image":{"@type":"ImageObject","inLanguage":"sq","@id":"https:\/\/permbledhja.com\/#\/schema\/person\/image\/","url":"https:\/\/secure.gravatar.com\/avatar\/e2835a76ca7c31a2416b2d51c4ec9a8f?s=96&d=mm&r=g","contentUrl":"https:\/\/secure.gravatar.com\/avatar\/e2835a76ca7c31a2416b2d51c4ec9a8f?s=96&d=mm&r=g","caption":"M M"},"sameAs":["http:\/\/MM"],"url":"https:\/\/permbledhja.com\/sq\/author\/muhamet\/"}]}},"_links":{"self":[{"href":"https:\/\/permbledhja.com\/sq\/wp-json\/wp\/v2\/posts\/46268"}],"collection":[{"href":"https:\/\/permbledhja.com\/sq\/wp-json\/wp\/v2\/posts"}],"about":[{"href":"https:\/\/permbledhja.com\/sq\/wp-json\/wp\/v2\/types\/post"}],"author":[{"embeddable":true,"href":"https:\/\/permbledhja.com\/sq\/wp-json\/wp\/v2\/users\/2"}],"replies":[{"embeddable":true,"href":"https:\/\/permbledhja.com\/sq\/wp-json\/wp\/v2\/comments?post=46268"}],"version-history":[{"count":1,"href":"https:\/\/permbledhja.com\/sq\/wp-json\/wp\/v2\/posts\/46268\/revisions"}],"predecessor-version":[{"id":46269,"href":"https:\/\/permbledhja.com\/sq\/wp-json\/wp\/v2\/posts\/46268\/revisions\/46269"}],"wp:featuredmedia":[{"embeddable":true,"href":"https:\/\/permbledhja.com\/sq\/wp-json\/wp\/v2\/media\/41009"}],"wp:attachment":[{"href":"https:\/\/permbledhja.com\/sq\/wp-json\/wp\/v2\/media?parent=46268"}],"wp:term":[{"taxonomy":"category","embeddable":true,"href":"https:\/\/permbledhja.com\/sq\/wp-json\/wp\/v2\/categories?post=46268"},{"taxonomy":"post_tag","embeddable":true,"href":"https:\/\/permbledhja.com\/sq\/wp-json\/wp\/v2\/tags?post=46268"}],"curies":[{"name":"wp","href":"https:\/\/api.w.org\/{rel}","templated":true}]}}