{"id":46265,"date":"2024-02-06T13:58:55","date_gmt":"2024-02-06T13:58:55","guid":{"rendered":"https:\/\/permbledhja.com\/?p=46265"},"modified":"2024-02-06T13:58:55","modified_gmt":"2024-02-06T13:58:55","slug":"polici-si-permban-lotet-teksa-rrefen-masakrat-e-serbeve-tregon-per-takimin-emocionues-me-nenen","status":"publish","type":"post","link":"https:\/\/permbledhja.com\/sq\/polici-si-permban-lotet-teksa-rrefen-masakrat-e-serbeve-tregon-per-takimin-emocionues-me-nenen\/","title":{"rendered":"Polici s\u2019i p\u00ebrmban lot\u00ebt teksa rr\u00ebfen masakrat e serb\u00ebve: Tregon p\u00ebr takimin emocionues me n\u00ebn\u00ebn"},"content":{"rendered":"<h3>Nj\u00eb polic ka rr\u00ebfyer historin\u00eb e tij t\u00eb dhimbshme p\u00ebr humbjen e familjar\u00ebve t\u00eb tij nga forcat paramilitare dhe policores serbe n\u00eb fshatin Sllovi, t\u00eb komun\u00ebs s\u00eb Lipjanit.<\/h3>\n<p>Ai gjat\u00eb rr\u00ebfimit t\u00eb ngjarjes nuk mundej t\u2019i mbante lot\u00ebt, dhe mes emocionesh ai tregoi ngjarjen se si ka ndodhur masakra.<\/p>\n<p>\u201cN\u00eb t\u00eb nj\u00ebjt\u00ebn koh\u00eb ishim t\u00eb p\u00ebrgatitur, kishim disa torba, disa gj\u00ebra t\u00eb p\u00ebrgatitura, q\u00eb n\u00eb rast se vinin serb\u00ebt, ne t\u00eb ishim gati dhe t\u00eb largoheshim nga sht\u00ebpia. Kemi filluar t\u00eb uleshim n\u00eb sof\u00ebr, dy f\u00ebmij\u00eb n\u00eb dor\u00ebn time, edhe Valonin e kisha af\u00ebr n\u00eb sof\u00ebr, ishin babai, n\u00ebna, dy motrat dhe v\u00ebllau Skenderi, dhe p\u00ebr nj\u00eb moment kemi d\u00ebgjuar nj\u00eb z\u00eb, \u201cHyr\u00ebn serb\u00ebt, hyr\u00ebn shkiet\u201d- rr\u00ebfen ai.<\/p>\n<p>\u201cNuk kan\u00eb guxuar q\u00eb t\u00eb kthehen m\u00eb n\u00eb at\u00eb rrug\u00eb, kan\u00eb shkuar rreth e rreth malit, dhe kur kan\u00eb ardhur af\u00ebr tyre, po i\u2019u referohem rrethimeve t\u00eb Mirsadit dhe Dritonit, i kan\u00eb par\u00eb q\u00eb paramilitar\u00ebt dhe polic\u00ebt serb\u00eb, i kan\u00eb futur n\u00eb kontrolle dhe ata nuk kan\u00eb guxuar q\u00eb t\u00eb afrohen, jan\u00eb t\u00ebrhequr prap\u00eb n\u00eb t\u00eb nj\u00ebjt\u00ebn rrug\u00eb deri mbi Lugun e Dem\u00ebs.\u201d- ka rr\u00ebfyer polici.<\/p>\n<p>\u201cDjali im, nuk e kam njohur, nuk ka pasur as k\u00ebmb\u00eb, as sy, as duar, as goj\u00eb t\u00eb ngjitur, nuk kishte pasur asgj\u00eb, t\u00eb gjitha t\u00eb cop\u00ebtuara\u2026\u201d- rr\u00ebfen ngjarjen e ndodhur mes lot\u00ebsh polici.<\/p>\n<p><iframe loading=\"lazy\" style=\"border: none; overflow: hidden;\" src=\"https:\/\/www.facebook.com\/plugins\/video.php?href=https%3A%2F%2Fwww.facebook.com%2Flajminetlivee%2Fvideos%2F733027868798382%2F%3Fref%3Dembed_video&amp;show_text=0&amp;width=476\" width=\"476\" height=\"476\" frameborder=\"0\" scrolling=\"no\" allowfullscreen=\"allowfullscreen\"><\/iframe><\/p>\n","protected":false},"excerpt":{"rendered":"<p>Nj\u00eb polic ka rr\u00ebfyer historin\u00eb e tij t\u00eb dhimbshme p\u00ebr humbjen e familjar\u00ebve t\u00eb tij nga forcat paramilitare dhe policores serbe n\u00eb fshatin Sllovi, t\u00eb komun\u00ebs s\u00eb Lipjanit. Ai gjat\u00eb rr\u00ebfimit t\u00eb ngjarjes nuk mundej t\u2019i mbante lot\u00ebt, dhe mes emocionesh ai tregoi ngjarjen se si ka ndodhur masakra. \u201cN\u00eb t\u00eb nj\u00ebjt\u00ebn koh\u00eb ishim t\u00eb [&hellip;]<\/p>\n","protected":false},"author":2,"featured_media":46266,"comment_status":"closed","ping_status":"closed","sticky":false,"template":"","format":"standard","meta":{"_monsterinsights_skip_tracking":false,"_monsterinsights_sitenote_active":false,"_monsterinsights_sitenote_note":"","_monsterinsights_sitenote_category":0,"_uf_show_specific_survey":0,"_uf_disable_surveys":false,"footnotes":""},"categories":[15],"tags":[1084],"yoast_head":"<!-- This site is optimized with the Yoast SEO plugin v21.5 - https:\/\/yoast.com\/wordpress\/plugins\/seo\/ -->\n<title>Polici s\u2019i p\u00ebrmban lot\u00ebt teksa rr\u00ebfen masakrat e serb\u00ebve: Tregon p\u00ebr takimin emocionues me n\u00ebn\u00ebn<\/title>\n<meta name=\"robots\" content=\"index, follow, max-snippet:-1, max-image-preview:large, max-video-preview:-1\" \/>\n<link rel=\"canonical\" href=\"https:\/\/permbledhja.com\/sq\/polici-si-permban-lotet-teksa-rrefen-masakrat-e-serbeve-tregon-per-takimin-emocionues-me-nenen\/\" \/>\n<meta property=\"og:locale\" content=\"sq_AL\" \/>\n<meta property=\"og:type\" content=\"article\" \/>\n<meta property=\"og:title\" content=\"Polici s\u2019i p\u00ebrmban lot\u00ebt teksa rr\u00ebfen masakrat e serb\u00ebve: Tregon p\u00ebr takimin emocionues me n\u00ebn\u00ebn\" \/>\n<meta property=\"og:description\" content=\"Nj\u00eb polic ka rr\u00ebfyer historin\u00eb e tij t\u00eb dhimbshme p\u00ebr humbjen e familjar\u00ebve t\u00eb tij nga forcat paramilitare dhe policores serbe n\u00eb fshatin Sllovi, t\u00eb komun\u00ebs s\u00eb Lipjanit. Ai gjat\u00eb rr\u00ebfimit t\u00eb ngjarjes nuk mundej t\u2019i mbante lot\u00ebt, dhe mes emocionesh ai tregoi ngjarjen se si ka ndodhur masakra. \u201cN\u00eb t\u00eb nj\u00ebjt\u00ebn koh\u00eb ishim t\u00eb [&hellip;]\" \/>\n<meta property=\"og:url\" content=\"https:\/\/permbledhja.com\/sq\/polici-si-permban-lotet-teksa-rrefen-masakrat-e-serbeve-tregon-per-takimin-emocionues-me-nenen\/\" \/>\n<meta property=\"og:site_name\" content=\"Ve\u00e7 artikuj p\u00ebrmbledh\u00ebs\" \/>\n<meta property=\"article:publisher\" content=\"https:\/\/www.facebook.com\/press07\/\" \/>\n<meta property=\"article:published_time\" content=\"2024-02-06T13:58:55+00:00\" \/>\n<meta property=\"og:image\" content=\"https:\/\/permbledhja.com\/wp-content\/uploads\/2024\/02\/Capture.jpg\" \/>\n\t<meta property=\"og:image:width\" content=\"710\" \/>\n\t<meta property=\"og:image:height\" content=\"455\" \/>\n\t<meta property=\"og:image:type\" content=\"image\/jpeg\" \/>\n<meta name=\"author\" content=\"M M\" \/>\n<meta name=\"twitter:card\" content=\"summary_large_image\" \/>\n<meta name=\"twitter:label1\" content=\"Written by\" \/>\n\t<meta name=\"twitter:data1\" content=\"M M\" \/>\n\t<meta name=\"twitter:label2\" content=\"Est. reading time\" \/>\n\t<meta name=\"twitter:data2\" content=\"2 minuta\" \/>\n<script type=\"application\/ld+json\" class=\"yoast-schema-graph\">{\"@context\":\"https:\/\/schema.org\",\"@graph\":[{\"@type\":\"Article\",\"@id\":\"https:\/\/permbledhja.com\/polici-si-permban-lotet-teksa-rrefen-masakrat-e-serbeve-tregon-per-takimin-emocionues-me-nenen\/#article\",\"isPartOf\":{\"@id\":\"https:\/\/permbledhja.com\/polici-si-permban-lotet-teksa-rrefen-masakrat-e-serbeve-tregon-per-takimin-emocionues-me-nenen\/\"},\"author\":{\"name\":\"M M\",\"@id\":\"https:\/\/permbledhja.com\/#\/schema\/person\/d23f13f59b5722643933d6780783acf3\"},\"headline\":\"Polici s\u2019i p\u00ebrmban lot\u00ebt teksa rr\u00ebfen masakrat e serb\u00ebve: Tregon p\u00ebr takimin emocionues me n\u00ebn\u00ebn\",\"datePublished\":\"2024-02-06T13:58:55+00:00\",\"dateModified\":\"2024-02-06T13:58:55+00:00\",\"mainEntityOfPage\":{\"@id\":\"https:\/\/permbledhja.com\/polici-si-permban-lotet-teksa-rrefen-masakrat-e-serbeve-tregon-per-takimin-emocionues-me-nenen\/\"},\"wordCount\":284,\"publisher\":{\"@id\":\"https:\/\/permbledhja.com\/#organization\"},\"keywords\":[\"Polici\"],\"articleSection\":[\"Lajme\"],\"inLanguage\":\"sq\"},{\"@type\":\"WebPage\",\"@id\":\"https:\/\/permbledhja.com\/polici-si-permban-lotet-teksa-rrefen-masakrat-e-serbeve-tregon-per-takimin-emocionues-me-nenen\/\",\"url\":\"https:\/\/permbledhja.com\/polici-si-permban-lotet-teksa-rrefen-masakrat-e-serbeve-tregon-per-takimin-emocionues-me-nenen\/\",\"name\":\"Polici s\u2019i p\u00ebrmban lot\u00ebt teksa rr\u00ebfen masakrat e serb\u00ebve: Tregon p\u00ebr takimin emocionues me n\u00ebn\u00ebn\",\"isPartOf\":{\"@id\":\"https:\/\/permbledhja.com\/#website\"},\"datePublished\":\"2024-02-06T13:58:55+00:00\",\"dateModified\":\"2024-02-06T13:58:55+00:00\",\"breadcrumb\":{\"@id\":\"https:\/\/permbledhja.com\/polici-si-permban-lotet-teksa-rrefen-masakrat-e-serbeve-tregon-per-takimin-emocionues-me-nenen\/#breadcrumb\"},\"inLanguage\":\"sq\",\"potentialAction\":[{\"@type\":\"ReadAction\",\"target\":[\"https:\/\/permbledhja.com\/polici-si-permban-lotet-teksa-rrefen-masakrat-e-serbeve-tregon-per-takimin-emocionues-me-nenen\/\"]}]},{\"@type\":\"BreadcrumbList\",\"@id\":\"https:\/\/permbledhja.com\/polici-si-permban-lotet-teksa-rrefen-masakrat-e-serbeve-tregon-per-takimin-emocionues-me-nenen\/#breadcrumb\",\"itemListElement\":[{\"@type\":\"ListItem\",\"position\":1,\"name\":\"Ballina\",\"item\":\"https:\/\/permbledhja.com\/sq\/\"},{\"@type\":\"ListItem\",\"position\":2,\"name\":\"Polici s\u2019i p\u00ebrmban lot\u00ebt teksa rr\u00ebfen masakrat e serb\u00ebve: Tregon p\u00ebr takimin emocionues me n\u00ebn\u00ebn\"}]},{\"@type\":\"WebSite\",\"@id\":\"https:\/\/permbledhja.com\/#website\",\"url\":\"https:\/\/permbledhja.com\/\",\"name\":\"Ve\u00e7 artikuj p\u00ebrmbledh\u00ebs\",\"description\":\"\",\"publisher\":{\"@id\":\"https:\/\/permbledhja.com\/#organization\"},\"potentialAction\":[{\"@type\":\"SearchAction\",\"target\":{\"@type\":\"EntryPoint\",\"urlTemplate\":\"https:\/\/permbledhja.com\/?s={search_term_string}\"},\"query-input\":\"required name=search_term_string\"}],\"inLanguage\":\"sq\"},{\"@type\":\"Organization\",\"@id\":\"https:\/\/permbledhja.com\/#organization\",\"name\":\"MK Media & Pr\",\"url\":\"https:\/\/permbledhja.com\/\",\"logo\":{\"@type\":\"ImageObject\",\"inLanguage\":\"sq\",\"@id\":\"https:\/\/permbledhja.com\/#\/schema\/logo\/image\/\",\"url\":\"https:\/\/permbledhja.com\/wp-content\/uploads\/2021\/12\/07-Press-Logo.jpg\",\"contentUrl\":\"https:\/\/permbledhja.com\/wp-content\/uploads\/2021\/12\/07-Press-Logo.jpg\",\"width\":512,\"height\":512,\"caption\":\"MK Media & Pr\"},\"image\":{\"@id\":\"https:\/\/permbledhja.com\/#\/schema\/logo\/image\/\"},\"sameAs\":[\"https:\/\/www.facebook.com\/press07\/\"]},{\"@type\":\"Person\",\"@id\":\"https:\/\/permbledhja.com\/#\/schema\/person\/d23f13f59b5722643933d6780783acf3\",\"name\":\"M M\",\"image\":{\"@type\":\"ImageObject\",\"inLanguage\":\"sq\",\"@id\":\"https:\/\/permbledhja.com\/#\/schema\/person\/image\/\",\"url\":\"https:\/\/secure.gravatar.com\/avatar\/e2835a76ca7c31a2416b2d51c4ec9a8f?s=96&d=mm&r=g\",\"contentUrl\":\"https:\/\/secure.gravatar.com\/avatar\/e2835a76ca7c31a2416b2d51c4ec9a8f?s=96&d=mm&r=g\",\"caption\":\"M M\"},\"sameAs\":[\"http:\/\/MM\"],\"url\":\"https:\/\/permbledhja.com\/sq\/author\/muhamet\/\"}]}<\/script>\n<!-- \/ Yoast SEO plugin. -->","yoast_head_json":{"title":"Polici s\u2019i p\u00ebrmban lot\u00ebt teksa rr\u00ebfen masakrat e serb\u00ebve: Tregon p\u00ebr takimin emocionues me n\u00ebn\u00ebn","robots":{"index":"index","follow":"follow","max-snippet":"max-snippet:-1","max-image-preview":"max-image-preview:large","max-video-preview":"max-video-preview:-1"},"canonical":"https:\/\/permbledhja.com\/sq\/polici-si-permban-lotet-teksa-rrefen-masakrat-e-serbeve-tregon-per-takimin-emocionues-me-nenen\/","og_locale":"sq_AL","og_type":"article","og_title":"Polici s\u2019i p\u00ebrmban lot\u00ebt teksa rr\u00ebfen masakrat e serb\u00ebve: Tregon p\u00ebr takimin emocionues me n\u00ebn\u00ebn","og_description":"Nj\u00eb polic ka rr\u00ebfyer historin\u00eb e tij t\u00eb dhimbshme p\u00ebr humbjen e familjar\u00ebve t\u00eb tij nga forcat paramilitare dhe policores serbe n\u00eb fshatin Sllovi, t\u00eb komun\u00ebs s\u00eb Lipjanit. Ai gjat\u00eb rr\u00ebfimit t\u00eb ngjarjes nuk mundej t\u2019i mbante lot\u00ebt, dhe mes emocionesh ai tregoi ngjarjen se si ka ndodhur masakra. \u201cN\u00eb t\u00eb nj\u00ebjt\u00ebn koh\u00eb ishim t\u00eb [&hellip;]","og_url":"https:\/\/permbledhja.com\/sq\/polici-si-permban-lotet-teksa-rrefen-masakrat-e-serbeve-tregon-per-takimin-emocionues-me-nenen\/","og_site_name":"Ve\u00e7 artikuj p\u00ebrmbledh\u00ebs","article_publisher":"https:\/\/www.facebook.com\/press07\/","article_published_time":"2024-02-06T13:58:55+00:00","og_image":[{"width":710,"height":455,"url":"https:\/\/permbledhja.com\/wp-content\/uploads\/2024\/02\/Capture.jpg","type":"image\/jpeg"}],"author":"M M","twitter_card":"summary_large_image","twitter_misc":{"Written by":"M M","Est. reading time":"2 minuta"},"schema":{"@context":"https:\/\/schema.org","@graph":[{"@type":"Article","@id":"https:\/\/permbledhja.com\/polici-si-permban-lotet-teksa-rrefen-masakrat-e-serbeve-tregon-per-takimin-emocionues-me-nenen\/#article","isPartOf":{"@id":"https:\/\/permbledhja.com\/polici-si-permban-lotet-teksa-rrefen-masakrat-e-serbeve-tregon-per-takimin-emocionues-me-nenen\/"},"author":{"name":"M M","@id":"https:\/\/permbledhja.com\/#\/schema\/person\/d23f13f59b5722643933d6780783acf3"},"headline":"Polici s\u2019i p\u00ebrmban lot\u00ebt teksa rr\u00ebfen masakrat e serb\u00ebve: Tregon p\u00ebr takimin emocionues me n\u00ebn\u00ebn","datePublished":"2024-02-06T13:58:55+00:00","dateModified":"2024-02-06T13:58:55+00:00","mainEntityOfPage":{"@id":"https:\/\/permbledhja.com\/polici-si-permban-lotet-teksa-rrefen-masakrat-e-serbeve-tregon-per-takimin-emocionues-me-nenen\/"},"wordCount":284,"publisher":{"@id":"https:\/\/permbledhja.com\/#organization"},"keywords":["Polici"],"articleSection":["Lajme"],"inLanguage":"sq"},{"@type":"WebPage","@id":"https:\/\/permbledhja.com\/polici-si-permban-lotet-teksa-rrefen-masakrat-e-serbeve-tregon-per-takimin-emocionues-me-nenen\/","url":"https:\/\/permbledhja.com\/polici-si-permban-lotet-teksa-rrefen-masakrat-e-serbeve-tregon-per-takimin-emocionues-me-nenen\/","name":"Polici s\u2019i p\u00ebrmban lot\u00ebt teksa rr\u00ebfen masakrat e serb\u00ebve: Tregon p\u00ebr takimin emocionues me n\u00ebn\u00ebn","isPartOf":{"@id":"https:\/\/permbledhja.com\/#website"},"datePublished":"2024-02-06T13:58:55+00:00","dateModified":"2024-02-06T13:58:55+00:00","breadcrumb":{"@id":"https:\/\/permbledhja.com\/polici-si-permban-lotet-teksa-rrefen-masakrat-e-serbeve-tregon-per-takimin-emocionues-me-nenen\/#breadcrumb"},"inLanguage":"sq","potentialAction":[{"@type":"ReadAction","target":["https:\/\/permbledhja.com\/polici-si-permban-lotet-teksa-rrefen-masakrat-e-serbeve-tregon-per-takimin-emocionues-me-nenen\/"]}]},{"@type":"BreadcrumbList","@id":"https:\/\/permbledhja.com\/polici-si-permban-lotet-teksa-rrefen-masakrat-e-serbeve-tregon-per-takimin-emocionues-me-nenen\/#breadcrumb","itemListElement":[{"@type":"ListItem","position":1,"name":"Ballina","item":"https:\/\/permbledhja.com\/sq\/"},{"@type":"ListItem","position":2,"name":"Polici s\u2019i p\u00ebrmban lot\u00ebt teksa rr\u00ebfen masakrat e serb\u00ebve: Tregon p\u00ebr takimin emocionues me n\u00ebn\u00ebn"}]},{"@type":"WebSite","@id":"https:\/\/permbledhja.com\/#website","url":"https:\/\/permbledhja.com\/","name":"Ve\u00e7 artikuj p\u00ebrmbledh\u00ebs","description":"","publisher":{"@id":"https:\/\/permbledhja.com\/#organization"},"potentialAction":[{"@type":"SearchAction","target":{"@type":"EntryPoint","urlTemplate":"https:\/\/permbledhja.com\/?s={search_term_string}"},"query-input":"required name=search_term_string"}],"inLanguage":"sq"},{"@type":"Organization","@id":"https:\/\/permbledhja.com\/#organization","name":"MK Media & Pr","url":"https:\/\/permbledhja.com\/","logo":{"@type":"ImageObject","inLanguage":"sq","@id":"https:\/\/permbledhja.com\/#\/schema\/logo\/image\/","url":"https:\/\/permbledhja.com\/wp-content\/uploads\/2021\/12\/07-Press-Logo.jpg","contentUrl":"https:\/\/permbledhja.com\/wp-content\/uploads\/2021\/12\/07-Press-Logo.jpg","width":512,"height":512,"caption":"MK Media & Pr"},"image":{"@id":"https:\/\/permbledhja.com\/#\/schema\/logo\/image\/"},"sameAs":["https:\/\/www.facebook.com\/press07\/"]},{"@type":"Person","@id":"https:\/\/permbledhja.com\/#\/schema\/person\/d23f13f59b5722643933d6780783acf3","name":"M M","image":{"@type":"ImageObject","inLanguage":"sq","@id":"https:\/\/permbledhja.com\/#\/schema\/person\/image\/","url":"https:\/\/secure.gravatar.com\/avatar\/e2835a76ca7c31a2416b2d51c4ec9a8f?s=96&d=mm&r=g","contentUrl":"https:\/\/secure.gravatar.com\/avatar\/e2835a76ca7c31a2416b2d51c4ec9a8f?s=96&d=mm&r=g","caption":"M M"},"sameAs":["http:\/\/MM"],"url":"https:\/\/permbledhja.com\/sq\/author\/muhamet\/"}]}},"_links":{"self":[{"href":"https:\/\/permbledhja.com\/sq\/wp-json\/wp\/v2\/posts\/46265"}],"collection":[{"href":"https:\/\/permbledhja.com\/sq\/wp-json\/wp\/v2\/posts"}],"about":[{"href":"https:\/\/permbledhja.com\/sq\/wp-json\/wp\/v2\/types\/post"}],"author":[{"embeddable":true,"href":"https:\/\/permbledhja.com\/sq\/wp-json\/wp\/v2\/users\/2"}],"replies":[{"embeddable":true,"href":"https:\/\/permbledhja.com\/sq\/wp-json\/wp\/v2\/comments?post=46265"}],"version-history":[{"count":1,"href":"https:\/\/permbledhja.com\/sq\/wp-json\/wp\/v2\/posts\/46265\/revisions"}],"predecessor-version":[{"id":46267,"href":"https:\/\/permbledhja.com\/sq\/wp-json\/wp\/v2\/posts\/46265\/revisions\/46267"}],"wp:featuredmedia":[{"embeddable":true,"href":"https:\/\/permbledhja.com\/sq\/wp-json\/wp\/v2\/media\/46266"}],"wp:attachment":[{"href":"https:\/\/permbledhja.com\/sq\/wp-json\/wp\/v2\/media?parent=46265"}],"wp:term":[{"taxonomy":"category","embeddable":true,"href":"https:\/\/permbledhja.com\/sq\/wp-json\/wp\/v2\/categories?post=46265"},{"taxonomy":"post_tag","embeddable":true,"href":"https:\/\/permbledhja.com\/sq\/wp-json\/wp\/v2\/tags?post=46265"}],"curies":[{"name":"wp","href":"https:\/\/api.w.org\/{rel}","templated":true}]}}