{"id":46207,"date":"2024-02-06T08:21:01","date_gmt":"2024-02-06T08:21:01","guid":{"rendered":"https:\/\/permbledhja.com\/?p=46207"},"modified":"2024-02-06T08:21:01","modified_gmt":"2024-02-06T08:21:01","slug":"vuciq-thote-se-eshte-takuar-me-radoiciqin-para-sulmit-terrorist-ne-banjske","status":"publish","type":"post","link":"https:\/\/permbledhja.com\/sq\/vuciq-thote-se-eshte-takuar-me-radoiciqin-para-sulmit-terrorist-ne-banjske\/","title":{"rendered":"Vu\u00e7iq thot\u00eb se \u00ebsht\u00eb takuar me Radoi\u00e7iqin para sulmit terrorist n\u00eb Banjsk\u00eb"},"content":{"rendered":"<h3>Presidenti i Serbis\u00eb, Aleksand\u00ebr Vu\u00e7iq, e ka pranuar se para sulmit terrorist n\u00eb Banjsk\u00eb, q\u00eb \u00ebsht\u00eb takuar tri net rresht me Millan Radoi\u00e7iqin, njeriun kryesor q\u00eb e ka pranuar se e ka organizuar sulmin e 24 shtatorit ku mbeti i vrar\u00eb nj\u00eb polic i Kosov\u00ebs dhe tre terrorist\u00eb serb\u00eb.<\/h3>\n<p>Presidenti serb n\u00eb nj\u00eb intervist\u00eb p\u00ebr nj\u00eb medium serb, ka th\u00ebn\u00eb se n\u00eb takim ishte edhe Sllavko Simiq dhe disa t\u00eb tjer\u00eb.<\/p>\n<p>\u201cUn\u00eb tri net kam pas takim me ata, aty ishin Radoi\u00e7iq e Simiq edhe nja dhjet\u00eb burra tjer\u00eb. M\u00eb than\u00eb n\u00eb fytyr\u00eb se nuk ju besojn\u00eb as amerikan\u00ebve as evropian\u00ebve, nd\u00ebrsa un\u00eb ju thash\u00eb se m\u00eb duhet t\u00eb ju besoj se nuk kam kujt tjet\u00ebr sepse nuk kam ask\u00ebnd n\u00eb terren\u201d.<\/p>\n<p>\u201cAta (amerikan\u00ebt e evropian\u00ebt) garantuan se shqiptar\u00ebt nuk do arrestojn\u00eb ask\u00ebnd nga barrikadat. Pas tre muajve nis\u00ebn arrestimet, mund t\u00eb kuptoni telashet\u201d, ka th\u00ebn\u00eb Vu\u00e7iq, duke b\u00ebr\u00eb t\u00eb ditur se p\u00ebrgjegj\u00ebsit e sulmit terrorist n\u00eb Banjsk\u00eb, do t\u00eb ndiqen penalisht\u201d.<\/p>\n","protected":false},"excerpt":{"rendered":"<p>Presidenti i Serbis\u00eb, Aleksand\u00ebr Vu\u00e7iq, e ka pranuar se para sulmit terrorist n\u00eb Banjsk\u00eb, q\u00eb \u00ebsht\u00eb takuar tri net rresht me Millan Radoi\u00e7iqin, njeriun kryesor q\u00eb e ka pranuar se e ka organizuar sulmin e 24 shtatorit ku mbeti i vrar\u00eb nj\u00eb polic i Kosov\u00ebs dhe tre terrorist\u00eb serb\u00eb. Presidenti serb n\u00eb nj\u00eb intervist\u00eb p\u00ebr [&hellip;]<\/p>\n","protected":false},"author":2,"featured_media":46208,"comment_status":"closed","ping_status":"closed","sticky":false,"template":"","format":"standard","meta":{"_monsterinsights_skip_tracking":false,"_monsterinsights_sitenote_active":false,"_monsterinsights_sitenote_note":"","_monsterinsights_sitenote_category":0,"_uf_show_specific_survey":0,"_uf_disable_surveys":false,"footnotes":""},"categories":[2645],"tags":[658],"yoast_head":"<!-- This site is optimized with the Yoast SEO plugin v21.5 - https:\/\/yoast.com\/wordpress\/plugins\/seo\/ -->\n<title>Vu\u00e7iq thot\u00eb se \u00ebsht\u00eb takuar me Radoi\u00e7iqin para sulmit terrorist n\u00eb Banjsk\u00eb<\/title>\n<meta name=\"robots\" content=\"index, follow, max-snippet:-1, max-image-preview:large, max-video-preview:-1\" \/>\n<link rel=\"canonical\" href=\"https:\/\/permbledhja.com\/sq\/vuciq-thote-se-eshte-takuar-me-radoiciqin-para-sulmit-terrorist-ne-banjske\/\" \/>\n<meta property=\"og:locale\" content=\"sq_AL\" \/>\n<meta property=\"og:type\" content=\"article\" \/>\n<meta property=\"og:title\" content=\"Vu\u00e7iq thot\u00eb se \u00ebsht\u00eb takuar me Radoi\u00e7iqin para sulmit terrorist n\u00eb Banjsk\u00eb\" \/>\n<meta property=\"og:description\" content=\"Presidenti i Serbis\u00eb, Aleksand\u00ebr Vu\u00e7iq, e ka pranuar se para sulmit terrorist n\u00eb Banjsk\u00eb, q\u00eb \u00ebsht\u00eb takuar tri net rresht me Millan Radoi\u00e7iqin, njeriun kryesor q\u00eb e ka pranuar se e ka organizuar sulmin e 24 shtatorit ku mbeti i vrar\u00eb nj\u00eb polic i Kosov\u00ebs dhe tre terrorist\u00eb serb\u00eb. Presidenti serb n\u00eb nj\u00eb intervist\u00eb p\u00ebr [&hellip;]\" \/>\n<meta property=\"og:url\" content=\"https:\/\/permbledhja.com\/sq\/vuciq-thote-se-eshte-takuar-me-radoiciqin-para-sulmit-terrorist-ne-banjske\/\" \/>\n<meta property=\"og:site_name\" content=\"Ve\u00e7 artikuj p\u00ebrmbledh\u00ebs\" \/>\n<meta property=\"article:publisher\" content=\"https:\/\/www.facebook.com\/press07\/\" \/>\n<meta property=\"article:published_time\" content=\"2024-02-06T08:21:01+00:00\" \/>\n<meta property=\"og:image\" content=\"https:\/\/permbledhja.com\/wp-content\/uploads\/2024\/02\/vuciq-radoiciq-radojiciq.jpg\" \/>\n\t<meta property=\"og:image:width\" content=\"720\" \/>\n\t<meta property=\"og:image:height\" content=\"405\" \/>\n\t<meta property=\"og:image:type\" content=\"image\/jpeg\" \/>\n<meta name=\"author\" content=\"M M\" \/>\n<meta name=\"twitter:card\" content=\"summary_large_image\" \/>\n<meta name=\"twitter:label1\" content=\"Written by\" \/>\n\t<meta name=\"twitter:data1\" content=\"M M\" \/>\n\t<meta name=\"twitter:label2\" content=\"Est. reading time\" \/>\n\t<meta name=\"twitter:data2\" content=\"1 minut\u00eb\" \/>\n<script type=\"application\/ld+json\" class=\"yoast-schema-graph\">{\"@context\":\"https:\/\/schema.org\",\"@graph\":[{\"@type\":\"Article\",\"@id\":\"https:\/\/permbledhja.com\/vuciq-thote-se-eshte-takuar-me-radoiciqin-para-sulmit-terrorist-ne-banjske\/#article\",\"isPartOf\":{\"@id\":\"https:\/\/permbledhja.com\/vuciq-thote-se-eshte-takuar-me-radoiciqin-para-sulmit-terrorist-ne-banjske\/\"},\"author\":{\"name\":\"M M\",\"@id\":\"https:\/\/permbledhja.com\/#\/schema\/person\/d23f13f59b5722643933d6780783acf3\"},\"headline\":\"Vu\u00e7iq thot\u00eb se \u00ebsht\u00eb takuar me Radoi\u00e7iqin para sulmit terrorist n\u00eb Banjsk\u00eb\",\"datePublished\":\"2024-02-06T08:21:01+00:00\",\"dateModified\":\"2024-02-06T08:21:01+00:00\",\"mainEntityOfPage\":{\"@id\":\"https:\/\/permbledhja.com\/vuciq-thote-se-eshte-takuar-me-radoiciqin-para-sulmit-terrorist-ne-banjske\/\"},\"wordCount\":197,\"publisher\":{\"@id\":\"https:\/\/permbledhja.com\/#organization\"},\"keywords\":[\"Aleksandar Vu\u00e7iq\"],\"articleSection\":[\"T\u00eb r\u00ebnd\u00ebsishme\"],\"inLanguage\":\"sq\"},{\"@type\":\"WebPage\",\"@id\":\"https:\/\/permbledhja.com\/vuciq-thote-se-eshte-takuar-me-radoiciqin-para-sulmit-terrorist-ne-banjske\/\",\"url\":\"https:\/\/permbledhja.com\/vuciq-thote-se-eshte-takuar-me-radoiciqin-para-sulmit-terrorist-ne-banjske\/\",\"name\":\"Vu\u00e7iq thot\u00eb se \u00ebsht\u00eb takuar me Radoi\u00e7iqin para sulmit terrorist n\u00eb Banjsk\u00eb\",\"isPartOf\":{\"@id\":\"https:\/\/permbledhja.com\/#website\"},\"datePublished\":\"2024-02-06T08:21:01+00:00\",\"dateModified\":\"2024-02-06T08:21:01+00:00\",\"breadcrumb\":{\"@id\":\"https:\/\/permbledhja.com\/vuciq-thote-se-eshte-takuar-me-radoiciqin-para-sulmit-terrorist-ne-banjske\/#breadcrumb\"},\"inLanguage\":\"sq\",\"potentialAction\":[{\"@type\":\"ReadAction\",\"target\":[\"https:\/\/permbledhja.com\/vuciq-thote-se-eshte-takuar-me-radoiciqin-para-sulmit-terrorist-ne-banjske\/\"]}]},{\"@type\":\"BreadcrumbList\",\"@id\":\"https:\/\/permbledhja.com\/vuciq-thote-se-eshte-takuar-me-radoiciqin-para-sulmit-terrorist-ne-banjske\/#breadcrumb\",\"itemListElement\":[{\"@type\":\"ListItem\",\"position\":1,\"name\":\"Ballina\",\"item\":\"https:\/\/permbledhja.com\/sq\/\"},{\"@type\":\"ListItem\",\"position\":2,\"name\":\"Vu\u00e7iq thot\u00eb se \u00ebsht\u00eb takuar me Radoi\u00e7iqin para sulmit terrorist n\u00eb Banjsk\u00eb\"}]},{\"@type\":\"WebSite\",\"@id\":\"https:\/\/permbledhja.com\/#website\",\"url\":\"https:\/\/permbledhja.com\/\",\"name\":\"Ve\u00e7 artikuj p\u00ebrmbledh\u00ebs\",\"description\":\"\",\"publisher\":{\"@id\":\"https:\/\/permbledhja.com\/#organization\"},\"potentialAction\":[{\"@type\":\"SearchAction\",\"target\":{\"@type\":\"EntryPoint\",\"urlTemplate\":\"https:\/\/permbledhja.com\/?s={search_term_string}\"},\"query-input\":\"required name=search_term_string\"}],\"inLanguage\":\"sq\"},{\"@type\":\"Organization\",\"@id\":\"https:\/\/permbledhja.com\/#organization\",\"name\":\"MK Media & Pr\",\"url\":\"https:\/\/permbledhja.com\/\",\"logo\":{\"@type\":\"ImageObject\",\"inLanguage\":\"sq\",\"@id\":\"https:\/\/permbledhja.com\/#\/schema\/logo\/image\/\",\"url\":\"https:\/\/permbledhja.com\/wp-content\/uploads\/2021\/12\/07-Press-Logo.jpg\",\"contentUrl\":\"https:\/\/permbledhja.com\/wp-content\/uploads\/2021\/12\/07-Press-Logo.jpg\",\"width\":512,\"height\":512,\"caption\":\"MK Media & Pr\"},\"image\":{\"@id\":\"https:\/\/permbledhja.com\/#\/schema\/logo\/image\/\"},\"sameAs\":[\"https:\/\/www.facebook.com\/press07\/\"]},{\"@type\":\"Person\",\"@id\":\"https:\/\/permbledhja.com\/#\/schema\/person\/d23f13f59b5722643933d6780783acf3\",\"name\":\"M M\",\"image\":{\"@type\":\"ImageObject\",\"inLanguage\":\"sq\",\"@id\":\"https:\/\/permbledhja.com\/#\/schema\/person\/image\/\",\"url\":\"https:\/\/secure.gravatar.com\/avatar\/e2835a76ca7c31a2416b2d51c4ec9a8f?s=96&d=mm&r=g\",\"contentUrl\":\"https:\/\/secure.gravatar.com\/avatar\/e2835a76ca7c31a2416b2d51c4ec9a8f?s=96&d=mm&r=g\",\"caption\":\"M M\"},\"sameAs\":[\"http:\/\/MM\"],\"url\":\"https:\/\/permbledhja.com\/sq\/author\/muhamet\/\"}]}<\/script>\n<!-- \/ Yoast SEO plugin. -->","yoast_head_json":{"title":"Vu\u00e7iq thot\u00eb se \u00ebsht\u00eb takuar me Radoi\u00e7iqin para sulmit terrorist n\u00eb Banjsk\u00eb","robots":{"index":"index","follow":"follow","max-snippet":"max-snippet:-1","max-image-preview":"max-image-preview:large","max-video-preview":"max-video-preview:-1"},"canonical":"https:\/\/permbledhja.com\/sq\/vuciq-thote-se-eshte-takuar-me-radoiciqin-para-sulmit-terrorist-ne-banjske\/","og_locale":"sq_AL","og_type":"article","og_title":"Vu\u00e7iq thot\u00eb se \u00ebsht\u00eb takuar me Radoi\u00e7iqin para sulmit terrorist n\u00eb Banjsk\u00eb","og_description":"Presidenti i Serbis\u00eb, Aleksand\u00ebr Vu\u00e7iq, e ka pranuar se para sulmit terrorist n\u00eb Banjsk\u00eb, q\u00eb \u00ebsht\u00eb takuar tri net rresht me Millan Radoi\u00e7iqin, njeriun kryesor q\u00eb e ka pranuar se e ka organizuar sulmin e 24 shtatorit ku mbeti i vrar\u00eb nj\u00eb polic i Kosov\u00ebs dhe tre terrorist\u00eb serb\u00eb. Presidenti serb n\u00eb nj\u00eb intervist\u00eb p\u00ebr [&hellip;]","og_url":"https:\/\/permbledhja.com\/sq\/vuciq-thote-se-eshte-takuar-me-radoiciqin-para-sulmit-terrorist-ne-banjske\/","og_site_name":"Ve\u00e7 artikuj p\u00ebrmbledh\u00ebs","article_publisher":"https:\/\/www.facebook.com\/press07\/","article_published_time":"2024-02-06T08:21:01+00:00","og_image":[{"width":720,"height":405,"url":"https:\/\/permbledhja.com\/wp-content\/uploads\/2024\/02\/vuciq-radoiciq-radojiciq.jpg","type":"image\/jpeg"}],"author":"M M","twitter_card":"summary_large_image","twitter_misc":{"Written by":"M M","Est. reading time":"1 minut\u00eb"},"schema":{"@context":"https:\/\/schema.org","@graph":[{"@type":"Article","@id":"https:\/\/permbledhja.com\/vuciq-thote-se-eshte-takuar-me-radoiciqin-para-sulmit-terrorist-ne-banjske\/#article","isPartOf":{"@id":"https:\/\/permbledhja.com\/vuciq-thote-se-eshte-takuar-me-radoiciqin-para-sulmit-terrorist-ne-banjske\/"},"author":{"name":"M M","@id":"https:\/\/permbledhja.com\/#\/schema\/person\/d23f13f59b5722643933d6780783acf3"},"headline":"Vu\u00e7iq thot\u00eb se \u00ebsht\u00eb takuar me Radoi\u00e7iqin para sulmit terrorist n\u00eb Banjsk\u00eb","datePublished":"2024-02-06T08:21:01+00:00","dateModified":"2024-02-06T08:21:01+00:00","mainEntityOfPage":{"@id":"https:\/\/permbledhja.com\/vuciq-thote-se-eshte-takuar-me-radoiciqin-para-sulmit-terrorist-ne-banjske\/"},"wordCount":197,"publisher":{"@id":"https:\/\/permbledhja.com\/#organization"},"keywords":["Aleksandar Vu\u00e7iq"],"articleSection":["T\u00eb r\u00ebnd\u00ebsishme"],"inLanguage":"sq"},{"@type":"WebPage","@id":"https:\/\/permbledhja.com\/vuciq-thote-se-eshte-takuar-me-radoiciqin-para-sulmit-terrorist-ne-banjske\/","url":"https:\/\/permbledhja.com\/vuciq-thote-se-eshte-takuar-me-radoiciqin-para-sulmit-terrorist-ne-banjske\/","name":"Vu\u00e7iq thot\u00eb se \u00ebsht\u00eb takuar me Radoi\u00e7iqin para sulmit terrorist n\u00eb Banjsk\u00eb","isPartOf":{"@id":"https:\/\/permbledhja.com\/#website"},"datePublished":"2024-02-06T08:21:01+00:00","dateModified":"2024-02-06T08:21:01+00:00","breadcrumb":{"@id":"https:\/\/permbledhja.com\/vuciq-thote-se-eshte-takuar-me-radoiciqin-para-sulmit-terrorist-ne-banjske\/#breadcrumb"},"inLanguage":"sq","potentialAction":[{"@type":"ReadAction","target":["https:\/\/permbledhja.com\/vuciq-thote-se-eshte-takuar-me-radoiciqin-para-sulmit-terrorist-ne-banjske\/"]}]},{"@type":"BreadcrumbList","@id":"https:\/\/permbledhja.com\/vuciq-thote-se-eshte-takuar-me-radoiciqin-para-sulmit-terrorist-ne-banjske\/#breadcrumb","itemListElement":[{"@type":"ListItem","position":1,"name":"Ballina","item":"https:\/\/permbledhja.com\/sq\/"},{"@type":"ListItem","position":2,"name":"Vu\u00e7iq thot\u00eb se \u00ebsht\u00eb takuar me Radoi\u00e7iqin para sulmit terrorist n\u00eb Banjsk\u00eb"}]},{"@type":"WebSite","@id":"https:\/\/permbledhja.com\/#website","url":"https:\/\/permbledhja.com\/","name":"Ve\u00e7 artikuj p\u00ebrmbledh\u00ebs","description":"","publisher":{"@id":"https:\/\/permbledhja.com\/#organization"},"potentialAction":[{"@type":"SearchAction","target":{"@type":"EntryPoint","urlTemplate":"https:\/\/permbledhja.com\/?s={search_term_string}"},"query-input":"required name=search_term_string"}],"inLanguage":"sq"},{"@type":"Organization","@id":"https:\/\/permbledhja.com\/#organization","name":"MK Media & Pr","url":"https:\/\/permbledhja.com\/","logo":{"@type":"ImageObject","inLanguage":"sq","@id":"https:\/\/permbledhja.com\/#\/schema\/logo\/image\/","url":"https:\/\/permbledhja.com\/wp-content\/uploads\/2021\/12\/07-Press-Logo.jpg","contentUrl":"https:\/\/permbledhja.com\/wp-content\/uploads\/2021\/12\/07-Press-Logo.jpg","width":512,"height":512,"caption":"MK Media & Pr"},"image":{"@id":"https:\/\/permbledhja.com\/#\/schema\/logo\/image\/"},"sameAs":["https:\/\/www.facebook.com\/press07\/"]},{"@type":"Person","@id":"https:\/\/permbledhja.com\/#\/schema\/person\/d23f13f59b5722643933d6780783acf3","name":"M M","image":{"@type":"ImageObject","inLanguage":"sq","@id":"https:\/\/permbledhja.com\/#\/schema\/person\/image\/","url":"https:\/\/secure.gravatar.com\/avatar\/e2835a76ca7c31a2416b2d51c4ec9a8f?s=96&d=mm&r=g","contentUrl":"https:\/\/secure.gravatar.com\/avatar\/e2835a76ca7c31a2416b2d51c4ec9a8f?s=96&d=mm&r=g","caption":"M M"},"sameAs":["http:\/\/MM"],"url":"https:\/\/permbledhja.com\/sq\/author\/muhamet\/"}]}},"_links":{"self":[{"href":"https:\/\/permbledhja.com\/sq\/wp-json\/wp\/v2\/posts\/46207"}],"collection":[{"href":"https:\/\/permbledhja.com\/sq\/wp-json\/wp\/v2\/posts"}],"about":[{"href":"https:\/\/permbledhja.com\/sq\/wp-json\/wp\/v2\/types\/post"}],"author":[{"embeddable":true,"href":"https:\/\/permbledhja.com\/sq\/wp-json\/wp\/v2\/users\/2"}],"replies":[{"embeddable":true,"href":"https:\/\/permbledhja.com\/sq\/wp-json\/wp\/v2\/comments?post=46207"}],"version-history":[{"count":1,"href":"https:\/\/permbledhja.com\/sq\/wp-json\/wp\/v2\/posts\/46207\/revisions"}],"predecessor-version":[{"id":46209,"href":"https:\/\/permbledhja.com\/sq\/wp-json\/wp\/v2\/posts\/46207\/revisions\/46209"}],"wp:featuredmedia":[{"embeddable":true,"href":"https:\/\/permbledhja.com\/sq\/wp-json\/wp\/v2\/media\/46208"}],"wp:attachment":[{"href":"https:\/\/permbledhja.com\/sq\/wp-json\/wp\/v2\/media?parent=46207"}],"wp:term":[{"taxonomy":"category","embeddable":true,"href":"https:\/\/permbledhja.com\/sq\/wp-json\/wp\/v2\/categories?post=46207"},{"taxonomy":"post_tag","embeddable":true,"href":"https:\/\/permbledhja.com\/sq\/wp-json\/wp\/v2\/tags?post=46207"}],"curies":[{"name":"wp","href":"https:\/\/api.w.org\/{rel}","templated":true}]}}