{"id":45863,"date":"2024-02-04T09:46:28","date_gmt":"2024-02-04T09:46:28","guid":{"rendered":"https:\/\/permbledhja.com\/?p=45863"},"modified":"2024-02-04T09:46:28","modified_gmt":"2024-02-04T09:46:28","slug":"rohde-mbeshtet-deklaraten-e-be-se-masat-e-njeanshme-vetem-sa-i-hedhin-benzine-zjarrit","status":"publish","type":"post","link":"https:\/\/permbledhja.com\/sq\/rohde-mbeshtet-deklaraten-e-be-se-masat-e-njeanshme-vetem-sa-i-hedhin-benzine-zjarrit\/","title":{"rendered":"Rohde mb\u00ebshtet deklarat\u00ebn e BE-s\u00eb: Masat e nj\u00ebanshme vet\u00ebm sa i hedhin benzin\u00eb zjarrit"},"content":{"rendered":"<h3>Gjermania ka mb\u00ebshtetur deklarat\u00ebn e BE-s\u00eb sot gjat\u00eb dit\u00ebs, duke th\u00ebn\u00eb se \u00a0jan\u00eb t\u00eb shqet\u00ebsuar me operacionet e Policis\u00eb s\u00eb Kosov\u00ebs ku jan\u00eb mbyllur institucionet e drejtuara nga Serbia.<\/h3>\n<p>Ambasadori i Gjermanis\u00eb n\u00eb Kosov\u00eb, Jorn Rohde p\u00ebrmes nj\u00eb reagimi n\u00eb platform\u00ebn X, shkruan se mb\u00ebshtesin deklarat\u00ebn e BE-s\u00eb.<\/p>\n<p>\u201cMasat e nj\u00ebanshme vet\u00ebm sa i hedhin benzin\u00eb zjarrit dhe jan\u00eb pik\u00ebrisht e kund\u00ebrta e uljes s\u00eb tensioneve\u201d, thot\u00eb ai.<\/p>\n<p>N\u00eb reagim, Rohde shton tutje se dialogu i udh\u00ebhequr nga Bashkimi Evropian midis Kosov\u00ebs dhe Serbis\u00eb \u00ebsht\u00eb vendi m\u00eb i p\u00ebrshtatsh\u00ebm p\u00ebr t\u00eb adresuar k\u00ebto \u00e7\u00ebshtje.<\/p>\n<p>Bashkimi Evropian sot p\u00ebrmes nj\u00eb komunikate p\u00ebr media ka reaguar lidhur me veprimet e fundit t\u00eb Qeveris\u00eb s\u00eb Kosov\u00ebs.<\/p>\n<p>N\u00eb nj\u00eb deklarat\u00eb t\u00eb l\u00ebshuar nga z\u00ebdh\u00ebn\u00ebsi i BE-s\u00eb, Peter Stano, thuhet se BE-ja \u00ebsht\u00eb shqet\u00ebsuar me operacionet e Policis\u00eb s\u00eb Kosov\u00ebs gjat\u00eb k\u00ebsaj jave n\u00eb zyrat e institucioneve t\u00eb drejtuara nga Serbia n\u00eb komunat Dragash, Pej\u00eb, Istog e Klin\u00eb.<\/p>\n<p>Stano ka th\u00ebn\u00eb se BE \u00ebsht\u00eb e shqet\u00ebsuar edhe me operacionin q\u00eb ndodhi n\u00eb objektin e organizat\u00ebs joqeveritare Qendra p\u00ebr Paqe dhe Toleranc\u00eb n\u00eb Prishtin\u00eb.<\/p>\n<div id=\"quads-ad3876919\" class=\"quads-location quads-ad3876919 \">\n<p>Ai ka shtuar se BE-ja i k\u00ebrkon Kosov\u00ebs q\u00eb t\u00eb shmang veprimet e nj\u00ebanshme q\u00eb mund t\u00eb rrisin tensionet.<\/p>\n<p>Ndryshe, ambasadori i ShBA-s\u00eb n\u00eb Kosov\u00eb, Jeffrey Hovenier, mbr\u00ebm\u00eb ka reaguar duke th\u00ebn\u00eb se qeveria amerikane \u00ebsht\u00eb thell\u00ebsisht e shqet\u00ebsuar me veprimet e fundit t\u00eb Qeveris\u00eb s\u00eb Kosov\u00ebs.<\/p>\n<p>Hovenier p\u00ebrmendi \u00e7\u00ebshtjen e dinarit dhe mbylljen e komunave paralele n\u00eb Dragash, Pej\u00eb, Istog dhe Klin\u00eb, teksa tha se k\u00ebto veprime po i rrisin n\u00eb m\u00ebnyr\u00eb t\u00eb panevojshme tensionet etnike dhe si pasoj\u00eb \u201cpo i kufizojn\u00eb mund\u00ebsit\u00eb q\u00eb ShBA-t\u00eb t\u00eb sh\u00ebrbejn\u00eb si avokues p\u00ebr Kosov\u00ebn n\u00eb aren\u00ebn nd\u00ebrkomb\u00ebtare\u201d<\/p>\n<\/div>\n","protected":false},"excerpt":{"rendered":"<p>Gjermania ka mb\u00ebshtetur deklarat\u00ebn e BE-s\u00eb sot gjat\u00eb dit\u00ebs, duke th\u00ebn\u00eb se \u00a0jan\u00eb t\u00eb shqet\u00ebsuar me operacionet e Policis\u00eb s\u00eb Kosov\u00ebs ku jan\u00eb mbyllur institucionet e drejtuara nga Serbia. Ambasadori i Gjermanis\u00eb n\u00eb Kosov\u00eb, Jorn Rohde p\u00ebrmes nj\u00eb reagimi n\u00eb platform\u00ebn X, shkruan se mb\u00ebshtesin deklarat\u00ebn e BE-s\u00eb. \u201cMasat e nj\u00ebanshme vet\u00ebm sa i hedhin [&hellip;]<\/p>\n","protected":false},"author":2,"featured_media":36807,"comment_status":"closed","ping_status":"closed","sticky":false,"template":"","format":"standard","meta":{"_monsterinsights_skip_tracking":false,"_monsterinsights_sitenote_active":false,"_monsterinsights_sitenote_note":"","_monsterinsights_sitenote_category":0,"_uf_show_specific_survey":0,"_uf_disable_surveys":false,"footnotes":""},"categories":[2645],"tags":[955],"yoast_head":"<!-- This site is optimized with the Yoast SEO plugin v21.5 - https:\/\/yoast.com\/wordpress\/plugins\/seo\/ -->\n<title>Rohde mb\u00ebshtet deklarat\u00ebn e BE-s\u00eb: Masat e nj\u00ebanshme vet\u00ebm sa i hedhin benzin\u00eb zjarrit<\/title>\n<meta name=\"robots\" content=\"index, follow, max-snippet:-1, max-image-preview:large, max-video-preview:-1\" \/>\n<link rel=\"canonical\" href=\"https:\/\/permbledhja.com\/sq\/rohde-mbeshtet-deklaraten-e-be-se-masat-e-njeanshme-vetem-sa-i-hedhin-benzine-zjarrit\/\" \/>\n<meta property=\"og:locale\" content=\"sq_AL\" \/>\n<meta property=\"og:type\" content=\"article\" \/>\n<meta property=\"og:title\" content=\"Rohde mb\u00ebshtet deklarat\u00ebn e BE-s\u00eb: Masat e nj\u00ebanshme vet\u00ebm sa i hedhin benzin\u00eb zjarrit\" \/>\n<meta property=\"og:description\" content=\"Gjermania ka mb\u00ebshtetur deklarat\u00ebn e BE-s\u00eb sot gjat\u00eb dit\u00ebs, duke th\u00ebn\u00eb se \u00a0jan\u00eb t\u00eb shqet\u00ebsuar me operacionet e Policis\u00eb s\u00eb Kosov\u00ebs ku jan\u00eb mbyllur institucionet e drejtuara nga Serbia. Ambasadori i Gjermanis\u00eb n\u00eb Kosov\u00eb, Jorn Rohde p\u00ebrmes nj\u00eb reagimi n\u00eb platform\u00ebn X, shkruan se mb\u00ebshtesin deklarat\u00ebn e BE-s\u00eb. \u201cMasat e nj\u00ebanshme vet\u00ebm sa i hedhin [&hellip;]\" \/>\n<meta property=\"og:url\" content=\"https:\/\/permbledhja.com\/sq\/rohde-mbeshtet-deklaraten-e-be-se-masat-e-njeanshme-vetem-sa-i-hedhin-benzine-zjarrit\/\" \/>\n<meta property=\"og:site_name\" content=\"Ve\u00e7 artikuj p\u00ebrmbledh\u00ebs\" \/>\n<meta property=\"article:publisher\" content=\"https:\/\/www.facebook.com\/press07\/\" \/>\n<meta property=\"article:published_time\" content=\"2024-02-04T09:46:28+00:00\" \/>\n<meta property=\"og:image\" content=\"https:\/\/permbledhja.com\/wp-content\/uploads\/2023\/11\/auto_rohde-121683724260.jpg\" \/>\n\t<meta property=\"og:image:width\" content=\"850\" \/>\n\t<meta property=\"og:image:height\" content=\"470\" \/>\n\t<meta property=\"og:image:type\" content=\"image\/jpeg\" \/>\n<meta name=\"author\" content=\"M M\" \/>\n<meta name=\"twitter:card\" content=\"summary_large_image\" \/>\n<meta name=\"twitter:label1\" content=\"Written by\" \/>\n\t<meta name=\"twitter:data1\" content=\"M M\" \/>\n\t<meta name=\"twitter:label2\" content=\"Est. reading time\" \/>\n\t<meta name=\"twitter:data2\" content=\"2 minuta\" \/>\n<script type=\"application\/ld+json\" class=\"yoast-schema-graph\">{\"@context\":\"https:\/\/schema.org\",\"@graph\":[{\"@type\":\"Article\",\"@id\":\"https:\/\/permbledhja.com\/rohde-mbeshtet-deklaraten-e-be-se-masat-e-njeanshme-vetem-sa-i-hedhin-benzine-zjarrit\/#article\",\"isPartOf\":{\"@id\":\"https:\/\/permbledhja.com\/rohde-mbeshtet-deklaraten-e-be-se-masat-e-njeanshme-vetem-sa-i-hedhin-benzine-zjarrit\/\"},\"author\":{\"name\":\"M M\",\"@id\":\"https:\/\/permbledhja.com\/#\/schema\/person\/d23f13f59b5722643933d6780783acf3\"},\"headline\":\"Rohde mb\u00ebshtet deklarat\u00ebn e BE-s\u00eb: Masat e nj\u00ebanshme vet\u00ebm sa i hedhin benzin\u00eb zjarrit\",\"datePublished\":\"2024-02-04T09:46:28+00:00\",\"dateModified\":\"2024-02-04T09:46:28+00:00\",\"mainEntityOfPage\":{\"@id\":\"https:\/\/permbledhja.com\/rohde-mbeshtet-deklaraten-e-be-se-masat-e-njeanshme-vetem-sa-i-hedhin-benzine-zjarrit\/\"},\"wordCount\":343,\"publisher\":{\"@id\":\"https:\/\/permbledhja.com\/#organization\"},\"keywords\":[\"Rohde\"],\"articleSection\":[\"T\u00eb r\u00ebnd\u00ebsishme\"],\"inLanguage\":\"sq\"},{\"@type\":\"WebPage\",\"@id\":\"https:\/\/permbledhja.com\/rohde-mbeshtet-deklaraten-e-be-se-masat-e-njeanshme-vetem-sa-i-hedhin-benzine-zjarrit\/\",\"url\":\"https:\/\/permbledhja.com\/rohde-mbeshtet-deklaraten-e-be-se-masat-e-njeanshme-vetem-sa-i-hedhin-benzine-zjarrit\/\",\"name\":\"Rohde mb\u00ebshtet deklarat\u00ebn e BE-s\u00eb: Masat e nj\u00ebanshme vet\u00ebm sa i hedhin benzin\u00eb zjarrit\",\"isPartOf\":{\"@id\":\"https:\/\/permbledhja.com\/#website\"},\"datePublished\":\"2024-02-04T09:46:28+00:00\",\"dateModified\":\"2024-02-04T09:46:28+00:00\",\"breadcrumb\":{\"@id\":\"https:\/\/permbledhja.com\/rohde-mbeshtet-deklaraten-e-be-se-masat-e-njeanshme-vetem-sa-i-hedhin-benzine-zjarrit\/#breadcrumb\"},\"inLanguage\":\"sq\",\"potentialAction\":[{\"@type\":\"ReadAction\",\"target\":[\"https:\/\/permbledhja.com\/rohde-mbeshtet-deklaraten-e-be-se-masat-e-njeanshme-vetem-sa-i-hedhin-benzine-zjarrit\/\"]}]},{\"@type\":\"BreadcrumbList\",\"@id\":\"https:\/\/permbledhja.com\/rohde-mbeshtet-deklaraten-e-be-se-masat-e-njeanshme-vetem-sa-i-hedhin-benzine-zjarrit\/#breadcrumb\",\"itemListElement\":[{\"@type\":\"ListItem\",\"position\":1,\"name\":\"Ballina\",\"item\":\"https:\/\/permbledhja.com\/sq\/\"},{\"@type\":\"ListItem\",\"position\":2,\"name\":\"Rohde mb\u00ebshtet deklarat\u00ebn e BE-s\u00eb: Masat e nj\u00ebanshme vet\u00ebm sa i hedhin benzin\u00eb zjarrit\"}]},{\"@type\":\"WebSite\",\"@id\":\"https:\/\/permbledhja.com\/#website\",\"url\":\"https:\/\/permbledhja.com\/\",\"name\":\"Ve\u00e7 artikuj p\u00ebrmbledh\u00ebs\",\"description\":\"\",\"publisher\":{\"@id\":\"https:\/\/permbledhja.com\/#organization\"},\"potentialAction\":[{\"@type\":\"SearchAction\",\"target\":{\"@type\":\"EntryPoint\",\"urlTemplate\":\"https:\/\/permbledhja.com\/?s={search_term_string}\"},\"query-input\":\"required name=search_term_string\"}],\"inLanguage\":\"sq\"},{\"@type\":\"Organization\",\"@id\":\"https:\/\/permbledhja.com\/#organization\",\"name\":\"MK Media & Pr\",\"url\":\"https:\/\/permbledhja.com\/\",\"logo\":{\"@type\":\"ImageObject\",\"inLanguage\":\"sq\",\"@id\":\"https:\/\/permbledhja.com\/#\/schema\/logo\/image\/\",\"url\":\"https:\/\/permbledhja.com\/wp-content\/uploads\/2021\/12\/07-Press-Logo.jpg\",\"contentUrl\":\"https:\/\/permbledhja.com\/wp-content\/uploads\/2021\/12\/07-Press-Logo.jpg\",\"width\":512,\"height\":512,\"caption\":\"MK Media & Pr\"},\"image\":{\"@id\":\"https:\/\/permbledhja.com\/#\/schema\/logo\/image\/\"},\"sameAs\":[\"https:\/\/www.facebook.com\/press07\/\"]},{\"@type\":\"Person\",\"@id\":\"https:\/\/permbledhja.com\/#\/schema\/person\/d23f13f59b5722643933d6780783acf3\",\"name\":\"M M\",\"image\":{\"@type\":\"ImageObject\",\"inLanguage\":\"sq\",\"@id\":\"https:\/\/permbledhja.com\/#\/schema\/person\/image\/\",\"url\":\"https:\/\/secure.gravatar.com\/avatar\/e2835a76ca7c31a2416b2d51c4ec9a8f?s=96&d=mm&r=g\",\"contentUrl\":\"https:\/\/secure.gravatar.com\/avatar\/e2835a76ca7c31a2416b2d51c4ec9a8f?s=96&d=mm&r=g\",\"caption\":\"M M\"},\"sameAs\":[\"http:\/\/MM\"],\"url\":\"https:\/\/permbledhja.com\/sq\/author\/muhamet\/\"}]}<\/script>\n<!-- \/ Yoast SEO plugin. -->","yoast_head_json":{"title":"Rohde mb\u00ebshtet deklarat\u00ebn e BE-s\u00eb: Masat e nj\u00ebanshme vet\u00ebm sa i hedhin benzin\u00eb zjarrit","robots":{"index":"index","follow":"follow","max-snippet":"max-snippet:-1","max-image-preview":"max-image-preview:large","max-video-preview":"max-video-preview:-1"},"canonical":"https:\/\/permbledhja.com\/sq\/rohde-mbeshtet-deklaraten-e-be-se-masat-e-njeanshme-vetem-sa-i-hedhin-benzine-zjarrit\/","og_locale":"sq_AL","og_type":"article","og_title":"Rohde mb\u00ebshtet deklarat\u00ebn e BE-s\u00eb: Masat e nj\u00ebanshme vet\u00ebm sa i hedhin benzin\u00eb zjarrit","og_description":"Gjermania ka mb\u00ebshtetur deklarat\u00ebn e BE-s\u00eb sot gjat\u00eb dit\u00ebs, duke th\u00ebn\u00eb se \u00a0jan\u00eb t\u00eb shqet\u00ebsuar me operacionet e Policis\u00eb s\u00eb Kosov\u00ebs ku jan\u00eb mbyllur institucionet e drejtuara nga Serbia. Ambasadori i Gjermanis\u00eb n\u00eb Kosov\u00eb, Jorn Rohde p\u00ebrmes nj\u00eb reagimi n\u00eb platform\u00ebn X, shkruan se mb\u00ebshtesin deklarat\u00ebn e BE-s\u00eb. \u201cMasat e nj\u00ebanshme vet\u00ebm sa i hedhin [&hellip;]","og_url":"https:\/\/permbledhja.com\/sq\/rohde-mbeshtet-deklaraten-e-be-se-masat-e-njeanshme-vetem-sa-i-hedhin-benzine-zjarrit\/","og_site_name":"Ve\u00e7 artikuj p\u00ebrmbledh\u00ebs","article_publisher":"https:\/\/www.facebook.com\/press07\/","article_published_time":"2024-02-04T09:46:28+00:00","og_image":[{"width":850,"height":470,"url":"https:\/\/permbledhja.com\/wp-content\/uploads\/2023\/11\/auto_rohde-121683724260.jpg","type":"image\/jpeg"}],"author":"M M","twitter_card":"summary_large_image","twitter_misc":{"Written by":"M M","Est. reading time":"2 minuta"},"schema":{"@context":"https:\/\/schema.org","@graph":[{"@type":"Article","@id":"https:\/\/permbledhja.com\/rohde-mbeshtet-deklaraten-e-be-se-masat-e-njeanshme-vetem-sa-i-hedhin-benzine-zjarrit\/#article","isPartOf":{"@id":"https:\/\/permbledhja.com\/rohde-mbeshtet-deklaraten-e-be-se-masat-e-njeanshme-vetem-sa-i-hedhin-benzine-zjarrit\/"},"author":{"name":"M M","@id":"https:\/\/permbledhja.com\/#\/schema\/person\/d23f13f59b5722643933d6780783acf3"},"headline":"Rohde mb\u00ebshtet deklarat\u00ebn e BE-s\u00eb: Masat e nj\u00ebanshme vet\u00ebm sa i hedhin benzin\u00eb zjarrit","datePublished":"2024-02-04T09:46:28+00:00","dateModified":"2024-02-04T09:46:28+00:00","mainEntityOfPage":{"@id":"https:\/\/permbledhja.com\/rohde-mbeshtet-deklaraten-e-be-se-masat-e-njeanshme-vetem-sa-i-hedhin-benzine-zjarrit\/"},"wordCount":343,"publisher":{"@id":"https:\/\/permbledhja.com\/#organization"},"keywords":["Rohde"],"articleSection":["T\u00eb r\u00ebnd\u00ebsishme"],"inLanguage":"sq"},{"@type":"WebPage","@id":"https:\/\/permbledhja.com\/rohde-mbeshtet-deklaraten-e-be-se-masat-e-njeanshme-vetem-sa-i-hedhin-benzine-zjarrit\/","url":"https:\/\/permbledhja.com\/rohde-mbeshtet-deklaraten-e-be-se-masat-e-njeanshme-vetem-sa-i-hedhin-benzine-zjarrit\/","name":"Rohde mb\u00ebshtet deklarat\u00ebn e BE-s\u00eb: Masat e nj\u00ebanshme vet\u00ebm sa i hedhin benzin\u00eb zjarrit","isPartOf":{"@id":"https:\/\/permbledhja.com\/#website"},"datePublished":"2024-02-04T09:46:28+00:00","dateModified":"2024-02-04T09:46:28+00:00","breadcrumb":{"@id":"https:\/\/permbledhja.com\/rohde-mbeshtet-deklaraten-e-be-se-masat-e-njeanshme-vetem-sa-i-hedhin-benzine-zjarrit\/#breadcrumb"},"inLanguage":"sq","potentialAction":[{"@type":"ReadAction","target":["https:\/\/permbledhja.com\/rohde-mbeshtet-deklaraten-e-be-se-masat-e-njeanshme-vetem-sa-i-hedhin-benzine-zjarrit\/"]}]},{"@type":"BreadcrumbList","@id":"https:\/\/permbledhja.com\/rohde-mbeshtet-deklaraten-e-be-se-masat-e-njeanshme-vetem-sa-i-hedhin-benzine-zjarrit\/#breadcrumb","itemListElement":[{"@type":"ListItem","position":1,"name":"Ballina","item":"https:\/\/permbledhja.com\/sq\/"},{"@type":"ListItem","position":2,"name":"Rohde mb\u00ebshtet deklarat\u00ebn e BE-s\u00eb: Masat e nj\u00ebanshme vet\u00ebm sa i hedhin benzin\u00eb zjarrit"}]},{"@type":"WebSite","@id":"https:\/\/permbledhja.com\/#website","url":"https:\/\/permbledhja.com\/","name":"Ve\u00e7 artikuj p\u00ebrmbledh\u00ebs","description":"","publisher":{"@id":"https:\/\/permbledhja.com\/#organization"},"potentialAction":[{"@type":"SearchAction","target":{"@type":"EntryPoint","urlTemplate":"https:\/\/permbledhja.com\/?s={search_term_string}"},"query-input":"required name=search_term_string"}],"inLanguage":"sq"},{"@type":"Organization","@id":"https:\/\/permbledhja.com\/#organization","name":"MK Media & Pr","url":"https:\/\/permbledhja.com\/","logo":{"@type":"ImageObject","inLanguage":"sq","@id":"https:\/\/permbledhja.com\/#\/schema\/logo\/image\/","url":"https:\/\/permbledhja.com\/wp-content\/uploads\/2021\/12\/07-Press-Logo.jpg","contentUrl":"https:\/\/permbledhja.com\/wp-content\/uploads\/2021\/12\/07-Press-Logo.jpg","width":512,"height":512,"caption":"MK Media & Pr"},"image":{"@id":"https:\/\/permbledhja.com\/#\/schema\/logo\/image\/"},"sameAs":["https:\/\/www.facebook.com\/press07\/"]},{"@type":"Person","@id":"https:\/\/permbledhja.com\/#\/schema\/person\/d23f13f59b5722643933d6780783acf3","name":"M M","image":{"@type":"ImageObject","inLanguage":"sq","@id":"https:\/\/permbledhja.com\/#\/schema\/person\/image\/","url":"https:\/\/secure.gravatar.com\/avatar\/e2835a76ca7c31a2416b2d51c4ec9a8f?s=96&d=mm&r=g","contentUrl":"https:\/\/secure.gravatar.com\/avatar\/e2835a76ca7c31a2416b2d51c4ec9a8f?s=96&d=mm&r=g","caption":"M M"},"sameAs":["http:\/\/MM"],"url":"https:\/\/permbledhja.com\/sq\/author\/muhamet\/"}]}},"_links":{"self":[{"href":"https:\/\/permbledhja.com\/sq\/wp-json\/wp\/v2\/posts\/45863"}],"collection":[{"href":"https:\/\/permbledhja.com\/sq\/wp-json\/wp\/v2\/posts"}],"about":[{"href":"https:\/\/permbledhja.com\/sq\/wp-json\/wp\/v2\/types\/post"}],"author":[{"embeddable":true,"href":"https:\/\/permbledhja.com\/sq\/wp-json\/wp\/v2\/users\/2"}],"replies":[{"embeddable":true,"href":"https:\/\/permbledhja.com\/sq\/wp-json\/wp\/v2\/comments?post=45863"}],"version-history":[{"count":1,"href":"https:\/\/permbledhja.com\/sq\/wp-json\/wp\/v2\/posts\/45863\/revisions"}],"predecessor-version":[{"id":45865,"href":"https:\/\/permbledhja.com\/sq\/wp-json\/wp\/v2\/posts\/45863\/revisions\/45865"}],"wp:featuredmedia":[{"embeddable":true,"href":"https:\/\/permbledhja.com\/sq\/wp-json\/wp\/v2\/media\/36807"}],"wp:attachment":[{"href":"https:\/\/permbledhja.com\/sq\/wp-json\/wp\/v2\/media?parent=45863"}],"wp:term":[{"taxonomy":"category","embeddable":true,"href":"https:\/\/permbledhja.com\/sq\/wp-json\/wp\/v2\/categories?post=45863"},{"taxonomy":"post_tag","embeddable":true,"href":"https:\/\/permbledhja.com\/sq\/wp-json\/wp\/v2\/tags?post=45863"}],"curies":[{"name":"wp","href":"https:\/\/api.w.org\/{rel}","templated":true}]}}