{"id":45860,"date":"2024-02-04T09:40:52","date_gmt":"2024-02-04T09:40:52","guid":{"rendered":"https:\/\/permbledhja.com\/?p=45860"},"modified":"2024-02-04T09:41:31","modified_gmt":"2024-02-04T09:41:31","slug":"heshtja-per-sulmin-terrorist-te-banjske-mbetet-ende-e-shurdher-reagon-deputetja-britanike-pas-deklarates-se-hovenier","status":"publish","type":"post","link":"https:\/\/permbledhja.com\/sq\/heshtja-per-sulmin-terrorist-te-banjske-mbetet-ende-e-shurdher-reagon-deputetja-britanike-pas-deklarates-se-hovenier\/","title":{"rendered":"\u201cHeshtja p\u00ebr sulmin terrorist t\u00eb Banjsk\u00eb mbetet ende e shurdh\u00ebr\u201d, reagon deputetja britanike pas deklarat\u00ebs s\u00eb Hovenier"},"content":{"rendered":"<h3>Ambasadori i SHBA-s\u00eb n\u00eb Kosov\u00eb, Jeffrey Hovenier ka reaguar mbr\u00ebm\u00eb pas veprimeve t\u00eb fundit t\u00eb Qeveris\u00eb s\u00eb Kosov\u00ebs.<\/h3>\n<p>Ai ka th\u00ebn\u00eb se Qeveria amerikane \u00ebsht\u00eb shum\u00eb e shqet\u00ebsuar p\u00ebr largimin e dinarit dhe mbylljen e komunave paralele n\u00eb Dragash, Pej\u00eb, Istog dhe Klin\u00eb, teksa tha se k\u00ebto veprime po i rrisin n\u00eb m\u00ebnyr\u00eb t\u00eb panevojshme tensionet etnike dhe si pasoj\u00eb po i kufizojn\u00eb mund\u00ebsit\u00eb q\u00eb ShBA-t\u00eb t\u00eb sh\u00ebrbejn\u00eb si avokues p\u00ebr Kosov\u00ebn n\u00eb aren\u00ebn nd\u00ebrkomb\u00ebtare.<\/p>\n<p>Deputetja e britanike, Alicia Kearns ka reaguar pas k\u00ebsaj deklarate t\u00eb Hovenierit.<\/p>\n<p>N\u00eb nj\u00eb reagim n\u00eb \u201cX\u201d, Kearns ka pyetur ambasadorin Hovenier se ku q\u00ebndron bilanci k\u00ebtu.<\/p>\n<p>\u201cKu \u00ebsht\u00eb bilanci? A kemi par\u00eb nj\u00eb deklarat\u00eb t\u00eb till\u00eb nga SHBA-t\u00eb pas rr\u00ebmbimit t\u00eb paligjsh\u00ebm t\u00eb tre polic\u00ebve nga Serbia? Jo. Heshtja p\u00ebr sulmin terrorist t\u00eb Banjsk\u00eb mbetet ende e shurdh\u00ebr\u201d, ka shkruar Kearns.<\/p>\n<p>Ndryshe ndaj veprimeve t\u00eb fundit t\u00eb Qeveris\u00eb s\u00eb Kosov\u00ebs, ka reaguar edhe Bashkimi Evropian, ku kan\u00eb k\u00ebrkuar q\u00eb t\u00eb shmangen veprimet e nj\u00ebanshme q\u00eb mund t\u00eb shkaktojn\u00eb tensione<\/p>\n","protected":false},"excerpt":{"rendered":"<p>Ambasadori i SHBA-s\u00eb n\u00eb Kosov\u00eb, Jeffrey Hovenier ka reaguar mbr\u00ebm\u00eb pas veprimeve t\u00eb fundit t\u00eb Qeveris\u00eb s\u00eb Kosov\u00ebs. Ai ka th\u00ebn\u00eb se Qeveria amerikane \u00ebsht\u00eb shum\u00eb e shqet\u00ebsuar p\u00ebr largimin e dinarit dhe mbylljen e komunave paralele n\u00eb Dragash, Pej\u00eb, Istog dhe Klin\u00eb, teksa tha se k\u00ebto veprime po i rrisin n\u00eb m\u00ebnyr\u00eb t\u00eb panevojshme [&hellip;]<\/p>\n","protected":false},"author":2,"featured_media":45861,"comment_status":"closed","ping_status":"closed","sticky":false,"template":"","format":"standard","meta":{"_monsterinsights_skip_tracking":false,"_monsterinsights_sitenote_active":false,"_monsterinsights_sitenote_note":"","_monsterinsights_sitenote_category":0,"_uf_show_specific_survey":0,"_uf_disable_surveys":false,"footnotes":""},"categories":[1146],"tags":[2305],"yoast_head":"<!-- This site is optimized with the Yoast SEO plugin v21.5 - https:\/\/yoast.com\/wordpress\/plugins\/seo\/ -->\n<title>\u201cHeshtja p\u00ebr sulmin terrorist t\u00eb Banjsk\u00eb mbetet ende e shurdh\u00ebr\u201d, reagon deputetja britanike pas deklarat\u00ebs s\u00eb Hovenier<\/title>\n<meta name=\"robots\" content=\"index, follow, max-snippet:-1, max-image-preview:large, max-video-preview:-1\" \/>\n<link rel=\"canonical\" href=\"https:\/\/permbledhja.com\/sq\/heshtja-per-sulmin-terrorist-te-banjske-mbetet-ende-e-shurdher-reagon-deputetja-britanike-pas-deklarates-se-hovenier\/\" \/>\n<meta property=\"og:locale\" content=\"sq_AL\" \/>\n<meta property=\"og:type\" content=\"article\" \/>\n<meta property=\"og:title\" content=\"\u201cHeshtja p\u00ebr sulmin terrorist t\u00eb Banjsk\u00eb mbetet ende e shurdh\u00ebr\u201d, reagon deputetja britanike pas deklarat\u00ebs s\u00eb Hovenier\" \/>\n<meta property=\"og:description\" content=\"Ambasadori i SHBA-s\u00eb n\u00eb Kosov\u00eb, Jeffrey Hovenier ka reaguar mbr\u00ebm\u00eb pas veprimeve t\u00eb fundit t\u00eb Qeveris\u00eb s\u00eb Kosov\u00ebs. Ai ka th\u00ebn\u00eb se Qeveria amerikane \u00ebsht\u00eb shum\u00eb e shqet\u00ebsuar p\u00ebr largimin e dinarit dhe mbylljen e komunave paralele n\u00eb Dragash, Pej\u00eb, Istog dhe Klin\u00eb, teksa tha se k\u00ebto veprime po i rrisin n\u00eb m\u00ebnyr\u00eb t\u00eb panevojshme [&hellip;]\" \/>\n<meta property=\"og:url\" content=\"https:\/\/permbledhja.com\/sq\/heshtja-per-sulmin-terrorist-te-banjske-mbetet-ende-e-shurdher-reagon-deputetja-britanike-pas-deklarates-se-hovenier\/\" \/>\n<meta property=\"og:site_name\" content=\"Ve\u00e7 artikuj p\u00ebrmbledh\u00ebs\" \/>\n<meta property=\"article:publisher\" content=\"https:\/\/www.facebook.com\/press07\/\" \/>\n<meta property=\"article:published_time\" content=\"2024-02-04T09:40:52+00:00\" \/>\n<meta property=\"article:modified_time\" content=\"2024-02-04T09:41:31+00:00\" \/>\n<meta property=\"og:image\" content=\"https:\/\/permbledhja.com\/wp-content\/uploads\/2024\/02\/alicia.jpg\" \/>\n\t<meta property=\"og:image:width\" content=\"938\" \/>\n\t<meta property=\"og:image:height\" content=\"540\" \/>\n\t<meta property=\"og:image:type\" content=\"image\/jpeg\" \/>\n<meta name=\"author\" content=\"M M\" \/>\n<meta name=\"twitter:card\" content=\"summary_large_image\" \/>\n<meta name=\"twitter:label1\" content=\"Written by\" \/>\n\t<meta name=\"twitter:data1\" content=\"M M\" \/>\n\t<meta name=\"twitter:label2\" content=\"Est. reading time\" \/>\n\t<meta name=\"twitter:data2\" content=\"1 minut\u00eb\" \/>\n<script type=\"application\/ld+json\" class=\"yoast-schema-graph\">{\"@context\":\"https:\/\/schema.org\",\"@graph\":[{\"@type\":\"Article\",\"@id\":\"https:\/\/permbledhja.com\/heshtja-per-sulmin-terrorist-te-banjske-mbetet-ende-e-shurdher-reagon-deputetja-britanike-pas-deklarates-se-hovenier\/#article\",\"isPartOf\":{\"@id\":\"https:\/\/permbledhja.com\/heshtja-per-sulmin-terrorist-te-banjske-mbetet-ende-e-shurdher-reagon-deputetja-britanike-pas-deklarates-se-hovenier\/\"},\"author\":{\"name\":\"M M\",\"@id\":\"https:\/\/permbledhja.com\/#\/schema\/person\/d23f13f59b5722643933d6780783acf3\"},\"headline\":\"\u201cHeshtja p\u00ebr sulmin terrorist t\u00eb Banjsk\u00eb mbetet ende e shurdh\u00ebr\u201d, reagon deputetja britanike pas deklarat\u00ebs s\u00eb Hovenier\",\"datePublished\":\"2024-02-04T09:40:52+00:00\",\"dateModified\":\"2024-02-04T09:41:31+00:00\",\"mainEntityOfPage\":{\"@id\":\"https:\/\/permbledhja.com\/heshtja-per-sulmin-terrorist-te-banjske-mbetet-ende-e-shurdher-reagon-deputetja-britanike-pas-deklarates-se-hovenier\/\"},\"wordCount\":210,\"publisher\":{\"@id\":\"https:\/\/permbledhja.com\/#organization\"},\"keywords\":[\"Alicia Kearns\"],\"articleSection\":[\"Kryesoret\"],\"inLanguage\":\"sq\"},{\"@type\":\"WebPage\",\"@id\":\"https:\/\/permbledhja.com\/heshtja-per-sulmin-terrorist-te-banjske-mbetet-ende-e-shurdher-reagon-deputetja-britanike-pas-deklarates-se-hovenier\/\",\"url\":\"https:\/\/permbledhja.com\/heshtja-per-sulmin-terrorist-te-banjske-mbetet-ende-e-shurdher-reagon-deputetja-britanike-pas-deklarates-se-hovenier\/\",\"name\":\"\u201cHeshtja p\u00ebr sulmin terrorist t\u00eb Banjsk\u00eb mbetet ende e shurdh\u00ebr\u201d, reagon deputetja britanike pas deklarat\u00ebs s\u00eb Hovenier\",\"isPartOf\":{\"@id\":\"https:\/\/permbledhja.com\/#website\"},\"datePublished\":\"2024-02-04T09:40:52+00:00\",\"dateModified\":\"2024-02-04T09:41:31+00:00\",\"breadcrumb\":{\"@id\":\"https:\/\/permbledhja.com\/heshtja-per-sulmin-terrorist-te-banjske-mbetet-ende-e-shurdher-reagon-deputetja-britanike-pas-deklarates-se-hovenier\/#breadcrumb\"},\"inLanguage\":\"sq\",\"potentialAction\":[{\"@type\":\"ReadAction\",\"target\":[\"https:\/\/permbledhja.com\/heshtja-per-sulmin-terrorist-te-banjske-mbetet-ende-e-shurdher-reagon-deputetja-britanike-pas-deklarates-se-hovenier\/\"]}]},{\"@type\":\"BreadcrumbList\",\"@id\":\"https:\/\/permbledhja.com\/heshtja-per-sulmin-terrorist-te-banjske-mbetet-ende-e-shurdher-reagon-deputetja-britanike-pas-deklarates-se-hovenier\/#breadcrumb\",\"itemListElement\":[{\"@type\":\"ListItem\",\"position\":1,\"name\":\"Ballina\",\"item\":\"https:\/\/permbledhja.com\/sq\/\"},{\"@type\":\"ListItem\",\"position\":2,\"name\":\"\u201cHeshtja p\u00ebr sulmin terrorist t\u00eb Banjsk\u00eb mbetet ende e shurdh\u00ebr\u201d, reagon deputetja britanike pas deklarat\u00ebs s\u00eb Hovenier\"}]},{\"@type\":\"WebSite\",\"@id\":\"https:\/\/permbledhja.com\/#website\",\"url\":\"https:\/\/permbledhja.com\/\",\"name\":\"Ve\u00e7 artikuj p\u00ebrmbledh\u00ebs\",\"description\":\"\",\"publisher\":{\"@id\":\"https:\/\/permbledhja.com\/#organization\"},\"potentialAction\":[{\"@type\":\"SearchAction\",\"target\":{\"@type\":\"EntryPoint\",\"urlTemplate\":\"https:\/\/permbledhja.com\/?s={search_term_string}\"},\"query-input\":\"required name=search_term_string\"}],\"inLanguage\":\"sq\"},{\"@type\":\"Organization\",\"@id\":\"https:\/\/permbledhja.com\/#organization\",\"name\":\"MK Media & Pr\",\"url\":\"https:\/\/permbledhja.com\/\",\"logo\":{\"@type\":\"ImageObject\",\"inLanguage\":\"sq\",\"@id\":\"https:\/\/permbledhja.com\/#\/schema\/logo\/image\/\",\"url\":\"https:\/\/permbledhja.com\/wp-content\/uploads\/2021\/12\/07-Press-Logo.jpg\",\"contentUrl\":\"https:\/\/permbledhja.com\/wp-content\/uploads\/2021\/12\/07-Press-Logo.jpg\",\"width\":512,\"height\":512,\"caption\":\"MK Media & Pr\"},\"image\":{\"@id\":\"https:\/\/permbledhja.com\/#\/schema\/logo\/image\/\"},\"sameAs\":[\"https:\/\/www.facebook.com\/press07\/\"]},{\"@type\":\"Person\",\"@id\":\"https:\/\/permbledhja.com\/#\/schema\/person\/d23f13f59b5722643933d6780783acf3\",\"name\":\"M M\",\"image\":{\"@type\":\"ImageObject\",\"inLanguage\":\"sq\",\"@id\":\"https:\/\/permbledhja.com\/#\/schema\/person\/image\/\",\"url\":\"https:\/\/secure.gravatar.com\/avatar\/e2835a76ca7c31a2416b2d51c4ec9a8f?s=96&d=mm&r=g\",\"contentUrl\":\"https:\/\/secure.gravatar.com\/avatar\/e2835a76ca7c31a2416b2d51c4ec9a8f?s=96&d=mm&r=g\",\"caption\":\"M M\"},\"sameAs\":[\"http:\/\/MM\"],\"url\":\"https:\/\/permbledhja.com\/sq\/author\/muhamet\/\"}]}<\/script>\n<!-- \/ Yoast SEO plugin. -->","yoast_head_json":{"title":"\u201cHeshtja p\u00ebr sulmin terrorist t\u00eb Banjsk\u00eb mbetet ende e shurdh\u00ebr\u201d, reagon deputetja britanike pas deklarat\u00ebs s\u00eb Hovenier","robots":{"index":"index","follow":"follow","max-snippet":"max-snippet:-1","max-image-preview":"max-image-preview:large","max-video-preview":"max-video-preview:-1"},"canonical":"https:\/\/permbledhja.com\/sq\/heshtja-per-sulmin-terrorist-te-banjske-mbetet-ende-e-shurdher-reagon-deputetja-britanike-pas-deklarates-se-hovenier\/","og_locale":"sq_AL","og_type":"article","og_title":"\u201cHeshtja p\u00ebr sulmin terrorist t\u00eb Banjsk\u00eb mbetet ende e shurdh\u00ebr\u201d, reagon deputetja britanike pas deklarat\u00ebs s\u00eb Hovenier","og_description":"Ambasadori i SHBA-s\u00eb n\u00eb Kosov\u00eb, Jeffrey Hovenier ka reaguar mbr\u00ebm\u00eb pas veprimeve t\u00eb fundit t\u00eb Qeveris\u00eb s\u00eb Kosov\u00ebs. Ai ka th\u00ebn\u00eb se Qeveria amerikane \u00ebsht\u00eb shum\u00eb e shqet\u00ebsuar p\u00ebr largimin e dinarit dhe mbylljen e komunave paralele n\u00eb Dragash, Pej\u00eb, Istog dhe Klin\u00eb, teksa tha se k\u00ebto veprime po i rrisin n\u00eb m\u00ebnyr\u00eb t\u00eb panevojshme [&hellip;]","og_url":"https:\/\/permbledhja.com\/sq\/heshtja-per-sulmin-terrorist-te-banjske-mbetet-ende-e-shurdher-reagon-deputetja-britanike-pas-deklarates-se-hovenier\/","og_site_name":"Ve\u00e7 artikuj p\u00ebrmbledh\u00ebs","article_publisher":"https:\/\/www.facebook.com\/press07\/","article_published_time":"2024-02-04T09:40:52+00:00","article_modified_time":"2024-02-04T09:41:31+00:00","og_image":[{"width":938,"height":540,"url":"https:\/\/permbledhja.com\/wp-content\/uploads\/2024\/02\/alicia.jpg","type":"image\/jpeg"}],"author":"M M","twitter_card":"summary_large_image","twitter_misc":{"Written by":"M M","Est. reading time":"1 minut\u00eb"},"schema":{"@context":"https:\/\/schema.org","@graph":[{"@type":"Article","@id":"https:\/\/permbledhja.com\/heshtja-per-sulmin-terrorist-te-banjske-mbetet-ende-e-shurdher-reagon-deputetja-britanike-pas-deklarates-se-hovenier\/#article","isPartOf":{"@id":"https:\/\/permbledhja.com\/heshtja-per-sulmin-terrorist-te-banjske-mbetet-ende-e-shurdher-reagon-deputetja-britanike-pas-deklarates-se-hovenier\/"},"author":{"name":"M M","@id":"https:\/\/permbledhja.com\/#\/schema\/person\/d23f13f59b5722643933d6780783acf3"},"headline":"\u201cHeshtja p\u00ebr sulmin terrorist t\u00eb Banjsk\u00eb mbetet ende e shurdh\u00ebr\u201d, reagon deputetja britanike pas deklarat\u00ebs s\u00eb Hovenier","datePublished":"2024-02-04T09:40:52+00:00","dateModified":"2024-02-04T09:41:31+00:00","mainEntityOfPage":{"@id":"https:\/\/permbledhja.com\/heshtja-per-sulmin-terrorist-te-banjske-mbetet-ende-e-shurdher-reagon-deputetja-britanike-pas-deklarates-se-hovenier\/"},"wordCount":210,"publisher":{"@id":"https:\/\/permbledhja.com\/#organization"},"keywords":["Alicia Kearns"],"articleSection":["Kryesoret"],"inLanguage":"sq"},{"@type":"WebPage","@id":"https:\/\/permbledhja.com\/heshtja-per-sulmin-terrorist-te-banjske-mbetet-ende-e-shurdher-reagon-deputetja-britanike-pas-deklarates-se-hovenier\/","url":"https:\/\/permbledhja.com\/heshtja-per-sulmin-terrorist-te-banjske-mbetet-ende-e-shurdher-reagon-deputetja-britanike-pas-deklarates-se-hovenier\/","name":"\u201cHeshtja p\u00ebr sulmin terrorist t\u00eb Banjsk\u00eb mbetet ende e shurdh\u00ebr\u201d, reagon deputetja britanike pas deklarat\u00ebs s\u00eb Hovenier","isPartOf":{"@id":"https:\/\/permbledhja.com\/#website"},"datePublished":"2024-02-04T09:40:52+00:00","dateModified":"2024-02-04T09:41:31+00:00","breadcrumb":{"@id":"https:\/\/permbledhja.com\/heshtja-per-sulmin-terrorist-te-banjske-mbetet-ende-e-shurdher-reagon-deputetja-britanike-pas-deklarates-se-hovenier\/#breadcrumb"},"inLanguage":"sq","potentialAction":[{"@type":"ReadAction","target":["https:\/\/permbledhja.com\/heshtja-per-sulmin-terrorist-te-banjske-mbetet-ende-e-shurdher-reagon-deputetja-britanike-pas-deklarates-se-hovenier\/"]}]},{"@type":"BreadcrumbList","@id":"https:\/\/permbledhja.com\/heshtja-per-sulmin-terrorist-te-banjske-mbetet-ende-e-shurdher-reagon-deputetja-britanike-pas-deklarates-se-hovenier\/#breadcrumb","itemListElement":[{"@type":"ListItem","position":1,"name":"Ballina","item":"https:\/\/permbledhja.com\/sq\/"},{"@type":"ListItem","position":2,"name":"\u201cHeshtja p\u00ebr sulmin terrorist t\u00eb Banjsk\u00eb mbetet ende e shurdh\u00ebr\u201d, reagon deputetja britanike pas deklarat\u00ebs s\u00eb Hovenier"}]},{"@type":"WebSite","@id":"https:\/\/permbledhja.com\/#website","url":"https:\/\/permbledhja.com\/","name":"Ve\u00e7 artikuj p\u00ebrmbledh\u00ebs","description":"","publisher":{"@id":"https:\/\/permbledhja.com\/#organization"},"potentialAction":[{"@type":"SearchAction","target":{"@type":"EntryPoint","urlTemplate":"https:\/\/permbledhja.com\/?s={search_term_string}"},"query-input":"required name=search_term_string"}],"inLanguage":"sq"},{"@type":"Organization","@id":"https:\/\/permbledhja.com\/#organization","name":"MK Media & Pr","url":"https:\/\/permbledhja.com\/","logo":{"@type":"ImageObject","inLanguage":"sq","@id":"https:\/\/permbledhja.com\/#\/schema\/logo\/image\/","url":"https:\/\/permbledhja.com\/wp-content\/uploads\/2021\/12\/07-Press-Logo.jpg","contentUrl":"https:\/\/permbledhja.com\/wp-content\/uploads\/2021\/12\/07-Press-Logo.jpg","width":512,"height":512,"caption":"MK Media & Pr"},"image":{"@id":"https:\/\/permbledhja.com\/#\/schema\/logo\/image\/"},"sameAs":["https:\/\/www.facebook.com\/press07\/"]},{"@type":"Person","@id":"https:\/\/permbledhja.com\/#\/schema\/person\/d23f13f59b5722643933d6780783acf3","name":"M M","image":{"@type":"ImageObject","inLanguage":"sq","@id":"https:\/\/permbledhja.com\/#\/schema\/person\/image\/","url":"https:\/\/secure.gravatar.com\/avatar\/e2835a76ca7c31a2416b2d51c4ec9a8f?s=96&d=mm&r=g","contentUrl":"https:\/\/secure.gravatar.com\/avatar\/e2835a76ca7c31a2416b2d51c4ec9a8f?s=96&d=mm&r=g","caption":"M M"},"sameAs":["http:\/\/MM"],"url":"https:\/\/permbledhja.com\/sq\/author\/muhamet\/"}]}},"_links":{"self":[{"href":"https:\/\/permbledhja.com\/sq\/wp-json\/wp\/v2\/posts\/45860"}],"collection":[{"href":"https:\/\/permbledhja.com\/sq\/wp-json\/wp\/v2\/posts"}],"about":[{"href":"https:\/\/permbledhja.com\/sq\/wp-json\/wp\/v2\/types\/post"}],"author":[{"embeddable":true,"href":"https:\/\/permbledhja.com\/sq\/wp-json\/wp\/v2\/users\/2"}],"replies":[{"embeddable":true,"href":"https:\/\/permbledhja.com\/sq\/wp-json\/wp\/v2\/comments?post=45860"}],"version-history":[{"count":1,"href":"https:\/\/permbledhja.com\/sq\/wp-json\/wp\/v2\/posts\/45860\/revisions"}],"predecessor-version":[{"id":45862,"href":"https:\/\/permbledhja.com\/sq\/wp-json\/wp\/v2\/posts\/45860\/revisions\/45862"}],"wp:featuredmedia":[{"embeddable":true,"href":"https:\/\/permbledhja.com\/sq\/wp-json\/wp\/v2\/media\/45861"}],"wp:attachment":[{"href":"https:\/\/permbledhja.com\/sq\/wp-json\/wp\/v2\/media?parent=45860"}],"wp:term":[{"taxonomy":"category","embeddable":true,"href":"https:\/\/permbledhja.com\/sq\/wp-json\/wp\/v2\/categories?post=45860"},{"taxonomy":"post_tag","embeddable":true,"href":"https:\/\/permbledhja.com\/sq\/wp-json\/wp\/v2\/tags?post=45860"}],"curies":[{"name":"wp","href":"https:\/\/api.w.org\/{rel}","templated":true}]}}