{"id":45792,"date":"2024-02-03T16:25:40","date_gmt":"2024-02-03T16:25:40","guid":{"rendered":"https:\/\/permbledhja.com\/?p=45792"},"modified":"2024-02-03T16:25:40","modified_gmt":"2024-02-03T16:25:40","slug":"keshilli-drejtues-i-pdk-se-ka-nisur-mbledhjen-po-diskutohet-per-mobilizimin-per-zgjedhje-dhe-asociacionin","status":"publish","type":"post","link":"https:\/\/permbledhja.com\/sq\/keshilli-drejtues-i-pdk-se-ka-nisur-mbledhjen-po-diskutohet-per-mobilizimin-per-zgjedhje-dhe-asociacionin\/","title":{"rendered":"K\u00ebshilli Drejtues i PDK-s\u00eb ka nisur mbledhjen, po diskutohet p\u00ebr \u201cmobilizimin p\u00ebr zgjedhje\u201d dhe Asociacionin"},"content":{"rendered":"<h3>Ka filluar t\u00eb mbahet mbledhja e K\u00ebshillit Drejtues t\u00eb Partis\u00eb Demokratike t\u00eb Kosov\u00ebs ku do t\u00eb diskutohet p\u00ebr \u201cmobilizimin e t\u00eb gjitha strukturave p\u00ebr zgjedhje nacionale\u201d dhe p\u00ebr draft-statutin e Asociacionit.<\/h3>\n<p>Si\u00e7 u b\u00eb e ditur partia \u201cpo diskuton p\u00ebr mobilizimin e menj\u00ebhersh\u00ebm t\u00eb gjitha strukturave t\u00eb partis\u00eb p\u00ebr zgjedhjet e ardhshme nacionale, p\u00ebr t\u00eb rikthyer besimin e qytetar\u00ebve me nj\u00eb Qeveri t\u00eb re q\u00eb e rikthen Kosov\u00ebn n\u00eb binar\u00ebt e zhvillimit, integrimit dhe perspektiv\u00ebs p\u00ebr t\u00eb gjith\u00eb\u201d.<\/p>\n<p>PDK po ashtu do t\u00eb flas\u00eb edhe rreth \u00e7\u00ebshtjes s\u00eb draft-statutit t\u00eb Asociacionit, p\u00ebr t\u00eb cilin kjo parti thot\u00eb se q\u00eb \u201cQeveria Kurti ia ka sjell\u00eb vendit nj\u00eb d\u00ebm t\u00eb madh, duke e pranuar draft-statutin e Asociacionit t\u00eb Komunave me Shumic\u00eb Serbe q\u00eb p\u00ebrmban kompetenca t\u00eb qarta ekzekutive\u201d.<\/p>\n<p>Sipas PDK-s\u00eb, ky draft-statut \u201cprish karakterin unitar t\u00eb shtetit ton\u00eb dhe q\u00eb \u00ebsht\u00eb n\u00eb kund\u00ebrshtim me Kushtetut\u00ebn e Republik\u00ebs s\u00eb Kosov\u00ebs dhe rrjedhimisht, Partia Demokratike e Kosov\u00ebs nuk mund ta mb\u00ebshtes\u00eb nj\u00eb propozim t\u00eb till\u00eb\u201d.\/Express\/<\/p>\n","protected":false},"excerpt":{"rendered":"<p>Ka filluar t\u00eb mbahet mbledhja e K\u00ebshillit Drejtues t\u00eb Partis\u00eb Demokratike t\u00eb Kosov\u00ebs ku do t\u00eb diskutohet p\u00ebr \u201cmobilizimin e t\u00eb gjitha strukturave p\u00ebr zgjedhje nacionale\u201d dhe p\u00ebr draft-statutin e Asociacionit. Si\u00e7 u b\u00eb e ditur partia \u201cpo diskuton p\u00ebr mobilizimin e menj\u00ebhersh\u00ebm t\u00eb gjitha strukturave t\u00eb partis\u00eb p\u00ebr zgjedhjet e ardhshme nacionale, p\u00ebr t\u00eb [&hellip;]<\/p>\n","protected":false},"author":1,"featured_media":45793,"comment_status":"closed","ping_status":"closed","sticky":false,"template":"","format":"standard","meta":{"_monsterinsights_skip_tracking":false,"_monsterinsights_sitenote_active":false,"_monsterinsights_sitenote_note":"","_monsterinsights_sitenote_category":0,"_uf_show_specific_survey":0,"_uf_disable_surveys":false,"footnotes":""},"categories":[1146],"tags":[697],"yoast_head":"<!-- This site is optimized with the Yoast SEO plugin v21.5 - https:\/\/yoast.com\/wordpress\/plugins\/seo\/ -->\n<title>K\u00ebshilli Drejtues i PDK-s\u00eb ka nisur mbledhjen, po diskutohet p\u00ebr \u201cmobilizimin p\u00ebr zgjedhje\u201d dhe Asociacionin<\/title>\n<meta name=\"robots\" content=\"index, follow, max-snippet:-1, max-image-preview:large, max-video-preview:-1\" \/>\n<link rel=\"canonical\" href=\"https:\/\/permbledhja.com\/sq\/keshilli-drejtues-i-pdk-se-ka-nisur-mbledhjen-po-diskutohet-per-mobilizimin-per-zgjedhje-dhe-asociacionin\/\" \/>\n<meta property=\"og:locale\" content=\"sq_AL\" \/>\n<meta property=\"og:type\" content=\"article\" \/>\n<meta property=\"og:title\" content=\"K\u00ebshilli Drejtues i PDK-s\u00eb ka nisur mbledhjen, po diskutohet p\u00ebr \u201cmobilizimin p\u00ebr zgjedhje\u201d dhe Asociacionin\" \/>\n<meta property=\"og:description\" content=\"Ka filluar t\u00eb mbahet mbledhja e K\u00ebshillit Drejtues t\u00eb Partis\u00eb Demokratike t\u00eb Kosov\u00ebs ku do t\u00eb diskutohet p\u00ebr \u201cmobilizimin e t\u00eb gjitha strukturave p\u00ebr zgjedhje nacionale\u201d dhe p\u00ebr draft-statutin e Asociacionit. Si\u00e7 u b\u00eb e ditur partia \u201cpo diskuton p\u00ebr mobilizimin e menj\u00ebhersh\u00ebm t\u00eb gjitha strukturave t\u00eb partis\u00eb p\u00ebr zgjedhjet e ardhshme nacionale, p\u00ebr t\u00eb [&hellip;]\" \/>\n<meta property=\"og:url\" content=\"https:\/\/permbledhja.com\/sq\/keshilli-drejtues-i-pdk-se-ka-nisur-mbledhjen-po-diskutohet-per-mobilizimin-per-zgjedhje-dhe-asociacionin\/\" \/>\n<meta property=\"og:site_name\" content=\"Ve\u00e7 artikuj p\u00ebrmbledh\u00ebs\" \/>\n<meta property=\"article:publisher\" content=\"https:\/\/www.facebook.com\/press07\/\" \/>\n<meta property=\"article:author\" content=\"https:\/\/www.facebook.com\/kafexhiu.muharrem\/\" \/>\n<meta property=\"article:published_time\" content=\"2024-02-03T16:25:40+00:00\" \/>\n<meta property=\"og:image\" content=\"https:\/\/permbledhja.com\/wp-content\/uploads\/2024\/02\/BB994DB5-458C-4F82-81D1-8FE68F9AC309.jpeg\" \/>\n\t<meta property=\"og:image:width\" content=\"600\" \/>\n\t<meta property=\"og:image:height\" content=\"360\" \/>\n\t<meta property=\"og:image:type\" content=\"image\/jpeg\" \/>\n<meta name=\"author\" content=\"P\u00ebrmbledhja\" \/>\n<meta name=\"twitter:card\" content=\"summary_large_image\" \/>\n<meta name=\"twitter:label1\" content=\"Written by\" \/>\n\t<meta name=\"twitter:data1\" content=\"P\u00ebrmbledhja\" \/>\n\t<meta name=\"twitter:label2\" content=\"Est. reading time\" \/>\n\t<meta name=\"twitter:data2\" content=\"1 minut\u00eb\" \/>\n<script type=\"application\/ld+json\" class=\"yoast-schema-graph\">{\"@context\":\"https:\/\/schema.org\",\"@graph\":[{\"@type\":\"Article\",\"@id\":\"https:\/\/permbledhja.com\/sq\/keshilli-drejtues-i-pdk-se-ka-nisur-mbledhjen-po-diskutohet-per-mobilizimin-per-zgjedhje-dhe-asociacionin\/#article\",\"isPartOf\":{\"@id\":\"https:\/\/permbledhja.com\/sq\/keshilli-drejtues-i-pdk-se-ka-nisur-mbledhjen-po-diskutohet-per-mobilizimin-per-zgjedhje-dhe-asociacionin\/\"},\"author\":{\"name\":\"P\u00ebrmbledhja\",\"@id\":\"https:\/\/permbledhja.com\/#\/schema\/person\/0d064377258d3221e50693947b9eb4fe\"},\"headline\":\"K\u00ebshilli Drejtues i PDK-s\u00eb ka nisur mbledhjen, po diskutohet p\u00ebr \u201cmobilizimin p\u00ebr zgjedhje\u201d dhe Asociacionin\",\"datePublished\":\"2024-02-03T16:25:40+00:00\",\"dateModified\":\"2024-02-03T16:25:40+00:00\",\"mainEntityOfPage\":{\"@id\":\"https:\/\/permbledhja.com\/sq\/keshilli-drejtues-i-pdk-se-ka-nisur-mbledhjen-po-diskutohet-per-mobilizimin-per-zgjedhje-dhe-asociacionin\/\"},\"wordCount\":204,\"publisher\":{\"@id\":\"https:\/\/permbledhja.com\/#organization\"},\"keywords\":[\"Asociacioni\"],\"articleSection\":[\"Kryesoret\"],\"inLanguage\":\"sq\"},{\"@type\":\"WebPage\",\"@id\":\"https:\/\/permbledhja.com\/sq\/keshilli-drejtues-i-pdk-se-ka-nisur-mbledhjen-po-diskutohet-per-mobilizimin-per-zgjedhje-dhe-asociacionin\/\",\"url\":\"https:\/\/permbledhja.com\/sq\/keshilli-drejtues-i-pdk-se-ka-nisur-mbledhjen-po-diskutohet-per-mobilizimin-per-zgjedhje-dhe-asociacionin\/\",\"name\":\"K\u00ebshilli Drejtues i PDK-s\u00eb ka nisur mbledhjen, po diskutohet p\u00ebr \u201cmobilizimin p\u00ebr zgjedhje\u201d dhe Asociacionin\",\"isPartOf\":{\"@id\":\"https:\/\/permbledhja.com\/#website\"},\"datePublished\":\"2024-02-03T16:25:40+00:00\",\"dateModified\":\"2024-02-03T16:25:40+00:00\",\"breadcrumb\":{\"@id\":\"https:\/\/permbledhja.com\/sq\/keshilli-drejtues-i-pdk-se-ka-nisur-mbledhjen-po-diskutohet-per-mobilizimin-per-zgjedhje-dhe-asociacionin\/#breadcrumb\"},\"inLanguage\":\"sq\",\"potentialAction\":[{\"@type\":\"ReadAction\",\"target\":[\"https:\/\/permbledhja.com\/sq\/keshilli-drejtues-i-pdk-se-ka-nisur-mbledhjen-po-diskutohet-per-mobilizimin-per-zgjedhje-dhe-asociacionin\/\"]}]},{\"@type\":\"BreadcrumbList\",\"@id\":\"https:\/\/permbledhja.com\/sq\/keshilli-drejtues-i-pdk-se-ka-nisur-mbledhjen-po-diskutohet-per-mobilizimin-per-zgjedhje-dhe-asociacionin\/#breadcrumb\",\"itemListElement\":[{\"@type\":\"ListItem\",\"position\":1,\"name\":\"Ballina\",\"item\":\"https:\/\/permbledhja.com\/sq\/\"},{\"@type\":\"ListItem\",\"position\":2,\"name\":\"K\u00ebshilli Drejtues i PDK-s\u00eb ka nisur mbledhjen, po diskutohet p\u00ebr \u201cmobilizimin p\u00ebr zgjedhje\u201d dhe Asociacionin\"}]},{\"@type\":\"WebSite\",\"@id\":\"https:\/\/permbledhja.com\/#website\",\"url\":\"https:\/\/permbledhja.com\/\",\"name\":\"Ve\u00e7 artikuj p\u00ebrmbledh\u00ebs\",\"description\":\"\",\"publisher\":{\"@id\":\"https:\/\/permbledhja.com\/#organization\"},\"potentialAction\":[{\"@type\":\"SearchAction\",\"target\":{\"@type\":\"EntryPoint\",\"urlTemplate\":\"https:\/\/permbledhja.com\/?s={search_term_string}\"},\"query-input\":\"required name=search_term_string\"}],\"inLanguage\":\"sq\"},{\"@type\":\"Organization\",\"@id\":\"https:\/\/permbledhja.com\/#organization\",\"name\":\"MK Media & Pr\",\"url\":\"https:\/\/permbledhja.com\/\",\"logo\":{\"@type\":\"ImageObject\",\"inLanguage\":\"sq\",\"@id\":\"https:\/\/permbledhja.com\/#\/schema\/logo\/image\/\",\"url\":\"https:\/\/permbledhja.com\/wp-content\/uploads\/2021\/12\/07-Press-Logo.jpg\",\"contentUrl\":\"https:\/\/permbledhja.com\/wp-content\/uploads\/2021\/12\/07-Press-Logo.jpg\",\"width\":512,\"height\":512,\"caption\":\"MK Media & Pr\"},\"image\":{\"@id\":\"https:\/\/permbledhja.com\/#\/schema\/logo\/image\/\"},\"sameAs\":[\"https:\/\/www.facebook.com\/press07\/\"]},{\"@type\":\"Person\",\"@id\":\"https:\/\/permbledhja.com\/#\/schema\/person\/0d064377258d3221e50693947b9eb4fe\",\"name\":\"P\u00ebrmbledhja\",\"image\":{\"@type\":\"ImageObject\",\"inLanguage\":\"sq\",\"@id\":\"https:\/\/permbledhja.com\/#\/schema\/person\/image\/\",\"url\":\"https:\/\/permbledhja.com\/wp-content\/uploads\/2026\/01\/452004717_1040944174702970_8932037511805513407_n-96x96.jpg\",\"contentUrl\":\"https:\/\/permbledhja.com\/wp-content\/uploads\/2026\/01\/452004717_1040944174702970_8932037511805513407_n-96x96.jpg\",\"caption\":\"P\u00ebrmbledhja\"},\"sameAs\":[\"https:\/\/www.facebook.com\/kafexhiu.muharrem\/\",\"https:\/\/www.instagram.com\/muharrem_kafexhiu\/\"],\"url\":\"https:\/\/permbledhja.com\/sq\/author\/admin\/\"}]}<\/script>\n<!-- \/ Yoast SEO plugin. -->","yoast_head_json":{"title":"K\u00ebshilli Drejtues i PDK-s\u00eb ka nisur mbledhjen, po diskutohet p\u00ebr \u201cmobilizimin p\u00ebr zgjedhje\u201d dhe Asociacionin","robots":{"index":"index","follow":"follow","max-snippet":"max-snippet:-1","max-image-preview":"max-image-preview:large","max-video-preview":"max-video-preview:-1"},"canonical":"https:\/\/permbledhja.com\/sq\/keshilli-drejtues-i-pdk-se-ka-nisur-mbledhjen-po-diskutohet-per-mobilizimin-per-zgjedhje-dhe-asociacionin\/","og_locale":"sq_AL","og_type":"article","og_title":"K\u00ebshilli Drejtues i PDK-s\u00eb ka nisur mbledhjen, po diskutohet p\u00ebr \u201cmobilizimin p\u00ebr zgjedhje\u201d dhe Asociacionin","og_description":"Ka filluar t\u00eb mbahet mbledhja e K\u00ebshillit Drejtues t\u00eb Partis\u00eb Demokratike t\u00eb Kosov\u00ebs ku do t\u00eb diskutohet p\u00ebr \u201cmobilizimin e t\u00eb gjitha strukturave p\u00ebr zgjedhje nacionale\u201d dhe p\u00ebr draft-statutin e Asociacionit. Si\u00e7 u b\u00eb e ditur partia \u201cpo diskuton p\u00ebr mobilizimin e menj\u00ebhersh\u00ebm t\u00eb gjitha strukturave t\u00eb partis\u00eb p\u00ebr zgjedhjet e ardhshme nacionale, p\u00ebr t\u00eb [&hellip;]","og_url":"https:\/\/permbledhja.com\/sq\/keshilli-drejtues-i-pdk-se-ka-nisur-mbledhjen-po-diskutohet-per-mobilizimin-per-zgjedhje-dhe-asociacionin\/","og_site_name":"Ve\u00e7 artikuj p\u00ebrmbledh\u00ebs","article_publisher":"https:\/\/www.facebook.com\/press07\/","article_author":"https:\/\/www.facebook.com\/kafexhiu.muharrem\/","article_published_time":"2024-02-03T16:25:40+00:00","og_image":[{"width":600,"height":360,"url":"https:\/\/permbledhja.com\/wp-content\/uploads\/2024\/02\/BB994DB5-458C-4F82-81D1-8FE68F9AC309.jpeg","type":"image\/jpeg"}],"author":"P\u00ebrmbledhja","twitter_card":"summary_large_image","twitter_misc":{"Written by":"P\u00ebrmbledhja","Est. reading time":"1 minut\u00eb"},"schema":{"@context":"https:\/\/schema.org","@graph":[{"@type":"Article","@id":"https:\/\/permbledhja.com\/sq\/keshilli-drejtues-i-pdk-se-ka-nisur-mbledhjen-po-diskutohet-per-mobilizimin-per-zgjedhje-dhe-asociacionin\/#article","isPartOf":{"@id":"https:\/\/permbledhja.com\/sq\/keshilli-drejtues-i-pdk-se-ka-nisur-mbledhjen-po-diskutohet-per-mobilizimin-per-zgjedhje-dhe-asociacionin\/"},"author":{"name":"P\u00ebrmbledhja","@id":"https:\/\/permbledhja.com\/#\/schema\/person\/0d064377258d3221e50693947b9eb4fe"},"headline":"K\u00ebshilli Drejtues i PDK-s\u00eb ka nisur mbledhjen, po diskutohet p\u00ebr \u201cmobilizimin p\u00ebr zgjedhje\u201d dhe Asociacionin","datePublished":"2024-02-03T16:25:40+00:00","dateModified":"2024-02-03T16:25:40+00:00","mainEntityOfPage":{"@id":"https:\/\/permbledhja.com\/sq\/keshilli-drejtues-i-pdk-se-ka-nisur-mbledhjen-po-diskutohet-per-mobilizimin-per-zgjedhje-dhe-asociacionin\/"},"wordCount":204,"publisher":{"@id":"https:\/\/permbledhja.com\/#organization"},"keywords":["Asociacioni"],"articleSection":["Kryesoret"],"inLanguage":"sq"},{"@type":"WebPage","@id":"https:\/\/permbledhja.com\/sq\/keshilli-drejtues-i-pdk-se-ka-nisur-mbledhjen-po-diskutohet-per-mobilizimin-per-zgjedhje-dhe-asociacionin\/","url":"https:\/\/permbledhja.com\/sq\/keshilli-drejtues-i-pdk-se-ka-nisur-mbledhjen-po-diskutohet-per-mobilizimin-per-zgjedhje-dhe-asociacionin\/","name":"K\u00ebshilli Drejtues i PDK-s\u00eb ka nisur mbledhjen, po diskutohet p\u00ebr \u201cmobilizimin p\u00ebr zgjedhje\u201d dhe Asociacionin","isPartOf":{"@id":"https:\/\/permbledhja.com\/#website"},"datePublished":"2024-02-03T16:25:40+00:00","dateModified":"2024-02-03T16:25:40+00:00","breadcrumb":{"@id":"https:\/\/permbledhja.com\/sq\/keshilli-drejtues-i-pdk-se-ka-nisur-mbledhjen-po-diskutohet-per-mobilizimin-per-zgjedhje-dhe-asociacionin\/#breadcrumb"},"inLanguage":"sq","potentialAction":[{"@type":"ReadAction","target":["https:\/\/permbledhja.com\/sq\/keshilli-drejtues-i-pdk-se-ka-nisur-mbledhjen-po-diskutohet-per-mobilizimin-per-zgjedhje-dhe-asociacionin\/"]}]},{"@type":"BreadcrumbList","@id":"https:\/\/permbledhja.com\/sq\/keshilli-drejtues-i-pdk-se-ka-nisur-mbledhjen-po-diskutohet-per-mobilizimin-per-zgjedhje-dhe-asociacionin\/#breadcrumb","itemListElement":[{"@type":"ListItem","position":1,"name":"Ballina","item":"https:\/\/permbledhja.com\/sq\/"},{"@type":"ListItem","position":2,"name":"K\u00ebshilli Drejtues i PDK-s\u00eb ka nisur mbledhjen, po diskutohet p\u00ebr \u201cmobilizimin p\u00ebr zgjedhje\u201d dhe Asociacionin"}]},{"@type":"WebSite","@id":"https:\/\/permbledhja.com\/#website","url":"https:\/\/permbledhja.com\/","name":"Ve\u00e7 artikuj p\u00ebrmbledh\u00ebs","description":"","publisher":{"@id":"https:\/\/permbledhja.com\/#organization"},"potentialAction":[{"@type":"SearchAction","target":{"@type":"EntryPoint","urlTemplate":"https:\/\/permbledhja.com\/?s={search_term_string}"},"query-input":"required name=search_term_string"}],"inLanguage":"sq"},{"@type":"Organization","@id":"https:\/\/permbledhja.com\/#organization","name":"MK Media & Pr","url":"https:\/\/permbledhja.com\/","logo":{"@type":"ImageObject","inLanguage":"sq","@id":"https:\/\/permbledhja.com\/#\/schema\/logo\/image\/","url":"https:\/\/permbledhja.com\/wp-content\/uploads\/2021\/12\/07-Press-Logo.jpg","contentUrl":"https:\/\/permbledhja.com\/wp-content\/uploads\/2021\/12\/07-Press-Logo.jpg","width":512,"height":512,"caption":"MK Media & Pr"},"image":{"@id":"https:\/\/permbledhja.com\/#\/schema\/logo\/image\/"},"sameAs":["https:\/\/www.facebook.com\/press07\/"]},{"@type":"Person","@id":"https:\/\/permbledhja.com\/#\/schema\/person\/0d064377258d3221e50693947b9eb4fe","name":"P\u00ebrmbledhja","image":{"@type":"ImageObject","inLanguage":"sq","@id":"https:\/\/permbledhja.com\/#\/schema\/person\/image\/","url":"https:\/\/permbledhja.com\/wp-content\/uploads\/2026\/01\/452004717_1040944174702970_8932037511805513407_n-96x96.jpg","contentUrl":"https:\/\/permbledhja.com\/wp-content\/uploads\/2026\/01\/452004717_1040944174702970_8932037511805513407_n-96x96.jpg","caption":"P\u00ebrmbledhja"},"sameAs":["https:\/\/www.facebook.com\/kafexhiu.muharrem\/","https:\/\/www.instagram.com\/muharrem_kafexhiu\/"],"url":"https:\/\/permbledhja.com\/sq\/author\/admin\/"}]}},"_links":{"self":[{"href":"https:\/\/permbledhja.com\/sq\/wp-json\/wp\/v2\/posts\/45792"}],"collection":[{"href":"https:\/\/permbledhja.com\/sq\/wp-json\/wp\/v2\/posts"}],"about":[{"href":"https:\/\/permbledhja.com\/sq\/wp-json\/wp\/v2\/types\/post"}],"author":[{"embeddable":true,"href":"https:\/\/permbledhja.com\/sq\/wp-json\/wp\/v2\/users\/1"}],"replies":[{"embeddable":true,"href":"https:\/\/permbledhja.com\/sq\/wp-json\/wp\/v2\/comments?post=45792"}],"version-history":[{"count":1,"href":"https:\/\/permbledhja.com\/sq\/wp-json\/wp\/v2\/posts\/45792\/revisions"}],"predecessor-version":[{"id":45794,"href":"https:\/\/permbledhja.com\/sq\/wp-json\/wp\/v2\/posts\/45792\/revisions\/45794"}],"wp:featuredmedia":[{"embeddable":true,"href":"https:\/\/permbledhja.com\/sq\/wp-json\/wp\/v2\/media\/45793"}],"wp:attachment":[{"href":"https:\/\/permbledhja.com\/sq\/wp-json\/wp\/v2\/media?parent=45792"}],"wp:term":[{"taxonomy":"category","embeddable":true,"href":"https:\/\/permbledhja.com\/sq\/wp-json\/wp\/v2\/categories?post=45792"},{"taxonomy":"post_tag","embeddable":true,"href":"https:\/\/permbledhja.com\/sq\/wp-json\/wp\/v2\/tags?post=45792"}],"curies":[{"name":"wp","href":"https:\/\/api.w.org\/{rel}","templated":true}]}}