{"id":45789,"date":"2024-02-03T13:20:10","date_gmt":"2024-02-03T13:20:10","guid":{"rendered":"https:\/\/permbledhja.com\/?p=45789"},"modified":"2024-02-03T13:20:10","modified_gmt":"2024-02-03T13:20:10","slug":"keshillit-te-be-se-i-dergohet-propozimi-qe-kushtezon-anetaresimin-e-serbise-me-zbatimin-e-marreveshjeve-me-kosoven","status":"publish","type":"post","link":"https:\/\/permbledhja.com\/sq\/keshillit-te-be-se-i-dergohet-propozimi-qe-kushtezon-anetaresimin-e-serbise-me-zbatimin-e-marreveshjeve-me-kosoven\/","title":{"rendered":"K\u00ebshillit t\u00eb BE-s\u00eb i d\u00ebrgohet propozimi q\u00eb kusht\u00ebzon an\u00ebtar\u00ebsimin e Serbis\u00eb me zbatimin e marr\u00ebveshjeve me Kosov\u00ebn"},"content":{"rendered":"<h3>Komisioni Evropian dhe Sh\u00ebrbimi i Veprimit t\u00eb Jasht\u00ebm i Bashkimit Evropian (EEAS) ia kan\u00eb dor\u00ebzuar t\u00eb premten K\u00ebshillit t\u00eb BE-s\u00eb nj\u00eb propozim p\u00ebr ta ndryshuar dhe plot\u00ebsuar korniz\u00ebn e bisedimeve me Serbin\u00eb p\u00ebr an\u00ebtar\u00ebsimin e saj n\u00eb bllok.<\/h3>\n<p>Ndryshimet n\u00eb kapitullin 35 kan\u00eb t\u00eb b\u00ebjn\u00eb me p\u00ebrfshirjen si kusht detyrues p\u00ebr Serbin\u00eb edhe zbatimin e marr\u00ebveshjeve q\u00eb ajo i ka arritur deri tani me Kosov\u00ebn n\u00eb dialogun e nd\u00ebrmjet\u00ebsuar nga blloku evropian, kan\u00eb konfirmuar p\u00ebr Radion Evropa e Lir\u00eb burimet brenda BE-s\u00eb.<\/p>\n<p>Ky propozim u dor\u00ebzua dy dit\u00eb m\u00eb von\u00eb se afati q\u00eb e kishin dh\u00ebn\u00eb vendet an\u00ebtare n\u00eb takimin e 12 dhjetorit t\u00eb vitit t\u00eb shkuar, kur kishin k\u00ebrkuar q\u00eb para fundit t\u00eb muajit janar t\u00eb k\u00ebtij viti Komisioni dhe EEAS ta dor\u00ebzonin propozimin.<\/p>\n<p>K\u00ebrkesa p\u00ebr ndryshimin formal t\u00eb kushteve n\u00eb kapitullin 35 p\u00ebr Serbin\u00eb vjen pasi kryeministrja e Serbis\u00eb, Ana B\u00ebrnabiq, tha n\u00eb dhjetor se vendi i saj nuk do t\u2019i zbatonte t\u00eb gjitha marr\u00ebveshjet p\u00ebr t\u00eb cilat u pajtua me Kosov\u00ebn.<\/p>\n<p>Pas arritjes s\u00eb Marr\u00ebveshjes n\u00eb Bruksel n\u00eb muajin shkurt t\u00eb vitit t\u00eb kaluar dhe aneksit p\u00ebr zbatimin e saj n\u00eb Oh\u00ebr n\u00eb mars, Bashkimi Evropian kishte ngulur k\u00ebmb\u00eb se k\u00ebto marr\u00ebveshja jan\u00eb ligj\u00ebrisht obliguese p\u00ebr pal\u00ebt, pavar\u00ebsisht se ato nuk jan\u00eb n\u00ebnshkruar.<\/p>\n<p>N\u00eb rastin e Serbis\u00eb, sipas zyrtar\u00ebve t\u00eb BE-s\u00eb, zbatimi do t\u00eb b\u00ebhet edhe formalisht obligues duke u p\u00ebrfshir\u00eb si kusht specifik n\u00eb korniz\u00ebn e bisedimeve t\u00eb saj p\u00ebr an\u00ebtar\u00ebsim n\u00eb bllok.<\/p>\n<p>Por, p\u00ebr m\u00eb shum\u00eb se dhjet\u00eb muaj BE-ja nuk e kishte ndryshuar k\u00ebt\u00eb korniz\u00eb. Prandaj, n\u00eb konkluzionet q\u00eb i nxor\u00ebn nga takimi i K\u00ebshillit t\u00eb \u00c7\u00ebshtjeve t\u00eb P\u00ebrgjithshme, ministrat e vendeve an\u00ebtare kishin k\u00ebrkuar q\u00eb kjo t\u00eb ndodh\u00eb sa m\u00eb par\u00eb dhe Komisioni dhe EEAS ta b\u00ebjn\u00eb propozimin e tyre.<\/p>\n<p>\u201cK\u00ebshilli k\u00ebrkon nga Komisioni dhe nga p\u00ebrfaq\u00ebsuesi i lart\u00eb q\u00eb urgjentisht, para fundit t\u00eb janarit t\u00eb vitit 2024, propozojn\u00eb dhe plot\u00ebsojn\u00eb kushtet nga kapitulli 35 i negociatave t\u00eb an\u00ebtar\u00ebsimit p\u00ebr Serbin\u00eb\u201d thuhej n\u00eb k\u00ebto konkluzione. Ato m\u00eb von\u00eb ishin mb\u00ebshtetur edhe nga shefat e shteteve an\u00ebtare n\u00eb samitin e BE-s\u00eb n\u00eb Bruksel.<\/p>\n<p>Kapitulli i 35 i negociatave t\u00eb an\u00ebtar\u00ebsimit, i cili quhet \u201c\u00e7\u00ebshtjet tjera\u201d n\u00eb rastin e Serbis\u00eb p\u00ebrfshin edhe normalizimin e raporteve me Kosov\u00ebn. Ky kapitull ishte hapur nd\u00ebr t\u00eb par\u00ebt qysh n\u00eb dhjetor\u00eb t\u00eb vitit 2015, p\u00ebr t\u00eb p\u00ebrcjell\u00eb p\u00ebrmes tij p\u00ebrparimin drejt normalizimit t\u00eb marr\u00ebdh\u00ebnieve mes dy vendeve.<\/p>\n<p>Bashkimi Evropian gjithmon\u00eb u ka d\u00ebrguar porosi Beogradit dhe Prishtin\u00ebs se rrug\u00ebtimi tyre drejt an\u00ebtar\u00ebsimit n\u00eb bllok kalon p\u00ebrmes p\u00ebrparimit n\u00eb normalizimin e marr\u00ebdh\u00ebnieve mes vete.<\/p>\n<p>K\u00ebshilli i BE-s\u00eb tani duhet ta votoj\u00eb propozimin e Komisionit dhe EEAS p\u00ebr ndryshimin dhe plot\u00ebsimin e kapitullin 35 p\u00ebr Serbin\u00eb.<\/p>\n<p>Disa burime diplomatike brenda BE-s\u00eb kan\u00eb th\u00ebn\u00eb se vonesat n\u00eb dor\u00ebzimin e propozimit ndodh\u00ebn p\u00ebr shkak t\u00eb disa kund\u00ebrshtimeve q\u00eb kishte b\u00ebr\u00eb Oliver Verhelyi, komisionari p\u00ebr Zgjerim dhe Fqinj\u00ebsi i BE-s\u00eb. EEAS ishte m\u00eb i interesuar q\u00eb kjo t\u00eb ndodhte sa m\u00eb shpejt.<\/p>\n<p>Kur n\u00eb Oh\u00ebr t\u00eb Maqedonis\u00eb s\u00eb Veriut m\u00eb 18 mars ishte arritur pajtimi p\u00ebr aneksin p\u00ebr zbatimin e Marr\u00ebveshjes baz\u00eb, mes tjerash ishte th\u00ebn\u00eb se menj\u00ebher\u00eb pas k\u00ebsaj marr\u00ebveshjeje do t\u00eb niste puna p\u00ebr ndryshimin e kushteve n\u00eb kapitullin 35 p\u00ebr bisedime me Serbin\u00eb, i cili do t\u00eb p\u00ebrfshinte edhe detyrimin q\u00eb ajo ta zbatonte Marr\u00ebveshjen dhe aneksin e saj.<\/p>\n<p>K\u00ebmb\u00ebngul\u00ebsia e vendeve an\u00ebtare q\u00eb kjo t\u00eb ndodhte sa m\u00eb par\u00eb ishte b\u00ebr\u00eb p\u00ebr ta p\u00ebrshpejtuar procesin, pasi disa diplomat\u00eb vler\u00ebsonin se Verhelyi po e zvarriste pun\u00ebn n\u00eb k\u00ebt\u00eb drejtim.<\/p>\n<p>\u201cP\u00ebrkund\u00ebr konkluzioneve t\u00eb qarta nga dy dokumente nga niveli m\u00eb i lart\u00eb i BE-s\u00eb, Varhelyi q\u00ebndronte kund\u00ebr dhe deri n\u00eb momentin e fundit bllokonte k\u00ebt\u00eb propozim\u201d, tha p\u00ebr Radion Evropa e Lir\u00eb nj\u00eb zyrtar i BE-s\u00eb.<\/p>\n<p>Sipas t\u00eb nj\u00ebjtave burime, ndaj Verhelyit ishte b\u00ebr\u00eb trysni nga shefi i diplomacis\u00eb s\u00eb BE-s\u00eb, Josep Borrell dhe nga disa ende an\u00ebtare t\u00eb bllokut. N\u00eb disa raste, diplomat\u00ebt e BE-s\u00eb kan\u00eb th\u00ebn\u00eb se Varhelyi po e ndjek q\u00ebndrimin e kryeministrit t\u00eb Hungaris\u00eb Viktor Orban, i cili edhe e kishte propozuar q\u00eb ai t\u00eb jet\u00eb komisionar nga ky shtet n\u00eb ekzekutivin e Bashkimit Evropian.<\/p>\n<p>Pamje nga takimi i 27 shkurtit n\u00eb Bruksel mes kryeministrit t\u00eb Kosov\u00ebs, Albin Kurti, presidentit serb, Aleksandar Vu\u00e7iq dhe diplomat\u00ebve t\u00eb Bashkimit Evropian, Josep Borell dhe Mirosllav Laj\u00e7ak, n\u00eb t\u00eb cilin \u00ebsht\u00eb arritur pajtueshm\u00ebri p\u00ebr Marr\u00ebveshjen Baz\u00eb.<\/p>\n<p>Ndaj Varhelyit kritika kishte shprehur edhe Parlamenti Evropian. N\u00eb nj\u00eb rezolut\u00eb nga muaji janar i vitit 2023 ishte k\u00ebrkuar edhe nj\u00eb hetim i paansh\u00ebm p\u00ebr m\u00ebnyr\u00ebn se si ushtron postin e tij Verhelyi, sepse parlamentar\u00ebt evropian\u00eb dyshonin se ai po i shkelte rregullat etike t\u00eb Komisionit Evropian.<\/p>\n<p>Vendimi p\u00ebr ndryshime n\u00eb kapitullin 35 p\u00ebr Serbin\u00eb, sikur secili vendim n\u00eb procesin e zgjerimit t\u00eb BE-s\u00eb, miratohet me pajtimin e t\u00eb gjitha vendeve an\u00ebtare.<\/p>\n<p>Nd\u00ebrkoh\u00eb, n\u00eb rastin e Kosov\u00ebs, detyrimet p\u00ebr zbatimin e marr\u00ebveshjeve me Serin\u00eb do t\u00eb p\u00ebrfshihen n\u00eb agjend\u00ebn e grupit t\u00eb posa\u00e7\u00ebm p\u00ebr normalizim, pasi Kosova nuk e ka akoma statusin e vendit kandidat p\u00ebr an\u00ebtar\u00ebsim n\u00eb BE.<\/p>\n<p>BE-ja ngul k\u00ebmb\u00eb se deklarata e p\u00ebrfaq\u00ebsuesit t\u00eb BE-s\u00eb p\u00ebr Politik\u00eb t\u00eb Jashtme dhe Siguri, Josep Borrell, p\u00ebr pajtimin rreth marr\u00ebveshjes ka fuqin\u00eb e nj\u00eb marr\u00ebveshje ligj\u00ebrisht obliguese, edhe pse ajo nuk \u00ebsht\u00eb n\u00ebnshkruar.<\/p>\n<p>BE-ja vazhdon t\u00eb pohoj\u00eb se \u00ebsht\u00eb e zhg\u00ebnjyer se asnj\u00ebra pal\u00eb deri tash nuk ka b\u00ebr\u00eb p\u00ebrparim t\u00eb duhur n\u00eb zbatimin e obligimeve.\/REL\/<\/p>\n","protected":false},"excerpt":{"rendered":"<p>Komisioni Evropian dhe Sh\u00ebrbimi i Veprimit t\u00eb Jasht\u00ebm i Bashkimit Evropian (EEAS) ia kan\u00eb dor\u00ebzuar t\u00eb premten K\u00ebshillit t\u00eb BE-s\u00eb nj\u00eb propozim p\u00ebr ta ndryshuar dhe plot\u00ebsuar korniz\u00ebn e bisedimeve me Serbin\u00eb p\u00ebr an\u00ebtar\u00ebsimin e saj n\u00eb bllok. Ndryshimet n\u00eb kapitullin 35 kan\u00eb t\u00eb b\u00ebjn\u00eb me p\u00ebrfshirjen si kusht detyrues p\u00ebr Serbin\u00eb edhe zbatimin e [&hellip;]<\/p>\n","protected":false},"author":1,"featured_media":45790,"comment_status":"closed","ping_status":"closed","sticky":false,"template":"","format":"standard","meta":{"_monsterinsights_skip_tracking":false,"_monsterinsights_sitenote_active":false,"_monsterinsights_sitenote_note":"","_monsterinsights_sitenote_category":0,"_uf_show_specific_survey":0,"_uf_disable_surveys":false,"footnotes":""},"categories":[1146],"tags":[487],"yoast_head":"<!-- This site is optimized with the Yoast SEO plugin v21.5 - https:\/\/yoast.com\/wordpress\/plugins\/seo\/ -->\n<title>K\u00ebshillit t\u00eb BE-s\u00eb i d\u00ebrgohet propozimi q\u00eb kusht\u00ebzon an\u00ebtar\u00ebsimin e Serbis\u00eb me zbatimin e marr\u00ebveshjeve me Kosov\u00ebn<\/title>\n<meta name=\"robots\" content=\"index, follow, max-snippet:-1, max-image-preview:large, max-video-preview:-1\" \/>\n<link rel=\"canonical\" href=\"https:\/\/permbledhja.com\/sq\/keshillit-te-be-se-i-dergohet-propozimi-qe-kushtezon-anetaresimin-e-serbise-me-zbatimin-e-marreveshjeve-me-kosoven\/\" \/>\n<meta property=\"og:locale\" content=\"sq_AL\" \/>\n<meta property=\"og:type\" content=\"article\" \/>\n<meta property=\"og:title\" content=\"K\u00ebshillit t\u00eb BE-s\u00eb i d\u00ebrgohet propozimi q\u00eb kusht\u00ebzon an\u00ebtar\u00ebsimin e Serbis\u00eb me zbatimin e marr\u00ebveshjeve me Kosov\u00ebn\" \/>\n<meta property=\"og:description\" content=\"Komisioni Evropian dhe Sh\u00ebrbimi i Veprimit t\u00eb Jasht\u00ebm i Bashkimit Evropian (EEAS) ia kan\u00eb dor\u00ebzuar t\u00eb premten K\u00ebshillit t\u00eb BE-s\u00eb nj\u00eb propozim p\u00ebr ta ndryshuar dhe plot\u00ebsuar korniz\u00ebn e bisedimeve me Serbin\u00eb p\u00ebr an\u00ebtar\u00ebsimin e saj n\u00eb bllok. Ndryshimet n\u00eb kapitullin 35 kan\u00eb t\u00eb b\u00ebjn\u00eb me p\u00ebrfshirjen si kusht detyrues p\u00ebr Serbin\u00eb edhe zbatimin e [&hellip;]\" \/>\n<meta property=\"og:url\" content=\"https:\/\/permbledhja.com\/sq\/keshillit-te-be-se-i-dergohet-propozimi-qe-kushtezon-anetaresimin-e-serbise-me-zbatimin-e-marreveshjeve-me-kosoven\/\" \/>\n<meta property=\"og:site_name\" content=\"Ve\u00e7 artikuj p\u00ebrmbledh\u00ebs\" \/>\n<meta property=\"article:publisher\" content=\"https:\/\/www.facebook.com\/press07\/\" \/>\n<meta property=\"article:author\" content=\"https:\/\/www.facebook.com\/kafexhiu.muharrem\/\" \/>\n<meta property=\"article:published_time\" content=\"2024-02-03T13:20:10+00:00\" \/>\n<meta property=\"og:image\" content=\"https:\/\/permbledhja.com\/wp-content\/uploads\/2024\/02\/D12ED124-5179-4CB8-9EA6-8E21766CFE83.jpeg\" \/>\n\t<meta property=\"og:image:width\" content=\"600\" \/>\n\t<meta property=\"og:image:height\" content=\"360\" \/>\n\t<meta property=\"og:image:type\" content=\"image\/jpeg\" \/>\n<meta name=\"author\" content=\"P\u00ebrmbledhja\" \/>\n<meta name=\"twitter:card\" content=\"summary_large_image\" \/>\n<meta name=\"twitter:label1\" content=\"Written by\" \/>\n\t<meta name=\"twitter:data1\" content=\"P\u00ebrmbledhja\" \/>\n\t<meta name=\"twitter:label2\" content=\"Est. reading time\" \/>\n\t<meta name=\"twitter:data2\" content=\"5 minuta\" \/>\n<script type=\"application\/ld+json\" class=\"yoast-schema-graph\">{\"@context\":\"https:\/\/schema.org\",\"@graph\":[{\"@type\":\"Article\",\"@id\":\"https:\/\/permbledhja.com\/keshillit-te-be-se-i-dergohet-propozimi-qe-kushtezon-anetaresimin-e-serbise-me-zbatimin-e-marreveshjeve-me-kosoven\/#article\",\"isPartOf\":{\"@id\":\"https:\/\/permbledhja.com\/keshillit-te-be-se-i-dergohet-propozimi-qe-kushtezon-anetaresimin-e-serbise-me-zbatimin-e-marreveshjeve-me-kosoven\/\"},\"author\":{\"name\":\"P\u00ebrmbledhja\",\"@id\":\"https:\/\/permbledhja.com\/#\/schema\/person\/0d064377258d3221e50693947b9eb4fe\"},\"headline\":\"K\u00ebshillit t\u00eb BE-s\u00eb i d\u00ebrgohet propozimi q\u00eb kusht\u00ebzon an\u00ebtar\u00ebsimin e Serbis\u00eb me zbatimin e marr\u00ebveshjeve me Kosov\u00ebn\",\"datePublished\":\"2024-02-03T13:20:10+00:00\",\"dateModified\":\"2024-02-03T13:20:10+00:00\",\"mainEntityOfPage\":{\"@id\":\"https:\/\/permbledhja.com\/keshillit-te-be-se-i-dergohet-propozimi-qe-kushtezon-anetaresimin-e-serbise-me-zbatimin-e-marreveshjeve-me-kosoven\/\"},\"wordCount\":1058,\"publisher\":{\"@id\":\"https:\/\/permbledhja.com\/#organization\"},\"keywords\":[\"BE\"],\"articleSection\":[\"Kryesoret\"],\"inLanguage\":\"sq\"},{\"@type\":\"WebPage\",\"@id\":\"https:\/\/permbledhja.com\/keshillit-te-be-se-i-dergohet-propozimi-qe-kushtezon-anetaresimin-e-serbise-me-zbatimin-e-marreveshjeve-me-kosoven\/\",\"url\":\"https:\/\/permbledhja.com\/keshillit-te-be-se-i-dergohet-propozimi-qe-kushtezon-anetaresimin-e-serbise-me-zbatimin-e-marreveshjeve-me-kosoven\/\",\"name\":\"K\u00ebshillit t\u00eb BE-s\u00eb i d\u00ebrgohet propozimi q\u00eb kusht\u00ebzon an\u00ebtar\u00ebsimin e Serbis\u00eb me zbatimin e marr\u00ebveshjeve me Kosov\u00ebn\",\"isPartOf\":{\"@id\":\"https:\/\/permbledhja.com\/#website\"},\"datePublished\":\"2024-02-03T13:20:10+00:00\",\"dateModified\":\"2024-02-03T13:20:10+00:00\",\"breadcrumb\":{\"@id\":\"https:\/\/permbledhja.com\/keshillit-te-be-se-i-dergohet-propozimi-qe-kushtezon-anetaresimin-e-serbise-me-zbatimin-e-marreveshjeve-me-kosoven\/#breadcrumb\"},\"inLanguage\":\"sq\",\"potentialAction\":[{\"@type\":\"ReadAction\",\"target\":[\"https:\/\/permbledhja.com\/keshillit-te-be-se-i-dergohet-propozimi-qe-kushtezon-anetaresimin-e-serbise-me-zbatimin-e-marreveshjeve-me-kosoven\/\"]}]},{\"@type\":\"BreadcrumbList\",\"@id\":\"https:\/\/permbledhja.com\/keshillit-te-be-se-i-dergohet-propozimi-qe-kushtezon-anetaresimin-e-serbise-me-zbatimin-e-marreveshjeve-me-kosoven\/#breadcrumb\",\"itemListElement\":[{\"@type\":\"ListItem\",\"position\":1,\"name\":\"Ballina\",\"item\":\"https:\/\/permbledhja.com\/sq\/\"},{\"@type\":\"ListItem\",\"position\":2,\"name\":\"K\u00ebshillit t\u00eb BE-s\u00eb i d\u00ebrgohet propozimi q\u00eb kusht\u00ebzon an\u00ebtar\u00ebsimin e Serbis\u00eb me zbatimin e marr\u00ebveshjeve me Kosov\u00ebn\"}]},{\"@type\":\"WebSite\",\"@id\":\"https:\/\/permbledhja.com\/#website\",\"url\":\"https:\/\/permbledhja.com\/\",\"name\":\"Ve\u00e7 artikuj p\u00ebrmbledh\u00ebs\",\"description\":\"\",\"publisher\":{\"@id\":\"https:\/\/permbledhja.com\/#organization\"},\"potentialAction\":[{\"@type\":\"SearchAction\",\"target\":{\"@type\":\"EntryPoint\",\"urlTemplate\":\"https:\/\/permbledhja.com\/?s={search_term_string}\"},\"query-input\":\"required name=search_term_string\"}],\"inLanguage\":\"sq\"},{\"@type\":\"Organization\",\"@id\":\"https:\/\/permbledhja.com\/#organization\",\"name\":\"MK Media & Pr\",\"url\":\"https:\/\/permbledhja.com\/\",\"logo\":{\"@type\":\"ImageObject\",\"inLanguage\":\"sq\",\"@id\":\"https:\/\/permbledhja.com\/#\/schema\/logo\/image\/\",\"url\":\"https:\/\/permbledhja.com\/wp-content\/uploads\/2021\/12\/07-Press-Logo.jpg\",\"contentUrl\":\"https:\/\/permbledhja.com\/wp-content\/uploads\/2021\/12\/07-Press-Logo.jpg\",\"width\":512,\"height\":512,\"caption\":\"MK Media & Pr\"},\"image\":{\"@id\":\"https:\/\/permbledhja.com\/#\/schema\/logo\/image\/\"},\"sameAs\":[\"https:\/\/www.facebook.com\/press07\/\"]},{\"@type\":\"Person\",\"@id\":\"https:\/\/permbledhja.com\/#\/schema\/person\/0d064377258d3221e50693947b9eb4fe\",\"name\":\"P\u00ebrmbledhja\",\"image\":{\"@type\":\"ImageObject\",\"inLanguage\":\"sq\",\"@id\":\"https:\/\/permbledhja.com\/#\/schema\/person\/image\/\",\"url\":\"https:\/\/permbledhja.com\/wp-content\/uploads\/2026\/01\/452004717_1040944174702970_8932037511805513407_n-96x96.jpg\",\"contentUrl\":\"https:\/\/permbledhja.com\/wp-content\/uploads\/2026\/01\/452004717_1040944174702970_8932037511805513407_n-96x96.jpg\",\"caption\":\"P\u00ebrmbledhja\"},\"sameAs\":[\"https:\/\/www.facebook.com\/kafexhiu.muharrem\/\",\"https:\/\/www.instagram.com\/muharrem_kafexhiu\/\"],\"url\":\"https:\/\/permbledhja.com\/sq\/author\/admin\/\"}]}<\/script>\n<!-- \/ Yoast SEO plugin. -->","yoast_head_json":{"title":"K\u00ebshillit t\u00eb BE-s\u00eb i d\u00ebrgohet propozimi q\u00eb kusht\u00ebzon an\u00ebtar\u00ebsimin e Serbis\u00eb me zbatimin e marr\u00ebveshjeve me Kosov\u00ebn","robots":{"index":"index","follow":"follow","max-snippet":"max-snippet:-1","max-image-preview":"max-image-preview:large","max-video-preview":"max-video-preview:-1"},"canonical":"https:\/\/permbledhja.com\/sq\/keshillit-te-be-se-i-dergohet-propozimi-qe-kushtezon-anetaresimin-e-serbise-me-zbatimin-e-marreveshjeve-me-kosoven\/","og_locale":"sq_AL","og_type":"article","og_title":"K\u00ebshillit t\u00eb BE-s\u00eb i d\u00ebrgohet propozimi q\u00eb kusht\u00ebzon an\u00ebtar\u00ebsimin e Serbis\u00eb me zbatimin e marr\u00ebveshjeve me Kosov\u00ebn","og_description":"Komisioni Evropian dhe Sh\u00ebrbimi i Veprimit t\u00eb Jasht\u00ebm i Bashkimit Evropian (EEAS) ia kan\u00eb dor\u00ebzuar t\u00eb premten K\u00ebshillit t\u00eb BE-s\u00eb nj\u00eb propozim p\u00ebr ta ndryshuar dhe plot\u00ebsuar korniz\u00ebn e bisedimeve me Serbin\u00eb p\u00ebr an\u00ebtar\u00ebsimin e saj n\u00eb bllok. Ndryshimet n\u00eb kapitullin 35 kan\u00eb t\u00eb b\u00ebjn\u00eb me p\u00ebrfshirjen si kusht detyrues p\u00ebr Serbin\u00eb edhe zbatimin e [&hellip;]","og_url":"https:\/\/permbledhja.com\/sq\/keshillit-te-be-se-i-dergohet-propozimi-qe-kushtezon-anetaresimin-e-serbise-me-zbatimin-e-marreveshjeve-me-kosoven\/","og_site_name":"Ve\u00e7 artikuj p\u00ebrmbledh\u00ebs","article_publisher":"https:\/\/www.facebook.com\/press07\/","article_author":"https:\/\/www.facebook.com\/kafexhiu.muharrem\/","article_published_time":"2024-02-03T13:20:10+00:00","og_image":[{"width":600,"height":360,"url":"https:\/\/permbledhja.com\/wp-content\/uploads\/2024\/02\/D12ED124-5179-4CB8-9EA6-8E21766CFE83.jpeg","type":"image\/jpeg"}],"author":"P\u00ebrmbledhja","twitter_card":"summary_large_image","twitter_misc":{"Written by":"P\u00ebrmbledhja","Est. reading time":"5 minuta"},"schema":{"@context":"https:\/\/schema.org","@graph":[{"@type":"Article","@id":"https:\/\/permbledhja.com\/keshillit-te-be-se-i-dergohet-propozimi-qe-kushtezon-anetaresimin-e-serbise-me-zbatimin-e-marreveshjeve-me-kosoven\/#article","isPartOf":{"@id":"https:\/\/permbledhja.com\/keshillit-te-be-se-i-dergohet-propozimi-qe-kushtezon-anetaresimin-e-serbise-me-zbatimin-e-marreveshjeve-me-kosoven\/"},"author":{"name":"P\u00ebrmbledhja","@id":"https:\/\/permbledhja.com\/#\/schema\/person\/0d064377258d3221e50693947b9eb4fe"},"headline":"K\u00ebshillit t\u00eb BE-s\u00eb i d\u00ebrgohet propozimi q\u00eb kusht\u00ebzon an\u00ebtar\u00ebsimin e Serbis\u00eb me zbatimin e marr\u00ebveshjeve me Kosov\u00ebn","datePublished":"2024-02-03T13:20:10+00:00","dateModified":"2024-02-03T13:20:10+00:00","mainEntityOfPage":{"@id":"https:\/\/permbledhja.com\/keshillit-te-be-se-i-dergohet-propozimi-qe-kushtezon-anetaresimin-e-serbise-me-zbatimin-e-marreveshjeve-me-kosoven\/"},"wordCount":1058,"publisher":{"@id":"https:\/\/permbledhja.com\/#organization"},"keywords":["BE"],"articleSection":["Kryesoret"],"inLanguage":"sq"},{"@type":"WebPage","@id":"https:\/\/permbledhja.com\/keshillit-te-be-se-i-dergohet-propozimi-qe-kushtezon-anetaresimin-e-serbise-me-zbatimin-e-marreveshjeve-me-kosoven\/","url":"https:\/\/permbledhja.com\/keshillit-te-be-se-i-dergohet-propozimi-qe-kushtezon-anetaresimin-e-serbise-me-zbatimin-e-marreveshjeve-me-kosoven\/","name":"K\u00ebshillit t\u00eb BE-s\u00eb i d\u00ebrgohet propozimi q\u00eb kusht\u00ebzon an\u00ebtar\u00ebsimin e Serbis\u00eb me zbatimin e marr\u00ebveshjeve me Kosov\u00ebn","isPartOf":{"@id":"https:\/\/permbledhja.com\/#website"},"datePublished":"2024-02-03T13:20:10+00:00","dateModified":"2024-02-03T13:20:10+00:00","breadcrumb":{"@id":"https:\/\/permbledhja.com\/keshillit-te-be-se-i-dergohet-propozimi-qe-kushtezon-anetaresimin-e-serbise-me-zbatimin-e-marreveshjeve-me-kosoven\/#breadcrumb"},"inLanguage":"sq","potentialAction":[{"@type":"ReadAction","target":["https:\/\/permbledhja.com\/keshillit-te-be-se-i-dergohet-propozimi-qe-kushtezon-anetaresimin-e-serbise-me-zbatimin-e-marreveshjeve-me-kosoven\/"]}]},{"@type":"BreadcrumbList","@id":"https:\/\/permbledhja.com\/keshillit-te-be-se-i-dergohet-propozimi-qe-kushtezon-anetaresimin-e-serbise-me-zbatimin-e-marreveshjeve-me-kosoven\/#breadcrumb","itemListElement":[{"@type":"ListItem","position":1,"name":"Ballina","item":"https:\/\/permbledhja.com\/sq\/"},{"@type":"ListItem","position":2,"name":"K\u00ebshillit t\u00eb BE-s\u00eb i d\u00ebrgohet propozimi q\u00eb kusht\u00ebzon an\u00ebtar\u00ebsimin e Serbis\u00eb me zbatimin e marr\u00ebveshjeve me Kosov\u00ebn"}]},{"@type":"WebSite","@id":"https:\/\/permbledhja.com\/#website","url":"https:\/\/permbledhja.com\/","name":"Ve\u00e7 artikuj p\u00ebrmbledh\u00ebs","description":"","publisher":{"@id":"https:\/\/permbledhja.com\/#organization"},"potentialAction":[{"@type":"SearchAction","target":{"@type":"EntryPoint","urlTemplate":"https:\/\/permbledhja.com\/?s={search_term_string}"},"query-input":"required name=search_term_string"}],"inLanguage":"sq"},{"@type":"Organization","@id":"https:\/\/permbledhja.com\/#organization","name":"MK Media & Pr","url":"https:\/\/permbledhja.com\/","logo":{"@type":"ImageObject","inLanguage":"sq","@id":"https:\/\/permbledhja.com\/#\/schema\/logo\/image\/","url":"https:\/\/permbledhja.com\/wp-content\/uploads\/2021\/12\/07-Press-Logo.jpg","contentUrl":"https:\/\/permbledhja.com\/wp-content\/uploads\/2021\/12\/07-Press-Logo.jpg","width":512,"height":512,"caption":"MK Media & Pr"},"image":{"@id":"https:\/\/permbledhja.com\/#\/schema\/logo\/image\/"},"sameAs":["https:\/\/www.facebook.com\/press07\/"]},{"@type":"Person","@id":"https:\/\/permbledhja.com\/#\/schema\/person\/0d064377258d3221e50693947b9eb4fe","name":"P\u00ebrmbledhja","image":{"@type":"ImageObject","inLanguage":"sq","@id":"https:\/\/permbledhja.com\/#\/schema\/person\/image\/","url":"https:\/\/permbledhja.com\/wp-content\/uploads\/2026\/01\/452004717_1040944174702970_8932037511805513407_n-96x96.jpg","contentUrl":"https:\/\/permbledhja.com\/wp-content\/uploads\/2026\/01\/452004717_1040944174702970_8932037511805513407_n-96x96.jpg","caption":"P\u00ebrmbledhja"},"sameAs":["https:\/\/www.facebook.com\/kafexhiu.muharrem\/","https:\/\/www.instagram.com\/muharrem_kafexhiu\/"],"url":"https:\/\/permbledhja.com\/sq\/author\/admin\/"}]}},"_links":{"self":[{"href":"https:\/\/permbledhja.com\/sq\/wp-json\/wp\/v2\/posts\/45789"}],"collection":[{"href":"https:\/\/permbledhja.com\/sq\/wp-json\/wp\/v2\/posts"}],"about":[{"href":"https:\/\/permbledhja.com\/sq\/wp-json\/wp\/v2\/types\/post"}],"author":[{"embeddable":true,"href":"https:\/\/permbledhja.com\/sq\/wp-json\/wp\/v2\/users\/1"}],"replies":[{"embeddable":true,"href":"https:\/\/permbledhja.com\/sq\/wp-json\/wp\/v2\/comments?post=45789"}],"version-history":[{"count":1,"href":"https:\/\/permbledhja.com\/sq\/wp-json\/wp\/v2\/posts\/45789\/revisions"}],"predecessor-version":[{"id":45791,"href":"https:\/\/permbledhja.com\/sq\/wp-json\/wp\/v2\/posts\/45789\/revisions\/45791"}],"wp:featuredmedia":[{"embeddable":true,"href":"https:\/\/permbledhja.com\/sq\/wp-json\/wp\/v2\/media\/45790"}],"wp:attachment":[{"href":"https:\/\/permbledhja.com\/sq\/wp-json\/wp\/v2\/media?parent=45789"}],"wp:term":[{"taxonomy":"category","embeddable":true,"href":"https:\/\/permbledhja.com\/sq\/wp-json\/wp\/v2\/categories?post=45789"},{"taxonomy":"post_tag","embeddable":true,"href":"https:\/\/permbledhja.com\/sq\/wp-json\/wp\/v2\/tags?post=45789"}],"curies":[{"name":"wp","href":"https:\/\/api.w.org\/{rel}","templated":true}]}}