{"id":45643,"date":"2024-02-01T13:56:47","date_gmt":"2024-02-01T13:56:47","guid":{"rendered":"https:\/\/permbledhja.com\/?p=45643"},"modified":"2024-02-01T13:56:47","modified_gmt":"2024-02-01T13:56:47","slug":"svecla-e-krasniqi-per-serbine-e-rusine-ska-vend-ne-kosove","status":"publish","type":"post","link":"https:\/\/permbledhja.com\/sq\/svecla-e-krasniqi-per-serbine-e-rusine-ska-vend-ne-kosove\/","title":{"rendered":"Sve\u00e7la e Krasniqi: P\u00ebr Serbin\u00eb e Rusin\u00eb s\u2019ka vend n\u00eb Kosov\u00eb"},"content":{"rendered":"<h3>Ministri i Pun\u00ebve t\u00eb Brendshme, Xhelal Sve\u00e7la dhe ministri i Administrimit t\u00eb Pushtetit Lokal, Elbert Krasniqi, t\u00eb enjten kan\u00eb q\u00ebndruar n\u00eb Mitrovic\u00ebn e Veriut, nga ku kan\u00eb deklaruar se provokimet dhe k\u00ebrc\u00ebnimet e Serbis\u00eb nuk i trembin dhe do t\u00eb vazhdojn\u00eb nd\u00ebrtimin e sht\u00ebpive t\u00eb shqiptar\u00ebve n\u00eb kat\u00ebr komunat veriore.<\/h3>\n<p>Policia e Kosov\u00ebs \u00ebsht\u00eb duke e hetuar rastin e vendosjes s\u00eb mbishkrimeve k\u00ebrc\u00ebnuese dhe nxit\u00ebse t\u00eb urrejtjes nd\u00ebretnike n\u00eb lagjen Kroi i Vitakut n\u00eb sht\u00ebpit\u00eb shqiptare, t\u00eb cilat jan\u00eb duke u rind\u00ebrtuar me investimin e Qeveris\u00eb s\u00eb Kosov\u00ebs.<\/p>\n<p>Me k\u00ebt\u00eb rast, ministri i Pun\u00ebve t\u00eb Brendshme \u00ebsht\u00eb zotuar se akter\u00ebt e k\u00ebtij akti do t\u00eb vihen para drejt\u00ebsis\u00eb.<\/p>\n<p>\u201cSht\u00ebpit\u00eb q\u00eb po rind\u00ebrtohen me pronar\u00eb shqiptar\u00eb jan\u00eb mbuluar me parulla ekstremiste, t\u00eb cilat nuk kan\u00eb vend n\u00eb Republik\u00ebn e Kosov\u00ebs. \u00c7far\u00ebdo gjuhe e urrejtes nd\u00ebretnike, \u00e7far\u00ebdo gjuhe q\u00eb ndjell\u00eb dhun\u00eb \u00ebsht\u00eb e d\u00ebnueshme. Akter\u00ebt do t\u00eb zbulohen dhe do t\u00eb vihen para drejt\u00ebsis\u00eb. Si\u00e7 e kemi th\u00ebn\u00eb edhe m\u00eb her\u00ebt, p\u00ebr Serbin\u00eb e Rusin\u00eb s\u2019ka vend n\u00eb Kosov\u00eb\u201d, ka th\u00ebn\u00eb Sve\u00e7la.<\/p>\n","protected":false},"excerpt":{"rendered":"<p>Ministri i Pun\u00ebve t\u00eb Brendshme, Xhelal Sve\u00e7la dhe ministri i Administrimit t\u00eb Pushtetit Lokal, Elbert Krasniqi, t\u00eb enjten kan\u00eb q\u00ebndruar n\u00eb Mitrovic\u00ebn e Veriut, nga ku kan\u00eb deklaruar se provokimet dhe k\u00ebrc\u00ebnimet e Serbis\u00eb nuk i trembin dhe do t\u00eb vazhdojn\u00eb nd\u00ebrtimin e sht\u00ebpive t\u00eb shqiptar\u00ebve n\u00eb kat\u00ebr komunat veriore. Policia e Kosov\u00ebs \u00ebsht\u00eb duke [&hellip;]<\/p>\n","protected":false},"author":5,"featured_media":45644,"comment_status":"closed","ping_status":"closed","sticky":false,"template":"","format":"standard","meta":{"_monsterinsights_skip_tracking":false,"_monsterinsights_sitenote_active":false,"_monsterinsights_sitenote_note":"","_monsterinsights_sitenote_category":0,"_uf_show_specific_survey":0,"_uf_disable_surveys":false,"footnotes":""},"categories":[2645],"tags":[],"yoast_head":"<!-- This site is optimized with the Yoast SEO plugin v21.5 - https:\/\/yoast.com\/wordpress\/plugins\/seo\/ -->\n<title>Sve\u00e7la e Krasniqi: P\u00ebr Serbin\u00eb e Rusin\u00eb s\u2019ka vend n\u00eb Kosov\u00eb<\/title>\n<meta name=\"robots\" content=\"index, follow, max-snippet:-1, max-image-preview:large, max-video-preview:-1\" \/>\n<link rel=\"canonical\" href=\"https:\/\/permbledhja.com\/sq\/svecla-e-krasniqi-per-serbine-e-rusine-ska-vend-ne-kosove\/\" \/>\n<meta property=\"og:locale\" content=\"sq_AL\" \/>\n<meta property=\"og:type\" content=\"article\" \/>\n<meta property=\"og:title\" content=\"Sve\u00e7la e Krasniqi: P\u00ebr Serbin\u00eb e Rusin\u00eb s\u2019ka vend n\u00eb Kosov\u00eb\" \/>\n<meta property=\"og:description\" content=\"Ministri i Pun\u00ebve t\u00eb Brendshme, Xhelal Sve\u00e7la dhe ministri i Administrimit t\u00eb Pushtetit Lokal, Elbert Krasniqi, t\u00eb enjten kan\u00eb q\u00ebndruar n\u00eb Mitrovic\u00ebn e Veriut, nga ku kan\u00eb deklaruar se provokimet dhe k\u00ebrc\u00ebnimet e Serbis\u00eb nuk i trembin dhe do t\u00eb vazhdojn\u00eb nd\u00ebrtimin e sht\u00ebpive t\u00eb shqiptar\u00ebve n\u00eb kat\u00ebr komunat veriore. Policia e Kosov\u00ebs \u00ebsht\u00eb duke [&hellip;]\" \/>\n<meta property=\"og:url\" content=\"https:\/\/permbledhja.com\/sq\/svecla-e-krasniqi-per-serbine-e-rusine-ska-vend-ne-kosove\/\" \/>\n<meta property=\"og:site_name\" content=\"Ve\u00e7 artikuj p\u00ebrmbledh\u00ebs\" \/>\n<meta property=\"article:publisher\" content=\"https:\/\/www.facebook.com\/press07\/\" \/>\n<meta property=\"article:published_time\" content=\"2024-02-01T13:56:47+00:00\" \/>\n<meta property=\"og:image\" content=\"https:\/\/permbledhja.com\/wp-content\/uploads\/2024\/02\/sveqla.jpg\" \/>\n\t<meta property=\"og:image:width\" content=\"600\" \/>\n\t<meta property=\"og:image:height\" content=\"360\" \/>\n\t<meta property=\"og:image:type\" content=\"image\/jpeg\" \/>\n<meta name=\"author\" content=\"DL\" \/>\n<meta name=\"twitter:card\" content=\"summary_large_image\" \/>\n<meta name=\"twitter:label1\" content=\"Written by\" \/>\n\t<meta name=\"twitter:data1\" content=\"DL\" \/>\n\t<meta name=\"twitter:label2\" content=\"Est. reading time\" \/>\n\t<meta name=\"twitter:data2\" content=\"1 minut\u00eb\" \/>\n<script type=\"application\/ld+json\" class=\"yoast-schema-graph\">{\"@context\":\"https:\/\/schema.org\",\"@graph\":[{\"@type\":\"Article\",\"@id\":\"https:\/\/permbledhja.com\/sq\/svecla-e-krasniqi-per-serbine-e-rusine-ska-vend-ne-kosove\/#article\",\"isPartOf\":{\"@id\":\"https:\/\/permbledhja.com\/sq\/svecla-e-krasniqi-per-serbine-e-rusine-ska-vend-ne-kosove\/\"},\"author\":{\"name\":\"DL\",\"@id\":\"https:\/\/permbledhja.com\/#\/schema\/person\/9c54260cbc4c6f792cb100550491638c\"},\"headline\":\"Sve\u00e7la e Krasniqi: P\u00ebr Serbin\u00eb e Rusin\u00eb s\u2019ka vend n\u00eb Kosov\u00eb\",\"datePublished\":\"2024-02-01T13:56:47+00:00\",\"dateModified\":\"2024-02-01T13:56:47+00:00\",\"mainEntityOfPage\":{\"@id\":\"https:\/\/permbledhja.com\/sq\/svecla-e-krasniqi-per-serbine-e-rusine-ska-vend-ne-kosove\/\"},\"wordCount\":223,\"publisher\":{\"@id\":\"https:\/\/permbledhja.com\/#organization\"},\"articleSection\":[\"T\u00eb r\u00ebnd\u00ebsishme\"],\"inLanguage\":\"sq\"},{\"@type\":\"WebPage\",\"@id\":\"https:\/\/permbledhja.com\/sq\/svecla-e-krasniqi-per-serbine-e-rusine-ska-vend-ne-kosove\/\",\"url\":\"https:\/\/permbledhja.com\/sq\/svecla-e-krasniqi-per-serbine-e-rusine-ska-vend-ne-kosove\/\",\"name\":\"Sve\u00e7la e Krasniqi: P\u00ebr Serbin\u00eb e Rusin\u00eb s\u2019ka vend n\u00eb Kosov\u00eb\",\"isPartOf\":{\"@id\":\"https:\/\/permbledhja.com\/#website\"},\"datePublished\":\"2024-02-01T13:56:47+00:00\",\"dateModified\":\"2024-02-01T13:56:47+00:00\",\"breadcrumb\":{\"@id\":\"https:\/\/permbledhja.com\/sq\/svecla-e-krasniqi-per-serbine-e-rusine-ska-vend-ne-kosove\/#breadcrumb\"},\"inLanguage\":\"sq\",\"potentialAction\":[{\"@type\":\"ReadAction\",\"target\":[\"https:\/\/permbledhja.com\/sq\/svecla-e-krasniqi-per-serbine-e-rusine-ska-vend-ne-kosove\/\"]}]},{\"@type\":\"BreadcrumbList\",\"@id\":\"https:\/\/permbledhja.com\/sq\/svecla-e-krasniqi-per-serbine-e-rusine-ska-vend-ne-kosove\/#breadcrumb\",\"itemListElement\":[{\"@type\":\"ListItem\",\"position\":1,\"name\":\"Ballina\",\"item\":\"https:\/\/permbledhja.com\/sq\/\"},{\"@type\":\"ListItem\",\"position\":2,\"name\":\"Sve\u00e7la e Krasniqi: P\u00ebr Serbin\u00eb e Rusin\u00eb s\u2019ka vend n\u00eb Kosov\u00eb\"}]},{\"@type\":\"WebSite\",\"@id\":\"https:\/\/permbledhja.com\/#website\",\"url\":\"https:\/\/permbledhja.com\/\",\"name\":\"Ve\u00e7 artikuj p\u00ebrmbledh\u00ebs\",\"description\":\"\",\"publisher\":{\"@id\":\"https:\/\/permbledhja.com\/#organization\"},\"potentialAction\":[{\"@type\":\"SearchAction\",\"target\":{\"@type\":\"EntryPoint\",\"urlTemplate\":\"https:\/\/permbledhja.com\/?s={search_term_string}\"},\"query-input\":\"required name=search_term_string\"}],\"inLanguage\":\"sq\"},{\"@type\":\"Organization\",\"@id\":\"https:\/\/permbledhja.com\/#organization\",\"name\":\"MK Media & Pr\",\"url\":\"https:\/\/permbledhja.com\/\",\"logo\":{\"@type\":\"ImageObject\",\"inLanguage\":\"sq\",\"@id\":\"https:\/\/permbledhja.com\/#\/schema\/logo\/image\/\",\"url\":\"https:\/\/permbledhja.com\/wp-content\/uploads\/2021\/12\/07-Press-Logo.jpg\",\"contentUrl\":\"https:\/\/permbledhja.com\/wp-content\/uploads\/2021\/12\/07-Press-Logo.jpg\",\"width\":512,\"height\":512,\"caption\":\"MK Media & Pr\"},\"image\":{\"@id\":\"https:\/\/permbledhja.com\/#\/schema\/logo\/image\/\"},\"sameAs\":[\"https:\/\/www.facebook.com\/press07\/\"]},{\"@type\":\"Person\",\"@id\":\"https:\/\/permbledhja.com\/#\/schema\/person\/9c54260cbc4c6f792cb100550491638c\",\"name\":\"DL\",\"image\":{\"@type\":\"ImageObject\",\"inLanguage\":\"sq\",\"@id\":\"https:\/\/permbledhja.com\/#\/schema\/person\/image\/\",\"url\":\"https:\/\/secure.gravatar.com\/avatar\/94503eb28d4c4b2005a5c8753e35fc80?s=96&d=mm&r=g\",\"contentUrl\":\"https:\/\/secure.gravatar.com\/avatar\/94503eb28d4c4b2005a5c8753e35fc80?s=96&d=mm&r=g\",\"caption\":\"DL\"},\"url\":\"https:\/\/permbledhja.com\/sq\/author\/dl\/\"}]}<\/script>\n<!-- \/ Yoast SEO plugin. -->","yoast_head_json":{"title":"Sve\u00e7la e Krasniqi: P\u00ebr Serbin\u00eb e Rusin\u00eb s\u2019ka vend n\u00eb Kosov\u00eb","robots":{"index":"index","follow":"follow","max-snippet":"max-snippet:-1","max-image-preview":"max-image-preview:large","max-video-preview":"max-video-preview:-1"},"canonical":"https:\/\/permbledhja.com\/sq\/svecla-e-krasniqi-per-serbine-e-rusine-ska-vend-ne-kosove\/","og_locale":"sq_AL","og_type":"article","og_title":"Sve\u00e7la e Krasniqi: P\u00ebr Serbin\u00eb e Rusin\u00eb s\u2019ka vend n\u00eb Kosov\u00eb","og_description":"Ministri i Pun\u00ebve t\u00eb Brendshme, Xhelal Sve\u00e7la dhe ministri i Administrimit t\u00eb Pushtetit Lokal, Elbert Krasniqi, t\u00eb enjten kan\u00eb q\u00ebndruar n\u00eb Mitrovic\u00ebn e Veriut, nga ku kan\u00eb deklaruar se provokimet dhe k\u00ebrc\u00ebnimet e Serbis\u00eb nuk i trembin dhe do t\u00eb vazhdojn\u00eb nd\u00ebrtimin e sht\u00ebpive t\u00eb shqiptar\u00ebve n\u00eb kat\u00ebr komunat veriore. Policia e Kosov\u00ebs \u00ebsht\u00eb duke [&hellip;]","og_url":"https:\/\/permbledhja.com\/sq\/svecla-e-krasniqi-per-serbine-e-rusine-ska-vend-ne-kosove\/","og_site_name":"Ve\u00e7 artikuj p\u00ebrmbledh\u00ebs","article_publisher":"https:\/\/www.facebook.com\/press07\/","article_published_time":"2024-02-01T13:56:47+00:00","og_image":[{"width":600,"height":360,"url":"https:\/\/permbledhja.com\/wp-content\/uploads\/2024\/02\/sveqla.jpg","type":"image\/jpeg"}],"author":"DL","twitter_card":"summary_large_image","twitter_misc":{"Written by":"DL","Est. reading time":"1 minut\u00eb"},"schema":{"@context":"https:\/\/schema.org","@graph":[{"@type":"Article","@id":"https:\/\/permbledhja.com\/sq\/svecla-e-krasniqi-per-serbine-e-rusine-ska-vend-ne-kosove\/#article","isPartOf":{"@id":"https:\/\/permbledhja.com\/sq\/svecla-e-krasniqi-per-serbine-e-rusine-ska-vend-ne-kosove\/"},"author":{"name":"DL","@id":"https:\/\/permbledhja.com\/#\/schema\/person\/9c54260cbc4c6f792cb100550491638c"},"headline":"Sve\u00e7la e Krasniqi: P\u00ebr Serbin\u00eb e Rusin\u00eb s\u2019ka vend n\u00eb Kosov\u00eb","datePublished":"2024-02-01T13:56:47+00:00","dateModified":"2024-02-01T13:56:47+00:00","mainEntityOfPage":{"@id":"https:\/\/permbledhja.com\/sq\/svecla-e-krasniqi-per-serbine-e-rusine-ska-vend-ne-kosove\/"},"wordCount":223,"publisher":{"@id":"https:\/\/permbledhja.com\/#organization"},"articleSection":["T\u00eb r\u00ebnd\u00ebsishme"],"inLanguage":"sq"},{"@type":"WebPage","@id":"https:\/\/permbledhja.com\/sq\/svecla-e-krasniqi-per-serbine-e-rusine-ska-vend-ne-kosove\/","url":"https:\/\/permbledhja.com\/sq\/svecla-e-krasniqi-per-serbine-e-rusine-ska-vend-ne-kosove\/","name":"Sve\u00e7la e Krasniqi: P\u00ebr Serbin\u00eb e Rusin\u00eb s\u2019ka vend n\u00eb Kosov\u00eb","isPartOf":{"@id":"https:\/\/permbledhja.com\/#website"},"datePublished":"2024-02-01T13:56:47+00:00","dateModified":"2024-02-01T13:56:47+00:00","breadcrumb":{"@id":"https:\/\/permbledhja.com\/sq\/svecla-e-krasniqi-per-serbine-e-rusine-ska-vend-ne-kosove\/#breadcrumb"},"inLanguage":"sq","potentialAction":[{"@type":"ReadAction","target":["https:\/\/permbledhja.com\/sq\/svecla-e-krasniqi-per-serbine-e-rusine-ska-vend-ne-kosove\/"]}]},{"@type":"BreadcrumbList","@id":"https:\/\/permbledhja.com\/sq\/svecla-e-krasniqi-per-serbine-e-rusine-ska-vend-ne-kosove\/#breadcrumb","itemListElement":[{"@type":"ListItem","position":1,"name":"Ballina","item":"https:\/\/permbledhja.com\/sq\/"},{"@type":"ListItem","position":2,"name":"Sve\u00e7la e Krasniqi: P\u00ebr Serbin\u00eb e Rusin\u00eb s\u2019ka vend n\u00eb Kosov\u00eb"}]},{"@type":"WebSite","@id":"https:\/\/permbledhja.com\/#website","url":"https:\/\/permbledhja.com\/","name":"Ve\u00e7 artikuj p\u00ebrmbledh\u00ebs","description":"","publisher":{"@id":"https:\/\/permbledhja.com\/#organization"},"potentialAction":[{"@type":"SearchAction","target":{"@type":"EntryPoint","urlTemplate":"https:\/\/permbledhja.com\/?s={search_term_string}"},"query-input":"required name=search_term_string"}],"inLanguage":"sq"},{"@type":"Organization","@id":"https:\/\/permbledhja.com\/#organization","name":"MK Media & Pr","url":"https:\/\/permbledhja.com\/","logo":{"@type":"ImageObject","inLanguage":"sq","@id":"https:\/\/permbledhja.com\/#\/schema\/logo\/image\/","url":"https:\/\/permbledhja.com\/wp-content\/uploads\/2021\/12\/07-Press-Logo.jpg","contentUrl":"https:\/\/permbledhja.com\/wp-content\/uploads\/2021\/12\/07-Press-Logo.jpg","width":512,"height":512,"caption":"MK Media & Pr"},"image":{"@id":"https:\/\/permbledhja.com\/#\/schema\/logo\/image\/"},"sameAs":["https:\/\/www.facebook.com\/press07\/"]},{"@type":"Person","@id":"https:\/\/permbledhja.com\/#\/schema\/person\/9c54260cbc4c6f792cb100550491638c","name":"DL","image":{"@type":"ImageObject","inLanguage":"sq","@id":"https:\/\/permbledhja.com\/#\/schema\/person\/image\/","url":"https:\/\/secure.gravatar.com\/avatar\/94503eb28d4c4b2005a5c8753e35fc80?s=96&d=mm&r=g","contentUrl":"https:\/\/secure.gravatar.com\/avatar\/94503eb28d4c4b2005a5c8753e35fc80?s=96&d=mm&r=g","caption":"DL"},"url":"https:\/\/permbledhja.com\/sq\/author\/dl\/"}]}},"_links":{"self":[{"href":"https:\/\/permbledhja.com\/sq\/wp-json\/wp\/v2\/posts\/45643"}],"collection":[{"href":"https:\/\/permbledhja.com\/sq\/wp-json\/wp\/v2\/posts"}],"about":[{"href":"https:\/\/permbledhja.com\/sq\/wp-json\/wp\/v2\/types\/post"}],"author":[{"embeddable":true,"href":"https:\/\/permbledhja.com\/sq\/wp-json\/wp\/v2\/users\/5"}],"replies":[{"embeddable":true,"href":"https:\/\/permbledhja.com\/sq\/wp-json\/wp\/v2\/comments?post=45643"}],"version-history":[{"count":1,"href":"https:\/\/permbledhja.com\/sq\/wp-json\/wp\/v2\/posts\/45643\/revisions"}],"predecessor-version":[{"id":45645,"href":"https:\/\/permbledhja.com\/sq\/wp-json\/wp\/v2\/posts\/45643\/revisions\/45645"}],"wp:featuredmedia":[{"embeddable":true,"href":"https:\/\/permbledhja.com\/sq\/wp-json\/wp\/v2\/media\/45644"}],"wp:attachment":[{"href":"https:\/\/permbledhja.com\/sq\/wp-json\/wp\/v2\/media?parent=45643"}],"wp:term":[{"taxonomy":"category","embeddable":true,"href":"https:\/\/permbledhja.com\/sq\/wp-json\/wp\/v2\/categories?post=45643"},{"taxonomy":"post_tag","embeddable":true,"href":"https:\/\/permbledhja.com\/sq\/wp-json\/wp\/v2\/tags?post=45643"}],"curies":[{"name":"wp","href":"https:\/\/api.w.org\/{rel}","templated":true}]}}