{"id":45640,"date":"2024-02-01T12:47:21","date_gmt":"2024-02-01T12:47:21","guid":{"rendered":"https:\/\/permbledhja.com\/?p=45640"},"modified":"2024-02-01T12:47:21","modified_gmt":"2024-02-01T12:47:21","slug":"daciq-reagon-per-dinarin-vendimi-po-e-minon-dialogun","status":"publish","type":"post","link":"https:\/\/permbledhja.com\/sq\/daciq-reagon-per-dinarin-vendimi-po-e-minon-dialogun\/","title":{"rendered":"Da\u00e7iq reagon p\u00ebr dinarin: Vendimi po e minon dialogun"},"content":{"rendered":"<h3>Kryediplomati serb Ivica Da\u00e7iq ka reaguar pas hyrjes n\u00eb fuqi t\u00eb vendimit t\u00eb Bank\u00ebs Qendrore t\u00eb Kosov\u00ebs sipas s\u00eb cil\u00ebs pagesat do t\u00eb kryhen vet\u00ebm me euro.<\/h3>\n<p>Ai p\u00ebr k\u00ebt\u00eb \u00e7\u00ebshtje ka drejtuar kritika ndaj kryeministrit Albin Kurti duke th\u00ebn\u00eb se \u201cvendimi p\u00ebr aktivizimin e rregullores p\u00ebr heqjen e dinarit n\u00eb Kosov\u00eb po cenon dialogun\u201d.<\/p>\n<p><em>\u201c<\/em>N\u00eb k\u00ebt\u00eb aspekt, sigurisht q\u00eb nuk jemi t\u00eb befasuar nga l\u00ebvizje t\u00eb tilla, sepse ai vazhdimisht po del me disa l\u00ebvizje t\u00eb reja q\u00eb mund t\u00eb pengojn\u00eb procesin e negociatave n\u00eb planin afatgjat\u00eb. Ai n\u00eb fakt po minon dialogun e m\u00ebtejsh\u00ebm k\u00ebtu, sepse n\u00ebse vazhdoni t\u00eb b\u00ebni l\u00ebvizje t\u00eb tilla, at\u00ebher\u00eb shtrohet pyetja n\u00eb p\u00ebrgjith\u00ebsi, n\u00ebse dikush ta ket\u00eb edhe q\u00ebllimin edhe besueshm\u00ebrin\u00eb e pjes\u00ebmarr\u00ebsve n\u00eb at\u00eb dialog\u201d<em>,\u00a0<\/em>tha Da\u00e7iq p\u00ebr Tv Pink.<\/p>\n<p>Si\u00e7 thot\u00eb ai \u201cheqja e dinarit n\u00eb Kosov\u00eb e v\u00ebshtir\u00ebson funksionimin e serb\u00ebve n\u00eb jet\u00ebn e p\u00ebrditshme\u201d.<\/p>\n","protected":false},"excerpt":{"rendered":"<p>Kryediplomati serb Ivica Da\u00e7iq ka reaguar pas hyrjes n\u00eb fuqi t\u00eb vendimit t\u00eb Bank\u00ebs Qendrore t\u00eb Kosov\u00ebs sipas s\u00eb cil\u00ebs pagesat do t\u00eb kryhen vet\u00ebm me euro. Ai p\u00ebr k\u00ebt\u00eb \u00e7\u00ebshtje ka drejtuar kritika ndaj kryeministrit Albin Kurti duke th\u00ebn\u00eb se \u201cvendimi p\u00ebr aktivizimin e rregullores p\u00ebr heqjen e dinarit n\u00eb Kosov\u00eb po cenon dialogun\u201d. [&hellip;]<\/p>\n","protected":false},"author":5,"featured_media":45641,"comment_status":"closed","ping_status":"closed","sticky":false,"template":"","format":"standard","meta":{"_monsterinsights_skip_tracking":false,"_monsterinsights_sitenote_active":false,"_monsterinsights_sitenote_note":"","_monsterinsights_sitenote_category":0,"_uf_show_specific_survey":0,"_uf_disable_surveys":false,"footnotes":""},"categories":[15],"tags":[],"yoast_head":"<!-- This site is optimized with the Yoast SEO plugin v21.5 - https:\/\/yoast.com\/wordpress\/plugins\/seo\/ -->\n<title>Da\u00e7iq reagon p\u00ebr dinarin: Vendimi po e minon dialogun<\/title>\n<meta name=\"robots\" content=\"index, follow, max-snippet:-1, max-image-preview:large, max-video-preview:-1\" \/>\n<link rel=\"canonical\" href=\"https:\/\/permbledhja.com\/sq\/daciq-reagon-per-dinarin-vendimi-po-e-minon-dialogun\/\" \/>\n<meta property=\"og:locale\" content=\"sq_AL\" \/>\n<meta property=\"og:type\" content=\"article\" \/>\n<meta property=\"og:title\" content=\"Da\u00e7iq reagon p\u00ebr dinarin: Vendimi po e minon dialogun\" \/>\n<meta property=\"og:description\" content=\"Kryediplomati serb Ivica Da\u00e7iq ka reaguar pas hyrjes n\u00eb fuqi t\u00eb vendimit t\u00eb Bank\u00ebs Qendrore t\u00eb Kosov\u00ebs sipas s\u00eb cil\u00ebs pagesat do t\u00eb kryhen vet\u00ebm me euro. Ai p\u00ebr k\u00ebt\u00eb \u00e7\u00ebshtje ka drejtuar kritika ndaj kryeministrit Albin Kurti duke th\u00ebn\u00eb se \u201cvendimi p\u00ebr aktivizimin e rregullores p\u00ebr heqjen e dinarit n\u00eb Kosov\u00eb po cenon dialogun\u201d. [&hellip;]\" \/>\n<meta property=\"og:url\" content=\"https:\/\/permbledhja.com\/sq\/daciq-reagon-per-dinarin-vendimi-po-e-minon-dialogun\/\" \/>\n<meta property=\"og:site_name\" content=\"Ve\u00e7 artikuj p\u00ebrmbledh\u00ebs\" \/>\n<meta property=\"article:publisher\" content=\"https:\/\/www.facebook.com\/press07\/\" \/>\n<meta property=\"article:published_time\" content=\"2024-02-01T12:47:21+00:00\" \/>\n<meta property=\"og:image\" content=\"https:\/\/permbledhja.com\/wp-content\/uploads\/2024\/02\/dacic.webp\" \/>\n\t<meta property=\"og:image:width\" content=\"647\" \/>\n\t<meta property=\"og:image:height\" content=\"390\" \/>\n\t<meta property=\"og:image:type\" content=\"image\/webp\" \/>\n<meta name=\"author\" content=\"DL\" \/>\n<meta name=\"twitter:card\" content=\"summary_large_image\" \/>\n<meta name=\"twitter:label1\" content=\"Written by\" \/>\n\t<meta name=\"twitter:data1\" content=\"DL\" \/>\n\t<meta name=\"twitter:label2\" content=\"Est. reading time\" \/>\n\t<meta name=\"twitter:data2\" content=\"1 minut\u00eb\" \/>\n<script type=\"application\/ld+json\" class=\"yoast-schema-graph\">{\"@context\":\"https:\/\/schema.org\",\"@graph\":[{\"@type\":\"Article\",\"@id\":\"https:\/\/permbledhja.com\/sq\/daciq-reagon-per-dinarin-vendimi-po-e-minon-dialogun\/#article\",\"isPartOf\":{\"@id\":\"https:\/\/permbledhja.com\/sq\/daciq-reagon-per-dinarin-vendimi-po-e-minon-dialogun\/\"},\"author\":{\"name\":\"DL\",\"@id\":\"https:\/\/permbledhja.com\/#\/schema\/person\/9c54260cbc4c6f792cb100550491638c\"},\"headline\":\"Da\u00e7iq reagon p\u00ebr dinarin: Vendimi po e minon dialogun\",\"datePublished\":\"2024-02-01T12:47:21+00:00\",\"dateModified\":\"2024-02-01T12:47:21+00:00\",\"mainEntityOfPage\":{\"@id\":\"https:\/\/permbledhja.com\/sq\/daciq-reagon-per-dinarin-vendimi-po-e-minon-dialogun\/\"},\"wordCount\":190,\"publisher\":{\"@id\":\"https:\/\/permbledhja.com\/#organization\"},\"articleSection\":[\"Lajme\"],\"inLanguage\":\"sq\"},{\"@type\":\"WebPage\",\"@id\":\"https:\/\/permbledhja.com\/sq\/daciq-reagon-per-dinarin-vendimi-po-e-minon-dialogun\/\",\"url\":\"https:\/\/permbledhja.com\/sq\/daciq-reagon-per-dinarin-vendimi-po-e-minon-dialogun\/\",\"name\":\"Da\u00e7iq reagon p\u00ebr dinarin: Vendimi po e minon dialogun\",\"isPartOf\":{\"@id\":\"https:\/\/permbledhja.com\/#website\"},\"datePublished\":\"2024-02-01T12:47:21+00:00\",\"dateModified\":\"2024-02-01T12:47:21+00:00\",\"breadcrumb\":{\"@id\":\"https:\/\/permbledhja.com\/sq\/daciq-reagon-per-dinarin-vendimi-po-e-minon-dialogun\/#breadcrumb\"},\"inLanguage\":\"sq\",\"potentialAction\":[{\"@type\":\"ReadAction\",\"target\":[\"https:\/\/permbledhja.com\/sq\/daciq-reagon-per-dinarin-vendimi-po-e-minon-dialogun\/\"]}]},{\"@type\":\"BreadcrumbList\",\"@id\":\"https:\/\/permbledhja.com\/sq\/daciq-reagon-per-dinarin-vendimi-po-e-minon-dialogun\/#breadcrumb\",\"itemListElement\":[{\"@type\":\"ListItem\",\"position\":1,\"name\":\"Ballina\",\"item\":\"https:\/\/permbledhja.com\/sq\/\"},{\"@type\":\"ListItem\",\"position\":2,\"name\":\"Da\u00e7iq reagon p\u00ebr dinarin: Vendimi po e minon dialogun\"}]},{\"@type\":\"WebSite\",\"@id\":\"https:\/\/permbledhja.com\/#website\",\"url\":\"https:\/\/permbledhja.com\/\",\"name\":\"Ve\u00e7 artikuj p\u00ebrmbledh\u00ebs\",\"description\":\"\",\"publisher\":{\"@id\":\"https:\/\/permbledhja.com\/#organization\"},\"potentialAction\":[{\"@type\":\"SearchAction\",\"target\":{\"@type\":\"EntryPoint\",\"urlTemplate\":\"https:\/\/permbledhja.com\/?s={search_term_string}\"},\"query-input\":\"required name=search_term_string\"}],\"inLanguage\":\"sq\"},{\"@type\":\"Organization\",\"@id\":\"https:\/\/permbledhja.com\/#organization\",\"name\":\"MK Media & Pr\",\"url\":\"https:\/\/permbledhja.com\/\",\"logo\":{\"@type\":\"ImageObject\",\"inLanguage\":\"sq\",\"@id\":\"https:\/\/permbledhja.com\/#\/schema\/logo\/image\/\",\"url\":\"https:\/\/permbledhja.com\/wp-content\/uploads\/2021\/12\/07-Press-Logo.jpg\",\"contentUrl\":\"https:\/\/permbledhja.com\/wp-content\/uploads\/2021\/12\/07-Press-Logo.jpg\",\"width\":512,\"height\":512,\"caption\":\"MK Media & Pr\"},\"image\":{\"@id\":\"https:\/\/permbledhja.com\/#\/schema\/logo\/image\/\"},\"sameAs\":[\"https:\/\/www.facebook.com\/press07\/\"]},{\"@type\":\"Person\",\"@id\":\"https:\/\/permbledhja.com\/#\/schema\/person\/9c54260cbc4c6f792cb100550491638c\",\"name\":\"DL\",\"image\":{\"@type\":\"ImageObject\",\"inLanguage\":\"sq\",\"@id\":\"https:\/\/permbledhja.com\/#\/schema\/person\/image\/\",\"url\":\"https:\/\/secure.gravatar.com\/avatar\/94503eb28d4c4b2005a5c8753e35fc80?s=96&d=mm&r=g\",\"contentUrl\":\"https:\/\/secure.gravatar.com\/avatar\/94503eb28d4c4b2005a5c8753e35fc80?s=96&d=mm&r=g\",\"caption\":\"DL\"},\"url\":\"https:\/\/permbledhja.com\/sq\/author\/dl\/\"}]}<\/script>\n<!-- \/ Yoast SEO plugin. -->","yoast_head_json":{"title":"Da\u00e7iq reagon p\u00ebr dinarin: Vendimi po e minon dialogun","robots":{"index":"index","follow":"follow","max-snippet":"max-snippet:-1","max-image-preview":"max-image-preview:large","max-video-preview":"max-video-preview:-1"},"canonical":"https:\/\/permbledhja.com\/sq\/daciq-reagon-per-dinarin-vendimi-po-e-minon-dialogun\/","og_locale":"sq_AL","og_type":"article","og_title":"Da\u00e7iq reagon p\u00ebr dinarin: Vendimi po e minon dialogun","og_description":"Kryediplomati serb Ivica Da\u00e7iq ka reaguar pas hyrjes n\u00eb fuqi t\u00eb vendimit t\u00eb Bank\u00ebs Qendrore t\u00eb Kosov\u00ebs sipas s\u00eb cil\u00ebs pagesat do t\u00eb kryhen vet\u00ebm me euro. Ai p\u00ebr k\u00ebt\u00eb \u00e7\u00ebshtje ka drejtuar kritika ndaj kryeministrit Albin Kurti duke th\u00ebn\u00eb se \u201cvendimi p\u00ebr aktivizimin e rregullores p\u00ebr heqjen e dinarit n\u00eb Kosov\u00eb po cenon dialogun\u201d. [&hellip;]","og_url":"https:\/\/permbledhja.com\/sq\/daciq-reagon-per-dinarin-vendimi-po-e-minon-dialogun\/","og_site_name":"Ve\u00e7 artikuj p\u00ebrmbledh\u00ebs","article_publisher":"https:\/\/www.facebook.com\/press07\/","article_published_time":"2024-02-01T12:47:21+00:00","og_image":[{"width":647,"height":390,"url":"https:\/\/permbledhja.com\/wp-content\/uploads\/2024\/02\/dacic.webp","type":"image\/webp"}],"author":"DL","twitter_card":"summary_large_image","twitter_misc":{"Written by":"DL","Est. reading time":"1 minut\u00eb"},"schema":{"@context":"https:\/\/schema.org","@graph":[{"@type":"Article","@id":"https:\/\/permbledhja.com\/sq\/daciq-reagon-per-dinarin-vendimi-po-e-minon-dialogun\/#article","isPartOf":{"@id":"https:\/\/permbledhja.com\/sq\/daciq-reagon-per-dinarin-vendimi-po-e-minon-dialogun\/"},"author":{"name":"DL","@id":"https:\/\/permbledhja.com\/#\/schema\/person\/9c54260cbc4c6f792cb100550491638c"},"headline":"Da\u00e7iq reagon p\u00ebr dinarin: Vendimi po e minon dialogun","datePublished":"2024-02-01T12:47:21+00:00","dateModified":"2024-02-01T12:47:21+00:00","mainEntityOfPage":{"@id":"https:\/\/permbledhja.com\/sq\/daciq-reagon-per-dinarin-vendimi-po-e-minon-dialogun\/"},"wordCount":190,"publisher":{"@id":"https:\/\/permbledhja.com\/#organization"},"articleSection":["Lajme"],"inLanguage":"sq"},{"@type":"WebPage","@id":"https:\/\/permbledhja.com\/sq\/daciq-reagon-per-dinarin-vendimi-po-e-minon-dialogun\/","url":"https:\/\/permbledhja.com\/sq\/daciq-reagon-per-dinarin-vendimi-po-e-minon-dialogun\/","name":"Da\u00e7iq reagon p\u00ebr dinarin: Vendimi po e minon dialogun","isPartOf":{"@id":"https:\/\/permbledhja.com\/#website"},"datePublished":"2024-02-01T12:47:21+00:00","dateModified":"2024-02-01T12:47:21+00:00","breadcrumb":{"@id":"https:\/\/permbledhja.com\/sq\/daciq-reagon-per-dinarin-vendimi-po-e-minon-dialogun\/#breadcrumb"},"inLanguage":"sq","potentialAction":[{"@type":"ReadAction","target":["https:\/\/permbledhja.com\/sq\/daciq-reagon-per-dinarin-vendimi-po-e-minon-dialogun\/"]}]},{"@type":"BreadcrumbList","@id":"https:\/\/permbledhja.com\/sq\/daciq-reagon-per-dinarin-vendimi-po-e-minon-dialogun\/#breadcrumb","itemListElement":[{"@type":"ListItem","position":1,"name":"Ballina","item":"https:\/\/permbledhja.com\/sq\/"},{"@type":"ListItem","position":2,"name":"Da\u00e7iq reagon p\u00ebr dinarin: Vendimi po e minon dialogun"}]},{"@type":"WebSite","@id":"https:\/\/permbledhja.com\/#website","url":"https:\/\/permbledhja.com\/","name":"Ve\u00e7 artikuj p\u00ebrmbledh\u00ebs","description":"","publisher":{"@id":"https:\/\/permbledhja.com\/#organization"},"potentialAction":[{"@type":"SearchAction","target":{"@type":"EntryPoint","urlTemplate":"https:\/\/permbledhja.com\/?s={search_term_string}"},"query-input":"required name=search_term_string"}],"inLanguage":"sq"},{"@type":"Organization","@id":"https:\/\/permbledhja.com\/#organization","name":"MK Media & Pr","url":"https:\/\/permbledhja.com\/","logo":{"@type":"ImageObject","inLanguage":"sq","@id":"https:\/\/permbledhja.com\/#\/schema\/logo\/image\/","url":"https:\/\/permbledhja.com\/wp-content\/uploads\/2021\/12\/07-Press-Logo.jpg","contentUrl":"https:\/\/permbledhja.com\/wp-content\/uploads\/2021\/12\/07-Press-Logo.jpg","width":512,"height":512,"caption":"MK Media & Pr"},"image":{"@id":"https:\/\/permbledhja.com\/#\/schema\/logo\/image\/"},"sameAs":["https:\/\/www.facebook.com\/press07\/"]},{"@type":"Person","@id":"https:\/\/permbledhja.com\/#\/schema\/person\/9c54260cbc4c6f792cb100550491638c","name":"DL","image":{"@type":"ImageObject","inLanguage":"sq","@id":"https:\/\/permbledhja.com\/#\/schema\/person\/image\/","url":"https:\/\/secure.gravatar.com\/avatar\/94503eb28d4c4b2005a5c8753e35fc80?s=96&d=mm&r=g","contentUrl":"https:\/\/secure.gravatar.com\/avatar\/94503eb28d4c4b2005a5c8753e35fc80?s=96&d=mm&r=g","caption":"DL"},"url":"https:\/\/permbledhja.com\/sq\/author\/dl\/"}]}},"_links":{"self":[{"href":"https:\/\/permbledhja.com\/sq\/wp-json\/wp\/v2\/posts\/45640"}],"collection":[{"href":"https:\/\/permbledhja.com\/sq\/wp-json\/wp\/v2\/posts"}],"about":[{"href":"https:\/\/permbledhja.com\/sq\/wp-json\/wp\/v2\/types\/post"}],"author":[{"embeddable":true,"href":"https:\/\/permbledhja.com\/sq\/wp-json\/wp\/v2\/users\/5"}],"replies":[{"embeddable":true,"href":"https:\/\/permbledhja.com\/sq\/wp-json\/wp\/v2\/comments?post=45640"}],"version-history":[{"count":1,"href":"https:\/\/permbledhja.com\/sq\/wp-json\/wp\/v2\/posts\/45640\/revisions"}],"predecessor-version":[{"id":45642,"href":"https:\/\/permbledhja.com\/sq\/wp-json\/wp\/v2\/posts\/45640\/revisions\/45642"}],"wp:featuredmedia":[{"embeddable":true,"href":"https:\/\/permbledhja.com\/sq\/wp-json\/wp\/v2\/media\/45641"}],"wp:attachment":[{"href":"https:\/\/permbledhja.com\/sq\/wp-json\/wp\/v2\/media?parent=45640"}],"wp:term":[{"taxonomy":"category","embeddable":true,"href":"https:\/\/permbledhja.com\/sq\/wp-json\/wp\/v2\/categories?post=45640"},{"taxonomy":"post_tag","embeddable":true,"href":"https:\/\/permbledhja.com\/sq\/wp-json\/wp\/v2\/tags?post=45640"}],"curies":[{"name":"wp","href":"https:\/\/api.w.org\/{rel}","templated":true}]}}