{"id":45634,"date":"2024-02-01T12:17:54","date_gmt":"2024-02-01T12:17:54","guid":{"rendered":"https:\/\/permbledhja.com\/?p=45634"},"modified":"2024-02-01T12:17:54","modified_gmt":"2024-02-01T12:17:54","slug":"sanduloviq-perfaqesuesit-e-mi-ligjor-do-ti-gjejne-dhe-ndeshkojne-kriminelet-e-bia-s-qe-me-rrahen","status":"publish","type":"post","link":"https:\/\/permbledhja.com\/sq\/sanduloviq-perfaqesuesit-e-mi-ligjor-do-ti-gjejne-dhe-ndeshkojne-kriminelet-e-bia-s-qe-me-rrahen\/","title":{"rendered":"Sanduloviq: P\u00ebrfaq\u00ebsuesit e mi ligjor, do t\u2019i gjejn\u00eb dhe nd\u00ebshkojn\u00eb kriminel\u00ebt e BIA-s q\u00eb m\u00eb rrah\u00ebn"},"content":{"rendered":"<h3>Kryetari i Partis\u00eb Republikane n\u00eb Serbi, Nikolla Sanduloviq ka publikuar nj\u00eb foto nga dhoma e tij e gjumit, aty ku po q\u00ebndron shtrir\u00eb q\u00eb nga dita kur u lirua nga paraburgimi n\u00eb Serbi.<\/h3>\n<p>Ai po rikuperohet nga l\u00ebndimet q\u00eb mori nga rrahja dhe maltretimi q\u00eb iu b\u00eb sic thot\u00eb ai zyrtar\u00ebt e BIA-s serbe.<\/p>\n<p>Sanduloviq mbr\u00ebm\u00eb \u00ebsht\u00eb vizituar nga nj\u00eb avokat nga Londra. Michael Polak bashk\u00eb me avokatin serb Cedomir Stojkoviq do t\u00eb drejtojn\u00eb ekipin ligjor q\u00eb sot do t\u00eb paraqesin nj\u00eb kall\u00ebzim penal kund\u00ebr disa oficer\u00ebve t\u00eb Agjencis\u00eb p\u00ebr Informim t\u00eb Siguris\u00eb (BIA) p\u00ebr krimin e keqtrajtimit dhe tortur\u00ebs t\u00eb kryer me rrahjen e tij n\u00eb fillim t\u00eb janarit t\u00eb k\u00ebtij viti.<\/p>\n<p>\u201cP\u00ebrfaq\u00ebsuesit do t\u2019i gjejn\u00eb dhe nd\u00ebshkojn\u00eb vras\u00ebsit dhe kriminel\u00ebt e BIA-s q\u00eb tentuan t\u00eb m\u00eb vrisnin<em>!\u201d,<\/em>\u00a0ka shkruar ai.<\/p>\n","protected":false},"excerpt":{"rendered":"<p>Kryetari i Partis\u00eb Republikane n\u00eb Serbi, Nikolla Sanduloviq ka publikuar nj\u00eb foto nga dhoma e tij e gjumit, aty ku po q\u00ebndron shtrir\u00eb q\u00eb nga dita kur u lirua nga paraburgimi n\u00eb Serbi. Ai po rikuperohet nga l\u00ebndimet q\u00eb mori nga rrahja dhe maltretimi q\u00eb iu b\u00eb sic thot\u00eb ai zyrtar\u00ebt e BIA-s serbe. Sanduloviq [&hellip;]<\/p>\n","protected":false},"author":5,"featured_media":45635,"comment_status":"closed","ping_status":"closed","sticky":false,"template":"","format":"standard","meta":{"_monsterinsights_skip_tracking":false,"_monsterinsights_sitenote_active":false,"_monsterinsights_sitenote_note":"","_monsterinsights_sitenote_category":0,"_uf_show_specific_survey":0,"_uf_disable_surveys":false,"footnotes":""},"categories":[15],"tags":[],"yoast_head":"<!-- This site is optimized with the Yoast SEO plugin v21.5 - https:\/\/yoast.com\/wordpress\/plugins\/seo\/ -->\n<title>Sanduloviq: P\u00ebrfaq\u00ebsuesit e mi ligjor, do t\u2019i gjejn\u00eb dhe nd\u00ebshkojn\u00eb kriminel\u00ebt e BIA-s q\u00eb m\u00eb rrah\u00ebn<\/title>\n<meta name=\"robots\" content=\"index, follow, max-snippet:-1, max-image-preview:large, max-video-preview:-1\" \/>\n<link rel=\"canonical\" href=\"https:\/\/permbledhja.com\/sq\/sanduloviq-perfaqesuesit-e-mi-ligjor-do-ti-gjejne-dhe-ndeshkojne-kriminelet-e-bia-s-qe-me-rrahen\/\" \/>\n<meta property=\"og:locale\" content=\"sq_AL\" \/>\n<meta property=\"og:type\" content=\"article\" \/>\n<meta property=\"og:title\" content=\"Sanduloviq: P\u00ebrfaq\u00ebsuesit e mi ligjor, do t\u2019i gjejn\u00eb dhe nd\u00ebshkojn\u00eb kriminel\u00ebt e BIA-s q\u00eb m\u00eb rrah\u00ebn\" \/>\n<meta property=\"og:description\" content=\"Kryetari i Partis\u00eb Republikane n\u00eb Serbi, Nikolla Sanduloviq ka publikuar nj\u00eb foto nga dhoma e tij e gjumit, aty ku po q\u00ebndron shtrir\u00eb q\u00eb nga dita kur u lirua nga paraburgimi n\u00eb Serbi. Ai po rikuperohet nga l\u00ebndimet q\u00eb mori nga rrahja dhe maltretimi q\u00eb iu b\u00eb sic thot\u00eb ai zyrtar\u00ebt e BIA-s serbe. Sanduloviq [&hellip;]\" \/>\n<meta property=\"og:url\" content=\"https:\/\/permbledhja.com\/sq\/sanduloviq-perfaqesuesit-e-mi-ligjor-do-ti-gjejne-dhe-ndeshkojne-kriminelet-e-bia-s-qe-me-rrahen\/\" \/>\n<meta property=\"og:site_name\" content=\"Ve\u00e7 artikuj p\u00ebrmbledh\u00ebs\" \/>\n<meta property=\"article:publisher\" content=\"https:\/\/www.facebook.com\/press07\/\" \/>\n<meta property=\"article:published_time\" content=\"2024-02-01T12:17:54+00:00\" \/>\n<meta property=\"og:image\" content=\"https:\/\/permbledhja.com\/wp-content\/uploads\/2024\/02\/nikolla.webp\" \/>\n\t<meta property=\"og:image:width\" content=\"894\" \/>\n\t<meta property=\"og:image:height\" content=\"591\" \/>\n\t<meta property=\"og:image:type\" content=\"image\/webp\" \/>\n<meta name=\"author\" content=\"DL\" \/>\n<meta name=\"twitter:card\" content=\"summary_large_image\" \/>\n<meta name=\"twitter:label1\" content=\"Written by\" \/>\n\t<meta name=\"twitter:data1\" content=\"DL\" \/>\n\t<meta name=\"twitter:label2\" content=\"Est. reading time\" \/>\n\t<meta name=\"twitter:data2\" content=\"1 minut\u00eb\" \/>\n<script type=\"application\/ld+json\" class=\"yoast-schema-graph\">{\"@context\":\"https:\/\/schema.org\",\"@graph\":[{\"@type\":\"Article\",\"@id\":\"https:\/\/permbledhja.com\/sanduloviq-perfaqesuesit-e-mi-ligjor-do-ti-gjejne-dhe-ndeshkojne-kriminelet-e-bia-s-qe-me-rrahen\/#article\",\"isPartOf\":{\"@id\":\"https:\/\/permbledhja.com\/sanduloviq-perfaqesuesit-e-mi-ligjor-do-ti-gjejne-dhe-ndeshkojne-kriminelet-e-bia-s-qe-me-rrahen\/\"},\"author\":{\"name\":\"DL\",\"@id\":\"https:\/\/permbledhja.com\/#\/schema\/person\/9c54260cbc4c6f792cb100550491638c\"},\"headline\":\"Sanduloviq: P\u00ebrfaq\u00ebsuesit e mi ligjor, do t\u2019i gjejn\u00eb dhe nd\u00ebshkojn\u00eb kriminel\u00ebt e BIA-s q\u00eb m\u00eb rrah\u00ebn\",\"datePublished\":\"2024-02-01T12:17:54+00:00\",\"dateModified\":\"2024-02-01T12:17:54+00:00\",\"mainEntityOfPage\":{\"@id\":\"https:\/\/permbledhja.com\/sanduloviq-perfaqesuesit-e-mi-ligjor-do-ti-gjejne-dhe-ndeshkojne-kriminelet-e-bia-s-qe-me-rrahen\/\"},\"wordCount\":171,\"publisher\":{\"@id\":\"https:\/\/permbledhja.com\/#organization\"},\"articleSection\":[\"Lajme\"],\"inLanguage\":\"sq\"},{\"@type\":\"WebPage\",\"@id\":\"https:\/\/permbledhja.com\/sanduloviq-perfaqesuesit-e-mi-ligjor-do-ti-gjejne-dhe-ndeshkojne-kriminelet-e-bia-s-qe-me-rrahen\/\",\"url\":\"https:\/\/permbledhja.com\/sanduloviq-perfaqesuesit-e-mi-ligjor-do-ti-gjejne-dhe-ndeshkojne-kriminelet-e-bia-s-qe-me-rrahen\/\",\"name\":\"Sanduloviq: P\u00ebrfaq\u00ebsuesit e mi ligjor, do t\u2019i gjejn\u00eb dhe nd\u00ebshkojn\u00eb kriminel\u00ebt e BIA-s q\u00eb m\u00eb rrah\u00ebn\",\"isPartOf\":{\"@id\":\"https:\/\/permbledhja.com\/#website\"},\"datePublished\":\"2024-02-01T12:17:54+00:00\",\"dateModified\":\"2024-02-01T12:17:54+00:00\",\"breadcrumb\":{\"@id\":\"https:\/\/permbledhja.com\/sanduloviq-perfaqesuesit-e-mi-ligjor-do-ti-gjejne-dhe-ndeshkojne-kriminelet-e-bia-s-qe-me-rrahen\/#breadcrumb\"},\"inLanguage\":\"sq\",\"potentialAction\":[{\"@type\":\"ReadAction\",\"target\":[\"https:\/\/permbledhja.com\/sanduloviq-perfaqesuesit-e-mi-ligjor-do-ti-gjejne-dhe-ndeshkojne-kriminelet-e-bia-s-qe-me-rrahen\/\"]}]},{\"@type\":\"BreadcrumbList\",\"@id\":\"https:\/\/permbledhja.com\/sanduloviq-perfaqesuesit-e-mi-ligjor-do-ti-gjejne-dhe-ndeshkojne-kriminelet-e-bia-s-qe-me-rrahen\/#breadcrumb\",\"itemListElement\":[{\"@type\":\"ListItem\",\"position\":1,\"name\":\"Ballina\",\"item\":\"https:\/\/permbledhja.com\/sq\/\"},{\"@type\":\"ListItem\",\"position\":2,\"name\":\"Sanduloviq: P\u00ebrfaq\u00ebsuesit e mi ligjor, do t\u2019i gjejn\u00eb dhe nd\u00ebshkojn\u00eb kriminel\u00ebt e BIA-s q\u00eb m\u00eb rrah\u00ebn\"}]},{\"@type\":\"WebSite\",\"@id\":\"https:\/\/permbledhja.com\/#website\",\"url\":\"https:\/\/permbledhja.com\/\",\"name\":\"Ve\u00e7 artikuj p\u00ebrmbledh\u00ebs\",\"description\":\"\",\"publisher\":{\"@id\":\"https:\/\/permbledhja.com\/#organization\"},\"potentialAction\":[{\"@type\":\"SearchAction\",\"target\":{\"@type\":\"EntryPoint\",\"urlTemplate\":\"https:\/\/permbledhja.com\/?s={search_term_string}\"},\"query-input\":\"required name=search_term_string\"}],\"inLanguage\":\"sq\"},{\"@type\":\"Organization\",\"@id\":\"https:\/\/permbledhja.com\/#organization\",\"name\":\"MK Media & Pr\",\"url\":\"https:\/\/permbledhja.com\/\",\"logo\":{\"@type\":\"ImageObject\",\"inLanguage\":\"sq\",\"@id\":\"https:\/\/permbledhja.com\/#\/schema\/logo\/image\/\",\"url\":\"https:\/\/permbledhja.com\/wp-content\/uploads\/2021\/12\/07-Press-Logo.jpg\",\"contentUrl\":\"https:\/\/permbledhja.com\/wp-content\/uploads\/2021\/12\/07-Press-Logo.jpg\",\"width\":512,\"height\":512,\"caption\":\"MK Media & Pr\"},\"image\":{\"@id\":\"https:\/\/permbledhja.com\/#\/schema\/logo\/image\/\"},\"sameAs\":[\"https:\/\/www.facebook.com\/press07\/\"]},{\"@type\":\"Person\",\"@id\":\"https:\/\/permbledhja.com\/#\/schema\/person\/9c54260cbc4c6f792cb100550491638c\",\"name\":\"DL\",\"image\":{\"@type\":\"ImageObject\",\"inLanguage\":\"sq\",\"@id\":\"https:\/\/permbledhja.com\/#\/schema\/person\/image\/\",\"url\":\"https:\/\/secure.gravatar.com\/avatar\/94503eb28d4c4b2005a5c8753e35fc80?s=96&d=mm&r=g\",\"contentUrl\":\"https:\/\/secure.gravatar.com\/avatar\/94503eb28d4c4b2005a5c8753e35fc80?s=96&d=mm&r=g\",\"caption\":\"DL\"},\"url\":\"https:\/\/permbledhja.com\/sq\/author\/dl\/\"}]}<\/script>\n<!-- \/ Yoast SEO plugin. -->","yoast_head_json":{"title":"Sanduloviq: P\u00ebrfaq\u00ebsuesit e mi ligjor, do t\u2019i gjejn\u00eb dhe nd\u00ebshkojn\u00eb kriminel\u00ebt e BIA-s q\u00eb m\u00eb rrah\u00ebn","robots":{"index":"index","follow":"follow","max-snippet":"max-snippet:-1","max-image-preview":"max-image-preview:large","max-video-preview":"max-video-preview:-1"},"canonical":"https:\/\/permbledhja.com\/sq\/sanduloviq-perfaqesuesit-e-mi-ligjor-do-ti-gjejne-dhe-ndeshkojne-kriminelet-e-bia-s-qe-me-rrahen\/","og_locale":"sq_AL","og_type":"article","og_title":"Sanduloviq: P\u00ebrfaq\u00ebsuesit e mi ligjor, do t\u2019i gjejn\u00eb dhe nd\u00ebshkojn\u00eb kriminel\u00ebt e BIA-s q\u00eb m\u00eb rrah\u00ebn","og_description":"Kryetari i Partis\u00eb Republikane n\u00eb Serbi, Nikolla Sanduloviq ka publikuar nj\u00eb foto nga dhoma e tij e gjumit, aty ku po q\u00ebndron shtrir\u00eb q\u00eb nga dita kur u lirua nga paraburgimi n\u00eb Serbi. Ai po rikuperohet nga l\u00ebndimet q\u00eb mori nga rrahja dhe maltretimi q\u00eb iu b\u00eb sic thot\u00eb ai zyrtar\u00ebt e BIA-s serbe. Sanduloviq [&hellip;]","og_url":"https:\/\/permbledhja.com\/sq\/sanduloviq-perfaqesuesit-e-mi-ligjor-do-ti-gjejne-dhe-ndeshkojne-kriminelet-e-bia-s-qe-me-rrahen\/","og_site_name":"Ve\u00e7 artikuj p\u00ebrmbledh\u00ebs","article_publisher":"https:\/\/www.facebook.com\/press07\/","article_published_time":"2024-02-01T12:17:54+00:00","og_image":[{"width":894,"height":591,"url":"https:\/\/permbledhja.com\/wp-content\/uploads\/2024\/02\/nikolla.webp","type":"image\/webp"}],"author":"DL","twitter_card":"summary_large_image","twitter_misc":{"Written by":"DL","Est. reading time":"1 minut\u00eb"},"schema":{"@context":"https:\/\/schema.org","@graph":[{"@type":"Article","@id":"https:\/\/permbledhja.com\/sanduloviq-perfaqesuesit-e-mi-ligjor-do-ti-gjejne-dhe-ndeshkojne-kriminelet-e-bia-s-qe-me-rrahen\/#article","isPartOf":{"@id":"https:\/\/permbledhja.com\/sanduloviq-perfaqesuesit-e-mi-ligjor-do-ti-gjejne-dhe-ndeshkojne-kriminelet-e-bia-s-qe-me-rrahen\/"},"author":{"name":"DL","@id":"https:\/\/permbledhja.com\/#\/schema\/person\/9c54260cbc4c6f792cb100550491638c"},"headline":"Sanduloviq: P\u00ebrfaq\u00ebsuesit e mi ligjor, do t\u2019i gjejn\u00eb dhe nd\u00ebshkojn\u00eb kriminel\u00ebt e BIA-s q\u00eb m\u00eb rrah\u00ebn","datePublished":"2024-02-01T12:17:54+00:00","dateModified":"2024-02-01T12:17:54+00:00","mainEntityOfPage":{"@id":"https:\/\/permbledhja.com\/sanduloviq-perfaqesuesit-e-mi-ligjor-do-ti-gjejne-dhe-ndeshkojne-kriminelet-e-bia-s-qe-me-rrahen\/"},"wordCount":171,"publisher":{"@id":"https:\/\/permbledhja.com\/#organization"},"articleSection":["Lajme"],"inLanguage":"sq"},{"@type":"WebPage","@id":"https:\/\/permbledhja.com\/sanduloviq-perfaqesuesit-e-mi-ligjor-do-ti-gjejne-dhe-ndeshkojne-kriminelet-e-bia-s-qe-me-rrahen\/","url":"https:\/\/permbledhja.com\/sanduloviq-perfaqesuesit-e-mi-ligjor-do-ti-gjejne-dhe-ndeshkojne-kriminelet-e-bia-s-qe-me-rrahen\/","name":"Sanduloviq: P\u00ebrfaq\u00ebsuesit e mi ligjor, do t\u2019i gjejn\u00eb dhe nd\u00ebshkojn\u00eb kriminel\u00ebt e BIA-s q\u00eb m\u00eb rrah\u00ebn","isPartOf":{"@id":"https:\/\/permbledhja.com\/#website"},"datePublished":"2024-02-01T12:17:54+00:00","dateModified":"2024-02-01T12:17:54+00:00","breadcrumb":{"@id":"https:\/\/permbledhja.com\/sanduloviq-perfaqesuesit-e-mi-ligjor-do-ti-gjejne-dhe-ndeshkojne-kriminelet-e-bia-s-qe-me-rrahen\/#breadcrumb"},"inLanguage":"sq","potentialAction":[{"@type":"ReadAction","target":["https:\/\/permbledhja.com\/sanduloviq-perfaqesuesit-e-mi-ligjor-do-ti-gjejne-dhe-ndeshkojne-kriminelet-e-bia-s-qe-me-rrahen\/"]}]},{"@type":"BreadcrumbList","@id":"https:\/\/permbledhja.com\/sanduloviq-perfaqesuesit-e-mi-ligjor-do-ti-gjejne-dhe-ndeshkojne-kriminelet-e-bia-s-qe-me-rrahen\/#breadcrumb","itemListElement":[{"@type":"ListItem","position":1,"name":"Ballina","item":"https:\/\/permbledhja.com\/sq\/"},{"@type":"ListItem","position":2,"name":"Sanduloviq: P\u00ebrfaq\u00ebsuesit e mi ligjor, do t\u2019i gjejn\u00eb dhe nd\u00ebshkojn\u00eb kriminel\u00ebt e BIA-s q\u00eb m\u00eb rrah\u00ebn"}]},{"@type":"WebSite","@id":"https:\/\/permbledhja.com\/#website","url":"https:\/\/permbledhja.com\/","name":"Ve\u00e7 artikuj p\u00ebrmbledh\u00ebs","description":"","publisher":{"@id":"https:\/\/permbledhja.com\/#organization"},"potentialAction":[{"@type":"SearchAction","target":{"@type":"EntryPoint","urlTemplate":"https:\/\/permbledhja.com\/?s={search_term_string}"},"query-input":"required name=search_term_string"}],"inLanguage":"sq"},{"@type":"Organization","@id":"https:\/\/permbledhja.com\/#organization","name":"MK Media & Pr","url":"https:\/\/permbledhja.com\/","logo":{"@type":"ImageObject","inLanguage":"sq","@id":"https:\/\/permbledhja.com\/#\/schema\/logo\/image\/","url":"https:\/\/permbledhja.com\/wp-content\/uploads\/2021\/12\/07-Press-Logo.jpg","contentUrl":"https:\/\/permbledhja.com\/wp-content\/uploads\/2021\/12\/07-Press-Logo.jpg","width":512,"height":512,"caption":"MK Media & Pr"},"image":{"@id":"https:\/\/permbledhja.com\/#\/schema\/logo\/image\/"},"sameAs":["https:\/\/www.facebook.com\/press07\/"]},{"@type":"Person","@id":"https:\/\/permbledhja.com\/#\/schema\/person\/9c54260cbc4c6f792cb100550491638c","name":"DL","image":{"@type":"ImageObject","inLanguage":"sq","@id":"https:\/\/permbledhja.com\/#\/schema\/person\/image\/","url":"https:\/\/secure.gravatar.com\/avatar\/94503eb28d4c4b2005a5c8753e35fc80?s=96&d=mm&r=g","contentUrl":"https:\/\/secure.gravatar.com\/avatar\/94503eb28d4c4b2005a5c8753e35fc80?s=96&d=mm&r=g","caption":"DL"},"url":"https:\/\/permbledhja.com\/sq\/author\/dl\/"}]}},"_links":{"self":[{"href":"https:\/\/permbledhja.com\/sq\/wp-json\/wp\/v2\/posts\/45634"}],"collection":[{"href":"https:\/\/permbledhja.com\/sq\/wp-json\/wp\/v2\/posts"}],"about":[{"href":"https:\/\/permbledhja.com\/sq\/wp-json\/wp\/v2\/types\/post"}],"author":[{"embeddable":true,"href":"https:\/\/permbledhja.com\/sq\/wp-json\/wp\/v2\/users\/5"}],"replies":[{"embeddable":true,"href":"https:\/\/permbledhja.com\/sq\/wp-json\/wp\/v2\/comments?post=45634"}],"version-history":[{"count":1,"href":"https:\/\/permbledhja.com\/sq\/wp-json\/wp\/v2\/posts\/45634\/revisions"}],"predecessor-version":[{"id":45636,"href":"https:\/\/permbledhja.com\/sq\/wp-json\/wp\/v2\/posts\/45634\/revisions\/45636"}],"wp:featuredmedia":[{"embeddable":true,"href":"https:\/\/permbledhja.com\/sq\/wp-json\/wp\/v2\/media\/45635"}],"wp:attachment":[{"href":"https:\/\/permbledhja.com\/sq\/wp-json\/wp\/v2\/media?parent=45634"}],"wp:term":[{"taxonomy":"category","embeddable":true,"href":"https:\/\/permbledhja.com\/sq\/wp-json\/wp\/v2\/categories?post=45634"},{"taxonomy":"post_tag","embeddable":true,"href":"https:\/\/permbledhja.com\/sq\/wp-json\/wp\/v2\/tags?post=45634"}],"curies":[{"name":"wp","href":"https:\/\/api.w.org\/{rel}","templated":true}]}}