{"id":45628,"date":"2024-02-01T11:47:14","date_gmt":"2024-02-01T11:47:14","guid":{"rendered":"https:\/\/permbledhja.com\/?p=45628"},"modified":"2024-02-01T11:47:14","modified_gmt":"2024-02-01T11:47:14","slug":"kurti-kujton-sakrificen-e-elfete-humollit-dhe-vellaut-te-saj-ben-homazhe-te-monumenti-perkujtimor","status":"publish","type":"post","link":"https:\/\/permbledhja.com\/sq\/kurti-kujton-sakrificen-e-elfete-humollit-dhe-vellaut-te-saj-ben-homazhe-te-monumenti-perkujtimor\/","title":{"rendered":"Kurti kujton sakrific\u00ebn e Elfete Humollit dhe v\u00ebllaut t\u00eb saj, b\u00ebn homazhe te monumenti p\u00ebrkujtimor"},"content":{"rendered":"<h3>Kryeministri i vendit, Albin Kurti, e ka kujtuar Elfete Humollin n\u00eb 34-vjetorin e vrasjes s\u00eb saj nga policia e Serbis\u00eb, teksa po protestonte p\u00ebr liri dhe republik\u00eb.<\/h3>\n<p>Me an\u00eb t\u00eb nj\u00eb postimi n\u00eb Facebook, Kurti ka shkruar se m\u00eb nj\u00eb shkurt t\u00eb vitit 1990, Elfetja bashk\u00eb me v\u00ebllain e saj Mentorin dhe me shum\u00eb t\u00eb tjer\u00eb, kishte marr\u00eb pjes\u00eb n\u00eb demonstrat\u00eb kund\u00ebr pushtetit represiv t\u00eb Serbis\u00eb pushtuese, q\u00eb i shtypte shqiptar\u00ebt n\u00eb Kosov\u00eb, i burgoste mbi baza politike dhe i diskriminonte mbi baza etnike.<\/p>\n<p>\u201cP\u00ebr t\u2019i kujtuar s\u00eb bashku, Elfeten dhe Mentorin, sot b\u00ebm\u00eb homazhe t\u00eb monumenti p\u00ebrkujtimor i ngritur n\u00eb fshatin Lup\u00e7 i Posht\u00ebm, af\u00ebr vendit ku kishte r\u00ebn\u00eb Elfetja 34 vite m\u00eb par\u00eb. Mbi nj\u00eb gur masiv jan\u00eb gdhendur emrat e Elfete dhe Mentor Humollit, kurse posht\u00eb tij \u00ebsht\u00eb vendosur nj\u00eb krua me uj\u00eb p\u00ebr udh\u00ebtar\u00ebt. Me nderime u kujtofshin gjithmon\u00eb Elfete dhe Mentor Humolli, mes t\u00eb r\u00ebn\u00ebve p\u00ebr lirin\u00eb e Kosov\u00ebs\u201d, shkroi ai.<\/p>\n<p>Kurti shkruan se mes sht\u00ebllungave t\u00eb tymit t\u00eb gazit lotsjell\u00ebs, polic\u00ebt e Serbis\u00eb shtin\u00eb mbi protestuesit, duke i plagosur Eset Ka\u00e7iun, Ismet Krasniqin dhe Avni Retkocerin, kurse Elfetja nuk u mbijetoi plag\u00ebve.<\/p>\n<p>\u201cAjo vdiq aty, teksa fjal\u00ebt e fundit t\u00eb saj ishin: \u2018Ku \u00ebsht\u00eb Mentori, a ka shp\u00ebtuar?!\u2019. Mentori kishte shp\u00ebtuar dhe e vazhdoi rrug\u00ebn e t\u00eb nj\u00ebjtave ideale t\u00eb liris\u00eb, duke u mobilizuar n\u00eb Ushtrin\u00eb \u00c7lirimtare t\u00eb Kosov\u00ebs dhe duke luftuar me uniform\u00ebn e saj derisa ra d\u00ebshmor m\u00eb 21 maj 1999 n\u00eb betej\u00ebn e Koshares\u201d, u shpreh Kurti.<\/p>\n<p>\u201cP\u00ebr t\u2019i kujtuar s\u00eb bashku, Elfeten dhe Mentorin, sot b\u00ebm\u00eb homazhe t\u00eb monumenti p\u00ebrkujtimor i ngritur n\u00eb fshatin Lup\u00e7 i Posht\u00ebm, af\u00ebr vendit ku kishte r\u00ebn\u00eb Elfetja 34 vite m\u00eb par\u00eb. Mbi nj\u00eb gur masiv jan\u00eb gdhendur emrat e Elfete dhe Mentor Humollit, kurse posht\u00eb tij \u00ebsht\u00eb vendosur nj\u00eb krua me uj\u00eb p\u00ebr udh\u00ebtar\u00ebt. Me nderime u kujtofshin gjithmon\u00eb Elfete dhe Mentor Humolli, mes t\u00eb r\u00ebn\u00ebve p\u00ebr lirin\u00eb e Kosov\u00ebs\u201d, p\u00ebrfundoi Kurti.<\/p>\n","protected":false},"excerpt":{"rendered":"<p>Kryeministri i vendit, Albin Kurti, e ka kujtuar Elfete Humollin n\u00eb 34-vjetorin e vrasjes s\u00eb saj nga policia e Serbis\u00eb, teksa po protestonte p\u00ebr liri dhe republik\u00eb. Me an\u00eb t\u00eb nj\u00eb postimi n\u00eb Facebook, Kurti ka shkruar se m\u00eb nj\u00eb shkurt t\u00eb vitit 1990, Elfetja bashk\u00eb me v\u00ebllain e saj Mentorin dhe me shum\u00eb t\u00eb [&hellip;]<\/p>\n","protected":false},"author":5,"featured_media":45629,"comment_status":"closed","ping_status":"closed","sticky":false,"template":"","format":"standard","meta":{"_monsterinsights_skip_tracking":false,"_monsterinsights_sitenote_active":false,"_monsterinsights_sitenote_note":"","_monsterinsights_sitenote_category":0,"_uf_show_specific_survey":0,"_uf_disable_surveys":false,"footnotes":""},"categories":[15],"tags":[],"yoast_head":"<!-- This site is optimized with the Yoast SEO plugin v21.5 - https:\/\/yoast.com\/wordpress\/plugins\/seo\/ -->\n<title>Kurti kujton sakrific\u00ebn e Elfete Humollit dhe v\u00ebllaut t\u00eb saj, b\u00ebn homazhe te monumenti p\u00ebrkujtimor<\/title>\n<meta name=\"robots\" content=\"index, follow, max-snippet:-1, max-image-preview:large, max-video-preview:-1\" \/>\n<link rel=\"canonical\" href=\"https:\/\/permbledhja.com\/sq\/kurti-kujton-sakrificen-e-elfete-humollit-dhe-vellaut-te-saj-ben-homazhe-te-monumenti-perkujtimor\/\" \/>\n<meta property=\"og:locale\" content=\"sq_AL\" \/>\n<meta property=\"og:type\" content=\"article\" \/>\n<meta property=\"og:title\" content=\"Kurti kujton sakrific\u00ebn e Elfete Humollit dhe v\u00ebllaut t\u00eb saj, b\u00ebn homazhe te monumenti p\u00ebrkujtimor\" \/>\n<meta property=\"og:description\" content=\"Kryeministri i vendit, Albin Kurti, e ka kujtuar Elfete Humollin n\u00eb 34-vjetorin e vrasjes s\u00eb saj nga policia e Serbis\u00eb, teksa po protestonte p\u00ebr liri dhe republik\u00eb. Me an\u00eb t\u00eb nj\u00eb postimi n\u00eb Facebook, Kurti ka shkruar se m\u00eb nj\u00eb shkurt t\u00eb vitit 1990, Elfetja bashk\u00eb me v\u00ebllain e saj Mentorin dhe me shum\u00eb t\u00eb [&hellip;]\" \/>\n<meta property=\"og:url\" content=\"https:\/\/permbledhja.com\/sq\/kurti-kujton-sakrificen-e-elfete-humollit-dhe-vellaut-te-saj-ben-homazhe-te-monumenti-perkujtimor\/\" \/>\n<meta property=\"og:site_name\" content=\"Ve\u00e7 artikuj p\u00ebrmbledh\u00ebs\" \/>\n<meta property=\"article:publisher\" content=\"https:\/\/www.facebook.com\/press07\/\" \/>\n<meta property=\"article:published_time\" content=\"2024-02-01T11:47:14+00:00\" \/>\n<meta property=\"og:image\" content=\"https:\/\/permbledhja.com\/wp-content\/uploads\/2024\/02\/K.jpg\" \/>\n\t<meta property=\"og:image:width\" content=\"1400\" \/>\n\t<meta property=\"og:image:height\" content=\"933\" \/>\n\t<meta property=\"og:image:type\" content=\"image\/jpeg\" \/>\n<meta name=\"author\" content=\"DL\" \/>\n<meta name=\"twitter:card\" content=\"summary_large_image\" \/>\n<meta name=\"twitter:label1\" content=\"Written by\" \/>\n\t<meta name=\"twitter:data1\" content=\"DL\" \/>\n\t<meta name=\"twitter:label2\" content=\"Est. reading time\" \/>\n\t<meta name=\"twitter:data2\" content=\"2 minuta\" \/>\n<script type=\"application\/ld+json\" class=\"yoast-schema-graph\">{\"@context\":\"https:\/\/schema.org\",\"@graph\":[{\"@type\":\"Article\",\"@id\":\"https:\/\/permbledhja.com\/kurti-kujton-sakrificen-e-elfete-humollit-dhe-vellaut-te-saj-ben-homazhe-te-monumenti-perkujtimor\/#article\",\"isPartOf\":{\"@id\":\"https:\/\/permbledhja.com\/kurti-kujton-sakrificen-e-elfete-humollit-dhe-vellaut-te-saj-ben-homazhe-te-monumenti-perkujtimor\/\"},\"author\":{\"name\":\"DL\",\"@id\":\"https:\/\/permbledhja.com\/#\/schema\/person\/9c54260cbc4c6f792cb100550491638c\"},\"headline\":\"Kurti kujton sakrific\u00ebn e Elfete Humollit dhe v\u00ebllaut t\u00eb saj, b\u00ebn homazhe te monumenti p\u00ebrkujtimor\",\"datePublished\":\"2024-02-01T11:47:14+00:00\",\"dateModified\":\"2024-02-01T11:47:14+00:00\",\"mainEntityOfPage\":{\"@id\":\"https:\/\/permbledhja.com\/kurti-kujton-sakrificen-e-elfete-humollit-dhe-vellaut-te-saj-ben-homazhe-te-monumenti-perkujtimor\/\"},\"wordCount\":379,\"publisher\":{\"@id\":\"https:\/\/permbledhja.com\/#organization\"},\"articleSection\":[\"Lajme\"],\"inLanguage\":\"sq\"},{\"@type\":\"WebPage\",\"@id\":\"https:\/\/permbledhja.com\/kurti-kujton-sakrificen-e-elfete-humollit-dhe-vellaut-te-saj-ben-homazhe-te-monumenti-perkujtimor\/\",\"url\":\"https:\/\/permbledhja.com\/kurti-kujton-sakrificen-e-elfete-humollit-dhe-vellaut-te-saj-ben-homazhe-te-monumenti-perkujtimor\/\",\"name\":\"Kurti kujton sakrific\u00ebn e Elfete Humollit dhe v\u00ebllaut t\u00eb saj, b\u00ebn homazhe te monumenti p\u00ebrkujtimor\",\"isPartOf\":{\"@id\":\"https:\/\/permbledhja.com\/#website\"},\"datePublished\":\"2024-02-01T11:47:14+00:00\",\"dateModified\":\"2024-02-01T11:47:14+00:00\",\"breadcrumb\":{\"@id\":\"https:\/\/permbledhja.com\/kurti-kujton-sakrificen-e-elfete-humollit-dhe-vellaut-te-saj-ben-homazhe-te-monumenti-perkujtimor\/#breadcrumb\"},\"inLanguage\":\"sq\",\"potentialAction\":[{\"@type\":\"ReadAction\",\"target\":[\"https:\/\/permbledhja.com\/kurti-kujton-sakrificen-e-elfete-humollit-dhe-vellaut-te-saj-ben-homazhe-te-monumenti-perkujtimor\/\"]}]},{\"@type\":\"BreadcrumbList\",\"@id\":\"https:\/\/permbledhja.com\/kurti-kujton-sakrificen-e-elfete-humollit-dhe-vellaut-te-saj-ben-homazhe-te-monumenti-perkujtimor\/#breadcrumb\",\"itemListElement\":[{\"@type\":\"ListItem\",\"position\":1,\"name\":\"Ballina\",\"item\":\"https:\/\/permbledhja.com\/sq\/\"},{\"@type\":\"ListItem\",\"position\":2,\"name\":\"Kurti kujton sakrific\u00ebn e Elfete Humollit dhe v\u00ebllaut t\u00eb saj, b\u00ebn homazhe te monumenti p\u00ebrkujtimor\"}]},{\"@type\":\"WebSite\",\"@id\":\"https:\/\/permbledhja.com\/#website\",\"url\":\"https:\/\/permbledhja.com\/\",\"name\":\"Ve\u00e7 artikuj p\u00ebrmbledh\u00ebs\",\"description\":\"\",\"publisher\":{\"@id\":\"https:\/\/permbledhja.com\/#organization\"},\"potentialAction\":[{\"@type\":\"SearchAction\",\"target\":{\"@type\":\"EntryPoint\",\"urlTemplate\":\"https:\/\/permbledhja.com\/?s={search_term_string}\"},\"query-input\":\"required name=search_term_string\"}],\"inLanguage\":\"sq\"},{\"@type\":\"Organization\",\"@id\":\"https:\/\/permbledhja.com\/#organization\",\"name\":\"MK Media & Pr\",\"url\":\"https:\/\/permbledhja.com\/\",\"logo\":{\"@type\":\"ImageObject\",\"inLanguage\":\"sq\",\"@id\":\"https:\/\/permbledhja.com\/#\/schema\/logo\/image\/\",\"url\":\"https:\/\/permbledhja.com\/wp-content\/uploads\/2021\/12\/07-Press-Logo.jpg\",\"contentUrl\":\"https:\/\/permbledhja.com\/wp-content\/uploads\/2021\/12\/07-Press-Logo.jpg\",\"width\":512,\"height\":512,\"caption\":\"MK Media & Pr\"},\"image\":{\"@id\":\"https:\/\/permbledhja.com\/#\/schema\/logo\/image\/\"},\"sameAs\":[\"https:\/\/www.facebook.com\/press07\/\"]},{\"@type\":\"Person\",\"@id\":\"https:\/\/permbledhja.com\/#\/schema\/person\/9c54260cbc4c6f792cb100550491638c\",\"name\":\"DL\",\"image\":{\"@type\":\"ImageObject\",\"inLanguage\":\"sq\",\"@id\":\"https:\/\/permbledhja.com\/#\/schema\/person\/image\/\",\"url\":\"https:\/\/secure.gravatar.com\/avatar\/94503eb28d4c4b2005a5c8753e35fc80?s=96&d=mm&r=g\",\"contentUrl\":\"https:\/\/secure.gravatar.com\/avatar\/94503eb28d4c4b2005a5c8753e35fc80?s=96&d=mm&r=g\",\"caption\":\"DL\"},\"url\":\"https:\/\/permbledhja.com\/sq\/author\/dl\/\"}]}<\/script>\n<!-- \/ Yoast SEO plugin. -->","yoast_head_json":{"title":"Kurti kujton sakrific\u00ebn e Elfete Humollit dhe v\u00ebllaut t\u00eb saj, b\u00ebn homazhe te monumenti p\u00ebrkujtimor","robots":{"index":"index","follow":"follow","max-snippet":"max-snippet:-1","max-image-preview":"max-image-preview:large","max-video-preview":"max-video-preview:-1"},"canonical":"https:\/\/permbledhja.com\/sq\/kurti-kujton-sakrificen-e-elfete-humollit-dhe-vellaut-te-saj-ben-homazhe-te-monumenti-perkujtimor\/","og_locale":"sq_AL","og_type":"article","og_title":"Kurti kujton sakrific\u00ebn e Elfete Humollit dhe v\u00ebllaut t\u00eb saj, b\u00ebn homazhe te monumenti p\u00ebrkujtimor","og_description":"Kryeministri i vendit, Albin Kurti, e ka kujtuar Elfete Humollin n\u00eb 34-vjetorin e vrasjes s\u00eb saj nga policia e Serbis\u00eb, teksa po protestonte p\u00ebr liri dhe republik\u00eb. Me an\u00eb t\u00eb nj\u00eb postimi n\u00eb Facebook, Kurti ka shkruar se m\u00eb nj\u00eb shkurt t\u00eb vitit 1990, Elfetja bashk\u00eb me v\u00ebllain e saj Mentorin dhe me shum\u00eb t\u00eb [&hellip;]","og_url":"https:\/\/permbledhja.com\/sq\/kurti-kujton-sakrificen-e-elfete-humollit-dhe-vellaut-te-saj-ben-homazhe-te-monumenti-perkujtimor\/","og_site_name":"Ve\u00e7 artikuj p\u00ebrmbledh\u00ebs","article_publisher":"https:\/\/www.facebook.com\/press07\/","article_published_time":"2024-02-01T11:47:14+00:00","og_image":[{"width":1400,"height":933,"url":"https:\/\/permbledhja.com\/wp-content\/uploads\/2024\/02\/K.jpg","type":"image\/jpeg"}],"author":"DL","twitter_card":"summary_large_image","twitter_misc":{"Written by":"DL","Est. reading time":"2 minuta"},"schema":{"@context":"https:\/\/schema.org","@graph":[{"@type":"Article","@id":"https:\/\/permbledhja.com\/kurti-kujton-sakrificen-e-elfete-humollit-dhe-vellaut-te-saj-ben-homazhe-te-monumenti-perkujtimor\/#article","isPartOf":{"@id":"https:\/\/permbledhja.com\/kurti-kujton-sakrificen-e-elfete-humollit-dhe-vellaut-te-saj-ben-homazhe-te-monumenti-perkujtimor\/"},"author":{"name":"DL","@id":"https:\/\/permbledhja.com\/#\/schema\/person\/9c54260cbc4c6f792cb100550491638c"},"headline":"Kurti kujton sakrific\u00ebn e Elfete Humollit dhe v\u00ebllaut t\u00eb saj, b\u00ebn homazhe te monumenti p\u00ebrkujtimor","datePublished":"2024-02-01T11:47:14+00:00","dateModified":"2024-02-01T11:47:14+00:00","mainEntityOfPage":{"@id":"https:\/\/permbledhja.com\/kurti-kujton-sakrificen-e-elfete-humollit-dhe-vellaut-te-saj-ben-homazhe-te-monumenti-perkujtimor\/"},"wordCount":379,"publisher":{"@id":"https:\/\/permbledhja.com\/#organization"},"articleSection":["Lajme"],"inLanguage":"sq"},{"@type":"WebPage","@id":"https:\/\/permbledhja.com\/kurti-kujton-sakrificen-e-elfete-humollit-dhe-vellaut-te-saj-ben-homazhe-te-monumenti-perkujtimor\/","url":"https:\/\/permbledhja.com\/kurti-kujton-sakrificen-e-elfete-humollit-dhe-vellaut-te-saj-ben-homazhe-te-monumenti-perkujtimor\/","name":"Kurti kujton sakrific\u00ebn e Elfete Humollit dhe v\u00ebllaut t\u00eb saj, b\u00ebn homazhe te monumenti p\u00ebrkujtimor","isPartOf":{"@id":"https:\/\/permbledhja.com\/#website"},"datePublished":"2024-02-01T11:47:14+00:00","dateModified":"2024-02-01T11:47:14+00:00","breadcrumb":{"@id":"https:\/\/permbledhja.com\/kurti-kujton-sakrificen-e-elfete-humollit-dhe-vellaut-te-saj-ben-homazhe-te-monumenti-perkujtimor\/#breadcrumb"},"inLanguage":"sq","potentialAction":[{"@type":"ReadAction","target":["https:\/\/permbledhja.com\/kurti-kujton-sakrificen-e-elfete-humollit-dhe-vellaut-te-saj-ben-homazhe-te-monumenti-perkujtimor\/"]}]},{"@type":"BreadcrumbList","@id":"https:\/\/permbledhja.com\/kurti-kujton-sakrificen-e-elfete-humollit-dhe-vellaut-te-saj-ben-homazhe-te-monumenti-perkujtimor\/#breadcrumb","itemListElement":[{"@type":"ListItem","position":1,"name":"Ballina","item":"https:\/\/permbledhja.com\/sq\/"},{"@type":"ListItem","position":2,"name":"Kurti kujton sakrific\u00ebn e Elfete Humollit dhe v\u00ebllaut t\u00eb saj, b\u00ebn homazhe te monumenti p\u00ebrkujtimor"}]},{"@type":"WebSite","@id":"https:\/\/permbledhja.com\/#website","url":"https:\/\/permbledhja.com\/","name":"Ve\u00e7 artikuj p\u00ebrmbledh\u00ebs","description":"","publisher":{"@id":"https:\/\/permbledhja.com\/#organization"},"potentialAction":[{"@type":"SearchAction","target":{"@type":"EntryPoint","urlTemplate":"https:\/\/permbledhja.com\/?s={search_term_string}"},"query-input":"required name=search_term_string"}],"inLanguage":"sq"},{"@type":"Organization","@id":"https:\/\/permbledhja.com\/#organization","name":"MK Media & Pr","url":"https:\/\/permbledhja.com\/","logo":{"@type":"ImageObject","inLanguage":"sq","@id":"https:\/\/permbledhja.com\/#\/schema\/logo\/image\/","url":"https:\/\/permbledhja.com\/wp-content\/uploads\/2021\/12\/07-Press-Logo.jpg","contentUrl":"https:\/\/permbledhja.com\/wp-content\/uploads\/2021\/12\/07-Press-Logo.jpg","width":512,"height":512,"caption":"MK Media & Pr"},"image":{"@id":"https:\/\/permbledhja.com\/#\/schema\/logo\/image\/"},"sameAs":["https:\/\/www.facebook.com\/press07\/"]},{"@type":"Person","@id":"https:\/\/permbledhja.com\/#\/schema\/person\/9c54260cbc4c6f792cb100550491638c","name":"DL","image":{"@type":"ImageObject","inLanguage":"sq","@id":"https:\/\/permbledhja.com\/#\/schema\/person\/image\/","url":"https:\/\/secure.gravatar.com\/avatar\/94503eb28d4c4b2005a5c8753e35fc80?s=96&d=mm&r=g","contentUrl":"https:\/\/secure.gravatar.com\/avatar\/94503eb28d4c4b2005a5c8753e35fc80?s=96&d=mm&r=g","caption":"DL"},"url":"https:\/\/permbledhja.com\/sq\/author\/dl\/"}]}},"_links":{"self":[{"href":"https:\/\/permbledhja.com\/sq\/wp-json\/wp\/v2\/posts\/45628"}],"collection":[{"href":"https:\/\/permbledhja.com\/sq\/wp-json\/wp\/v2\/posts"}],"about":[{"href":"https:\/\/permbledhja.com\/sq\/wp-json\/wp\/v2\/types\/post"}],"author":[{"embeddable":true,"href":"https:\/\/permbledhja.com\/sq\/wp-json\/wp\/v2\/users\/5"}],"replies":[{"embeddable":true,"href":"https:\/\/permbledhja.com\/sq\/wp-json\/wp\/v2\/comments?post=45628"}],"version-history":[{"count":1,"href":"https:\/\/permbledhja.com\/sq\/wp-json\/wp\/v2\/posts\/45628\/revisions"}],"predecessor-version":[{"id":45630,"href":"https:\/\/permbledhja.com\/sq\/wp-json\/wp\/v2\/posts\/45628\/revisions\/45630"}],"wp:featuredmedia":[{"embeddable":true,"href":"https:\/\/permbledhja.com\/sq\/wp-json\/wp\/v2\/media\/45629"}],"wp:attachment":[{"href":"https:\/\/permbledhja.com\/sq\/wp-json\/wp\/v2\/media?parent=45628"}],"wp:term":[{"taxonomy":"category","embeddable":true,"href":"https:\/\/permbledhja.com\/sq\/wp-json\/wp\/v2\/categories?post=45628"},{"taxonomy":"post_tag","embeddable":true,"href":"https:\/\/permbledhja.com\/sq\/wp-json\/wp\/v2\/tags?post=45628"}],"curies":[{"name":"wp","href":"https:\/\/api.w.org\/{rel}","templated":true}]}}