{"id":45625,"date":"2024-02-01T11:31:32","date_gmt":"2024-02-01T11:31:32","guid":{"rendered":"https:\/\/permbledhja.com\/?p=45625"},"modified":"2024-02-01T11:31:32","modified_gmt":"2024-02-01T11:31:32","slug":"kryetari-i-zvecanit-flet-per-raportimet-se-kfori-ia-ndaloi-elbert-krasniqit-hyrjen-ne-komune","status":"publish","type":"post","link":"https:\/\/permbledhja.com\/sq\/kryetari-i-zvecanit-flet-per-raportimet-se-kfori-ia-ndaloi-elbert-krasniqit-hyrjen-ne-komune\/","title":{"rendered":"Kryetari i Zve\u00e7anit flet p\u00ebr raportimet se KFOR\u2019i ia ndaloi Elbert Krasniqit hyrjen n\u00eb Komun\u00eb"},"content":{"rendered":"<h3>Ish-Inspektori i P\u00ebrgjithsh\u00ebm n\u00eb Agjencin\u00eb e Kosov\u00ebs p\u00ebr Inteligjenc\u00eb, Burim Ramadani, ka shkruar se Ministri i Administrimit t\u00eb Pushtetit Lokal, Elbert Krasniqi, nuk \u00ebsht\u00eb lejuar t\u00eb hyj\u00eb n\u00eb objektin e Komun\u00ebs s\u00eb Zve\u00e7anit nga KFOR\u2019i p\u00ebr ta takuar Kryetarin Ilir Peci.<\/h3>\n<p>Sipas tij, ngjarja ka ndodhur m\u00eb 29 janar.<\/p>\n<p>\u201cKFOR-i nuk lejoi ministrin Elbert Krasniqi t\u00eb hyj\u00eb n\u00eb objektin e Komun\u00ebs s\u00eb Zve\u00e7anit. Ngjarja ka ndodhur k\u00ebt\u00eb t\u00eb h\u00ebn\u00eb, m\u00eb 29 janar 2024, n\u00eb or\u00ebt e pasdrek\u00ebs derisa Ministri i Qeveris\u00eb s\u00eb Kosov\u00ebs shkoi p\u00ebr ta takuar Kryetarin e Komun\u00ebs s\u00eb Zve\u00e7anit\u201d, ka shkruar Ramadani.<\/p>\n<p>Por k\u00ebt\u00eb e demantuar Kryetari i Zve\u00e7anit, Ilir Peci. Ai i ka th\u00ebn\u00eb Gazet\u00ebs Express se nuk ka pasur takim me Krasniqin dhe se nuk q\u00ebndrojn\u00eb deklarimet se i nj\u00ebjti nuk \u00ebsht\u00eb lejuar t\u00eb hyj\u00eb n\u00eb objektin e Komun\u00ebs.<\/p>\n<p>\u201cJo, nuk \u00ebsht\u00eb e v\u00ebrtet\u00eb\u2026N\u00eb Komun\u00ebn n\u00eb Lip\u00eb, ku kam ndejt prej dit\u00ebs s\u00eb par\u00eb. Nuk kemi pas dicka naj takim k\u00ebshtu. Nuk q\u00ebndron se nuk u leju me ardh se k\u00ebtu mundet me ardh kush t\u00eb do pa problem, por nuk kemi pas dicka naj takim\u201d, ka dekaruar Peci.<\/p>\n","protected":false},"excerpt":{"rendered":"<p>Ish-Inspektori i P\u00ebrgjithsh\u00ebm n\u00eb Agjencin\u00eb e Kosov\u00ebs p\u00ebr Inteligjenc\u00eb, Burim Ramadani, ka shkruar se Ministri i Administrimit t\u00eb Pushtetit Lokal, Elbert Krasniqi, nuk \u00ebsht\u00eb lejuar t\u00eb hyj\u00eb n\u00eb objektin e Komun\u00ebs s\u00eb Zve\u00e7anit nga KFOR\u2019i p\u00ebr ta takuar Kryetarin Ilir Peci. Sipas tij, ngjarja ka ndodhur m\u00eb 29 janar. \u201cKFOR-i nuk lejoi ministrin Elbert Krasniqi [&hellip;]<\/p>\n","protected":false},"author":5,"featured_media":45626,"comment_status":"closed","ping_status":"closed","sticky":false,"template":"","format":"standard","meta":{"_monsterinsights_skip_tracking":false,"_monsterinsights_sitenote_active":false,"_monsterinsights_sitenote_note":"","_monsterinsights_sitenote_category":0,"_uf_show_specific_survey":0,"_uf_disable_surveys":false,"footnotes":""},"categories":[15],"tags":[],"yoast_head":"<!-- This site is optimized with the Yoast SEO plugin v21.5 - https:\/\/yoast.com\/wordpress\/plugins\/seo\/ -->\n<title>Kryetari i Zve\u00e7anit flet p\u00ebr raportimet se KFOR\u2019i ia ndaloi Elbert Krasniqit hyrjen n\u00eb Komun\u00eb<\/title>\n<meta name=\"robots\" content=\"index, follow, max-snippet:-1, max-image-preview:large, max-video-preview:-1\" \/>\n<link rel=\"canonical\" href=\"https:\/\/permbledhja.com\/sq\/kryetari-i-zvecanit-flet-per-raportimet-se-kfori-ia-ndaloi-elbert-krasniqit-hyrjen-ne-komune\/\" \/>\n<meta property=\"og:locale\" content=\"sq_AL\" \/>\n<meta property=\"og:type\" content=\"article\" \/>\n<meta property=\"og:title\" content=\"Kryetari i Zve\u00e7anit flet p\u00ebr raportimet se KFOR\u2019i ia ndaloi Elbert Krasniqit hyrjen n\u00eb Komun\u00eb\" \/>\n<meta property=\"og:description\" content=\"Ish-Inspektori i P\u00ebrgjithsh\u00ebm n\u00eb Agjencin\u00eb e Kosov\u00ebs p\u00ebr Inteligjenc\u00eb, Burim Ramadani, ka shkruar se Ministri i Administrimit t\u00eb Pushtetit Lokal, Elbert Krasniqi, nuk \u00ebsht\u00eb lejuar t\u00eb hyj\u00eb n\u00eb objektin e Komun\u00ebs s\u00eb Zve\u00e7anit nga KFOR\u2019i p\u00ebr ta takuar Kryetarin Ilir Peci. Sipas tij, ngjarja ka ndodhur m\u00eb 29 janar. \u201cKFOR-i nuk lejoi ministrin Elbert Krasniqi [&hellip;]\" \/>\n<meta property=\"og:url\" content=\"https:\/\/permbledhja.com\/sq\/kryetari-i-zvecanit-flet-per-raportimet-se-kfori-ia-ndaloi-elbert-krasniqit-hyrjen-ne-komune\/\" \/>\n<meta property=\"og:site_name\" content=\"Ve\u00e7 artikuj p\u00ebrmbledh\u00ebs\" \/>\n<meta property=\"article:publisher\" content=\"https:\/\/www.facebook.com\/press07\/\" \/>\n<meta property=\"article:published_time\" content=\"2024-02-01T11:31:32+00:00\" \/>\n<meta property=\"og:image\" content=\"https:\/\/permbledhja.com\/wp-content\/uploads\/2024\/02\/kryetari-zv.jpg\" \/>\n\t<meta property=\"og:image:width\" content=\"540\" \/>\n\t<meta property=\"og:image:height\" content=\"360\" \/>\n\t<meta property=\"og:image:type\" content=\"image\/jpeg\" \/>\n<meta name=\"author\" content=\"DL\" \/>\n<meta name=\"twitter:card\" content=\"summary_large_image\" \/>\n<meta name=\"twitter:label1\" content=\"Written by\" \/>\n\t<meta name=\"twitter:data1\" content=\"DL\" \/>\n\t<meta name=\"twitter:label2\" content=\"Est. reading time\" \/>\n\t<meta name=\"twitter:data2\" content=\"2 minuta\" \/>\n<script type=\"application\/ld+json\" class=\"yoast-schema-graph\">{\"@context\":\"https:\/\/schema.org\",\"@graph\":[{\"@type\":\"Article\",\"@id\":\"https:\/\/permbledhja.com\/kryetari-i-zvecanit-flet-per-raportimet-se-kfori-ia-ndaloi-elbert-krasniqit-hyrjen-ne-komune\/#article\",\"isPartOf\":{\"@id\":\"https:\/\/permbledhja.com\/kryetari-i-zvecanit-flet-per-raportimet-se-kfori-ia-ndaloi-elbert-krasniqit-hyrjen-ne-komune\/\"},\"author\":{\"name\":\"DL\",\"@id\":\"https:\/\/permbledhja.com\/#\/schema\/person\/9c54260cbc4c6f792cb100550491638c\"},\"headline\":\"Kryetari i Zve\u00e7anit flet p\u00ebr raportimet se KFOR\u2019i ia ndaloi Elbert Krasniqit hyrjen n\u00eb Komun\u00eb\",\"datePublished\":\"2024-02-01T11:31:32+00:00\",\"dateModified\":\"2024-02-01T11:31:32+00:00\",\"mainEntityOfPage\":{\"@id\":\"https:\/\/permbledhja.com\/kryetari-i-zvecanit-flet-per-raportimet-se-kfori-ia-ndaloi-elbert-krasniqit-hyrjen-ne-komune\/\"},\"wordCount\":231,\"publisher\":{\"@id\":\"https:\/\/permbledhja.com\/#organization\"},\"articleSection\":[\"Lajme\"],\"inLanguage\":\"sq\"},{\"@type\":\"WebPage\",\"@id\":\"https:\/\/permbledhja.com\/kryetari-i-zvecanit-flet-per-raportimet-se-kfori-ia-ndaloi-elbert-krasniqit-hyrjen-ne-komune\/\",\"url\":\"https:\/\/permbledhja.com\/kryetari-i-zvecanit-flet-per-raportimet-se-kfori-ia-ndaloi-elbert-krasniqit-hyrjen-ne-komune\/\",\"name\":\"Kryetari i Zve\u00e7anit flet p\u00ebr raportimet se KFOR\u2019i ia ndaloi Elbert Krasniqit hyrjen n\u00eb Komun\u00eb\",\"isPartOf\":{\"@id\":\"https:\/\/permbledhja.com\/#website\"},\"datePublished\":\"2024-02-01T11:31:32+00:00\",\"dateModified\":\"2024-02-01T11:31:32+00:00\",\"breadcrumb\":{\"@id\":\"https:\/\/permbledhja.com\/kryetari-i-zvecanit-flet-per-raportimet-se-kfori-ia-ndaloi-elbert-krasniqit-hyrjen-ne-komune\/#breadcrumb\"},\"inLanguage\":\"sq\",\"potentialAction\":[{\"@type\":\"ReadAction\",\"target\":[\"https:\/\/permbledhja.com\/kryetari-i-zvecanit-flet-per-raportimet-se-kfori-ia-ndaloi-elbert-krasniqit-hyrjen-ne-komune\/\"]}]},{\"@type\":\"BreadcrumbList\",\"@id\":\"https:\/\/permbledhja.com\/kryetari-i-zvecanit-flet-per-raportimet-se-kfori-ia-ndaloi-elbert-krasniqit-hyrjen-ne-komune\/#breadcrumb\",\"itemListElement\":[{\"@type\":\"ListItem\",\"position\":1,\"name\":\"Ballina\",\"item\":\"https:\/\/permbledhja.com\/sq\/\"},{\"@type\":\"ListItem\",\"position\":2,\"name\":\"Kryetari i Zve\u00e7anit flet p\u00ebr raportimet se KFOR\u2019i ia ndaloi Elbert Krasniqit hyrjen n\u00eb Komun\u00eb\"}]},{\"@type\":\"WebSite\",\"@id\":\"https:\/\/permbledhja.com\/#website\",\"url\":\"https:\/\/permbledhja.com\/\",\"name\":\"Ve\u00e7 artikuj p\u00ebrmbledh\u00ebs\",\"description\":\"\",\"publisher\":{\"@id\":\"https:\/\/permbledhja.com\/#organization\"},\"potentialAction\":[{\"@type\":\"SearchAction\",\"target\":{\"@type\":\"EntryPoint\",\"urlTemplate\":\"https:\/\/permbledhja.com\/?s={search_term_string}\"},\"query-input\":\"required name=search_term_string\"}],\"inLanguage\":\"sq\"},{\"@type\":\"Organization\",\"@id\":\"https:\/\/permbledhja.com\/#organization\",\"name\":\"MK Media & Pr\",\"url\":\"https:\/\/permbledhja.com\/\",\"logo\":{\"@type\":\"ImageObject\",\"inLanguage\":\"sq\",\"@id\":\"https:\/\/permbledhja.com\/#\/schema\/logo\/image\/\",\"url\":\"https:\/\/permbledhja.com\/wp-content\/uploads\/2021\/12\/07-Press-Logo.jpg\",\"contentUrl\":\"https:\/\/permbledhja.com\/wp-content\/uploads\/2021\/12\/07-Press-Logo.jpg\",\"width\":512,\"height\":512,\"caption\":\"MK Media & Pr\"},\"image\":{\"@id\":\"https:\/\/permbledhja.com\/#\/schema\/logo\/image\/\"},\"sameAs\":[\"https:\/\/www.facebook.com\/press07\/\"]},{\"@type\":\"Person\",\"@id\":\"https:\/\/permbledhja.com\/#\/schema\/person\/9c54260cbc4c6f792cb100550491638c\",\"name\":\"DL\",\"image\":{\"@type\":\"ImageObject\",\"inLanguage\":\"sq\",\"@id\":\"https:\/\/permbledhja.com\/#\/schema\/person\/image\/\",\"url\":\"https:\/\/secure.gravatar.com\/avatar\/94503eb28d4c4b2005a5c8753e35fc80?s=96&d=mm&r=g\",\"contentUrl\":\"https:\/\/secure.gravatar.com\/avatar\/94503eb28d4c4b2005a5c8753e35fc80?s=96&d=mm&r=g\",\"caption\":\"DL\"},\"url\":\"https:\/\/permbledhja.com\/sq\/author\/dl\/\"}]}<\/script>\n<!-- \/ Yoast SEO plugin. -->","yoast_head_json":{"title":"Kryetari i Zve\u00e7anit flet p\u00ebr raportimet se KFOR\u2019i ia ndaloi Elbert Krasniqit hyrjen n\u00eb Komun\u00eb","robots":{"index":"index","follow":"follow","max-snippet":"max-snippet:-1","max-image-preview":"max-image-preview:large","max-video-preview":"max-video-preview:-1"},"canonical":"https:\/\/permbledhja.com\/sq\/kryetari-i-zvecanit-flet-per-raportimet-se-kfori-ia-ndaloi-elbert-krasniqit-hyrjen-ne-komune\/","og_locale":"sq_AL","og_type":"article","og_title":"Kryetari i Zve\u00e7anit flet p\u00ebr raportimet se KFOR\u2019i ia ndaloi Elbert Krasniqit hyrjen n\u00eb Komun\u00eb","og_description":"Ish-Inspektori i P\u00ebrgjithsh\u00ebm n\u00eb Agjencin\u00eb e Kosov\u00ebs p\u00ebr Inteligjenc\u00eb, Burim Ramadani, ka shkruar se Ministri i Administrimit t\u00eb Pushtetit Lokal, Elbert Krasniqi, nuk \u00ebsht\u00eb lejuar t\u00eb hyj\u00eb n\u00eb objektin e Komun\u00ebs s\u00eb Zve\u00e7anit nga KFOR\u2019i p\u00ebr ta takuar Kryetarin Ilir Peci. Sipas tij, ngjarja ka ndodhur m\u00eb 29 janar. \u201cKFOR-i nuk lejoi ministrin Elbert Krasniqi [&hellip;]","og_url":"https:\/\/permbledhja.com\/sq\/kryetari-i-zvecanit-flet-per-raportimet-se-kfori-ia-ndaloi-elbert-krasniqit-hyrjen-ne-komune\/","og_site_name":"Ve\u00e7 artikuj p\u00ebrmbledh\u00ebs","article_publisher":"https:\/\/www.facebook.com\/press07\/","article_published_time":"2024-02-01T11:31:32+00:00","og_image":[{"width":540,"height":360,"url":"https:\/\/permbledhja.com\/wp-content\/uploads\/2024\/02\/kryetari-zv.jpg","type":"image\/jpeg"}],"author":"DL","twitter_card":"summary_large_image","twitter_misc":{"Written by":"DL","Est. reading time":"2 minuta"},"schema":{"@context":"https:\/\/schema.org","@graph":[{"@type":"Article","@id":"https:\/\/permbledhja.com\/kryetari-i-zvecanit-flet-per-raportimet-se-kfori-ia-ndaloi-elbert-krasniqit-hyrjen-ne-komune\/#article","isPartOf":{"@id":"https:\/\/permbledhja.com\/kryetari-i-zvecanit-flet-per-raportimet-se-kfori-ia-ndaloi-elbert-krasniqit-hyrjen-ne-komune\/"},"author":{"name":"DL","@id":"https:\/\/permbledhja.com\/#\/schema\/person\/9c54260cbc4c6f792cb100550491638c"},"headline":"Kryetari i Zve\u00e7anit flet p\u00ebr raportimet se KFOR\u2019i ia ndaloi Elbert Krasniqit hyrjen n\u00eb Komun\u00eb","datePublished":"2024-02-01T11:31:32+00:00","dateModified":"2024-02-01T11:31:32+00:00","mainEntityOfPage":{"@id":"https:\/\/permbledhja.com\/kryetari-i-zvecanit-flet-per-raportimet-se-kfori-ia-ndaloi-elbert-krasniqit-hyrjen-ne-komune\/"},"wordCount":231,"publisher":{"@id":"https:\/\/permbledhja.com\/#organization"},"articleSection":["Lajme"],"inLanguage":"sq"},{"@type":"WebPage","@id":"https:\/\/permbledhja.com\/kryetari-i-zvecanit-flet-per-raportimet-se-kfori-ia-ndaloi-elbert-krasniqit-hyrjen-ne-komune\/","url":"https:\/\/permbledhja.com\/kryetari-i-zvecanit-flet-per-raportimet-se-kfori-ia-ndaloi-elbert-krasniqit-hyrjen-ne-komune\/","name":"Kryetari i Zve\u00e7anit flet p\u00ebr raportimet se KFOR\u2019i ia ndaloi Elbert Krasniqit hyrjen n\u00eb Komun\u00eb","isPartOf":{"@id":"https:\/\/permbledhja.com\/#website"},"datePublished":"2024-02-01T11:31:32+00:00","dateModified":"2024-02-01T11:31:32+00:00","breadcrumb":{"@id":"https:\/\/permbledhja.com\/kryetari-i-zvecanit-flet-per-raportimet-se-kfori-ia-ndaloi-elbert-krasniqit-hyrjen-ne-komune\/#breadcrumb"},"inLanguage":"sq","potentialAction":[{"@type":"ReadAction","target":["https:\/\/permbledhja.com\/kryetari-i-zvecanit-flet-per-raportimet-se-kfori-ia-ndaloi-elbert-krasniqit-hyrjen-ne-komune\/"]}]},{"@type":"BreadcrumbList","@id":"https:\/\/permbledhja.com\/kryetari-i-zvecanit-flet-per-raportimet-se-kfori-ia-ndaloi-elbert-krasniqit-hyrjen-ne-komune\/#breadcrumb","itemListElement":[{"@type":"ListItem","position":1,"name":"Ballina","item":"https:\/\/permbledhja.com\/sq\/"},{"@type":"ListItem","position":2,"name":"Kryetari i Zve\u00e7anit flet p\u00ebr raportimet se KFOR\u2019i ia ndaloi Elbert Krasniqit hyrjen n\u00eb Komun\u00eb"}]},{"@type":"WebSite","@id":"https:\/\/permbledhja.com\/#website","url":"https:\/\/permbledhja.com\/","name":"Ve\u00e7 artikuj p\u00ebrmbledh\u00ebs","description":"","publisher":{"@id":"https:\/\/permbledhja.com\/#organization"},"potentialAction":[{"@type":"SearchAction","target":{"@type":"EntryPoint","urlTemplate":"https:\/\/permbledhja.com\/?s={search_term_string}"},"query-input":"required name=search_term_string"}],"inLanguage":"sq"},{"@type":"Organization","@id":"https:\/\/permbledhja.com\/#organization","name":"MK Media & Pr","url":"https:\/\/permbledhja.com\/","logo":{"@type":"ImageObject","inLanguage":"sq","@id":"https:\/\/permbledhja.com\/#\/schema\/logo\/image\/","url":"https:\/\/permbledhja.com\/wp-content\/uploads\/2021\/12\/07-Press-Logo.jpg","contentUrl":"https:\/\/permbledhja.com\/wp-content\/uploads\/2021\/12\/07-Press-Logo.jpg","width":512,"height":512,"caption":"MK Media & Pr"},"image":{"@id":"https:\/\/permbledhja.com\/#\/schema\/logo\/image\/"},"sameAs":["https:\/\/www.facebook.com\/press07\/"]},{"@type":"Person","@id":"https:\/\/permbledhja.com\/#\/schema\/person\/9c54260cbc4c6f792cb100550491638c","name":"DL","image":{"@type":"ImageObject","inLanguage":"sq","@id":"https:\/\/permbledhja.com\/#\/schema\/person\/image\/","url":"https:\/\/secure.gravatar.com\/avatar\/94503eb28d4c4b2005a5c8753e35fc80?s=96&d=mm&r=g","contentUrl":"https:\/\/secure.gravatar.com\/avatar\/94503eb28d4c4b2005a5c8753e35fc80?s=96&d=mm&r=g","caption":"DL"},"url":"https:\/\/permbledhja.com\/sq\/author\/dl\/"}]}},"_links":{"self":[{"href":"https:\/\/permbledhja.com\/sq\/wp-json\/wp\/v2\/posts\/45625"}],"collection":[{"href":"https:\/\/permbledhja.com\/sq\/wp-json\/wp\/v2\/posts"}],"about":[{"href":"https:\/\/permbledhja.com\/sq\/wp-json\/wp\/v2\/types\/post"}],"author":[{"embeddable":true,"href":"https:\/\/permbledhja.com\/sq\/wp-json\/wp\/v2\/users\/5"}],"replies":[{"embeddable":true,"href":"https:\/\/permbledhja.com\/sq\/wp-json\/wp\/v2\/comments?post=45625"}],"version-history":[{"count":1,"href":"https:\/\/permbledhja.com\/sq\/wp-json\/wp\/v2\/posts\/45625\/revisions"}],"predecessor-version":[{"id":45627,"href":"https:\/\/permbledhja.com\/sq\/wp-json\/wp\/v2\/posts\/45625\/revisions\/45627"}],"wp:featuredmedia":[{"embeddable":true,"href":"https:\/\/permbledhja.com\/sq\/wp-json\/wp\/v2\/media\/45626"}],"wp:attachment":[{"href":"https:\/\/permbledhja.com\/sq\/wp-json\/wp\/v2\/media?parent=45625"}],"wp:term":[{"taxonomy":"category","embeddable":true,"href":"https:\/\/permbledhja.com\/sq\/wp-json\/wp\/v2\/categories?post=45625"},{"taxonomy":"post_tag","embeddable":true,"href":"https:\/\/permbledhja.com\/sq\/wp-json\/wp\/v2\/tags?post=45625"}],"curies":[{"name":"wp","href":"https:\/\/api.w.org\/{rel}","templated":true}]}}