{"id":45499,"date":"2024-01-31T15:27:31","date_gmt":"2024-01-31T15:27:31","guid":{"rendered":"https:\/\/permbledhja.com\/?p=45499"},"modified":"2024-01-31T15:27:31","modified_gmt":"2024-01-31T15:27:31","slug":"zgjedhjet-e-parakohshme-osmani-snderhyj-ne-procese-te-tilla-nese-ka-dakordim-mes-partive-mund-ta-caktoj-daten","status":"publish","type":"post","link":"https:\/\/permbledhja.com\/sq\/zgjedhjet-e-parakohshme-osmani-snderhyj-ne-procese-te-tilla-nese-ka-dakordim-mes-partive-mund-ta-caktoj-daten\/","title":{"rendered":"Zgjedhjet e parakohshme, Osmani: S\u2019nd\u00ebrhyj n\u00eb procese t\u00eb tilla, n\u00ebse ka dakordim mes partive mund ta caktoj dat\u00ebn"},"content":{"rendered":"<h3>Presidentja e Republik\u00ebs s\u00eb Kosov\u00ebs, Vjosa Osmani, ka folur sot p\u00ebr mund\u00ebsin\u00eb e mbajtjes s\u00eb zgjedhjeve t\u00eb parakohshme parlamentare n\u00eb vend.<\/h3>\n<p>Osmani ka th\u00ebn\u00eb se n\u00ebqoft\u00ebse ka dakordim mes partive politike, jan\u00eb disa opsione p\u00ebr zgjedhjet e jasht\u00ebzakonshme, e t\u00eb cilat i lejon Kushtetuta e vendit.<\/p>\n<p>\u201c<em>Ju e dini q\u00eb zgjedhjet sipas afateve t\u00eb rregullta duhet t\u00eb mbahen n\u00eb fillim t\u00eb vitit 2025. N\u00eb qoft\u00eb se partit\u00eb politike kan\u00eb dakordim p\u00ebr t\u2019i mbajtur ato m\u00eb her\u00ebt, jan\u00eb disa opsione t\u00eb cilat i lejon Kushtetuta e Kosov\u00ebs. Nj\u00eb prej tyre \u00ebsht\u00eb q\u00eb Kuvendi t\u00eb shp\u00ebrndahet m\u00eb her\u00ebt, por p\u00ebr nj\u00eb gj\u00eb t\u00eb till\u00eb duhen 2\/3 e votave, rrjedhimisht duhet nj\u00eb lloj pajtimi ose dakordimi nd\u00ebrmjet shumic\u00ebs d\u00ebrmuese t\u00eb partive politike q\u00eb jan\u00eb n\u00eb Kuvendin e Kosov\u00ebs p\u00ebr nj\u00eb dat\u00eb t\u00eb m\u00ebhershme<\/em>\u201d, ka th\u00ebn\u00eb ajo.<\/p>\n<p>E para e shtetit \u00ebsht\u00eb shprehur e gatshme t\u00eb shpall dat\u00ebn e re t\u00eb zgjedhjeve, n\u00eb momentin q\u00eb partit\u00eb politike dakordohen dhe shp\u00ebrndajn\u00eb Kuvendin, por ka th\u00ebn\u00eb se nuk nd\u00ebrhyn n\u00eb procese t\u00eb tilla.<\/p>\n<p>\u201c<em>N\u00eb qoft\u00eb se arrijn\u00eb k\u00ebt\u00eb dakordim, at\u00ebher\u00eb n\u00eb momentin q\u00eb ata dakordohen dhe e shp\u00ebrndajn\u00eb Kuvendin, si presidente, un\u00eb e shpalli dat\u00ebn e re t\u00eb zgjedhjeve brenda 30 \u2013 45 dit\u00ebve. Tani nuk nd\u00ebrhyj n\u00eb proceset e tilla. Megjithat\u00eb, n\u00eb qoft\u00eb se ka k\u00ebrkesa nga partit\u00eb politike, dhe k\u00ebtu po flas edhe nga mazhoranca, edhe nga opozita q\u00eb t\u2019i mbledhi t\u00eb gjith\u00eb n\u00eb m\u00ebnyr\u00eb q\u00eb t\u00eb diskutohet nj\u00eb dat\u00eb m\u00eb e re, natyrisht q\u00eb k\u00ebt\u00eb e b\u00ebj, mir\u00ebpo nuk \u00ebsht\u00eb asnj\u00ebher\u00eb pun\u00eb e presidentes q\u00eb t\u00eb imponoj dat\u00eb m\u00eb t\u00eb hershme sesa ajo q\u00eb \u00ebsht\u00eb e parapar\u00eb me Kushtetut\u00eb n\u00eb proceset e rregullta<\/em>\u201d, ka th\u00ebn\u00eb presidentja Osmani.<\/p>\n<p>Sa i p\u00ebrket \u2018tri metodave\u2019 q\u00eb mund t\u00eb d\u00ebrgojn\u00eb vendin n\u00eb zgjedhje t\u00eb parakohshme, Osmani ka p\u00ebrmendur mocionet e mosbesimit, dor\u00ebheqjet e Qeverive dhe shp\u00ebrndarjet e Kuvendit.<\/p>\n<p>\u201c<em>Por asnj\u00ebra prej tyre nuk inicohen e as nuk b\u00ebhen t\u00eb mundura nga presidentja e vendit, por nga partit\u00eb t\u00eb cilat jan\u00eb qoft\u00eb n\u00eb qeveri, qoft\u00eb n\u00eb opozit\u00eb. N\u00eb qoft\u00eb se nuk ndodhin asnj\u00ebra nga k\u00ebto tria, si\u00e7 e p\u00ebrmenda, data e rregullt e zgjedhjeve \u00ebsht\u00eb fillimi i vitit t\u00eb ardhsh\u00ebm<\/em>\u201d, ka th\u00ebn\u00eb mes tjerash presidentja.<\/p>\n<p>Kujtojm\u00eb se, mund\u00ebsia p\u00ebr mbajtjen e zgjedhjve t\u00eb parakohshme \u00ebsht\u00eb p\u00ebrmendur shum\u00eb koh\u00ebt e fundit, madje edhe nga vet\u00eb partia n\u00eb pushtet \u2013 L\u00ebvizja Vet\u00ebvendosje.<\/p>\n<p>Kryeparlamentari Glauk Konjufca, ka th\u00ebn\u00eb se do t\u00eb ishte mir\u00eb q\u00eb t\u00eb shkohet n\u00eb zgjedhje t\u00eb jasht\u00ebzakonshme.<\/p>\n<p>\u201c<em>Nuk mund ta p\u00ebrjashtoj mund\u00ebsin\u00eb p\u00ebr zgjedhje t\u00eb parakohshme. Mua m\u00eb duket q\u00eb mandati, n\u00ebse qeveria mendon se duhet t\u00eb shkoj\u00eb deri n\u00eb fund, kush jam un\u00eb t\u2019iu p\u00ebrzihem. Mir\u00ebpo, p\u00ebr shkak t\u00eb vitit 2024 dhe zhvillimeve q\u00eb i p\u00ebrmenda, do t\u00eb d\u00ebshiroja, ky \u00ebsht\u00eb mendim imi m\u00eb privat, q\u00eb Kosova t\u00eb mos kalonte n\u00ebp\u00ebr k\u00ebto procese, e q\u00eb k\u00ebto procese t\u00eb ndikojn\u00eb n\u00eb legjitimitetin e pushtetit t\u00eb ardhsh\u00ebm n\u00eb Kosov\u00eb. Do t\u00eb d\u00ebshiroja m\u00eb tep\u00ebr, \u00ebsht\u00eb alternativa q\u00eb e mendoj, q\u00eb do t\u00eb ishte shum\u00eb m\u00eb e d\u00ebshirueshme\u2026 k\u00ebt\u00eb nuk e kam p\u00ebr L\u00ebvizjen vet\u00ebvendosje, e kam p\u00ebr Kosov\u00ebn, do t\u00eb ishte m\u00eb e sh\u00ebndetshme q\u00eb legjitimiteti i pushtetit t\u00eb ri t\u00eb p\u00ebrballet me ato sfida, e jo ato sfida t\u00eb orientojn\u00eb karakterin e legjitimitetit<\/em>\u201d.<\/p>\n<p>Edhe kryetari i Partis\u00eb Demokratike t\u00eb Kosov\u00ebs, Memli Krasniqi, ka th\u00ebn\u00eb se Kosova ka nevoj\u00eb p\u00ebr zgjedhje t\u00eb parakohshme. K\u00ebt\u00eb q\u00ebndrim, PDK-ja e ka b\u00ebr\u00eb t\u00eb qart\u00eb qysh n\u00eb korrik t\u00eb vitit t\u00eb kaluar, sipas tij.<\/p>\n<p>N\u00ebnkryetari i Lidhjes Demokratike t\u00eb Kosov\u00ebs, Lutfi Haziri, thot\u00eb se partia e tij \u00ebsht\u00eb e gatshme p\u00ebr zgjedhje t\u00eb parakohshme, por se nuk do t\u2019i k\u00ebrkoj\u00eb ato.<\/p>\n<p>Sipas tij, zgjedhjet duhet t\u00eb jen\u00eb t\u00eb rregullta, sepse pushtetit aktual nuk i ka mbetur edhe shum\u00eb koh\u00eb deri n\u00eb fund t\u00eb mandatit.<\/p>\n<p>Ndryshe, n\u00ebse zgjedhjet mbahen me rregull, ato do t\u00eb duhej t\u00eb zhvilloheshin n\u00eb shkurt t\u00eb vitit 2025.<\/p>\n","protected":false},"excerpt":{"rendered":"<p>Presidentja e Republik\u00ebs s\u00eb Kosov\u00ebs, Vjosa Osmani, ka folur sot p\u00ebr mund\u00ebsin\u00eb e mbajtjes s\u00eb zgjedhjeve t\u00eb parakohshme parlamentare n\u00eb vend. Osmani ka th\u00ebn\u00eb se n\u00ebqoft\u00ebse ka dakordim mes partive politike, jan\u00eb disa opsione p\u00ebr zgjedhjet e jasht\u00ebzakonshme, e t\u00eb cilat i lejon Kushtetuta e vendit. \u201cJu e dini q\u00eb zgjedhjet sipas afateve t\u00eb rregullta [&hellip;]<\/p>\n","protected":false},"author":2,"featured_media":39374,"comment_status":"closed","ping_status":"closed","sticky":false,"template":"","format":"standard","meta":{"_monsterinsights_skip_tracking":false,"_monsterinsights_sitenote_active":false,"_monsterinsights_sitenote_note":"","_monsterinsights_sitenote_category":0,"_uf_show_specific_survey":0,"_uf_disable_surveys":false,"footnotes":""},"categories":[2645],"tags":[163],"yoast_head":"<!-- This site is optimized with the Yoast SEO plugin v21.5 - https:\/\/yoast.com\/wordpress\/plugins\/seo\/ -->\n<title>Zgjedhjet e parakohshme, Osmani: S\u2019nd\u00ebrhyj n\u00eb procese t\u00eb tilla, n\u00ebse ka dakordim mes partive mund ta caktoj dat\u00ebn<\/title>\n<meta name=\"robots\" content=\"index, follow, max-snippet:-1, max-image-preview:large, max-video-preview:-1\" \/>\n<link rel=\"canonical\" href=\"https:\/\/permbledhja.com\/sq\/zgjedhjet-e-parakohshme-osmani-snderhyj-ne-procese-te-tilla-nese-ka-dakordim-mes-partive-mund-ta-caktoj-daten\/\" \/>\n<meta property=\"og:locale\" content=\"sq_AL\" \/>\n<meta property=\"og:type\" content=\"article\" \/>\n<meta property=\"og:title\" content=\"Zgjedhjet e parakohshme, Osmani: S\u2019nd\u00ebrhyj n\u00eb procese t\u00eb tilla, n\u00ebse ka dakordim mes partive mund ta caktoj dat\u00ebn\" \/>\n<meta property=\"og:description\" content=\"Presidentja e Republik\u00ebs s\u00eb Kosov\u00ebs, Vjosa Osmani, ka folur sot p\u00ebr mund\u00ebsin\u00eb e mbajtjes s\u00eb zgjedhjeve t\u00eb parakohshme parlamentare n\u00eb vend. Osmani ka th\u00ebn\u00eb se n\u00ebqoft\u00ebse ka dakordim mes partive politike, jan\u00eb disa opsione p\u00ebr zgjedhjet e jasht\u00ebzakonshme, e t\u00eb cilat i lejon Kushtetuta e vendit. \u201cJu e dini q\u00eb zgjedhjet sipas afateve t\u00eb rregullta [&hellip;]\" \/>\n<meta property=\"og:url\" content=\"https:\/\/permbledhja.com\/sq\/zgjedhjet-e-parakohshme-osmani-snderhyj-ne-procese-te-tilla-nese-ka-dakordim-mes-partive-mund-ta-caktoj-daten\/\" \/>\n<meta property=\"og:site_name\" content=\"Ve\u00e7 artikuj p\u00ebrmbledh\u00ebs\" \/>\n<meta property=\"article:publisher\" content=\"https:\/\/www.facebook.com\/press07\/\" \/>\n<meta property=\"article:published_time\" content=\"2024-01-31T15:27:31+00:00\" \/>\n<meta property=\"og:image\" content=\"https:\/\/permbledhja.com\/wp-content\/uploads\/2023\/12\/Vjosa-Osmani-1.webp\" \/>\n\t<meta property=\"og:image:width\" content=\"682\" \/>\n\t<meta property=\"og:image:height\" content=\"468\" \/>\n\t<meta property=\"og:image:type\" content=\"image\/webp\" \/>\n<meta name=\"author\" content=\"M M\" \/>\n<meta name=\"twitter:card\" content=\"summary_large_image\" \/>\n<meta name=\"twitter:label1\" content=\"Written by\" \/>\n\t<meta name=\"twitter:data1\" content=\"M M\" \/>\n\t<meta name=\"twitter:label2\" content=\"Est. reading time\" \/>\n\t<meta name=\"twitter:data2\" content=\"4 minuta\" \/>\n<script type=\"application\/ld+json\" class=\"yoast-schema-graph\">{\"@context\":\"https:\/\/schema.org\",\"@graph\":[{\"@type\":\"Article\",\"@id\":\"https:\/\/permbledhja.com\/sq\/zgjedhjet-e-parakohshme-osmani-snderhyj-ne-procese-te-tilla-nese-ka-dakordim-mes-partive-mund-ta-caktoj-daten\/#article\",\"isPartOf\":{\"@id\":\"https:\/\/permbledhja.com\/sq\/zgjedhjet-e-parakohshme-osmani-snderhyj-ne-procese-te-tilla-nese-ka-dakordim-mes-partive-mund-ta-caktoj-daten\/\"},\"author\":{\"name\":\"M M\",\"@id\":\"https:\/\/permbledhja.com\/#\/schema\/person\/d23f13f59b5722643933d6780783acf3\"},\"headline\":\"Zgjedhjet e parakohshme, Osmani: S\u2019nd\u00ebrhyj n\u00eb procese t\u00eb tilla, n\u00ebse ka dakordim mes partive mund ta caktoj dat\u00ebn\",\"datePublished\":\"2024-01-31T15:27:31+00:00\",\"dateModified\":\"2024-01-31T15:27:31+00:00\",\"mainEntityOfPage\":{\"@id\":\"https:\/\/permbledhja.com\/sq\/zgjedhjet-e-parakohshme-osmani-snderhyj-ne-procese-te-tilla-nese-ka-dakordim-mes-partive-mund-ta-caktoj-daten\/\"},\"wordCount\":742,\"publisher\":{\"@id\":\"https:\/\/permbledhja.com\/#organization\"},\"keywords\":[\"Vjosa Osmani\"],\"articleSection\":[\"T\u00eb r\u00ebnd\u00ebsishme\"],\"inLanguage\":\"sq\"},{\"@type\":\"WebPage\",\"@id\":\"https:\/\/permbledhja.com\/sq\/zgjedhjet-e-parakohshme-osmani-snderhyj-ne-procese-te-tilla-nese-ka-dakordim-mes-partive-mund-ta-caktoj-daten\/\",\"url\":\"https:\/\/permbledhja.com\/sq\/zgjedhjet-e-parakohshme-osmani-snderhyj-ne-procese-te-tilla-nese-ka-dakordim-mes-partive-mund-ta-caktoj-daten\/\",\"name\":\"Zgjedhjet e parakohshme, Osmani: S\u2019nd\u00ebrhyj n\u00eb procese t\u00eb tilla, n\u00ebse ka dakordim mes partive mund ta caktoj dat\u00ebn\",\"isPartOf\":{\"@id\":\"https:\/\/permbledhja.com\/#website\"},\"datePublished\":\"2024-01-31T15:27:31+00:00\",\"dateModified\":\"2024-01-31T15:27:31+00:00\",\"breadcrumb\":{\"@id\":\"https:\/\/permbledhja.com\/sq\/zgjedhjet-e-parakohshme-osmani-snderhyj-ne-procese-te-tilla-nese-ka-dakordim-mes-partive-mund-ta-caktoj-daten\/#breadcrumb\"},\"inLanguage\":\"sq\",\"potentialAction\":[{\"@type\":\"ReadAction\",\"target\":[\"https:\/\/permbledhja.com\/sq\/zgjedhjet-e-parakohshme-osmani-snderhyj-ne-procese-te-tilla-nese-ka-dakordim-mes-partive-mund-ta-caktoj-daten\/\"]}]},{\"@type\":\"BreadcrumbList\",\"@id\":\"https:\/\/permbledhja.com\/sq\/zgjedhjet-e-parakohshme-osmani-snderhyj-ne-procese-te-tilla-nese-ka-dakordim-mes-partive-mund-ta-caktoj-daten\/#breadcrumb\",\"itemListElement\":[{\"@type\":\"ListItem\",\"position\":1,\"name\":\"Ballina\",\"item\":\"https:\/\/permbledhja.com\/sq\/\"},{\"@type\":\"ListItem\",\"position\":2,\"name\":\"Zgjedhjet e parakohshme, Osmani: S\u2019nd\u00ebrhyj n\u00eb procese t\u00eb tilla, n\u00ebse ka dakordim mes partive mund ta caktoj dat\u00ebn\"}]},{\"@type\":\"WebSite\",\"@id\":\"https:\/\/permbledhja.com\/#website\",\"url\":\"https:\/\/permbledhja.com\/\",\"name\":\"Ve\u00e7 artikuj p\u00ebrmbledh\u00ebs\",\"description\":\"\",\"publisher\":{\"@id\":\"https:\/\/permbledhja.com\/#organization\"},\"potentialAction\":[{\"@type\":\"SearchAction\",\"target\":{\"@type\":\"EntryPoint\",\"urlTemplate\":\"https:\/\/permbledhja.com\/?s={search_term_string}\"},\"query-input\":\"required name=search_term_string\"}],\"inLanguage\":\"sq\"},{\"@type\":\"Organization\",\"@id\":\"https:\/\/permbledhja.com\/#organization\",\"name\":\"MK Media & Pr\",\"url\":\"https:\/\/permbledhja.com\/\",\"logo\":{\"@type\":\"ImageObject\",\"inLanguage\":\"sq\",\"@id\":\"https:\/\/permbledhja.com\/#\/schema\/logo\/image\/\",\"url\":\"https:\/\/permbledhja.com\/wp-content\/uploads\/2021\/12\/07-Press-Logo.jpg\",\"contentUrl\":\"https:\/\/permbledhja.com\/wp-content\/uploads\/2021\/12\/07-Press-Logo.jpg\",\"width\":512,\"height\":512,\"caption\":\"MK Media & Pr\"},\"image\":{\"@id\":\"https:\/\/permbledhja.com\/#\/schema\/logo\/image\/\"},\"sameAs\":[\"https:\/\/www.facebook.com\/press07\/\"]},{\"@type\":\"Person\",\"@id\":\"https:\/\/permbledhja.com\/#\/schema\/person\/d23f13f59b5722643933d6780783acf3\",\"name\":\"M M\",\"image\":{\"@type\":\"ImageObject\",\"inLanguage\":\"sq\",\"@id\":\"https:\/\/permbledhja.com\/#\/schema\/person\/image\/\",\"url\":\"https:\/\/secure.gravatar.com\/avatar\/e2835a76ca7c31a2416b2d51c4ec9a8f?s=96&d=mm&r=g\",\"contentUrl\":\"https:\/\/secure.gravatar.com\/avatar\/e2835a76ca7c31a2416b2d51c4ec9a8f?s=96&d=mm&r=g\",\"caption\":\"M M\"},\"sameAs\":[\"http:\/\/MM\"],\"url\":\"https:\/\/permbledhja.com\/sq\/author\/muhamet\/\"}]}<\/script>\n<!-- \/ Yoast SEO plugin. -->","yoast_head_json":{"title":"Zgjedhjet e parakohshme, Osmani: S\u2019nd\u00ebrhyj n\u00eb procese t\u00eb tilla, n\u00ebse ka dakordim mes partive mund ta caktoj dat\u00ebn","robots":{"index":"index","follow":"follow","max-snippet":"max-snippet:-1","max-image-preview":"max-image-preview:large","max-video-preview":"max-video-preview:-1"},"canonical":"https:\/\/permbledhja.com\/sq\/zgjedhjet-e-parakohshme-osmani-snderhyj-ne-procese-te-tilla-nese-ka-dakordim-mes-partive-mund-ta-caktoj-daten\/","og_locale":"sq_AL","og_type":"article","og_title":"Zgjedhjet e parakohshme, Osmani: S\u2019nd\u00ebrhyj n\u00eb procese t\u00eb tilla, n\u00ebse ka dakordim mes partive mund ta caktoj dat\u00ebn","og_description":"Presidentja e Republik\u00ebs s\u00eb Kosov\u00ebs, Vjosa Osmani, ka folur sot p\u00ebr mund\u00ebsin\u00eb e mbajtjes s\u00eb zgjedhjeve t\u00eb parakohshme parlamentare n\u00eb vend. Osmani ka th\u00ebn\u00eb se n\u00ebqoft\u00ebse ka dakordim mes partive politike, jan\u00eb disa opsione p\u00ebr zgjedhjet e jasht\u00ebzakonshme, e t\u00eb cilat i lejon Kushtetuta e vendit. \u201cJu e dini q\u00eb zgjedhjet sipas afateve t\u00eb rregullta [&hellip;]","og_url":"https:\/\/permbledhja.com\/sq\/zgjedhjet-e-parakohshme-osmani-snderhyj-ne-procese-te-tilla-nese-ka-dakordim-mes-partive-mund-ta-caktoj-daten\/","og_site_name":"Ve\u00e7 artikuj p\u00ebrmbledh\u00ebs","article_publisher":"https:\/\/www.facebook.com\/press07\/","article_published_time":"2024-01-31T15:27:31+00:00","og_image":[{"width":682,"height":468,"url":"https:\/\/permbledhja.com\/wp-content\/uploads\/2023\/12\/Vjosa-Osmani-1.webp","type":"image\/webp"}],"author":"M M","twitter_card":"summary_large_image","twitter_misc":{"Written by":"M M","Est. reading time":"4 minuta"},"schema":{"@context":"https:\/\/schema.org","@graph":[{"@type":"Article","@id":"https:\/\/permbledhja.com\/sq\/zgjedhjet-e-parakohshme-osmani-snderhyj-ne-procese-te-tilla-nese-ka-dakordim-mes-partive-mund-ta-caktoj-daten\/#article","isPartOf":{"@id":"https:\/\/permbledhja.com\/sq\/zgjedhjet-e-parakohshme-osmani-snderhyj-ne-procese-te-tilla-nese-ka-dakordim-mes-partive-mund-ta-caktoj-daten\/"},"author":{"name":"M M","@id":"https:\/\/permbledhja.com\/#\/schema\/person\/d23f13f59b5722643933d6780783acf3"},"headline":"Zgjedhjet e parakohshme, Osmani: S\u2019nd\u00ebrhyj n\u00eb procese t\u00eb tilla, n\u00ebse ka dakordim mes partive mund ta caktoj dat\u00ebn","datePublished":"2024-01-31T15:27:31+00:00","dateModified":"2024-01-31T15:27:31+00:00","mainEntityOfPage":{"@id":"https:\/\/permbledhja.com\/sq\/zgjedhjet-e-parakohshme-osmani-snderhyj-ne-procese-te-tilla-nese-ka-dakordim-mes-partive-mund-ta-caktoj-daten\/"},"wordCount":742,"publisher":{"@id":"https:\/\/permbledhja.com\/#organization"},"keywords":["Vjosa Osmani"],"articleSection":["T\u00eb r\u00ebnd\u00ebsishme"],"inLanguage":"sq"},{"@type":"WebPage","@id":"https:\/\/permbledhja.com\/sq\/zgjedhjet-e-parakohshme-osmani-snderhyj-ne-procese-te-tilla-nese-ka-dakordim-mes-partive-mund-ta-caktoj-daten\/","url":"https:\/\/permbledhja.com\/sq\/zgjedhjet-e-parakohshme-osmani-snderhyj-ne-procese-te-tilla-nese-ka-dakordim-mes-partive-mund-ta-caktoj-daten\/","name":"Zgjedhjet e parakohshme, Osmani: S\u2019nd\u00ebrhyj n\u00eb procese t\u00eb tilla, n\u00ebse ka dakordim mes partive mund ta caktoj dat\u00ebn","isPartOf":{"@id":"https:\/\/permbledhja.com\/#website"},"datePublished":"2024-01-31T15:27:31+00:00","dateModified":"2024-01-31T15:27:31+00:00","breadcrumb":{"@id":"https:\/\/permbledhja.com\/sq\/zgjedhjet-e-parakohshme-osmani-snderhyj-ne-procese-te-tilla-nese-ka-dakordim-mes-partive-mund-ta-caktoj-daten\/#breadcrumb"},"inLanguage":"sq","potentialAction":[{"@type":"ReadAction","target":["https:\/\/permbledhja.com\/sq\/zgjedhjet-e-parakohshme-osmani-snderhyj-ne-procese-te-tilla-nese-ka-dakordim-mes-partive-mund-ta-caktoj-daten\/"]}]},{"@type":"BreadcrumbList","@id":"https:\/\/permbledhja.com\/sq\/zgjedhjet-e-parakohshme-osmani-snderhyj-ne-procese-te-tilla-nese-ka-dakordim-mes-partive-mund-ta-caktoj-daten\/#breadcrumb","itemListElement":[{"@type":"ListItem","position":1,"name":"Ballina","item":"https:\/\/permbledhja.com\/sq\/"},{"@type":"ListItem","position":2,"name":"Zgjedhjet e parakohshme, Osmani: S\u2019nd\u00ebrhyj n\u00eb procese t\u00eb tilla, n\u00ebse ka dakordim mes partive mund ta caktoj dat\u00ebn"}]},{"@type":"WebSite","@id":"https:\/\/permbledhja.com\/#website","url":"https:\/\/permbledhja.com\/","name":"Ve\u00e7 artikuj p\u00ebrmbledh\u00ebs","description":"","publisher":{"@id":"https:\/\/permbledhja.com\/#organization"},"potentialAction":[{"@type":"SearchAction","target":{"@type":"EntryPoint","urlTemplate":"https:\/\/permbledhja.com\/?s={search_term_string}"},"query-input":"required name=search_term_string"}],"inLanguage":"sq"},{"@type":"Organization","@id":"https:\/\/permbledhja.com\/#organization","name":"MK Media & Pr","url":"https:\/\/permbledhja.com\/","logo":{"@type":"ImageObject","inLanguage":"sq","@id":"https:\/\/permbledhja.com\/#\/schema\/logo\/image\/","url":"https:\/\/permbledhja.com\/wp-content\/uploads\/2021\/12\/07-Press-Logo.jpg","contentUrl":"https:\/\/permbledhja.com\/wp-content\/uploads\/2021\/12\/07-Press-Logo.jpg","width":512,"height":512,"caption":"MK Media & Pr"},"image":{"@id":"https:\/\/permbledhja.com\/#\/schema\/logo\/image\/"},"sameAs":["https:\/\/www.facebook.com\/press07\/"]},{"@type":"Person","@id":"https:\/\/permbledhja.com\/#\/schema\/person\/d23f13f59b5722643933d6780783acf3","name":"M M","image":{"@type":"ImageObject","inLanguage":"sq","@id":"https:\/\/permbledhja.com\/#\/schema\/person\/image\/","url":"https:\/\/secure.gravatar.com\/avatar\/e2835a76ca7c31a2416b2d51c4ec9a8f?s=96&d=mm&r=g","contentUrl":"https:\/\/secure.gravatar.com\/avatar\/e2835a76ca7c31a2416b2d51c4ec9a8f?s=96&d=mm&r=g","caption":"M M"},"sameAs":["http:\/\/MM"],"url":"https:\/\/permbledhja.com\/sq\/author\/muhamet\/"}]}},"_links":{"self":[{"href":"https:\/\/permbledhja.com\/sq\/wp-json\/wp\/v2\/posts\/45499"}],"collection":[{"href":"https:\/\/permbledhja.com\/sq\/wp-json\/wp\/v2\/posts"}],"about":[{"href":"https:\/\/permbledhja.com\/sq\/wp-json\/wp\/v2\/types\/post"}],"author":[{"embeddable":true,"href":"https:\/\/permbledhja.com\/sq\/wp-json\/wp\/v2\/users\/2"}],"replies":[{"embeddable":true,"href":"https:\/\/permbledhja.com\/sq\/wp-json\/wp\/v2\/comments?post=45499"}],"version-history":[{"count":1,"href":"https:\/\/permbledhja.com\/sq\/wp-json\/wp\/v2\/posts\/45499\/revisions"}],"predecessor-version":[{"id":45500,"href":"https:\/\/permbledhja.com\/sq\/wp-json\/wp\/v2\/posts\/45499\/revisions\/45500"}],"wp:featuredmedia":[{"embeddable":true,"href":"https:\/\/permbledhja.com\/sq\/wp-json\/wp\/v2\/media\/39374"}],"wp:attachment":[{"href":"https:\/\/permbledhja.com\/sq\/wp-json\/wp\/v2\/media?parent=45499"}],"wp:term":[{"taxonomy":"category","embeddable":true,"href":"https:\/\/permbledhja.com\/sq\/wp-json\/wp\/v2\/categories?post=45499"},{"taxonomy":"post_tag","embeddable":true,"href":"https:\/\/permbledhja.com\/sq\/wp-json\/wp\/v2\/tags?post=45499"}],"curies":[{"name":"wp","href":"https:\/\/api.w.org\/{rel}","templated":true}]}}