{"id":45487,"date":"2024-01-31T14:46:47","date_gmt":"2024-01-31T14:46:47","guid":{"rendered":"https:\/\/permbledhja.com\/?p=45487"},"modified":"2024-01-31T15:54:46","modified_gmt":"2024-01-31T15:54:46","slug":"53-milioneshi-per-cka-u-denuan-pal-lekaj-dhe-te-tjeret","status":"publish","type":"post","link":"https:\/\/permbledhja.com\/sq\/53-milioneshi-per-cka-u-denuan-pal-lekaj-dhe-te-tjeret\/","title":{"rendered":"53 milion\u00ebshi \u2013 p\u00ebr \u00e7ka u d\u00ebnuan Pal Lekaj dhe t\u00eb tjer\u00ebt"},"content":{"rendered":"<h3>T\u00eb akuzuarit n\u00eb rastin e 53 milion\u00ebshit, Pal Lekaj, Nebih Shatri, Besim Tahiri dhe Eset Berisha, jan\u00eb shpallur sot fajtor\u00eb nga Gjykata Themelore e Prishtin\u00ebs.<\/h3>\n<p>Bashk\u00ebrisht ata jan\u00eb d\u00ebnuar me mbi dhjet\u00eb vjet burgim efektiv p\u00ebr keqp\u00ebrdorim t\u00eb detyr\u00ebs zyrtare. P\u00ebrve\u00e7 d\u00ebnimit me burgim, atyre u \u00ebsht\u00eb shqiptuar edhe d\u00ebnim plot\u00ebsues. K\u00ebto d\u00ebnime do t\u00eb ekzekutohen kur aktgjykimi t\u00eb b\u00ebhet i form\u00ebs s\u00eb prer\u00eb. Por, p\u00ebr \u00e7ka akuzohen ata sakt\u00ebsisht?<\/p>\n<p>Ish-Ministri i Infrastruktur\u00ebs, aktualisht deputet i Kuvendit t\u00eb Kosov\u00ebs, Pal Lekaj, \u00ebsht\u00eb d\u00ebnuar sot me 3 vjet e tet\u00eb muaj burgim efektiv p\u00ebr keqp\u00ebrdorim t\u00eb detyr\u00ebs zyrtare dhe d\u00ebmtim me dashje t\u00eb buxhetit t\u00eb shtetit.<\/p>\n<p>D\u00ebnimi i \u00ebsht\u00eb shqiptuar lidhur me pages\u00ebn prej 53 milion\u00eb eurove q\u00eb Qeveria e Kosov\u00ebs i kishte paguar \u201cBechtel-Enk\u00ebs\u201d p\u00ebr zgjatjen e afatit t\u00eb p\u00ebrfundimit t\u00eb punimeve n\u00eb autostrad\u00ebn \u2018Arb\u00ebn Xhaferi\u2019. Atij i \u00ebsht\u00eb shqiptuar edhe d\u00ebnim plot\u00ebsues, q\u00eb i ndalon ushtrimin e funksionit n\u00eb administrat\u00eb p\u00ebr 3 vjet e gjasht\u00eb muaj.<\/p>\n<p>\u201cI akuzuari P.L \u00ebsht\u00eb shpall\u00eb fajtor dhe \u00ebsht\u00eb d\u00ebnuar me burgim n\u00eb koh\u00ebzgjatje prej tre (3) vite e tet\u00eb (8), muaj, i cili d\u00ebnim nuk do t\u00eb ekzekutohet deri sa aktgjykimi t\u00eb b\u00ebhet i form\u00ebs s\u00eb prer\u00eb si dhe i \u00ebsht\u00eb caktuar d\u00ebnim plot\u00ebsues ashtu q\u00eb t\u00eb pandehurit P.L i ndalohet p\u00ebr tre (3) vite e gjasht\u00eb (6) muaj ushtrimi i funksionit n\u00eb administrat\u00eb publike apo funksioneve n\u00eb sh\u00ebrbime publike, pas mbajtjes s\u00eb d\u00ebnimit me burgim\u201d, thuhet n\u00eb njoftimin e Gjykat\u00ebs.<\/p>\n<p>Mbrojtja e Lekajt e ka quajtur skandaloz vendimin e Gjykat\u00ebs. Avokati Musa Damati ka th\u00ebn\u00eb se do ta apelojn\u00eb k\u00ebt\u00eb vendim n\u00eb Gjykat\u00ebn e Shkall\u00ebs s\u00eb Dyt\u00eb.<\/p>\n<p>\u201cP\u00ebr arsye se provat gjat\u00eb k\u00ebtij shqyrtimi gjyq\u00ebsor kan\u00eb qen\u00eb t\u00eb panum\u00ebrta n\u00eb drejtim t\u00eb sqarimit t\u00eb kronologjis\u00eb dhe implikimeve buxhetore q\u00eb ka pasur ky projekt kapital p\u00ebr vendin\u2026 ne si mbrojtje nuk mund ta konsiderojm\u00eb ndryshe vendimin e Shkall\u00ebs s\u00eb Par\u00eb ve\u00e7se skandaloz dhe bindja jon\u00eb \u00ebsht\u00eb se do t\u00eb pasoj\u00eb ndryshime n\u00eb favorin e klientit ton\u00eb\u201d, ka deklaruar Damati.<\/p>\n<p>Pasi iu shqiptua d\u00ebnimi Lekaj reagoi duke paralajm\u00ebruar se do t\u00eb ankohet nd\u00ebrsa u k\u00ebrkoi kund\u00ebrshtar\u00ebve politike q\u00eb t\u00eb mos g\u00ebzohen para kohe.<\/p>\n<p>\u201cN\u00eb historin\u00eb e gjykimeve n\u00eb Kosov\u00eb, ka pasur mij\u00ebra raste t\u00eb gjykimeve t\u00eb padrejta e t\u00eb pabazuara, si\u00e7 ishte edhe vendimi i sot\u00ebm i Gjykat\u00ebs Themelore ndaj meje. E njoftoj opinionin e gjer\u00eb publik se asnj\u00ebher\u00eb nuk i kam tejkaluar kompetencat e mia e nuk e kam keqp\u00ebrdorur pozit\u00ebn e ministrit, kjo as n\u00eb rastin e Autostrad\u00ebs \u201cArb\u00ebn Xhaferi\u201d ka th\u00ebn\u00eb ai.<\/p>\n<p>\u201cNatyrisht, un\u00eb do ta ankimoj vendimin n\u00eb Apel dhe jam i bindur se vendimi i sot\u00ebm do t\u00eb shpallet NUL. Kund\u00ebrshtar\u00ebve te mi politik\u00eb u them t\u00eb mos g\u00ebzohen para kohe, sepse e drejta q\u00eb do t\u00eb dal\u00eb n\u00eb shesh shum\u00eb shpejt do t\u2019i zhg\u00ebnjej\u00eb. I bindur n\u00eb pafa\u00ebsin\u00eb time dhe n\u00eb drejt\u00ebsi\u201d ka shtuar Lekaj.<\/p>\n<p>Bashk\u00eb me Lekajn jan\u00eb d\u00ebnuar edhe tre ish-zyrtar\u00eb t\u00eb Ministris\u00eb s\u00eb Infrastruktur\u00ebs. Ish-Sekretari i Ministris\u00eb, Nebih Shatri \u00ebsht\u00eb d\u00ebnuar me nj\u00eb vit e tet\u00eb muaj burgim, ish-Shefi i Prokurimit, Besim Tahiri me nj\u00eb vit e tet\u00eb muaj burgim, derisa ish-k\u00ebshilltari i Lekajt, Eset Berisha \u00ebsht\u00eb d\u00ebnuar me tri vjet e tre muaj burgim.<\/p>\n<p>T\u00eb kat\u00ebr ish-zyrtar\u00ebt d\u00ebnuar p\u00ebr keqp\u00ebrdorim t\u00eb detyr\u00ebs zyrtare dhe d\u00ebmtim t\u00eb q\u00ebllimsh\u00ebm t\u00eb buxhetit t\u00eb shtetit.<\/p>\n<p>Sipas prokuroris\u00eb, keqp\u00ebrdorimi ka ndodhur n\u00eb momentin kur t\u00eb lartcekurit kan\u00eb n\u00ebnshkruar marr\u00ebveshjen p\u00ebr shtyrjen e afatit t\u00eb p\u00ebrfundimit t\u00eb punimeve p\u00ebr 347 dit\u00eb t\u00eb tjera, p\u00ebr autostrad\u00ebn \u201cArb\u00ebn Xhaferi\u201d apo e njohur si R6.<\/p>\n<p>N\u00eb aktin akuzues q\u00eb kishte publikuar \u201cBetimi p\u00ebr Drejt\u00ebsi\u201d thuhet se t\u00eb nj\u00ebjtit, n\u00eb kund\u00ebrshtim me Ligjin p\u00ebr Prokurim Publik 04\/ L- 042, Statutin dhe Kodin e Sjelljes s\u00eb KDNM-s\u00eb dhe me kushtet e kontrat\u00ebs s\u00eb 1 korrikut 2014, kan\u00eb n\u00ebnshkruar marr\u00ebveshje n\u00eb em\u00ebr t\u00eb MI-s\u00eb si pun\u00ebdh\u00ebn\u00ebs n\u00eb nj\u00ebr\u00ebn an\u00eb dhe nd\u00ebrmarrjes s\u00eb p\u00ebrbashk\u00ebt \u201cBechtel &amp; Enka\u201d si kontraktor n\u00eb an\u00ebn tjet\u00ebr, p\u00ebr shtyrjen e afatit t\u00eb p\u00ebrfundimit t\u00eb punimeve edhe p\u00ebr 347 dit\u00eb dhe at\u00eb nga 18 janari 2018 si\u00e7 ishte e p\u00ebrcaktuar n\u00eb kontrat\u00ebn baz\u00eb, deri m\u00eb 31 dhjetor 2018, duke mos e p\u00ebrcaktuar koston financiare.<\/p>\n<p>utje thuhet se si pasoj\u00eb e k\u00ebtyre veprimeve t\u00eb t\u00eb pandehurve, e nj\u00ebjta \u00ebsht\u00eb aprovuar p\u00ebr pages\u00eb nga Qeveria e Kosov\u00ebs, shum\u00eb kjo e cila \u00ebsht\u00eb n\u00eb kund\u00ebrshtim t\u00eb plot\u00eb me opinionin e mbik\u00ebqyr\u00ebsit t\u00eb kontrat\u00ebs \u201cHill Internacional\u201d,\u00a0 me \u00e7\u2019rast, si pasoj\u00eb e veprimeve t\u00eb t\u00eb pandehurve, buxhetit t\u00eb Kosov\u00ebs, i \u00ebsht\u00eb shkaktuar d\u00ebm n\u00eb vler\u00eb prej 38 milion\u00eb e 321 mij\u00eb e 346 euro.\/Express<\/p>\n","protected":false},"excerpt":{"rendered":"<p>T\u00eb akuzuarit n\u00eb rastin e 53 milion\u00ebshit, Pal Lekaj, Nebih Shatri, Besim Tahiri dhe Eset Berisha, jan\u00eb shpallur sot fajtor\u00eb nga Gjykata Themelore e Prishtin\u00ebs. Bashk\u00ebrisht ata jan\u00eb d\u00ebnuar me mbi dhjet\u00eb vjet burgim efektiv p\u00ebr keqp\u00ebrdorim t\u00eb detyr\u00ebs zyrtare. P\u00ebrve\u00e7 d\u00ebnimit me burgim, atyre u \u00ebsht\u00eb shqiptuar edhe d\u00ebnim plot\u00ebsues. K\u00ebto d\u00ebnime do t\u00eb [&hellip;]<\/p>\n","protected":false},"author":5,"featured_media":45488,"comment_status":"closed","ping_status":"closed","sticky":false,"template":"","format":"standard","meta":{"_monsterinsights_skip_tracking":false,"_monsterinsights_sitenote_active":false,"_monsterinsights_sitenote_note":"","_monsterinsights_sitenote_category":0,"_uf_show_specific_survey":0,"_uf_disable_surveys":false,"footnotes":""},"categories":[2645],"tags":[],"yoast_head":"<!-- This site is optimized with the Yoast SEO plugin v21.5 - https:\/\/yoast.com\/wordpress\/plugins\/seo\/ -->\n<title>53 milion\u00ebshi \u2013 p\u00ebr \u00e7ka u d\u00ebnuan Pal Lekaj dhe t\u00eb tjer\u00ebt<\/title>\n<meta name=\"robots\" content=\"index, follow, max-snippet:-1, max-image-preview:large, max-video-preview:-1\" \/>\n<link rel=\"canonical\" href=\"https:\/\/permbledhja.com\/sq\/53-milioneshi-per-cka-u-denuan-pal-lekaj-dhe-te-tjeret\/\" \/>\n<meta property=\"og:locale\" content=\"sq_AL\" \/>\n<meta property=\"og:type\" content=\"article\" \/>\n<meta property=\"og:title\" content=\"53 milion\u00ebshi \u2013 p\u00ebr \u00e7ka u d\u00ebnuan Pal Lekaj dhe t\u00eb tjer\u00ebt\" \/>\n<meta property=\"og:description\" content=\"T\u00eb akuzuarit n\u00eb rastin e 53 milion\u00ebshit, Pal Lekaj, Nebih Shatri, Besim Tahiri dhe Eset Berisha, jan\u00eb shpallur sot fajtor\u00eb nga Gjykata Themelore e Prishtin\u00ebs. Bashk\u00ebrisht ata jan\u00eb d\u00ebnuar me mbi dhjet\u00eb vjet burgim efektiv p\u00ebr keqp\u00ebrdorim t\u00eb detyr\u00ebs zyrtare. P\u00ebrve\u00e7 d\u00ebnimit me burgim, atyre u \u00ebsht\u00eb shqiptuar edhe d\u00ebnim plot\u00ebsues. K\u00ebto d\u00ebnime do t\u00eb [&hellip;]\" \/>\n<meta property=\"og:url\" content=\"https:\/\/permbledhja.com\/sq\/53-milioneshi-per-cka-u-denuan-pal-lekaj-dhe-te-tjeret\/\" \/>\n<meta property=\"og:site_name\" content=\"Ve\u00e7 artikuj p\u00ebrmbledh\u00ebs\" \/>\n<meta property=\"article:publisher\" content=\"https:\/\/www.facebook.com\/press07\/\" \/>\n<meta property=\"article:published_time\" content=\"2024-01-31T14:46:47+00:00\" \/>\n<meta property=\"article:modified_time\" content=\"2024-01-31T15:54:46+00:00\" \/>\n<meta property=\"og:image\" content=\"https:\/\/permbledhja.com\/wp-content\/uploads\/2024\/01\/llekaj.jpg\" \/>\n\t<meta property=\"og:image:width\" content=\"1440\" \/>\n\t<meta property=\"og:image:height\" content=\"960\" \/>\n\t<meta property=\"og:image:type\" content=\"image\/jpeg\" \/>\n<meta name=\"author\" content=\"DL\" \/>\n<meta name=\"twitter:card\" content=\"summary_large_image\" \/>\n<meta name=\"twitter:label1\" content=\"Written by\" \/>\n\t<meta name=\"twitter:data1\" content=\"DL\" \/>\n\t<meta name=\"twitter:label2\" content=\"Est. reading time\" \/>\n\t<meta name=\"twitter:data2\" content=\"5 minuta\" \/>\n<script type=\"application\/ld+json\" class=\"yoast-schema-graph\">{\"@context\":\"https:\/\/schema.org\",\"@graph\":[{\"@type\":\"Article\",\"@id\":\"https:\/\/permbledhja.com\/sq\/53-milioneshi-per-cka-u-denuan-pal-lekaj-dhe-te-tjeret\/#article\",\"isPartOf\":{\"@id\":\"https:\/\/permbledhja.com\/sq\/53-milioneshi-per-cka-u-denuan-pal-lekaj-dhe-te-tjeret\/\"},\"author\":{\"name\":\"DL\",\"@id\":\"https:\/\/permbledhja.com\/#\/schema\/person\/9c54260cbc4c6f792cb100550491638c\"},\"headline\":\"53 milion\u00ebshi \u2013 p\u00ebr \u00e7ka u d\u00ebnuan Pal Lekaj dhe t\u00eb tjer\u00ebt\",\"datePublished\":\"2024-01-31T14:46:47+00:00\",\"dateModified\":\"2024-01-31T15:54:46+00:00\",\"mainEntityOfPage\":{\"@id\":\"https:\/\/permbledhja.com\/sq\/53-milioneshi-per-cka-u-denuan-pal-lekaj-dhe-te-tjeret\/\"},\"wordCount\":872,\"publisher\":{\"@id\":\"https:\/\/permbledhja.com\/#organization\"},\"articleSection\":[\"T\u00eb r\u00ebnd\u00ebsishme\"],\"inLanguage\":\"sq\"},{\"@type\":\"WebPage\",\"@id\":\"https:\/\/permbledhja.com\/sq\/53-milioneshi-per-cka-u-denuan-pal-lekaj-dhe-te-tjeret\/\",\"url\":\"https:\/\/permbledhja.com\/sq\/53-milioneshi-per-cka-u-denuan-pal-lekaj-dhe-te-tjeret\/\",\"name\":\"53 milion\u00ebshi \u2013 p\u00ebr \u00e7ka u d\u00ebnuan Pal Lekaj dhe t\u00eb tjer\u00ebt\",\"isPartOf\":{\"@id\":\"https:\/\/permbledhja.com\/#website\"},\"datePublished\":\"2024-01-31T14:46:47+00:00\",\"dateModified\":\"2024-01-31T15:54:46+00:00\",\"breadcrumb\":{\"@id\":\"https:\/\/permbledhja.com\/sq\/53-milioneshi-per-cka-u-denuan-pal-lekaj-dhe-te-tjeret\/#breadcrumb\"},\"inLanguage\":\"sq\",\"potentialAction\":[{\"@type\":\"ReadAction\",\"target\":[\"https:\/\/permbledhja.com\/sq\/53-milioneshi-per-cka-u-denuan-pal-lekaj-dhe-te-tjeret\/\"]}]},{\"@type\":\"BreadcrumbList\",\"@id\":\"https:\/\/permbledhja.com\/sq\/53-milioneshi-per-cka-u-denuan-pal-lekaj-dhe-te-tjeret\/#breadcrumb\",\"itemListElement\":[{\"@type\":\"ListItem\",\"position\":1,\"name\":\"Ballina\",\"item\":\"https:\/\/permbledhja.com\/sq\/\"},{\"@type\":\"ListItem\",\"position\":2,\"name\":\"53 milion\u00ebshi \u2013 p\u00ebr \u00e7ka u d\u00ebnuan Pal Lekaj dhe t\u00eb tjer\u00ebt\"}]},{\"@type\":\"WebSite\",\"@id\":\"https:\/\/permbledhja.com\/#website\",\"url\":\"https:\/\/permbledhja.com\/\",\"name\":\"Ve\u00e7 artikuj p\u00ebrmbledh\u00ebs\",\"description\":\"\",\"publisher\":{\"@id\":\"https:\/\/permbledhja.com\/#organization\"},\"potentialAction\":[{\"@type\":\"SearchAction\",\"target\":{\"@type\":\"EntryPoint\",\"urlTemplate\":\"https:\/\/permbledhja.com\/?s={search_term_string}\"},\"query-input\":\"required name=search_term_string\"}],\"inLanguage\":\"sq\"},{\"@type\":\"Organization\",\"@id\":\"https:\/\/permbledhja.com\/#organization\",\"name\":\"MK Media & Pr\",\"url\":\"https:\/\/permbledhja.com\/\",\"logo\":{\"@type\":\"ImageObject\",\"inLanguage\":\"sq\",\"@id\":\"https:\/\/permbledhja.com\/#\/schema\/logo\/image\/\",\"url\":\"https:\/\/permbledhja.com\/wp-content\/uploads\/2021\/12\/07-Press-Logo.jpg\",\"contentUrl\":\"https:\/\/permbledhja.com\/wp-content\/uploads\/2021\/12\/07-Press-Logo.jpg\",\"width\":512,\"height\":512,\"caption\":\"MK Media & Pr\"},\"image\":{\"@id\":\"https:\/\/permbledhja.com\/#\/schema\/logo\/image\/\"},\"sameAs\":[\"https:\/\/www.facebook.com\/press07\/\"]},{\"@type\":\"Person\",\"@id\":\"https:\/\/permbledhja.com\/#\/schema\/person\/9c54260cbc4c6f792cb100550491638c\",\"name\":\"DL\",\"image\":{\"@type\":\"ImageObject\",\"inLanguage\":\"sq\",\"@id\":\"https:\/\/permbledhja.com\/#\/schema\/person\/image\/\",\"url\":\"https:\/\/secure.gravatar.com\/avatar\/94503eb28d4c4b2005a5c8753e35fc80?s=96&d=mm&r=g\",\"contentUrl\":\"https:\/\/secure.gravatar.com\/avatar\/94503eb28d4c4b2005a5c8753e35fc80?s=96&d=mm&r=g\",\"caption\":\"DL\"},\"url\":\"https:\/\/permbledhja.com\/sq\/author\/dl\/\"}]}<\/script>\n<!-- \/ Yoast SEO plugin. -->","yoast_head_json":{"title":"53 milion\u00ebshi \u2013 p\u00ebr \u00e7ka u d\u00ebnuan Pal Lekaj dhe t\u00eb tjer\u00ebt","robots":{"index":"index","follow":"follow","max-snippet":"max-snippet:-1","max-image-preview":"max-image-preview:large","max-video-preview":"max-video-preview:-1"},"canonical":"https:\/\/permbledhja.com\/sq\/53-milioneshi-per-cka-u-denuan-pal-lekaj-dhe-te-tjeret\/","og_locale":"sq_AL","og_type":"article","og_title":"53 milion\u00ebshi \u2013 p\u00ebr \u00e7ka u d\u00ebnuan Pal Lekaj dhe t\u00eb tjer\u00ebt","og_description":"T\u00eb akuzuarit n\u00eb rastin e 53 milion\u00ebshit, Pal Lekaj, Nebih Shatri, Besim Tahiri dhe Eset Berisha, jan\u00eb shpallur sot fajtor\u00eb nga Gjykata Themelore e Prishtin\u00ebs. Bashk\u00ebrisht ata jan\u00eb d\u00ebnuar me mbi dhjet\u00eb vjet burgim efektiv p\u00ebr keqp\u00ebrdorim t\u00eb detyr\u00ebs zyrtare. P\u00ebrve\u00e7 d\u00ebnimit me burgim, atyre u \u00ebsht\u00eb shqiptuar edhe d\u00ebnim plot\u00ebsues. K\u00ebto d\u00ebnime do t\u00eb [&hellip;]","og_url":"https:\/\/permbledhja.com\/sq\/53-milioneshi-per-cka-u-denuan-pal-lekaj-dhe-te-tjeret\/","og_site_name":"Ve\u00e7 artikuj p\u00ebrmbledh\u00ebs","article_publisher":"https:\/\/www.facebook.com\/press07\/","article_published_time":"2024-01-31T14:46:47+00:00","article_modified_time":"2024-01-31T15:54:46+00:00","og_image":[{"width":1440,"height":960,"url":"https:\/\/permbledhja.com\/wp-content\/uploads\/2024\/01\/llekaj.jpg","type":"image\/jpeg"}],"author":"DL","twitter_card":"summary_large_image","twitter_misc":{"Written by":"DL","Est. reading time":"5 minuta"},"schema":{"@context":"https:\/\/schema.org","@graph":[{"@type":"Article","@id":"https:\/\/permbledhja.com\/sq\/53-milioneshi-per-cka-u-denuan-pal-lekaj-dhe-te-tjeret\/#article","isPartOf":{"@id":"https:\/\/permbledhja.com\/sq\/53-milioneshi-per-cka-u-denuan-pal-lekaj-dhe-te-tjeret\/"},"author":{"name":"DL","@id":"https:\/\/permbledhja.com\/#\/schema\/person\/9c54260cbc4c6f792cb100550491638c"},"headline":"53 milion\u00ebshi \u2013 p\u00ebr \u00e7ka u d\u00ebnuan Pal Lekaj dhe t\u00eb tjer\u00ebt","datePublished":"2024-01-31T14:46:47+00:00","dateModified":"2024-01-31T15:54:46+00:00","mainEntityOfPage":{"@id":"https:\/\/permbledhja.com\/sq\/53-milioneshi-per-cka-u-denuan-pal-lekaj-dhe-te-tjeret\/"},"wordCount":872,"publisher":{"@id":"https:\/\/permbledhja.com\/#organization"},"articleSection":["T\u00eb r\u00ebnd\u00ebsishme"],"inLanguage":"sq"},{"@type":"WebPage","@id":"https:\/\/permbledhja.com\/sq\/53-milioneshi-per-cka-u-denuan-pal-lekaj-dhe-te-tjeret\/","url":"https:\/\/permbledhja.com\/sq\/53-milioneshi-per-cka-u-denuan-pal-lekaj-dhe-te-tjeret\/","name":"53 milion\u00ebshi \u2013 p\u00ebr \u00e7ka u d\u00ebnuan Pal Lekaj dhe t\u00eb tjer\u00ebt","isPartOf":{"@id":"https:\/\/permbledhja.com\/#website"},"datePublished":"2024-01-31T14:46:47+00:00","dateModified":"2024-01-31T15:54:46+00:00","breadcrumb":{"@id":"https:\/\/permbledhja.com\/sq\/53-milioneshi-per-cka-u-denuan-pal-lekaj-dhe-te-tjeret\/#breadcrumb"},"inLanguage":"sq","potentialAction":[{"@type":"ReadAction","target":["https:\/\/permbledhja.com\/sq\/53-milioneshi-per-cka-u-denuan-pal-lekaj-dhe-te-tjeret\/"]}]},{"@type":"BreadcrumbList","@id":"https:\/\/permbledhja.com\/sq\/53-milioneshi-per-cka-u-denuan-pal-lekaj-dhe-te-tjeret\/#breadcrumb","itemListElement":[{"@type":"ListItem","position":1,"name":"Ballina","item":"https:\/\/permbledhja.com\/sq\/"},{"@type":"ListItem","position":2,"name":"53 milion\u00ebshi \u2013 p\u00ebr \u00e7ka u d\u00ebnuan Pal Lekaj dhe t\u00eb tjer\u00ebt"}]},{"@type":"WebSite","@id":"https:\/\/permbledhja.com\/#website","url":"https:\/\/permbledhja.com\/","name":"Ve\u00e7 artikuj p\u00ebrmbledh\u00ebs","description":"","publisher":{"@id":"https:\/\/permbledhja.com\/#organization"},"potentialAction":[{"@type":"SearchAction","target":{"@type":"EntryPoint","urlTemplate":"https:\/\/permbledhja.com\/?s={search_term_string}"},"query-input":"required name=search_term_string"}],"inLanguage":"sq"},{"@type":"Organization","@id":"https:\/\/permbledhja.com\/#organization","name":"MK Media & Pr","url":"https:\/\/permbledhja.com\/","logo":{"@type":"ImageObject","inLanguage":"sq","@id":"https:\/\/permbledhja.com\/#\/schema\/logo\/image\/","url":"https:\/\/permbledhja.com\/wp-content\/uploads\/2021\/12\/07-Press-Logo.jpg","contentUrl":"https:\/\/permbledhja.com\/wp-content\/uploads\/2021\/12\/07-Press-Logo.jpg","width":512,"height":512,"caption":"MK Media & Pr"},"image":{"@id":"https:\/\/permbledhja.com\/#\/schema\/logo\/image\/"},"sameAs":["https:\/\/www.facebook.com\/press07\/"]},{"@type":"Person","@id":"https:\/\/permbledhja.com\/#\/schema\/person\/9c54260cbc4c6f792cb100550491638c","name":"DL","image":{"@type":"ImageObject","inLanguage":"sq","@id":"https:\/\/permbledhja.com\/#\/schema\/person\/image\/","url":"https:\/\/secure.gravatar.com\/avatar\/94503eb28d4c4b2005a5c8753e35fc80?s=96&d=mm&r=g","contentUrl":"https:\/\/secure.gravatar.com\/avatar\/94503eb28d4c4b2005a5c8753e35fc80?s=96&d=mm&r=g","caption":"DL"},"url":"https:\/\/permbledhja.com\/sq\/author\/dl\/"}]}},"_links":{"self":[{"href":"https:\/\/permbledhja.com\/sq\/wp-json\/wp\/v2\/posts\/45487"}],"collection":[{"href":"https:\/\/permbledhja.com\/sq\/wp-json\/wp\/v2\/posts"}],"about":[{"href":"https:\/\/permbledhja.com\/sq\/wp-json\/wp\/v2\/types\/post"}],"author":[{"embeddable":true,"href":"https:\/\/permbledhja.com\/sq\/wp-json\/wp\/v2\/users\/5"}],"replies":[{"embeddable":true,"href":"https:\/\/permbledhja.com\/sq\/wp-json\/wp\/v2\/comments?post=45487"}],"version-history":[{"count":2,"href":"https:\/\/permbledhja.com\/sq\/wp-json\/wp\/v2\/posts\/45487\/revisions"}],"predecessor-version":[{"id":45507,"href":"https:\/\/permbledhja.com\/sq\/wp-json\/wp\/v2\/posts\/45487\/revisions\/45507"}],"wp:featuredmedia":[{"embeddable":true,"href":"https:\/\/permbledhja.com\/sq\/wp-json\/wp\/v2\/media\/45488"}],"wp:attachment":[{"href":"https:\/\/permbledhja.com\/sq\/wp-json\/wp\/v2\/media?parent=45487"}],"wp:term":[{"taxonomy":"category","embeddable":true,"href":"https:\/\/permbledhja.com\/sq\/wp-json\/wp\/v2\/categories?post=45487"},{"taxonomy":"post_tag","embeddable":true,"href":"https:\/\/permbledhja.com\/sq\/wp-json\/wp\/v2\/tags?post=45487"}],"curies":[{"name":"wp","href":"https:\/\/api.w.org\/{rel}","templated":true}]}}